{"id":13701,"date":"2018-08-22T17:00:53","date_gmt":"2018-08-22T20:00:53","guid":{"rendered":"https:\/\/federasbackup.meltcomunicacao.com.br\/?p=13701"},"modified":"2018-08-22T17:00:53","modified_gmt":"2018-08-22T20:00:53","slug":"i-encontro-da-comissao-tecnica-de-suprimentos-regional-zona-da-mata","status":"publish","type":"post","link":"https:\/\/www.federassantas.org.br\/novosite\/i-encontro-da-comissao-tecnica-de-suprimentos-regional-zona-da-mata\/","title":{"rendered":"I Encontro da Comiss\u00e3o T\u00e9cnica de Suprimentos &#8211; Regional Zona da Mata"},"content":{"rendered":"<p style=\"text-align: justify;\">No pr\u00f3ximo dia 28 de agosto, ser\u00e1 realizado\u00a0I Encontro da Comiss\u00e3o T\u00e9cnica de Suprimentos na Regional Zona da Mata, na Santa Casa de Juiz de Fora. As Comiss\u00f5es da Federassantas tem como objetivo realizar estudos e estruturar\u00a0informa\u00e7\u00f5es estrat\u00e9gicas para amparar os gestores das institui\u00e7\u00f5es de sa\u00fade filiadas na tomada de decis\u00f5es.<\/p>\n<p><span style=\"color: #000000;\">Os temas discutidos no encontro ser\u00e3o referentes \u00e0 plataforma REFERENCIAL FEDERASSANTAS:<br \/>\n<\/span><span style=\"color: #000000;\">&#8211; Apresenta\u00e7\u00e3o dos primeiros resultados;<br \/>\n<\/span><span style=\"color: #000000;\">&#8211; Identidade da Comiss\u00e3o;<br \/>\n<\/span><span style=\"color: #000000;\">&#8211; Pactua\u00e7\u00e3o dos pr\u00f3ximos passos<\/span><b><span style=\"color: #000000;\"><br \/>\n<\/span><\/b><\/p>\n<p><em><strong>Servi\u00e7o<\/strong>:<\/em><br \/>\nI Encontro da Comiss\u00e3o T\u00e9cnica de Suprimentos &#8211; Regional Zona da Mata<br \/>\nDia: 28 de agosto<br \/>\nHor\u00e1rio: 14h<br \/>\nLocal:\u00a0Santa Casa de Juiz de Fora (Av Rio Branco, n\u00ba 3353 &#8211; Juiz de Fora)<\/p>\n","protected":false},"excerpt":{"rendered":"<p>No pr\u00f3ximo dia 28 de agosto, ser\u00e1 realizado\u00a0I Encontro da Comiss\u00e3o T\u00e9cnica de Suprimentos na Regional Zona da Mata, na Santa Casa de Juiz de Fora. As Comiss\u00f5es da Federassantas tem como objetivo realizar estudos e estruturar\u00a0informa\u00e7\u00f5es estrat\u00e9gicas para amparar os gestores das institui\u00e7\u00f5es de sa\u00fade filiadas na tomada de decis\u00f5es. Os temas discutidos no [&hellip;]<\/p>\n","protected":false},"author":1,"featured_media":13707,"comment_status":"open","ping_status":"open","sticky":false,"template":"","format":"standard","meta":{"footnotes":""},"categories":[140,141],"tags":[],"class_list":["post-13701","post","type-post","status-publish","format-standard","has-post-thumbnail","hentry","category-noticias","category-noticias-federassantas"],"yoast_head":"<!-- This site is optimized with the Yoast SEO plugin v26.9 - https:\/\/yoast.com\/product\/yoast-seo-wordpress\/ -->\n<title>I Encontro da Comiss\u00e3o T\u00e9cnica de Suprimentos - Regional Zona da Mata - Federassantas<\/title>\n<meta name=\"robots\" content=\"index, follow, max-snippet:-1, max-image-preview:large, max-video-preview:-1\" \/>\n<link rel=\"canonical\" href=\"https:\/\/www.federassantas.org.br\/novosite\/i-encontro-da-comissao-tecnica-de-suprimentos-regional-zona-da-mata\/\" \/>\n<meta property=\"og:locale\" content=\"pt_BR\" \/>\n<meta property=\"og:type\" content=\"article\" \/>\n<meta property=\"og:title\" content=\"I Encontro da Comiss\u00e3o T\u00e9cnica de Suprimentos - Regional Zona da Mata - Federassantas\" \/>\n<meta property=\"og:description\" content=\"No pr\u00f3ximo dia 28 de agosto, ser\u00e1 realizado\u00a0I Encontro da Comiss\u00e3o T\u00e9cnica de Suprimentos na Regional Zona da Mata, na Santa Casa de Juiz de Fora. As Comiss\u00f5es da Federassantas tem como objetivo realizar estudos e estruturar\u00a0informa\u00e7\u00f5es estrat\u00e9gicas para amparar os gestores das institui\u00e7\u00f5es de sa\u00fade filiadas na tomada de decis\u00f5es. Os temas discutidos no [&hellip;]\" \/>\n<meta property=\"og:url\" content=\"https:\/\/www.federassantas.org.br\/novosite\/i-encontro-da-comissao-tecnica-de-suprimentos-regional-zona-da-mata\/\" \/>\n<meta property=\"og:site_name\" content=\"Federassantas\" \/>\n<meta property=\"article:published_time\" content=\"2018-08-22T20:00:53+00:00\" \/>\n<meta name=\"author\" content=\"admin-federas\" \/>\n<meta name=\"twitter:card\" content=\"summary_large_image\" \/>\n<meta name=\"twitter:label1\" content=\"Escrito por\" \/>\n\t<meta name=\"twitter:data1\" content=\"admin-federas\" \/>\n\t<meta name=\"twitter:label2\" content=\"Est. tempo de leitura\" \/>\n\t<meta name=\"twitter:data2\" content=\"1 minuto\" \/>\n<script type=\"application\/ld+json\" class=\"yoast-schema-graph\">{\"@context\":\"https:\/\/schema.org\",\"@graph\":[{\"@type\":\"Article\",\"@id\":\"https:\/\/www.federassantas.org.br\/novosite\/i-encontro-da-comissao-tecnica-de-suprimentos-regional-zona-da-mata\/#article\",\"isPartOf\":{\"@id\":\"https:\/\/www.federassantas.org.br\/novosite\/i-encontro-da-comissao-tecnica-de-suprimentos-regional-zona-da-mata\/\"},\"author\":{\"name\":\"admin-federas\",\"@id\":\"https:\/\/www.federassantas.org.br\/novosite\/#\/schema\/person\/75fed98158349313fe56175f232f513c\"},\"headline\":\"I Encontro da Comiss\u00e3o T\u00e9cnica de Suprimentos &#8211; Regional Zona da Mata\",\"datePublished\":\"2018-08-22T20:00:53+00:00\",\"mainEntityOfPage\":{\"@id\":\"https:\/\/www.federassantas.org.br\/novosite\/i-encontro-da-comissao-tecnica-de-suprimentos-regional-zona-da-mata\/\"},\"wordCount\":141,\"commentCount\":0,\"publisher\":{\"@id\":\"https:\/\/www.federassantas.org.br\/novosite\/#organization\"},\"image\":{\"@id\":\"https:\/\/www.federassantas.org.br\/novosite\/i-encontro-da-comissao-tecnica-de-suprimentos-regional-zona-da-mata\/#primaryimage\"},\"thumbnailUrl\":\"\",\"articleSection\":[\"Not\u00edcias\",\"Not\u00edcias Federassantas\"],\"inLanguage\":\"pt-BR\",\"potentialAction\":[{\"@type\":\"CommentAction\",\"name\":\"Comment\",\"target\":[\"https:\/\/www.federassantas.org.br\/novosite\/i-encontro-da-comissao-tecnica-de-suprimentos-regional-zona-da-mata\/#respond\"]}]},{\"@type\":\"WebPage\",\"@id\":\"https:\/\/www.federassantas.org.br\/novosite\/i-encontro-da-comissao-tecnica-de-suprimentos-regional-zona-da-mata\/\",\"url\":\"https:\/\/www.federassantas.org.br\/novosite\/i-encontro-da-comissao-tecnica-de-suprimentos-regional-zona-da-mata\/\",\"name\":\"I Encontro da Comiss\u00e3o T\u00e9cnica de Suprimentos - Regional Zona da Mata - Federassantas\",\"isPartOf\":{\"@id\":\"https:\/\/www.federassantas.org.br\/novosite\/#website\"},\"primaryImageOfPage\":{\"@id\":\"https:\/\/www.federassantas.org.br\/novosite\/i-encontro-da-comissao-tecnica-de-suprimentos-regional-zona-da-mata\/#primaryimage\"},\"image\":{\"@id\":\"https:\/\/www.federassantas.org.br\/novosite\/i-encontro-da-comissao-tecnica-de-suprimentos-regional-zona-da-mata\/#primaryimage\"},\"thumbnailUrl\":\"\",\"datePublished\":\"2018-08-22T20:00:53+00:00\",\"breadcrumb\":{\"@id\":\"https:\/\/www.federassantas.org.br\/novosite\/i-encontro-da-comissao-tecnica-de-suprimentos-regional-zona-da-mata\/#breadcrumb\"},\"inLanguage\":\"pt-BR\",\"potentialAction\":[{\"@type\":\"ReadAction\",\"target\":[\"https:\/\/www.federassantas.org.br\/novosite\/i-encontro-da-comissao-tecnica-de-suprimentos-regional-zona-da-mata\/\"]}]},{\"@type\":\"ImageObject\",\"inLanguage\":\"pt-BR\",\"@id\":\"https:\/\/www.federassantas.org.br\/novosite\/i-encontro-da-comissao-tecnica-de-suprimentos-regional-zona-da-mata\/#primaryimage\",\"url\":\"\",\"contentUrl\":\"\"},{\"@type\":\"BreadcrumbList\",\"@id\":\"https:\/\/www.federassantas.org.br\/novosite\/i-encontro-da-comissao-tecnica-de-suprimentos-regional-zona-da-mata\/#breadcrumb\",\"itemListElement\":[{\"@type\":\"ListItem\",\"position\":1,\"name\":\"In\u00edcio\",\"item\":\"https:\/\/www.federassantas.org.br\/novosite\/\"},{\"@type\":\"ListItem\",\"position\":2,\"name\":\"I Encontro da Comiss\u00e3o T\u00e9cnica de Suprimentos &#8211; Regional Zona da Mata\"}]},{\"@type\":\"WebSite\",\"@id\":\"https:\/\/www.federassantas.org.br\/novosite\/#website\",\"url\":\"https:\/\/www.federassantas.org.br\/novosite\/\",\"name\":\"Federassantas\",\"description\":\"Entidade de representa\u00e7\u00e3o e fortalecimento das Santas Casas, hospitais filantr\u00f3picos e entidades beneficentes de sa\u00fade de Minas Gerais, atuando na defesa institucional, qualifica\u00e7\u00e3o da gest\u00e3o e sustentabilidade do setor.\",\"publisher\":{\"@id\":\"https:\/\/www.federassantas.org.br\/novosite\/#organization\"},\"potentialAction\":[{\"@type\":\"SearchAction\",\"target\":{\"@type\":\"EntryPoint\",\"urlTemplate\":\"https:\/\/www.federassantas.org.br\/novosite\/?s={search_term_string}\"},\"query-input\":{\"@type\":\"PropertyValueSpecification\",\"valueRequired\":true,\"valueName\":\"search_term_string\"}}],\"inLanguage\":\"pt-BR\"},{\"@type\":\"Organization\",\"@id\":\"https:\/\/www.federassantas.org.br\/novosite\/#organization\",\"name\":\"Federassantas\",\"url\":\"https:\/\/www.federassantas.org.br\/novosite\/\",\"logo\":{\"@type\":\"ImageObject\",\"inLanguage\":\"pt-BR\",\"@id\":\"https:\/\/www.federassantas.org.br\/novosite\/#\/schema\/logo\/image\/\",\"url\":\"https:\/\/www.federassantas.org.br\/novosite\/wp-content\/uploads\/2021\/12\/logo.png\",\"contentUrl\":\"https:\/\/www.federassantas.org.br\/novosite\/wp-content\/uploads\/2021\/12\/logo.png\",\"width\":243,\"height\":59,\"caption\":\"Federassantas\"},\"image\":{\"@id\":\"https:\/\/www.federassantas.org.br\/novosite\/#\/schema\/logo\/image\/\"}},{\"@type\":\"Person\",\"@id\":\"https:\/\/www.federassantas.org.br\/novosite\/#\/schema\/person\/75fed98158349313fe56175f232f513c\",\"name\":\"admin-federas\",\"image\":{\"@type\":\"ImageObject\",\"inLanguage\":\"pt-BR\",\"@id\":\"https:\/\/www.federassantas.org.br\/novosite\/#\/schema\/person\/image\/\",\"url\":\"https:\/\/secure.gravatar.com\/avatar\/2a02d7dda59fe8dc6b7ffd3f652e2efede5ccf0dd89dfdc8137c5517f3de8407?s=96&d=mm&r=g\",\"contentUrl\":\"https:\/\/secure.gravatar.com\/avatar\/2a02d7dda59fe8dc6b7ffd3f652e2efede5ccf0dd89dfdc8137c5517f3de8407?s=96&d=mm&r=g\",\"caption\":\"admin-federas\"},\"sameAs\":[\"https:\/\/www.federassantas.org.br\/novosite\/\"],\"url\":\"https:\/\/www.federassantas.org.br\/novosite\/author\/admin-federas\/\"}]}<\/script>\n<!-- \/ Yoast SEO plugin. -->","yoast_head_json":{"title":"I Encontro da Comiss\u00e3o T\u00e9cnica de Suprimentos - Regional Zona da Mata - Federassantas","robots":{"index":"index","follow":"follow","max-snippet":"max-snippet:-1","max-image-preview":"max-image-preview:large","max-video-preview":"max-video-preview:-1"},"canonical":"https:\/\/www.federassantas.org.br\/novosite\/i-encontro-da-comissao-tecnica-de-suprimentos-regional-zona-da-mata\/","og_locale":"pt_BR","og_type":"article","og_title":"I Encontro da Comiss\u00e3o T\u00e9cnica de Suprimentos - Regional Zona da Mata - Federassantas","og_description":"No pr\u00f3ximo dia 28 de agosto, ser\u00e1 realizado\u00a0I Encontro da Comiss\u00e3o T\u00e9cnica de Suprimentos na Regional Zona da Mata, na Santa Casa de Juiz de Fora. As Comiss\u00f5es da Federassantas tem como objetivo realizar estudos e estruturar\u00a0informa\u00e7\u00f5es estrat\u00e9gicas para amparar os gestores das institui\u00e7\u00f5es de sa\u00fade filiadas na tomada de decis\u00f5es. Os temas discutidos no [&hellip;]","og_url":"https:\/\/www.federassantas.org.br\/novosite\/i-encontro-da-comissao-tecnica-de-suprimentos-regional-zona-da-mata\/","og_site_name":"Federassantas","article_published_time":"2018-08-22T20:00:53+00:00","author":"admin-federas","twitter_card":"summary_large_image","twitter_misc":{"Escrito por":"admin-federas","Est. tempo de leitura":"1 minuto"},"schema":{"@context":"https:\/\/schema.org","@graph":[{"@type":"Article","@id":"https:\/\/www.federassantas.org.br\/novosite\/i-encontro-da-comissao-tecnica-de-suprimentos-regional-zona-da-mata\/#article","isPartOf":{"@id":"https:\/\/www.federassantas.org.br\/novosite\/i-encontro-da-comissao-tecnica-de-suprimentos-regional-zona-da-mata\/"},"author":{"name":"admin-federas","@id":"https:\/\/www.federassantas.org.br\/novosite\/#\/schema\/person\/75fed98158349313fe56175f232f513c"},"headline":"I Encontro da Comiss\u00e3o T\u00e9cnica de Suprimentos &#8211; Regional Zona da Mata","datePublished":"2018-08-22T20:00:53+00:00","mainEntityOfPage":{"@id":"https:\/\/www.federassantas.org.br\/novosite\/i-encontro-da-comissao-tecnica-de-suprimentos-regional-zona-da-mata\/"},"wordCount":141,"commentCount":0,"publisher":{"@id":"https:\/\/www.federassantas.org.br\/novosite\/#organization"},"image":{"@id":"https:\/\/www.federassantas.org.br\/novosite\/i-encontro-da-comissao-tecnica-de-suprimentos-regional-zona-da-mata\/#primaryimage"},"thumbnailUrl":"","articleSection":["Not\u00edcias","Not\u00edcias Federassantas"],"inLanguage":"pt-BR","potentialAction":[{"@type":"CommentAction","name":"Comment","target":["https:\/\/www.federassantas.org.br\/novosite\/i-encontro-da-comissao-tecnica-de-suprimentos-regional-zona-da-mata\/#respond"]}]},{"@type":"WebPage","@id":"https:\/\/www.federassantas.org.br\/novosite\/i-encontro-da-comissao-tecnica-de-suprimentos-regional-zona-da-mata\/","url":"https:\/\/www.federassantas.org.br\/novosite\/i-encontro-da-comissao-tecnica-de-suprimentos-regional-zona-da-mata\/","name":"I Encontro da Comiss\u00e3o T\u00e9cnica de Suprimentos - Regional Zona da Mata - Federassantas","isPartOf":{"@id":"https:\/\/www.federassantas.org.br\/novosite\/#website"},"primaryImageOfPage":{"@id":"https:\/\/www.federassantas.org.br\/novosite\/i-encontro-da-comissao-tecnica-de-suprimentos-regional-zona-da-mata\/#primaryimage"},"image":{"@id":"https:\/\/www.federassantas.org.br\/novosite\/i-encontro-da-comissao-tecnica-de-suprimentos-regional-zona-da-mata\/#primaryimage"},"thumbnailUrl":"","datePublished":"2018-08-22T20:00:53+00:00","breadcrumb":{"@id":"https:\/\/www.federassantas.org.br\/novosite\/i-encontro-da-comissao-tecnica-de-suprimentos-regional-zona-da-mata\/#breadcrumb"},"inLanguage":"pt-BR","potentialAction":[{"@type":"ReadAction","target":["https:\/\/www.federassantas.org.br\/novosite\/i-encontro-da-comissao-tecnica-de-suprimentos-regional-zona-da-mata\/"]}]},{"@type":"ImageObject","inLanguage":"pt-BR","@id":"https:\/\/www.federassantas.org.br\/novosite\/i-encontro-da-comissao-tecnica-de-suprimentos-regional-zona-da-mata\/#primaryimage","url":"","contentUrl":""},{"@type":"BreadcrumbList","@id":"https:\/\/www.federassantas.org.br\/novosite\/i-encontro-da-comissao-tecnica-de-suprimentos-regional-zona-da-mata\/#breadcrumb","itemListElement":[{"@type":"ListItem","position":1,"name":"In\u00edcio","item":"https:\/\/www.federassantas.org.br\/novosite\/"},{"@type":"ListItem","position":2,"name":"I Encontro da Comiss\u00e3o T\u00e9cnica de Suprimentos &#8211; Regional Zona da Mata"}]},{"@type":"WebSite","@id":"https:\/\/www.federassantas.org.br\/novosite\/#website","url":"https:\/\/www.federassantas.org.br\/novosite\/","name":"Federassantas","description":"Entidade de representa\u00e7\u00e3o e fortalecimento das Santas Casas, hospitais filantr\u00f3picos e entidades beneficentes de sa\u00fade de Minas Gerais, atuando na defesa institucional, qualifica\u00e7\u00e3o da gest\u00e3o e sustentabilidade do setor.","publisher":{"@id":"https:\/\/www.federassantas.org.br\/novosite\/#organization"},"potentialAction":[{"@type":"SearchAction","target":{"@type":"EntryPoint","urlTemplate":"https:\/\/www.federassantas.org.br\/novosite\/?s={search_term_string}"},"query-input":{"@type":"PropertyValueSpecification","valueRequired":true,"valueName":"search_term_string"}}],"inLanguage":"pt-BR"},{"@type":"Organization","@id":"https:\/\/www.federassantas.org.br\/novosite\/#organization","name":"Federassantas","url":"https:\/\/www.federassantas.org.br\/novosite\/","logo":{"@type":"ImageObject","inLanguage":"pt-BR","@id":"https:\/\/www.federassantas.org.br\/novosite\/#\/schema\/logo\/image\/","url":"https:\/\/www.federassantas.org.br\/novosite\/wp-content\/uploads\/2021\/12\/logo.png","contentUrl":"https:\/\/www.federassantas.org.br\/novosite\/wp-content\/uploads\/2021\/12\/logo.png","width":243,"height":59,"caption":"Federassantas"},"image":{"@id":"https:\/\/www.federassantas.org.br\/novosite\/#\/schema\/logo\/image\/"}},{"@type":"Person","@id":"https:\/\/www.federassantas.org.br\/novosite\/#\/schema\/person\/75fed98158349313fe56175f232f513c","name":"admin-federas","image":{"@type":"ImageObject","inLanguage":"pt-BR","@id":"https:\/\/www.federassantas.org.br\/novosite\/#\/schema\/person\/image\/","url":"https:\/\/secure.gravatar.com\/avatar\/2a02d7dda59fe8dc6b7ffd3f652e2efede5ccf0dd89dfdc8137c5517f3de8407?s=96&d=mm&r=g","contentUrl":"https:\/\/secure.gravatar.com\/avatar\/2a02d7dda59fe8dc6b7ffd3f652e2efede5ccf0dd89dfdc8137c5517f3de8407?s=96&d=mm&r=g","caption":"admin-federas"},"sameAs":["https:\/\/www.federassantas.org.br\/novosite\/"],"url":"https:\/\/www.federassantas.org.br\/novosite\/author\/admin-federas\/"}]}},"_links":{"self":[{"href":"https:\/\/www.federassantas.org.br\/novosite\/wp-json\/wp\/v2\/posts\/13701","targetHints":{"allow":["GET"]}}],"collection":[{"href":"https:\/\/www.federassantas.org.br\/novosite\/wp-json\/wp\/v2\/posts"}],"about":[{"href":"https:\/\/www.federassantas.org.br\/novosite\/wp-json\/wp\/v2\/types\/post"}],"author":[{"embeddable":true,"href":"https:\/\/www.federassantas.org.br\/novosite\/wp-json\/wp\/v2\/users\/1"}],"replies":[{"embeddable":true,"href":"https:\/\/www.federassantas.org.br\/novosite\/wp-json\/wp\/v2\/comments?post=13701"}],"version-history":[{"count":0,"href":"https:\/\/www.federassantas.org.br\/novosite\/wp-json\/wp\/v2\/posts\/13701\/revisions"}],"wp:attachment":[{"href":"https:\/\/www.federassantas.org.br\/novosite\/wp-json\/wp\/v2\/media?parent=13701"}],"wp:term":[{"taxonomy":"category","embeddable":true,"href":"https:\/\/www.federassantas.org.br\/novosite\/wp-json\/wp\/v2\/categories?post=13701"},{"taxonomy":"post_tag","embeddable":true,"href":"https:\/\/www.federassantas.org.br\/novosite\/wp-json\/wp\/v2\/tags?post=13701"}],"curies":[{"name":"wp","href":"https:\/\/api.w.org\/{rel}","templated":true}]}}