{"id":13708,"date":"2018-08-21T17:42:08","date_gmt":"2018-08-21T20:42:08","guid":{"rendered":"https:\/\/federasbackup.meltcomunicacao.com.br\/?p=13708"},"modified":"2018-08-21T17:42:08","modified_gmt":"2018-08-21T20:42:08","slug":"universidades-de-minas-gerais-terao-recurso-para-prevenir-e-controlar-a-obesidade","status":"publish","type":"post","link":"https:\/\/www.federassantas.org.br\/novosite\/universidades-de-minas-gerais-terao-recurso-para-prevenir-e-controlar-a-obesidade\/","title":{"rendered":"Universidades de Minas Gerais ter\u00e3o recurso para prevenir e controlar a obesidade"},"content":{"rendered":"<p style=\"text-align: justify;\"><em>Recurso est\u00e1 previsto em chamada p\u00fablica do Minist\u00e9rio da Sa\u00fade. Institui\u00e7\u00f5es devem realizar projetos na aten\u00e7\u00e3o b\u00e1sica sobre obesidade<\/em><\/p>\n<p style=\"text-align: justify;\">As universidades p\u00fablicas e privadas, sem fins lucrativos, de Minas Gerais t\u00eam at\u00e9 o dia 16 de setembro para inscreverem projetos com a\u00e7\u00f5es de preven\u00e7\u00e3o, diagn\u00f3stico e tratamento da obesidade no Sistema \u00danico de Sa\u00fade. Uma chamada p\u00fablica aberta pelo Minist\u00e9rio da Sa\u00fade destinar\u00e1 at\u00e9 R$ 500 mil para o estado desenvolver a\u00e7\u00f5es de pesquisa, extens\u00e3o e forma\u00e7\u00e3o de trabalhadores na aten\u00e7\u00e3o b\u00e1sica, n\u00edvel de aten\u00e7\u00e3o com capacidade para resolver 80% dos problemas de sa\u00fade do brasileiro. Em todo o Brasil, ser\u00e3o disponibilizados R$ 10 milh\u00f5es, para 27 universidades selecionadas. O objetivo do Minist\u00e9rio \u00e9 qualificar a assist\u00eancia e o cuidado para a preven\u00e7\u00e3o e controle da obesidade, que j\u00e1 afeta 18,9% da popula\u00e7\u00e3o adulta nas capitais brasileiras.<\/p>\n<p style=\"text-align: justify;\">Os projetos dever\u00e3o ter a dura\u00e7\u00e3o de dois anos, contados a partir da data de assinatura da proposta, al\u00e9m de obedecer a requisitos t\u00e9cnicos descritos no Edital. A coordenadora de Alimenta\u00e7\u00e3o e Nutri\u00e7\u00e3o, do Minist\u00e9rio da Sa\u00fade, Michele Lessa, considera a a\u00e7\u00e3o indispens\u00e1vel para qualificar o atendimento no SUS. \u201cEsse edital \u00e9 muito importante. Com esse incentivo, podemos levar aos rinc\u00f5es do pa\u00eds estrat\u00e9gias efetivas e inovadoras para o enfrentamento da obesidade\u201d, enfatiza a coordenadora.<\/p>\n<p style=\"text-align: justify;\">Os recursos para as Universidades foram determinados conforme an\u00e1lise de crit\u00e9rios socioecon\u00f4micos e geogr\u00e1ficos, al\u00e9m da cobertura de equipes do N\u00facleo de Aten\u00e7\u00e3o \u00e0 Sa\u00fade da Fam\u00edlia na Aten\u00e7\u00e3o B\u00e1sica (NASF-AB).\u00a0 As institui\u00e7\u00f5es que atuam nos estados do Esp\u00edrito Santo, Acre, Amap\u00e1, Alagoas, Roraima, Rond\u00f4nia, Sergipe e o Distrito Federal, est\u00e3o classificadas na faixa A, e receber\u00e3o at\u00e9 R$ 250 mil. As que atuam no Amazonas, Mato Grosso, Mato Grosso do Sul, Tocantins, Goi\u00e1s, Par\u00e1, Para\u00edba, Pernambuco, Rio Grande do Norte e Rio Grande do Sul, est\u00e3o classificadas na faixa \u201cB\u201d e receber\u00e3o at\u00e9 R$ 350 mil.Minas Gerais est\u00e1 entre os estados da faixa \u201cC\u201d, mesma faixa dos estados do Cear\u00e1, Maranh\u00e3o, Bahia, Piau\u00ed, Santa Catarina, S\u00e3o Paulo, Rio de Janeiro, Bahia e Paran\u00e1, que ter\u00e3o dispon\u00edvel at\u00e9 R$ 500 mil.<\/p>\n<p style=\"text-align: justify;\">A chamada p\u00fablica est\u00e1 aberta no site\u00a0do Conselho Nacional de Desenvolvimento Cient\u00edfico e Tecnol\u00f3gico(CNPq), at\u00e9 o dia 16 de setembro de 2018. \u201cA preven\u00e7\u00e3o \u00e9 uma das prioridades do Minist\u00e9rio da Sa\u00fade, pois \u00e9 um dos principais meios para evitar o desenvolvimento de outras doen\u00e7as\u201d, ressaltou Michele Lessa.<\/p>\n<h4 style=\"text-align: justify;\"><strong>MUDAN\u00c7A DE H\u00c1BITOS CONTRA OBESIDADE<\/strong><\/h4>\n<p style=\"text-align: justify;\">O incentivo para uma alimenta\u00e7\u00e3o saud\u00e1vel e balanceada e a pr\u00e1tica de atividades f\u00edsicas \u00e9 prioridade do Governo Federal.\u00a0O Minist\u00e9rio da Sa\u00fade adotou internacionalmente metas para frear o crescimento do excesso de peso e obesidade no pa\u00eds. Durante o Encontro Regional para Enfrentamento da Obesidade Infantil, realizado em mar\u00e7o, em Bras\u00edlia, o pa\u00eds assumiu como compromisso deter o crescimento da obesidade na popula\u00e7\u00e3o adulta at\u00e9 2019, por meio de pol\u00edticas intersetoriais de sa\u00fade e seguran\u00e7a alimentar e nutricional; reduzir o consumo regular de refrigerante e suco artificial em pelo menos 30% na popula\u00e7\u00e3o adulta, at\u00e9 2019; e ampliar em no m\u00ednimo de 17,8% o percentual de adultos que consomem frutas e hortali\u00e7as regularmente at\u00e9 2019.<\/p>\n<p style=\"text-align: justify;\">Outra a\u00e7\u00e3o para a promo\u00e7\u00e3o da alimenta\u00e7\u00e3o saud\u00e1vel foi a publica\u00e7\u00e3o do Guia Alimentar para a Popula\u00e7\u00e3o Brasileira. Reconhecida mundialmente pela abordagem integral da promo\u00e7\u00e3o \u00e0 nutri\u00e7\u00e3o adequada, a publica\u00e7\u00e3o orienta a popula\u00e7\u00e3o com recomenda\u00e7\u00f5es sobre alimenta\u00e7\u00e3o saud\u00e1vel e consumo de alimentos in natura ou minimamente processados. Em parceria com a Associa\u00e7\u00e3o Brasileira das Ind\u00fastrias da Alimenta\u00e7\u00e3o (ABIA), o Minist\u00e9rio tamb\u00e9m conseguiu retirar mais de 17 mil toneladas de s\u00f3dio dos alimentos processados em quatro anos. O pa\u00eds tamb\u00e9m incentiva a pr\u00e1tica de atividades f\u00edsicas por meio do Programa Academia da Sa\u00fade com mais 3.800 polos habilitados.<\/p>\n<p style=\"text-align: justify;\">Saiba mais em:\u00a0<a href=\"http:\/\/portalms.saude.gov.br\/noticias\/agencia-saude\/44063-universidades-de-minas-gerais-terao-incentivo-de-r-500-mil-para-prevenir-e-controlar-a-obesidade\">http:\/\/portalms.saude.gov.br\/noticias\/agencia-saude\/44063-universidades-de-minas-gerais-terao-incentivo-de-r-500-mil-para-prevenir-e-controlar-a-obesidade<\/a><\/p>\n<p style=\"text-align: justify;\"><em>Fonte: <a href=\"http:\/\/portalms.saude.gov.br\/noticias\/agencia-saude\/44063-universidades-de-minas-gerais-terao-incentivo-de-r-500-mil-para-prevenir-e-controlar-a-obesidade\">Ag\u00eancia Sa\u00fade<\/a><\/em><\/p>\n","protected":false},"excerpt":{"rendered":"<p>Recurso est\u00e1 previsto em chamada p\u00fablica do Minist\u00e9rio da Sa\u00fade. Institui\u00e7\u00f5es devem realizar projetos na aten\u00e7\u00e3o b\u00e1sica sobre obesidade As universidades p\u00fablicas e privadas, sem fins lucrativos, de Minas Gerais t\u00eam at\u00e9 o dia 16 de setembro para inscreverem projetos com a\u00e7\u00f5es de preven\u00e7\u00e3o, diagn\u00f3stico e tratamento da obesidade no Sistema \u00danico de Sa\u00fade. Uma [&hellip;]<\/p>\n","protected":false},"author":1,"featured_media":13710,"comment_status":"open","ping_status":"open","sticky":false,"template":"","format":"standard","meta":{"footnotes":""},"categories":[140],"tags":[],"class_list":["post-13708","post","type-post","status-publish","format-standard","has-post-thumbnail","hentry","category-noticias"],"yoast_head":"<!-- This site is optimized with the Yoast SEO plugin v26.9 - https:\/\/yoast.com\/product\/yoast-seo-wordpress\/ -->\n<title>Universidades de Minas Gerais ter\u00e3o recurso para prevenir e controlar a obesidade - Federassantas<\/title>\n<meta name=\"robots\" content=\"index, follow, max-snippet:-1, max-image-preview:large, max-video-preview:-1\" \/>\n<link rel=\"canonical\" href=\"https:\/\/www.federassantas.org.br\/novosite\/universidades-de-minas-gerais-terao-recurso-para-prevenir-e-controlar-a-obesidade\/\" \/>\n<meta property=\"og:locale\" content=\"pt_BR\" \/>\n<meta property=\"og:type\" content=\"article\" \/>\n<meta property=\"og:title\" content=\"Universidades de Minas Gerais ter\u00e3o recurso para prevenir e controlar a obesidade - Federassantas\" \/>\n<meta property=\"og:description\" content=\"Recurso est\u00e1 previsto em chamada p\u00fablica do Minist\u00e9rio da Sa\u00fade. Institui\u00e7\u00f5es devem realizar projetos na aten\u00e7\u00e3o b\u00e1sica sobre obesidade As universidades p\u00fablicas e privadas, sem fins lucrativos, de Minas Gerais t\u00eam at\u00e9 o dia 16 de setembro para inscreverem projetos com a\u00e7\u00f5es de preven\u00e7\u00e3o, diagn\u00f3stico e tratamento da obesidade no Sistema \u00danico de Sa\u00fade. Uma [&hellip;]\" \/>\n<meta property=\"og:url\" content=\"https:\/\/www.federassantas.org.br\/novosite\/universidades-de-minas-gerais-terao-recurso-para-prevenir-e-controlar-a-obesidade\/\" \/>\n<meta property=\"og:site_name\" content=\"Federassantas\" \/>\n<meta property=\"article:published_time\" content=\"2018-08-21T20:42:08+00:00\" \/>\n<meta name=\"author\" content=\"admin-federas\" \/>\n<meta name=\"twitter:card\" content=\"summary_large_image\" \/>\n<meta name=\"twitter:label1\" content=\"Escrito por\" \/>\n\t<meta name=\"twitter:data1\" content=\"admin-federas\" \/>\n\t<meta name=\"twitter:label2\" content=\"Est. tempo de leitura\" \/>\n\t<meta name=\"twitter:data2\" content=\"4 minutos\" \/>\n<script type=\"application\/ld+json\" class=\"yoast-schema-graph\">{\"@context\":\"https:\/\/schema.org\",\"@graph\":[{\"@type\":\"Article\",\"@id\":\"https:\/\/www.federassantas.org.br\/novosite\/universidades-de-minas-gerais-terao-recurso-para-prevenir-e-controlar-a-obesidade\/#article\",\"isPartOf\":{\"@id\":\"https:\/\/www.federassantas.org.br\/novosite\/universidades-de-minas-gerais-terao-recurso-para-prevenir-e-controlar-a-obesidade\/\"},\"author\":{\"name\":\"admin-federas\",\"@id\":\"https:\/\/www.federassantas.org.br\/novosite\/#\/schema\/person\/75fed98158349313fe56175f232f513c\"},\"headline\":\"Universidades de Minas Gerais ter\u00e3o recurso para prevenir e controlar a obesidade\",\"datePublished\":\"2018-08-21T20:42:08+00:00\",\"mainEntityOfPage\":{\"@id\":\"https:\/\/www.federassantas.org.br\/novosite\/universidades-de-minas-gerais-terao-recurso-para-prevenir-e-controlar-a-obesidade\/\"},\"wordCount\":733,\"commentCount\":0,\"publisher\":{\"@id\":\"https:\/\/www.federassantas.org.br\/novosite\/#organization\"},\"image\":{\"@id\":\"https:\/\/www.federassantas.org.br\/novosite\/universidades-de-minas-gerais-terao-recurso-para-prevenir-e-controlar-a-obesidade\/#primaryimage\"},\"thumbnailUrl\":\"\",\"articleSection\":[\"Not\u00edcias\"],\"inLanguage\":\"pt-BR\",\"potentialAction\":[{\"@type\":\"CommentAction\",\"name\":\"Comment\",\"target\":[\"https:\/\/www.federassantas.org.br\/novosite\/universidades-de-minas-gerais-terao-recurso-para-prevenir-e-controlar-a-obesidade\/#respond\"]}]},{\"@type\":\"WebPage\",\"@id\":\"https:\/\/www.federassantas.org.br\/novosite\/universidades-de-minas-gerais-terao-recurso-para-prevenir-e-controlar-a-obesidade\/\",\"url\":\"https:\/\/www.federassantas.org.br\/novosite\/universidades-de-minas-gerais-terao-recurso-para-prevenir-e-controlar-a-obesidade\/\",\"name\":\"Universidades de Minas Gerais ter\u00e3o recurso para prevenir e controlar a obesidade - Federassantas\",\"isPartOf\":{\"@id\":\"https:\/\/www.federassantas.org.br\/novosite\/#website\"},\"primaryImageOfPage\":{\"@id\":\"https:\/\/www.federassantas.org.br\/novosite\/universidades-de-minas-gerais-terao-recurso-para-prevenir-e-controlar-a-obesidade\/#primaryimage\"},\"image\":{\"@id\":\"https:\/\/www.federassantas.org.br\/novosite\/universidades-de-minas-gerais-terao-recurso-para-prevenir-e-controlar-a-obesidade\/#primaryimage\"},\"thumbnailUrl\":\"\",\"datePublished\":\"2018-08-21T20:42:08+00:00\",\"breadcrumb\":{\"@id\":\"https:\/\/www.federassantas.org.br\/novosite\/universidades-de-minas-gerais-terao-recurso-para-prevenir-e-controlar-a-obesidade\/#breadcrumb\"},\"inLanguage\":\"pt-BR\",\"potentialAction\":[{\"@type\":\"ReadAction\",\"target\":[\"https:\/\/www.federassantas.org.br\/novosite\/universidades-de-minas-gerais-terao-recurso-para-prevenir-e-controlar-a-obesidade\/\"]}]},{\"@type\":\"ImageObject\",\"inLanguage\":\"pt-BR\",\"@id\":\"https:\/\/www.federassantas.org.br\/novosite\/universidades-de-minas-gerais-terao-recurso-para-prevenir-e-controlar-a-obesidade\/#primaryimage\",\"url\":\"\",\"contentUrl\":\"\"},{\"@type\":\"BreadcrumbList\",\"@id\":\"https:\/\/www.federassantas.org.br\/novosite\/universidades-de-minas-gerais-terao-recurso-para-prevenir-e-controlar-a-obesidade\/#breadcrumb\",\"itemListElement\":[{\"@type\":\"ListItem\",\"position\":1,\"name\":\"In\u00edcio\",\"item\":\"https:\/\/www.federassantas.org.br\/novosite\/\"},{\"@type\":\"ListItem\",\"position\":2,\"name\":\"Universidades de Minas Gerais ter\u00e3o recurso para prevenir e controlar a obesidade\"}]},{\"@type\":\"WebSite\",\"@id\":\"https:\/\/www.federassantas.org.br\/novosite\/#website\",\"url\":\"https:\/\/www.federassantas.org.br\/novosite\/\",\"name\":\"Federassantas\",\"description\":\"Entidade de representa\u00e7\u00e3o e fortalecimento das Santas Casas, hospitais filantr\u00f3picos e entidades beneficentes de sa\u00fade de Minas Gerais, atuando na defesa institucional, qualifica\u00e7\u00e3o da gest\u00e3o e sustentabilidade do setor.\",\"publisher\":{\"@id\":\"https:\/\/www.federassantas.org.br\/novosite\/#organization\"},\"potentialAction\":[{\"@type\":\"SearchAction\",\"target\":{\"@type\":\"EntryPoint\",\"urlTemplate\":\"https:\/\/www.federassantas.org.br\/novosite\/?s={search_term_string}\"},\"query-input\":{\"@type\":\"PropertyValueSpecification\",\"valueRequired\":true,\"valueName\":\"search_term_string\"}}],\"inLanguage\":\"pt-BR\"},{\"@type\":\"Organization\",\"@id\":\"https:\/\/www.federassantas.org.br\/novosite\/#organization\",\"name\":\"Federassantas\",\"url\":\"https:\/\/www.federassantas.org.br\/novosite\/\",\"logo\":{\"@type\":\"ImageObject\",\"inLanguage\":\"pt-BR\",\"@id\":\"https:\/\/www.federassantas.org.br\/novosite\/#\/schema\/logo\/image\/\",\"url\":\"https:\/\/www.federassantas.org.br\/novosite\/wp-content\/uploads\/2021\/12\/logo.png\",\"contentUrl\":\"https:\/\/www.federassantas.org.br\/novosite\/wp-content\/uploads\/2021\/12\/logo.png\",\"width\":243,\"height\":59,\"caption\":\"Federassantas\"},\"image\":{\"@id\":\"https:\/\/www.federassantas.org.br\/novosite\/#\/schema\/logo\/image\/\"}},{\"@type\":\"Person\",\"@id\":\"https:\/\/www.federassantas.org.br\/novosite\/#\/schema\/person\/75fed98158349313fe56175f232f513c\",\"name\":\"admin-federas\",\"image\":{\"@type\":\"ImageObject\",\"inLanguage\":\"pt-BR\",\"@id\":\"https:\/\/www.federassantas.org.br\/novosite\/#\/schema\/person\/image\/\",\"url\":\"https:\/\/secure.gravatar.com\/avatar\/2a02d7dda59fe8dc6b7ffd3f652e2efede5ccf0dd89dfdc8137c5517f3de8407?s=96&d=mm&r=g\",\"contentUrl\":\"https:\/\/secure.gravatar.com\/avatar\/2a02d7dda59fe8dc6b7ffd3f652e2efede5ccf0dd89dfdc8137c5517f3de8407?s=96&d=mm&r=g\",\"caption\":\"admin-federas\"},\"sameAs\":[\"https:\/\/www.federassantas.org.br\/novosite\/\"],\"url\":\"https:\/\/www.federassantas.org.br\/novosite\/author\/admin-federas\/\"}]}<\/script>\n<!-- \/ Yoast SEO plugin. -->","yoast_head_json":{"title":"Universidades de Minas Gerais ter\u00e3o recurso para prevenir e controlar a obesidade - Federassantas","robots":{"index":"index","follow":"follow","max-snippet":"max-snippet:-1","max-image-preview":"max-image-preview:large","max-video-preview":"max-video-preview:-1"},"canonical":"https:\/\/www.federassantas.org.br\/novosite\/universidades-de-minas-gerais-terao-recurso-para-prevenir-e-controlar-a-obesidade\/","og_locale":"pt_BR","og_type":"article","og_title":"Universidades de Minas Gerais ter\u00e3o recurso para prevenir e controlar a obesidade - Federassantas","og_description":"Recurso est\u00e1 previsto em chamada p\u00fablica do Minist\u00e9rio da Sa\u00fade. Institui\u00e7\u00f5es devem realizar projetos na aten\u00e7\u00e3o b\u00e1sica sobre obesidade As universidades p\u00fablicas e privadas, sem fins lucrativos, de Minas Gerais t\u00eam at\u00e9 o dia 16 de setembro para inscreverem projetos com a\u00e7\u00f5es de preven\u00e7\u00e3o, diagn\u00f3stico e tratamento da obesidade no Sistema \u00danico de Sa\u00fade. Uma [&hellip;]","og_url":"https:\/\/www.federassantas.org.br\/novosite\/universidades-de-minas-gerais-terao-recurso-para-prevenir-e-controlar-a-obesidade\/","og_site_name":"Federassantas","article_published_time":"2018-08-21T20:42:08+00:00","author":"admin-federas","twitter_card":"summary_large_image","twitter_misc":{"Escrito por":"admin-federas","Est. tempo de leitura":"4 minutos"},"schema":{"@context":"https:\/\/schema.org","@graph":[{"@type":"Article","@id":"https:\/\/www.federassantas.org.br\/novosite\/universidades-de-minas-gerais-terao-recurso-para-prevenir-e-controlar-a-obesidade\/#article","isPartOf":{"@id":"https:\/\/www.federassantas.org.br\/novosite\/universidades-de-minas-gerais-terao-recurso-para-prevenir-e-controlar-a-obesidade\/"},"author":{"name":"admin-federas","@id":"https:\/\/www.federassantas.org.br\/novosite\/#\/schema\/person\/75fed98158349313fe56175f232f513c"},"headline":"Universidades de Minas Gerais ter\u00e3o recurso para prevenir e controlar a obesidade","datePublished":"2018-08-21T20:42:08+00:00","mainEntityOfPage":{"@id":"https:\/\/www.federassantas.org.br\/novosite\/universidades-de-minas-gerais-terao-recurso-para-prevenir-e-controlar-a-obesidade\/"},"wordCount":733,"commentCount":0,"publisher":{"@id":"https:\/\/www.federassantas.org.br\/novosite\/#organization"},"image":{"@id":"https:\/\/www.federassantas.org.br\/novosite\/universidades-de-minas-gerais-terao-recurso-para-prevenir-e-controlar-a-obesidade\/#primaryimage"},"thumbnailUrl":"","articleSection":["Not\u00edcias"],"inLanguage":"pt-BR","potentialAction":[{"@type":"CommentAction","name":"Comment","target":["https:\/\/www.federassantas.org.br\/novosite\/universidades-de-minas-gerais-terao-recurso-para-prevenir-e-controlar-a-obesidade\/#respond"]}]},{"@type":"WebPage","@id":"https:\/\/www.federassantas.org.br\/novosite\/universidades-de-minas-gerais-terao-recurso-para-prevenir-e-controlar-a-obesidade\/","url":"https:\/\/www.federassantas.org.br\/novosite\/universidades-de-minas-gerais-terao-recurso-para-prevenir-e-controlar-a-obesidade\/","name":"Universidades de Minas Gerais ter\u00e3o recurso para prevenir e controlar a obesidade - Federassantas","isPartOf":{"@id":"https:\/\/www.federassantas.org.br\/novosite\/#website"},"primaryImageOfPage":{"@id":"https:\/\/www.federassantas.org.br\/novosite\/universidades-de-minas-gerais-terao-recurso-para-prevenir-e-controlar-a-obesidade\/#primaryimage"},"image":{"@id":"https:\/\/www.federassantas.org.br\/novosite\/universidades-de-minas-gerais-terao-recurso-para-prevenir-e-controlar-a-obesidade\/#primaryimage"},"thumbnailUrl":"","datePublished":"2018-08-21T20:42:08+00:00","breadcrumb":{"@id":"https:\/\/www.federassantas.org.br\/novosite\/universidades-de-minas-gerais-terao-recurso-para-prevenir-e-controlar-a-obesidade\/#breadcrumb"},"inLanguage":"pt-BR","potentialAction":[{"@type":"ReadAction","target":["https:\/\/www.federassantas.org.br\/novosite\/universidades-de-minas-gerais-terao-recurso-para-prevenir-e-controlar-a-obesidade\/"]}]},{"@type":"ImageObject","inLanguage":"pt-BR","@id":"https:\/\/www.federassantas.org.br\/novosite\/universidades-de-minas-gerais-terao-recurso-para-prevenir-e-controlar-a-obesidade\/#primaryimage","url":"","contentUrl":""},{"@type":"BreadcrumbList","@id":"https:\/\/www.federassantas.org.br\/novosite\/universidades-de-minas-gerais-terao-recurso-para-prevenir-e-controlar-a-obesidade\/#breadcrumb","itemListElement":[{"@type":"ListItem","position":1,"name":"In\u00edcio","item":"https:\/\/www.federassantas.org.br\/novosite\/"},{"@type":"ListItem","position":2,"name":"Universidades de Minas Gerais ter\u00e3o recurso para prevenir e controlar a obesidade"}]},{"@type":"WebSite","@id":"https:\/\/www.federassantas.org.br\/novosite\/#website","url":"https:\/\/www.federassantas.org.br\/novosite\/","name":"Federassantas","description":"Entidade de representa\u00e7\u00e3o e fortalecimento das Santas Casas, hospitais filantr\u00f3picos e entidades beneficentes de sa\u00fade de Minas Gerais, atuando na defesa institucional, qualifica\u00e7\u00e3o da gest\u00e3o e sustentabilidade do setor.","publisher":{"@id":"https:\/\/www.federassantas.org.br\/novosite\/#organization"},"potentialAction":[{"@type":"SearchAction","target":{"@type":"EntryPoint","urlTemplate":"https:\/\/www.federassantas.org.br\/novosite\/?s={search_term_string}"},"query-input":{"@type":"PropertyValueSpecification","valueRequired":true,"valueName":"search_term_string"}}],"inLanguage":"pt-BR"},{"@type":"Organization","@id":"https:\/\/www.federassantas.org.br\/novosite\/#organization","name":"Federassantas","url":"https:\/\/www.federassantas.org.br\/novosite\/","logo":{"@type":"ImageObject","inLanguage":"pt-BR","@id":"https:\/\/www.federassantas.org.br\/novosite\/#\/schema\/logo\/image\/","url":"https:\/\/www.federassantas.org.br\/novosite\/wp-content\/uploads\/2021\/12\/logo.png","contentUrl":"https:\/\/www.federassantas.org.br\/novosite\/wp-content\/uploads\/2021\/12\/logo.png","width":243,"height":59,"caption":"Federassantas"},"image":{"@id":"https:\/\/www.federassantas.org.br\/novosite\/#\/schema\/logo\/image\/"}},{"@type":"Person","@id":"https:\/\/www.federassantas.org.br\/novosite\/#\/schema\/person\/75fed98158349313fe56175f232f513c","name":"admin-federas","image":{"@type":"ImageObject","inLanguage":"pt-BR","@id":"https:\/\/www.federassantas.org.br\/novosite\/#\/schema\/person\/image\/","url":"https:\/\/secure.gravatar.com\/avatar\/2a02d7dda59fe8dc6b7ffd3f652e2efede5ccf0dd89dfdc8137c5517f3de8407?s=96&d=mm&r=g","contentUrl":"https:\/\/secure.gravatar.com\/avatar\/2a02d7dda59fe8dc6b7ffd3f652e2efede5ccf0dd89dfdc8137c5517f3de8407?s=96&d=mm&r=g","caption":"admin-federas"},"sameAs":["https:\/\/www.federassantas.org.br\/novosite\/"],"url":"https:\/\/www.federassantas.org.br\/novosite\/author\/admin-federas\/"}]}},"_links":{"self":[{"href":"https:\/\/www.federassantas.org.br\/novosite\/wp-json\/wp\/v2\/posts\/13708","targetHints":{"allow":["GET"]}}],"collection":[{"href":"https:\/\/www.federassantas.org.br\/novosite\/wp-json\/wp\/v2\/posts"}],"about":[{"href":"https:\/\/www.federassantas.org.br\/novosite\/wp-json\/wp\/v2\/types\/post"}],"author":[{"embeddable":true,"href":"https:\/\/www.federassantas.org.br\/novosite\/wp-json\/wp\/v2\/users\/1"}],"replies":[{"embeddable":true,"href":"https:\/\/www.federassantas.org.br\/novosite\/wp-json\/wp\/v2\/comments?post=13708"}],"version-history":[{"count":0,"href":"https:\/\/www.federassantas.org.br\/novosite\/wp-json\/wp\/v2\/posts\/13708\/revisions"}],"wp:attachment":[{"href":"https:\/\/www.federassantas.org.br\/novosite\/wp-json\/wp\/v2\/media?parent=13708"}],"wp:term":[{"taxonomy":"category","embeddable":true,"href":"https:\/\/www.federassantas.org.br\/novosite\/wp-json\/wp\/v2\/categories?post=13708"},{"taxonomy":"post_tag","embeddable":true,"href":"https:\/\/www.federassantas.org.br\/novosite\/wp-json\/wp\/v2\/tags?post=13708"}],"curies":[{"name":"wp","href":"https:\/\/api.w.org\/{rel}","templated":true}]}}