{"id":13722,"date":"2018-08-21T18:33:29","date_gmt":"2018-08-21T21:33:29","guid":{"rendered":"https:\/\/federasbackup.meltcomunicacao.com.br\/?p=13722"},"modified":"2018-08-21T18:33:29","modified_gmt":"2018-08-21T21:33:29","slug":"santa-casa-de-rio-claro-anuncia-criacao-de-mais-de-dez-leitos-ate-o-fim-do-ano","status":"publish","type":"post","link":"https:\/\/www.federassantas.org.br\/novosite\/santa-casa-de-rio-claro-anuncia-criacao-de-mais-de-dez-leitos-ate-o-fim-do-ano\/","title":{"rendered":"Santa Casa de Rio Claro anuncia cria\u00e7\u00e3o de mais de dez leitos at\u00e9 o fim do ano"},"content":{"rendered":"<p style=\"text-align: justify;\">A Santa Casa de Miseric\u00f3rdia de Rio Claro anunciou nesta segunda-feira (20) que est\u00e1 ampliando o n\u00famero de leitos do hospital. At\u00e9 o final deste ano, a entidade pretende criar mais dez leitos de urg\u00eancia e emerg\u00eancia. A informa\u00e7\u00e3o foi transmitida pelo provedor da Santa Casa, Danusio Diniz, ao prefeito Jo\u00e3o Teixeira Junior, o Juninho da Padaria, em reuni\u00e3o no pa\u00e7o municipal. &#8220;O n\u00famero de leitos para as pessoas atendidas pelo SUS sempre foi uma de nossas maiores preocupa\u00e7\u00f5es&#8221;, observa o prefeito Juninho.<\/p>\n<p style=\"text-align: justify;\">Na reuni\u00e3o tamb\u00e9m foi discutido o apoio da prefeitura ao projeto de reclassifica\u00e7\u00e3o da Santa Casa, passando de hospital de apoio para estrat\u00e9gico. &#8220;Estamos unindo esfor\u00e7os para viabilizar essa mudan\u00e7a que ir\u00e1 aumentar o n\u00famero de leitos na Santa Casa e beneficiar a popula\u00e7\u00e3o. Toda e qualquer iniciativa em benef\u00edcio do munic\u00edpio e da comunidade ter\u00e1 o apoio da prefeitura&#8221;, comenta Juninho da Padaria, acrescentando que &#8220;continuar investindo na sa\u00fade \u00e9 uma de nossas prioridades de trabalho&#8221;<\/p>\n<p style=\"text-align: left;\">Saiba mais:\u00a0<a href=\"https:\/\/www.jornalcidade.net\/santa-casa-anuncia-criacao-de-mais-de-dez-leitos-ate-o-fim-do-ano\/53291\/\">https:\/\/www.jornalcidade.net\/santa-casa-anuncia-criacao-de-mais-de-dez-leitos-ate-o-fim-do-ano\/53291\/<\/a><\/p>\n<p style=\"text-align: justify;\">Fonte: <a href=\"https:\/\/www.jornalcidade.net\/\">JC Rio Claro<\/a><\/p>\n","protected":false},"excerpt":{"rendered":"<p>A Santa Casa de Miseric\u00f3rdia de Rio Claro anunciou nesta segunda-feira (20) que est\u00e1 ampliando o n\u00famero de leitos do hospital. At\u00e9 o final deste ano, a entidade pretende criar mais dez leitos de urg\u00eancia e emerg\u00eancia. A informa\u00e7\u00e3o foi transmitida pelo provedor da Santa Casa, Danusio Diniz, ao prefeito Jo\u00e3o Teixeira Junior, o Juninho [&hellip;]<\/p>\n","protected":false},"author":1,"featured_media":13723,"comment_status":"open","ping_status":"open","sticky":false,"template":"","format":"standard","meta":{"footnotes":""},"categories":[140,139],"tags":[],"class_list":["post-13722","post","type-post","status-publish","format-standard","has-post-thumbnail","hentry","category-noticias","category-noticias-filiados"],"yoast_head":"<!-- This site is optimized with the Yoast SEO plugin v26.9 - https:\/\/yoast.com\/product\/yoast-seo-wordpress\/ -->\n<title>Santa Casa de Rio Claro anuncia cria\u00e7\u00e3o de mais de dez leitos at\u00e9 o fim do ano - Federassantas<\/title>\n<meta name=\"robots\" content=\"index, follow, max-snippet:-1, max-image-preview:large, max-video-preview:-1\" \/>\n<link rel=\"canonical\" href=\"https:\/\/www.federassantas.org.br\/novosite\/santa-casa-de-rio-claro-anuncia-criacao-de-mais-de-dez-leitos-ate-o-fim-do-ano\/\" \/>\n<meta property=\"og:locale\" content=\"pt_BR\" \/>\n<meta property=\"og:type\" content=\"article\" \/>\n<meta property=\"og:title\" content=\"Santa Casa de Rio Claro anuncia cria\u00e7\u00e3o de mais de dez leitos at\u00e9 o fim do ano - Federassantas\" \/>\n<meta property=\"og:description\" content=\"A Santa Casa de Miseric\u00f3rdia de Rio Claro anunciou nesta segunda-feira (20) que est\u00e1 ampliando o n\u00famero de leitos do hospital. At\u00e9 o final deste ano, a entidade pretende criar mais dez leitos de urg\u00eancia e emerg\u00eancia. A informa\u00e7\u00e3o foi transmitida pelo provedor da Santa Casa, Danusio Diniz, ao prefeito Jo\u00e3o Teixeira Junior, o Juninho [&hellip;]\" \/>\n<meta property=\"og:url\" content=\"https:\/\/www.federassantas.org.br\/novosite\/santa-casa-de-rio-claro-anuncia-criacao-de-mais-de-dez-leitos-ate-o-fim-do-ano\/\" \/>\n<meta property=\"og:site_name\" content=\"Federassantas\" \/>\n<meta property=\"article:published_time\" content=\"2018-08-21T21:33:29+00:00\" \/>\n<meta property=\"og:image\" content=\"https:\/\/www.federassantas.org.br\/novosite\/wp-content\/uploads\/2018\/08\/thumbnail_DSC_9488-696x465-1.jpg\" \/>\n\t<meta property=\"og:image:width\" content=\"696\" \/>\n\t<meta property=\"og:image:height\" content=\"465\" \/>\n\t<meta property=\"og:image:type\" content=\"image\/jpeg\" \/>\n<meta name=\"author\" content=\"admin-federas\" \/>\n<meta name=\"twitter:card\" content=\"summary_large_image\" \/>\n<meta name=\"twitter:label1\" content=\"Escrito por\" \/>\n\t<meta name=\"twitter:data1\" content=\"admin-federas\" \/>\n\t<meta name=\"twitter:label2\" content=\"Est. tempo de leitura\" \/>\n\t<meta name=\"twitter:data2\" content=\"1 minuto\" \/>\n<script type=\"application\/ld+json\" class=\"yoast-schema-graph\">{\"@context\":\"https:\/\/schema.org\",\"@graph\":[{\"@type\":\"Article\",\"@id\":\"https:\/\/www.federassantas.org.br\/novosite\/santa-casa-de-rio-claro-anuncia-criacao-de-mais-de-dez-leitos-ate-o-fim-do-ano\/#article\",\"isPartOf\":{\"@id\":\"https:\/\/www.federassantas.org.br\/novosite\/santa-casa-de-rio-claro-anuncia-criacao-de-mais-de-dez-leitos-ate-o-fim-do-ano\/\"},\"author\":{\"name\":\"admin-federas\",\"@id\":\"https:\/\/www.federassantas.org.br\/novosite\/#\/schema\/person\/75fed98158349313fe56175f232f513c\"},\"headline\":\"Santa Casa de Rio Claro anuncia cria\u00e7\u00e3o de mais de dez leitos at\u00e9 o fim do ano\",\"datePublished\":\"2018-08-21T21:33:29+00:00\",\"mainEntityOfPage\":{\"@id\":\"https:\/\/www.federassantas.org.br\/novosite\/santa-casa-de-rio-claro-anuncia-criacao-de-mais-de-dez-leitos-ate-o-fim-do-ano\/\"},\"wordCount\":208,\"commentCount\":0,\"publisher\":{\"@id\":\"https:\/\/www.federassantas.org.br\/novosite\/#organization\"},\"image\":{\"@id\":\"https:\/\/www.federassantas.org.br\/novosite\/santa-casa-de-rio-claro-anuncia-criacao-de-mais-de-dez-leitos-ate-o-fim-do-ano\/#primaryimage\"},\"thumbnailUrl\":\"https:\/\/www.federassantas.org.br\/novosite\/wp-content\/uploads\/2018\/08\/thumbnail_DSC_9488-696x465-1.jpg\",\"articleSection\":[\"Not\u00edcias\",\"Not\u00edcias filiados\"],\"inLanguage\":\"pt-BR\",\"potentialAction\":[{\"@type\":\"CommentAction\",\"name\":\"Comment\",\"target\":[\"https:\/\/www.federassantas.org.br\/novosite\/santa-casa-de-rio-claro-anuncia-criacao-de-mais-de-dez-leitos-ate-o-fim-do-ano\/#respond\"]}]},{\"@type\":\"WebPage\",\"@id\":\"https:\/\/www.federassantas.org.br\/novosite\/santa-casa-de-rio-claro-anuncia-criacao-de-mais-de-dez-leitos-ate-o-fim-do-ano\/\",\"url\":\"https:\/\/www.federassantas.org.br\/novosite\/santa-casa-de-rio-claro-anuncia-criacao-de-mais-de-dez-leitos-ate-o-fim-do-ano\/\",\"name\":\"Santa Casa de Rio Claro anuncia cria\u00e7\u00e3o de mais de dez leitos at\u00e9 o fim do ano - Federassantas\",\"isPartOf\":{\"@id\":\"https:\/\/www.federassantas.org.br\/novosite\/#website\"},\"primaryImageOfPage\":{\"@id\":\"https:\/\/www.federassantas.org.br\/novosite\/santa-casa-de-rio-claro-anuncia-criacao-de-mais-de-dez-leitos-ate-o-fim-do-ano\/#primaryimage\"},\"image\":{\"@id\":\"https:\/\/www.federassantas.org.br\/novosite\/santa-casa-de-rio-claro-anuncia-criacao-de-mais-de-dez-leitos-ate-o-fim-do-ano\/#primaryimage\"},\"thumbnailUrl\":\"https:\/\/www.federassantas.org.br\/novosite\/wp-content\/uploads\/2018\/08\/thumbnail_DSC_9488-696x465-1.jpg\",\"datePublished\":\"2018-08-21T21:33:29+00:00\",\"breadcrumb\":{\"@id\":\"https:\/\/www.federassantas.org.br\/novosite\/santa-casa-de-rio-claro-anuncia-criacao-de-mais-de-dez-leitos-ate-o-fim-do-ano\/#breadcrumb\"},\"inLanguage\":\"pt-BR\",\"potentialAction\":[{\"@type\":\"ReadAction\",\"target\":[\"https:\/\/www.federassantas.org.br\/novosite\/santa-casa-de-rio-claro-anuncia-criacao-de-mais-de-dez-leitos-ate-o-fim-do-ano\/\"]}]},{\"@type\":\"ImageObject\",\"inLanguage\":\"pt-BR\",\"@id\":\"https:\/\/www.federassantas.org.br\/novosite\/santa-casa-de-rio-claro-anuncia-criacao-de-mais-de-dez-leitos-ate-o-fim-do-ano\/#primaryimage\",\"url\":\"https:\/\/www.federassantas.org.br\/novosite\/wp-content\/uploads\/2018\/08\/thumbnail_DSC_9488-696x465-1.jpg\",\"contentUrl\":\"https:\/\/www.federassantas.org.br\/novosite\/wp-content\/uploads\/2018\/08\/thumbnail_DSC_9488-696x465-1.jpg\",\"width\":696,\"height\":465},{\"@type\":\"BreadcrumbList\",\"@id\":\"https:\/\/www.federassantas.org.br\/novosite\/santa-casa-de-rio-claro-anuncia-criacao-de-mais-de-dez-leitos-ate-o-fim-do-ano\/#breadcrumb\",\"itemListElement\":[{\"@type\":\"ListItem\",\"position\":1,\"name\":\"In\u00edcio\",\"item\":\"https:\/\/www.federassantas.org.br\/novosite\/\"},{\"@type\":\"ListItem\",\"position\":2,\"name\":\"Santa Casa de Rio Claro anuncia cria\u00e7\u00e3o de mais de dez leitos at\u00e9 o fim do ano\"}]},{\"@type\":\"WebSite\",\"@id\":\"https:\/\/www.federassantas.org.br\/novosite\/#website\",\"url\":\"https:\/\/www.federassantas.org.br\/novosite\/\",\"name\":\"Federassantas\",\"description\":\"Entidade de representa\u00e7\u00e3o e fortalecimento das Santas Casas, hospitais filantr\u00f3picos e entidades beneficentes de sa\u00fade de Minas Gerais, atuando na defesa institucional, qualifica\u00e7\u00e3o da gest\u00e3o e sustentabilidade do setor.\",\"publisher\":{\"@id\":\"https:\/\/www.federassantas.org.br\/novosite\/#organization\"},\"potentialAction\":[{\"@type\":\"SearchAction\",\"target\":{\"@type\":\"EntryPoint\",\"urlTemplate\":\"https:\/\/www.federassantas.org.br\/novosite\/?s={search_term_string}\"},\"query-input\":{\"@type\":\"PropertyValueSpecification\",\"valueRequired\":true,\"valueName\":\"search_term_string\"}}],\"inLanguage\":\"pt-BR\"},{\"@type\":\"Organization\",\"@id\":\"https:\/\/www.federassantas.org.br\/novosite\/#organization\",\"name\":\"Federassantas\",\"url\":\"https:\/\/www.federassantas.org.br\/novosite\/\",\"logo\":{\"@type\":\"ImageObject\",\"inLanguage\":\"pt-BR\",\"@id\":\"https:\/\/www.federassantas.org.br\/novosite\/#\/schema\/logo\/image\/\",\"url\":\"https:\/\/www.federassantas.org.br\/novosite\/wp-content\/uploads\/2021\/12\/logo.png\",\"contentUrl\":\"https:\/\/www.federassantas.org.br\/novosite\/wp-content\/uploads\/2021\/12\/logo.png\",\"width\":243,\"height\":59,\"caption\":\"Federassantas\"},\"image\":{\"@id\":\"https:\/\/www.federassantas.org.br\/novosite\/#\/schema\/logo\/image\/\"}},{\"@type\":\"Person\",\"@id\":\"https:\/\/www.federassantas.org.br\/novosite\/#\/schema\/person\/75fed98158349313fe56175f232f513c\",\"name\":\"admin-federas\",\"image\":{\"@type\":\"ImageObject\",\"inLanguage\":\"pt-BR\",\"@id\":\"https:\/\/www.federassantas.org.br\/novosite\/#\/schema\/person\/image\/\",\"url\":\"https:\/\/secure.gravatar.com\/avatar\/2a02d7dda59fe8dc6b7ffd3f652e2efede5ccf0dd89dfdc8137c5517f3de8407?s=96&d=mm&r=g\",\"contentUrl\":\"https:\/\/secure.gravatar.com\/avatar\/2a02d7dda59fe8dc6b7ffd3f652e2efede5ccf0dd89dfdc8137c5517f3de8407?s=96&d=mm&r=g\",\"caption\":\"admin-federas\"},\"sameAs\":[\"https:\/\/www.federassantas.org.br\/novosite\/\"],\"url\":\"https:\/\/www.federassantas.org.br\/novosite\/author\/admin-federas\/\"}]}<\/script>\n<!-- \/ Yoast SEO plugin. -->","yoast_head_json":{"title":"Santa Casa de Rio Claro anuncia cria\u00e7\u00e3o de mais de dez leitos at\u00e9 o fim do ano - Federassantas","robots":{"index":"index","follow":"follow","max-snippet":"max-snippet:-1","max-image-preview":"max-image-preview:large","max-video-preview":"max-video-preview:-1"},"canonical":"https:\/\/www.federassantas.org.br\/novosite\/santa-casa-de-rio-claro-anuncia-criacao-de-mais-de-dez-leitos-ate-o-fim-do-ano\/","og_locale":"pt_BR","og_type":"article","og_title":"Santa Casa de Rio Claro anuncia cria\u00e7\u00e3o de mais de dez leitos at\u00e9 o fim do ano - Federassantas","og_description":"A Santa Casa de Miseric\u00f3rdia de Rio Claro anunciou nesta segunda-feira (20) que est\u00e1 ampliando o n\u00famero de leitos do hospital. At\u00e9 o final deste ano, a entidade pretende criar mais dez leitos de urg\u00eancia e emerg\u00eancia. A informa\u00e7\u00e3o foi transmitida pelo provedor da Santa Casa, Danusio Diniz, ao prefeito Jo\u00e3o Teixeira Junior, o Juninho [&hellip;]","og_url":"https:\/\/www.federassantas.org.br\/novosite\/santa-casa-de-rio-claro-anuncia-criacao-de-mais-de-dez-leitos-ate-o-fim-do-ano\/","og_site_name":"Federassantas","article_published_time":"2018-08-21T21:33:29+00:00","og_image":[{"width":696,"height":465,"url":"https:\/\/www.federassantas.org.br\/novosite\/wp-content\/uploads\/2018\/08\/thumbnail_DSC_9488-696x465-1.jpg","type":"image\/jpeg"}],"author":"admin-federas","twitter_card":"summary_large_image","twitter_misc":{"Escrito por":"admin-federas","Est. tempo de leitura":"1 minuto"},"schema":{"@context":"https:\/\/schema.org","@graph":[{"@type":"Article","@id":"https:\/\/www.federassantas.org.br\/novosite\/santa-casa-de-rio-claro-anuncia-criacao-de-mais-de-dez-leitos-ate-o-fim-do-ano\/#article","isPartOf":{"@id":"https:\/\/www.federassantas.org.br\/novosite\/santa-casa-de-rio-claro-anuncia-criacao-de-mais-de-dez-leitos-ate-o-fim-do-ano\/"},"author":{"name":"admin-federas","@id":"https:\/\/www.federassantas.org.br\/novosite\/#\/schema\/person\/75fed98158349313fe56175f232f513c"},"headline":"Santa Casa de Rio Claro anuncia cria\u00e7\u00e3o de mais de dez leitos at\u00e9 o fim do ano","datePublished":"2018-08-21T21:33:29+00:00","mainEntityOfPage":{"@id":"https:\/\/www.federassantas.org.br\/novosite\/santa-casa-de-rio-claro-anuncia-criacao-de-mais-de-dez-leitos-ate-o-fim-do-ano\/"},"wordCount":208,"commentCount":0,"publisher":{"@id":"https:\/\/www.federassantas.org.br\/novosite\/#organization"},"image":{"@id":"https:\/\/www.federassantas.org.br\/novosite\/santa-casa-de-rio-claro-anuncia-criacao-de-mais-de-dez-leitos-ate-o-fim-do-ano\/#primaryimage"},"thumbnailUrl":"https:\/\/www.federassantas.org.br\/novosite\/wp-content\/uploads\/2018\/08\/thumbnail_DSC_9488-696x465-1.jpg","articleSection":["Not\u00edcias","Not\u00edcias filiados"],"inLanguage":"pt-BR","potentialAction":[{"@type":"CommentAction","name":"Comment","target":["https:\/\/www.federassantas.org.br\/novosite\/santa-casa-de-rio-claro-anuncia-criacao-de-mais-de-dez-leitos-ate-o-fim-do-ano\/#respond"]}]},{"@type":"WebPage","@id":"https:\/\/www.federassantas.org.br\/novosite\/santa-casa-de-rio-claro-anuncia-criacao-de-mais-de-dez-leitos-ate-o-fim-do-ano\/","url":"https:\/\/www.federassantas.org.br\/novosite\/santa-casa-de-rio-claro-anuncia-criacao-de-mais-de-dez-leitos-ate-o-fim-do-ano\/","name":"Santa Casa de Rio Claro anuncia cria\u00e7\u00e3o de mais de dez leitos at\u00e9 o fim do ano - Federassantas","isPartOf":{"@id":"https:\/\/www.federassantas.org.br\/novosite\/#website"},"primaryImageOfPage":{"@id":"https:\/\/www.federassantas.org.br\/novosite\/santa-casa-de-rio-claro-anuncia-criacao-de-mais-de-dez-leitos-ate-o-fim-do-ano\/#primaryimage"},"image":{"@id":"https:\/\/www.federassantas.org.br\/novosite\/santa-casa-de-rio-claro-anuncia-criacao-de-mais-de-dez-leitos-ate-o-fim-do-ano\/#primaryimage"},"thumbnailUrl":"https:\/\/www.federassantas.org.br\/novosite\/wp-content\/uploads\/2018\/08\/thumbnail_DSC_9488-696x465-1.jpg","datePublished":"2018-08-21T21:33:29+00:00","breadcrumb":{"@id":"https:\/\/www.federassantas.org.br\/novosite\/santa-casa-de-rio-claro-anuncia-criacao-de-mais-de-dez-leitos-ate-o-fim-do-ano\/#breadcrumb"},"inLanguage":"pt-BR","potentialAction":[{"@type":"ReadAction","target":["https:\/\/www.federassantas.org.br\/novosite\/santa-casa-de-rio-claro-anuncia-criacao-de-mais-de-dez-leitos-ate-o-fim-do-ano\/"]}]},{"@type":"ImageObject","inLanguage":"pt-BR","@id":"https:\/\/www.federassantas.org.br\/novosite\/santa-casa-de-rio-claro-anuncia-criacao-de-mais-de-dez-leitos-ate-o-fim-do-ano\/#primaryimage","url":"https:\/\/www.federassantas.org.br\/novosite\/wp-content\/uploads\/2018\/08\/thumbnail_DSC_9488-696x465-1.jpg","contentUrl":"https:\/\/www.federassantas.org.br\/novosite\/wp-content\/uploads\/2018\/08\/thumbnail_DSC_9488-696x465-1.jpg","width":696,"height":465},{"@type":"BreadcrumbList","@id":"https:\/\/www.federassantas.org.br\/novosite\/santa-casa-de-rio-claro-anuncia-criacao-de-mais-de-dez-leitos-ate-o-fim-do-ano\/#breadcrumb","itemListElement":[{"@type":"ListItem","position":1,"name":"In\u00edcio","item":"https:\/\/www.federassantas.org.br\/novosite\/"},{"@type":"ListItem","position":2,"name":"Santa Casa de Rio Claro anuncia cria\u00e7\u00e3o de mais de dez leitos at\u00e9 o fim do ano"}]},{"@type":"WebSite","@id":"https:\/\/www.federassantas.org.br\/novosite\/#website","url":"https:\/\/www.federassantas.org.br\/novosite\/","name":"Federassantas","description":"Entidade de representa\u00e7\u00e3o e fortalecimento das Santas Casas, hospitais filantr\u00f3picos e entidades beneficentes de sa\u00fade de Minas Gerais, atuando na defesa institucional, qualifica\u00e7\u00e3o da gest\u00e3o e sustentabilidade do setor.","publisher":{"@id":"https:\/\/www.federassantas.org.br\/novosite\/#organization"},"potentialAction":[{"@type":"SearchAction","target":{"@type":"EntryPoint","urlTemplate":"https:\/\/www.federassantas.org.br\/novosite\/?s={search_term_string}"},"query-input":{"@type":"PropertyValueSpecification","valueRequired":true,"valueName":"search_term_string"}}],"inLanguage":"pt-BR"},{"@type":"Organization","@id":"https:\/\/www.federassantas.org.br\/novosite\/#organization","name":"Federassantas","url":"https:\/\/www.federassantas.org.br\/novosite\/","logo":{"@type":"ImageObject","inLanguage":"pt-BR","@id":"https:\/\/www.federassantas.org.br\/novosite\/#\/schema\/logo\/image\/","url":"https:\/\/www.federassantas.org.br\/novosite\/wp-content\/uploads\/2021\/12\/logo.png","contentUrl":"https:\/\/www.federassantas.org.br\/novosite\/wp-content\/uploads\/2021\/12\/logo.png","width":243,"height":59,"caption":"Federassantas"},"image":{"@id":"https:\/\/www.federassantas.org.br\/novosite\/#\/schema\/logo\/image\/"}},{"@type":"Person","@id":"https:\/\/www.federassantas.org.br\/novosite\/#\/schema\/person\/75fed98158349313fe56175f232f513c","name":"admin-federas","image":{"@type":"ImageObject","inLanguage":"pt-BR","@id":"https:\/\/www.federassantas.org.br\/novosite\/#\/schema\/person\/image\/","url":"https:\/\/secure.gravatar.com\/avatar\/2a02d7dda59fe8dc6b7ffd3f652e2efede5ccf0dd89dfdc8137c5517f3de8407?s=96&d=mm&r=g","contentUrl":"https:\/\/secure.gravatar.com\/avatar\/2a02d7dda59fe8dc6b7ffd3f652e2efede5ccf0dd89dfdc8137c5517f3de8407?s=96&d=mm&r=g","caption":"admin-federas"},"sameAs":["https:\/\/www.federassantas.org.br\/novosite\/"],"url":"https:\/\/www.federassantas.org.br\/novosite\/author\/admin-federas\/"}]}},"_links":{"self":[{"href":"https:\/\/www.federassantas.org.br\/novosite\/wp-json\/wp\/v2\/posts\/13722","targetHints":{"allow":["GET"]}}],"collection":[{"href":"https:\/\/www.federassantas.org.br\/novosite\/wp-json\/wp\/v2\/posts"}],"about":[{"href":"https:\/\/www.federassantas.org.br\/novosite\/wp-json\/wp\/v2\/types\/post"}],"author":[{"embeddable":true,"href":"https:\/\/www.federassantas.org.br\/novosite\/wp-json\/wp\/v2\/users\/1"}],"replies":[{"embeddable":true,"href":"https:\/\/www.federassantas.org.br\/novosite\/wp-json\/wp\/v2\/comments?post=13722"}],"version-history":[{"count":0,"href":"https:\/\/www.federassantas.org.br\/novosite\/wp-json\/wp\/v2\/posts\/13722\/revisions"}],"wp:featuredmedia":[{"embeddable":true,"href":"https:\/\/www.federassantas.org.br\/novosite\/wp-json\/wp\/v2\/media\/13723"}],"wp:attachment":[{"href":"https:\/\/www.federassantas.org.br\/novosite\/wp-json\/wp\/v2\/media?parent=13722"}],"wp:term":[{"taxonomy":"category","embeddable":true,"href":"https:\/\/www.federassantas.org.br\/novosite\/wp-json\/wp\/v2\/categories?post=13722"},{"taxonomy":"post_tag","embeddable":true,"href":"https:\/\/www.federassantas.org.br\/novosite\/wp-json\/wp\/v2\/tags?post=13722"}],"curies":[{"name":"wp","href":"https:\/\/api.w.org\/{rel}","templated":true}]}}