{"id":13730,"date":"2018-08-22T14:33:05","date_gmt":"2018-08-22T17:33:05","guid":{"rendered":"https:\/\/federasbackup.meltcomunicacao.com.br\/?p=13730"},"modified":"2018-08-22T14:33:05","modified_gmt":"2018-08-22T17:33:05","slug":"grupo-de-trabalho-humanizado-da-santa-casa-de-montes-claros-promove-acao-de-incentivo-a-gentileza-dentro-do-hospital","status":"publish","type":"post","link":"https:\/\/www.federassantas.org.br\/novosite\/grupo-de-trabalho-humanizado-da-santa-casa-de-montes-claros-promove-acao-de-incentivo-a-gentileza-dentro-do-hospital\/","title":{"rendered":"Grupo de trabalho humanizado da Santa Casa de Montes Claros promove a\u00e7\u00e3o de incentivo a gentileza dentro do hospital"},"content":{"rendered":"<p style=\"font-weight: 400; text-align: justify;\">Neste m\u00eas de agosto a Santa Casa de Montes Claros retomou importantes a\u00e7\u00f5es que buscam melhorar a assist\u00eancia prestada dentro do hospital, com a realiza\u00e7\u00e3o de projetos de humaniza\u00e7\u00e3o que envolve a participa\u00e7\u00e3o volunt\u00e1ria dos colaboradores.<\/p>\n<p style=\"font-weight: 400; text-align: justify;\"><img fetchpriority=\"high\" decoding=\"async\" class=\"size-medium wp-image-13732 aligncenter\" src=\"http:\/\/federasbackup.meltcomunicacao.com.br\/wp-content\/uploads\/2018\/08\/DLPK2014-300x225.jpg\" alt=\"\" width=\"300\" height=\"225\" srcset=\"https:\/\/www.federassantas.org.br\/novosite\/wp-content\/uploads\/2018\/08\/DLPK2014-300x225.jpg 300w, https:\/\/www.federassantas.org.br\/novosite\/wp-content\/uploads\/2018\/08\/DLPK2014-1024x768.jpg 1024w, https:\/\/www.federassantas.org.br\/novosite\/wp-content\/uploads\/2018\/08\/DLPK2014-768x576.jpg 768w, https:\/\/www.federassantas.org.br\/novosite\/wp-content\/uploads\/2018\/08\/DLPK2014.jpg 1280w\" sizes=\"(max-width: 300px) 100vw, 300px\" \/><\/p>\n<p style=\"font-weight: 400; text-align: justify;\">O Grupo de Trabalho de Humaniza\u00e7\u00e3o (GTH) \u00e9 um espa\u00e7o coletivo organizado, participativo e democr\u00e1tico, destinado a empreender uma pol\u00edtica institucional de resgate da humaniza\u00e7\u00e3o da assist\u00eancia \u00e0 sa\u00fade, em benef\u00edcio dos usu\u00e1rios e profissionais desse setor. Trata-se de um dispositivo criado pela Pol\u00edtica Nacional de Humaniza\u00e7\u00e3o para o SUS, com o objetivo de intervir na melhoria dos processos de trabalho e na qualidade da produ\u00e7\u00e3o de sa\u00fade para todos.<\/p>\n<p style=\"font-weight: 400; text-align: justify;\">O Projeto Gentileza, marca a retomada do GTH da Santa Casa, o psic\u00f3logo do trabalho e integrante do GTH, J\u00fanio Mendes Rocha, explica que o grupo visitou todos os setores da Santa Casa, promovendo momentos de descontra\u00e7\u00e3o e intera\u00e7\u00e3o, para os mais de dois mil colaboradores do maior hospital do Norte de Minas.<\/p>\n<p style=\"font-weight: 400; text-align: justify;\">\u201cEssa foi a primeira a\u00e7\u00e3o desenvolvida pelo Grupo, depois de um per\u00edodo menos ativo, e o nosso objetivo \u00e9 promover mais momentos que incentive a gentileza, bom humor e a boa conviv\u00eancia com os colegas e pacientes. Tudo isso que resulta em melhoria da assist\u00eancia e da qualidade de vida dos atendidos pelo hospital\u201d, ressalta J\u00fanio.<\/p>\n<p style=\"font-weight: 400; text-align: justify;\">Ainda segundo J\u00fanio, nesse primeiro momento o Grupo trabalha com uma comiss\u00e3o de 12 pessoas, de forma provis\u00f3ria. Em setembro ser\u00e1 promovida uma assembleia onde ser\u00e1 definida a comiss\u00e3o definitiva.<\/p>\n<p style=\"font-weight: 400; text-align: justify;\">\u201cQuem se oferece para participar, n\u00e3o ganha nada a mais por isso, que n\u00e3o seja doar seu tempo e sua boas atitudes a servi\u00e7o do pr\u00f3ximo. Mas sabemos que esse trabalho faz toda a diferen\u00e7a na rotina do outro, que traz muito mais disposi\u00e7\u00e3o e alegria para um dia que normalmente \u00e9 conturbado por se tratar de um hospital, ent\u00e3o saber disso j\u00e1 \u00e9 o bastante para continuarmos trabalhando essas a\u00e7\u00f5es\u201d, pontua.<\/p>\n<p>Tamb\u00e9m \u00e9 fun\u00e7\u00e3o do GTH desenvolver projetos nas \u00e1reas humana e social, tais como aniversariantes do m\u00eas, artesanato para os acompanhantes, sala de recrea\u00e7\u00e3o do bloco cir\u00fargico, classe hospitalar, doulas, creche, entre outros &#8211; iniciativas que valorizam e incentivam a pr\u00e1tica do acolhimento humanizado, como forma de prestar assist\u00eancia integral \u00e0 sa\u00fade, que vai al\u00e9m do cuidado m\u00e9dico assistencial, focado na ess\u00eancia maior do ser humano, em respeito incondicional \u00e0 vida, nos seus valores, \u00e9tica e dignidade.<\/p>\n<p style=\"font-weight: 400; text-align: justify;\">\u201cO trabalho em grupo aproxima as pessoas, transforma v\u00ednculos j\u00e1 institu\u00eddos e possibilita a implementa\u00e7\u00e3o de propostas coletivas.Trata-se de um exerc\u00edcio de protagonismo, um esfor\u00e7o de co-gest\u00e3o na dire\u00e7\u00e3o de mudan\u00e7as desejadas\u201d, finaliza J\u00fanio.<\/p>\n<p><em>Fonte: Assessoria\u00a0 Santa Casa de Montes Claros\u00a0<\/em><\/p>\n","protected":false},"excerpt":{"rendered":"<p>Neste m\u00eas de agosto a Santa Casa de Montes Claros retomou importantes a\u00e7\u00f5es que buscam melhorar a assist\u00eancia prestada dentro do hospital, com a realiza\u00e7\u00e3o de projetos de humaniza\u00e7\u00e3o que envolve a participa\u00e7\u00e3o volunt\u00e1ria dos colaboradores. O Grupo de Trabalho de Humaniza\u00e7\u00e3o (GTH) \u00e9 um espa\u00e7o coletivo organizado, participativo e democr\u00e1tico, destinado a empreender uma [&hellip;]<\/p>\n","protected":false},"author":1,"featured_media":13734,"comment_status":"open","ping_status":"open","sticky":false,"template":"","format":"standard","meta":{"footnotes":""},"categories":[140,139],"tags":[],"class_list":["post-13730","post","type-post","status-publish","format-standard","has-post-thumbnail","hentry","category-noticias","category-noticias-filiados"],"yoast_head":"<!-- This site is optimized with the Yoast SEO plugin v26.9 - https:\/\/yoast.com\/product\/yoast-seo-wordpress\/ -->\n<title>Grupo de trabalho humanizado da Santa Casa de Montes Claros promove a\u00e7\u00e3o de incentivo a gentileza dentro do hospital - Federassantas<\/title>\n<meta name=\"robots\" content=\"index, follow, max-snippet:-1, max-image-preview:large, max-video-preview:-1\" \/>\n<link rel=\"canonical\" href=\"https:\/\/www.federassantas.org.br\/novosite\/grupo-de-trabalho-humanizado-da-santa-casa-de-montes-claros-promove-acao-de-incentivo-a-gentileza-dentro-do-hospital\/\" \/>\n<meta property=\"og:locale\" content=\"pt_BR\" \/>\n<meta property=\"og:type\" content=\"article\" \/>\n<meta property=\"og:title\" content=\"Grupo de trabalho humanizado da Santa Casa de Montes Claros promove a\u00e7\u00e3o de incentivo a gentileza dentro do hospital - Federassantas\" \/>\n<meta property=\"og:description\" content=\"Neste m\u00eas de agosto a Santa Casa de Montes Claros retomou importantes a\u00e7\u00f5es que buscam melhorar a assist\u00eancia prestada dentro do hospital, com a realiza\u00e7\u00e3o de projetos de humaniza\u00e7\u00e3o que envolve a participa\u00e7\u00e3o volunt\u00e1ria dos colaboradores. O Grupo de Trabalho de Humaniza\u00e7\u00e3o (GTH) \u00e9 um espa\u00e7o coletivo organizado, participativo e democr\u00e1tico, destinado a empreender uma [&hellip;]\" \/>\n<meta property=\"og:url\" content=\"https:\/\/www.federassantas.org.br\/novosite\/grupo-de-trabalho-humanizado-da-santa-casa-de-montes-claros-promove-acao-de-incentivo-a-gentileza-dentro-do-hospital\/\" \/>\n<meta property=\"og:site_name\" content=\"Federassantas\" \/>\n<meta property=\"article:published_time\" content=\"2018-08-22T17:33:05+00:00\" \/>\n<meta property=\"og:image\" content=\"https:\/\/www.federassantas.org.br\/novosite\/wp-content\/uploads\/2018\/08\/Capturar.png\" \/>\n\t<meta property=\"og:image:width\" content=\"469\" \/>\n\t<meta property=\"og:image:height\" content=\"299\" \/>\n\t<meta property=\"og:image:type\" content=\"image\/png\" \/>\n<meta name=\"author\" content=\"admin-federas\" \/>\n<meta name=\"twitter:card\" content=\"summary_large_image\" \/>\n<meta name=\"twitter:label1\" content=\"Escrito por\" \/>\n\t<meta name=\"twitter:data1\" content=\"admin-federas\" \/>\n\t<meta name=\"twitter:label2\" content=\"Est. tempo de leitura\" \/>\n\t<meta name=\"twitter:data2\" content=\"2 minutos\" \/>\n<script type=\"application\/ld+json\" class=\"yoast-schema-graph\">{\"@context\":\"https:\/\/schema.org\",\"@graph\":[{\"@type\":\"Article\",\"@id\":\"https:\/\/www.federassantas.org.br\/novosite\/grupo-de-trabalho-humanizado-da-santa-casa-de-montes-claros-promove-acao-de-incentivo-a-gentileza-dentro-do-hospital\/#article\",\"isPartOf\":{\"@id\":\"https:\/\/www.federassantas.org.br\/novosite\/grupo-de-trabalho-humanizado-da-santa-casa-de-montes-claros-promove-acao-de-incentivo-a-gentileza-dentro-do-hospital\/\"},\"author\":{\"name\":\"admin-federas\",\"@id\":\"https:\/\/www.federassantas.org.br\/novosite\/#\/schema\/person\/75fed98158349313fe56175f232f513c\"},\"headline\":\"Grupo de trabalho humanizado da Santa Casa de Montes Claros promove a\u00e7\u00e3o de incentivo a gentileza dentro do hospital\",\"datePublished\":\"2018-08-22T17:33:05+00:00\",\"mainEntityOfPage\":{\"@id\":\"https:\/\/www.federassantas.org.br\/novosite\/grupo-de-trabalho-humanizado-da-santa-casa-de-montes-claros-promove-acao-de-incentivo-a-gentileza-dentro-do-hospital\/\"},\"wordCount\":508,\"commentCount\":0,\"publisher\":{\"@id\":\"https:\/\/www.federassantas.org.br\/novosite\/#organization\"},\"image\":{\"@id\":\"https:\/\/www.federassantas.org.br\/novosite\/grupo-de-trabalho-humanizado-da-santa-casa-de-montes-claros-promove-acao-de-incentivo-a-gentileza-dentro-do-hospital\/#primaryimage\"},\"thumbnailUrl\":\"https:\/\/www.federassantas.org.br\/novosite\/wp-content\/uploads\/2018\/08\/Capturar.png\",\"articleSection\":[\"Not\u00edcias\",\"Not\u00edcias filiados\"],\"inLanguage\":\"pt-BR\",\"potentialAction\":[{\"@type\":\"CommentAction\",\"name\":\"Comment\",\"target\":[\"https:\/\/www.federassantas.org.br\/novosite\/grupo-de-trabalho-humanizado-da-santa-casa-de-montes-claros-promove-acao-de-incentivo-a-gentileza-dentro-do-hospital\/#respond\"]}]},{\"@type\":\"WebPage\",\"@id\":\"https:\/\/www.federassantas.org.br\/novosite\/grupo-de-trabalho-humanizado-da-santa-casa-de-montes-claros-promove-acao-de-incentivo-a-gentileza-dentro-do-hospital\/\",\"url\":\"https:\/\/www.federassantas.org.br\/novosite\/grupo-de-trabalho-humanizado-da-santa-casa-de-montes-claros-promove-acao-de-incentivo-a-gentileza-dentro-do-hospital\/\",\"name\":\"Grupo de trabalho humanizado da Santa Casa de Montes Claros promove a\u00e7\u00e3o de incentivo a gentileza dentro do hospital - Federassantas\",\"isPartOf\":{\"@id\":\"https:\/\/www.federassantas.org.br\/novosite\/#website\"},\"primaryImageOfPage\":{\"@id\":\"https:\/\/www.federassantas.org.br\/novosite\/grupo-de-trabalho-humanizado-da-santa-casa-de-montes-claros-promove-acao-de-incentivo-a-gentileza-dentro-do-hospital\/#primaryimage\"},\"image\":{\"@id\":\"https:\/\/www.federassantas.org.br\/novosite\/grupo-de-trabalho-humanizado-da-santa-casa-de-montes-claros-promove-acao-de-incentivo-a-gentileza-dentro-do-hospital\/#primaryimage\"},\"thumbnailUrl\":\"https:\/\/www.federassantas.org.br\/novosite\/wp-content\/uploads\/2018\/08\/Capturar.png\",\"datePublished\":\"2018-08-22T17:33:05+00:00\",\"breadcrumb\":{\"@id\":\"https:\/\/www.federassantas.org.br\/novosite\/grupo-de-trabalho-humanizado-da-santa-casa-de-montes-claros-promove-acao-de-incentivo-a-gentileza-dentro-do-hospital\/#breadcrumb\"},\"inLanguage\":\"pt-BR\",\"potentialAction\":[{\"@type\":\"ReadAction\",\"target\":[\"https:\/\/www.federassantas.org.br\/novosite\/grupo-de-trabalho-humanizado-da-santa-casa-de-montes-claros-promove-acao-de-incentivo-a-gentileza-dentro-do-hospital\/\"]}]},{\"@type\":\"ImageObject\",\"inLanguage\":\"pt-BR\",\"@id\":\"https:\/\/www.federassantas.org.br\/novosite\/grupo-de-trabalho-humanizado-da-santa-casa-de-montes-claros-promove-acao-de-incentivo-a-gentileza-dentro-do-hospital\/#primaryimage\",\"url\":\"https:\/\/www.federassantas.org.br\/novosite\/wp-content\/uploads\/2018\/08\/Capturar.png\",\"contentUrl\":\"https:\/\/www.federassantas.org.br\/novosite\/wp-content\/uploads\/2018\/08\/Capturar.png\",\"width\":469,\"height\":299},{\"@type\":\"BreadcrumbList\",\"@id\":\"https:\/\/www.federassantas.org.br\/novosite\/grupo-de-trabalho-humanizado-da-santa-casa-de-montes-claros-promove-acao-de-incentivo-a-gentileza-dentro-do-hospital\/#breadcrumb\",\"itemListElement\":[{\"@type\":\"ListItem\",\"position\":1,\"name\":\"In\u00edcio\",\"item\":\"https:\/\/www.federassantas.org.br\/novosite\/\"},{\"@type\":\"ListItem\",\"position\":2,\"name\":\"Grupo de trabalho humanizado da Santa Casa de Montes Claros promove a\u00e7\u00e3o de incentivo a gentileza dentro do hospital\"}]},{\"@type\":\"WebSite\",\"@id\":\"https:\/\/www.federassantas.org.br\/novosite\/#website\",\"url\":\"https:\/\/www.federassantas.org.br\/novosite\/\",\"name\":\"Federassantas\",\"description\":\"Entidade de representa\u00e7\u00e3o e fortalecimento das Santas Casas, hospitais filantr\u00f3picos e entidades beneficentes de sa\u00fade de Minas Gerais, atuando na defesa institucional, qualifica\u00e7\u00e3o da gest\u00e3o e sustentabilidade do setor.\",\"publisher\":{\"@id\":\"https:\/\/www.federassantas.org.br\/novosite\/#organization\"},\"potentialAction\":[{\"@type\":\"SearchAction\",\"target\":{\"@type\":\"EntryPoint\",\"urlTemplate\":\"https:\/\/www.federassantas.org.br\/novosite\/?s={search_term_string}\"},\"query-input\":{\"@type\":\"PropertyValueSpecification\",\"valueRequired\":true,\"valueName\":\"search_term_string\"}}],\"inLanguage\":\"pt-BR\"},{\"@type\":\"Organization\",\"@id\":\"https:\/\/www.federassantas.org.br\/novosite\/#organization\",\"name\":\"Federassantas\",\"url\":\"https:\/\/www.federassantas.org.br\/novosite\/\",\"logo\":{\"@type\":\"ImageObject\",\"inLanguage\":\"pt-BR\",\"@id\":\"https:\/\/www.federassantas.org.br\/novosite\/#\/schema\/logo\/image\/\",\"url\":\"https:\/\/www.federassantas.org.br\/novosite\/wp-content\/uploads\/2021\/12\/logo.png\",\"contentUrl\":\"https:\/\/www.federassantas.org.br\/novosite\/wp-content\/uploads\/2021\/12\/logo.png\",\"width\":243,\"height\":59,\"caption\":\"Federassantas\"},\"image\":{\"@id\":\"https:\/\/www.federassantas.org.br\/novosite\/#\/schema\/logo\/image\/\"}},{\"@type\":\"Person\",\"@id\":\"https:\/\/www.federassantas.org.br\/novosite\/#\/schema\/person\/75fed98158349313fe56175f232f513c\",\"name\":\"admin-federas\",\"image\":{\"@type\":\"ImageObject\",\"inLanguage\":\"pt-BR\",\"@id\":\"https:\/\/www.federassantas.org.br\/novosite\/#\/schema\/person\/image\/\",\"url\":\"https:\/\/secure.gravatar.com\/avatar\/2a02d7dda59fe8dc6b7ffd3f652e2efede5ccf0dd89dfdc8137c5517f3de8407?s=96&d=mm&r=g\",\"contentUrl\":\"https:\/\/secure.gravatar.com\/avatar\/2a02d7dda59fe8dc6b7ffd3f652e2efede5ccf0dd89dfdc8137c5517f3de8407?s=96&d=mm&r=g\",\"caption\":\"admin-federas\"},\"sameAs\":[\"https:\/\/www.federassantas.org.br\/novosite\/\"],\"url\":\"https:\/\/www.federassantas.org.br\/novosite\/author\/admin-federas\/\"}]}<\/script>\n<!-- \/ Yoast SEO plugin. -->","yoast_head_json":{"title":"Grupo de trabalho humanizado da Santa Casa de Montes Claros promove a\u00e7\u00e3o de incentivo a gentileza dentro do hospital - Federassantas","robots":{"index":"index","follow":"follow","max-snippet":"max-snippet:-1","max-image-preview":"max-image-preview:large","max-video-preview":"max-video-preview:-1"},"canonical":"https:\/\/www.federassantas.org.br\/novosite\/grupo-de-trabalho-humanizado-da-santa-casa-de-montes-claros-promove-acao-de-incentivo-a-gentileza-dentro-do-hospital\/","og_locale":"pt_BR","og_type":"article","og_title":"Grupo de trabalho humanizado da Santa Casa de Montes Claros promove a\u00e7\u00e3o de incentivo a gentileza dentro do hospital - Federassantas","og_description":"Neste m\u00eas de agosto a Santa Casa de Montes Claros retomou importantes a\u00e7\u00f5es que buscam melhorar a assist\u00eancia prestada dentro do hospital, com a realiza\u00e7\u00e3o de projetos de humaniza\u00e7\u00e3o que envolve a participa\u00e7\u00e3o volunt\u00e1ria dos colaboradores. O Grupo de Trabalho de Humaniza\u00e7\u00e3o (GTH) \u00e9 um espa\u00e7o coletivo organizado, participativo e democr\u00e1tico, destinado a empreender uma [&hellip;]","og_url":"https:\/\/www.federassantas.org.br\/novosite\/grupo-de-trabalho-humanizado-da-santa-casa-de-montes-claros-promove-acao-de-incentivo-a-gentileza-dentro-do-hospital\/","og_site_name":"Federassantas","article_published_time":"2018-08-22T17:33:05+00:00","og_image":[{"width":469,"height":299,"url":"https:\/\/www.federassantas.org.br\/novosite\/wp-content\/uploads\/2018\/08\/Capturar.png","type":"image\/png"}],"author":"admin-federas","twitter_card":"summary_large_image","twitter_misc":{"Escrito por":"admin-federas","Est. tempo de leitura":"2 minutos"},"schema":{"@context":"https:\/\/schema.org","@graph":[{"@type":"Article","@id":"https:\/\/www.federassantas.org.br\/novosite\/grupo-de-trabalho-humanizado-da-santa-casa-de-montes-claros-promove-acao-de-incentivo-a-gentileza-dentro-do-hospital\/#article","isPartOf":{"@id":"https:\/\/www.federassantas.org.br\/novosite\/grupo-de-trabalho-humanizado-da-santa-casa-de-montes-claros-promove-acao-de-incentivo-a-gentileza-dentro-do-hospital\/"},"author":{"name":"admin-federas","@id":"https:\/\/www.federassantas.org.br\/novosite\/#\/schema\/person\/75fed98158349313fe56175f232f513c"},"headline":"Grupo de trabalho humanizado da Santa Casa de Montes Claros promove a\u00e7\u00e3o de incentivo a gentileza dentro do hospital","datePublished":"2018-08-22T17:33:05+00:00","mainEntityOfPage":{"@id":"https:\/\/www.federassantas.org.br\/novosite\/grupo-de-trabalho-humanizado-da-santa-casa-de-montes-claros-promove-acao-de-incentivo-a-gentileza-dentro-do-hospital\/"},"wordCount":508,"commentCount":0,"publisher":{"@id":"https:\/\/www.federassantas.org.br\/novosite\/#organization"},"image":{"@id":"https:\/\/www.federassantas.org.br\/novosite\/grupo-de-trabalho-humanizado-da-santa-casa-de-montes-claros-promove-acao-de-incentivo-a-gentileza-dentro-do-hospital\/#primaryimage"},"thumbnailUrl":"https:\/\/www.federassantas.org.br\/novosite\/wp-content\/uploads\/2018\/08\/Capturar.png","articleSection":["Not\u00edcias","Not\u00edcias filiados"],"inLanguage":"pt-BR","potentialAction":[{"@type":"CommentAction","name":"Comment","target":["https:\/\/www.federassantas.org.br\/novosite\/grupo-de-trabalho-humanizado-da-santa-casa-de-montes-claros-promove-acao-de-incentivo-a-gentileza-dentro-do-hospital\/#respond"]}]},{"@type":"WebPage","@id":"https:\/\/www.federassantas.org.br\/novosite\/grupo-de-trabalho-humanizado-da-santa-casa-de-montes-claros-promove-acao-de-incentivo-a-gentileza-dentro-do-hospital\/","url":"https:\/\/www.federassantas.org.br\/novosite\/grupo-de-trabalho-humanizado-da-santa-casa-de-montes-claros-promove-acao-de-incentivo-a-gentileza-dentro-do-hospital\/","name":"Grupo de trabalho humanizado da Santa Casa de Montes Claros promove a\u00e7\u00e3o de incentivo a gentileza dentro do hospital - Federassantas","isPartOf":{"@id":"https:\/\/www.federassantas.org.br\/novosite\/#website"},"primaryImageOfPage":{"@id":"https:\/\/www.federassantas.org.br\/novosite\/grupo-de-trabalho-humanizado-da-santa-casa-de-montes-claros-promove-acao-de-incentivo-a-gentileza-dentro-do-hospital\/#primaryimage"},"image":{"@id":"https:\/\/www.federassantas.org.br\/novosite\/grupo-de-trabalho-humanizado-da-santa-casa-de-montes-claros-promove-acao-de-incentivo-a-gentileza-dentro-do-hospital\/#primaryimage"},"thumbnailUrl":"https:\/\/www.federassantas.org.br\/novosite\/wp-content\/uploads\/2018\/08\/Capturar.png","datePublished":"2018-08-22T17:33:05+00:00","breadcrumb":{"@id":"https:\/\/www.federassantas.org.br\/novosite\/grupo-de-trabalho-humanizado-da-santa-casa-de-montes-claros-promove-acao-de-incentivo-a-gentileza-dentro-do-hospital\/#breadcrumb"},"inLanguage":"pt-BR","potentialAction":[{"@type":"ReadAction","target":["https:\/\/www.federassantas.org.br\/novosite\/grupo-de-trabalho-humanizado-da-santa-casa-de-montes-claros-promove-acao-de-incentivo-a-gentileza-dentro-do-hospital\/"]}]},{"@type":"ImageObject","inLanguage":"pt-BR","@id":"https:\/\/www.federassantas.org.br\/novosite\/grupo-de-trabalho-humanizado-da-santa-casa-de-montes-claros-promove-acao-de-incentivo-a-gentileza-dentro-do-hospital\/#primaryimage","url":"https:\/\/www.federassantas.org.br\/novosite\/wp-content\/uploads\/2018\/08\/Capturar.png","contentUrl":"https:\/\/www.federassantas.org.br\/novosite\/wp-content\/uploads\/2018\/08\/Capturar.png","width":469,"height":299},{"@type":"BreadcrumbList","@id":"https:\/\/www.federassantas.org.br\/novosite\/grupo-de-trabalho-humanizado-da-santa-casa-de-montes-claros-promove-acao-de-incentivo-a-gentileza-dentro-do-hospital\/#breadcrumb","itemListElement":[{"@type":"ListItem","position":1,"name":"In\u00edcio","item":"https:\/\/www.federassantas.org.br\/novosite\/"},{"@type":"ListItem","position":2,"name":"Grupo de trabalho humanizado da Santa Casa de Montes Claros promove a\u00e7\u00e3o de incentivo a gentileza dentro do hospital"}]},{"@type":"WebSite","@id":"https:\/\/www.federassantas.org.br\/novosite\/#website","url":"https:\/\/www.federassantas.org.br\/novosite\/","name":"Federassantas","description":"Entidade de representa\u00e7\u00e3o e fortalecimento das Santas Casas, hospitais filantr\u00f3picos e entidades beneficentes de sa\u00fade de Minas Gerais, atuando na defesa institucional, qualifica\u00e7\u00e3o da gest\u00e3o e sustentabilidade do setor.","publisher":{"@id":"https:\/\/www.federassantas.org.br\/novosite\/#organization"},"potentialAction":[{"@type":"SearchAction","target":{"@type":"EntryPoint","urlTemplate":"https:\/\/www.federassantas.org.br\/novosite\/?s={search_term_string}"},"query-input":{"@type":"PropertyValueSpecification","valueRequired":true,"valueName":"search_term_string"}}],"inLanguage":"pt-BR"},{"@type":"Organization","@id":"https:\/\/www.federassantas.org.br\/novosite\/#organization","name":"Federassantas","url":"https:\/\/www.federassantas.org.br\/novosite\/","logo":{"@type":"ImageObject","inLanguage":"pt-BR","@id":"https:\/\/www.federassantas.org.br\/novosite\/#\/schema\/logo\/image\/","url":"https:\/\/www.federassantas.org.br\/novosite\/wp-content\/uploads\/2021\/12\/logo.png","contentUrl":"https:\/\/www.federassantas.org.br\/novosite\/wp-content\/uploads\/2021\/12\/logo.png","width":243,"height":59,"caption":"Federassantas"},"image":{"@id":"https:\/\/www.federassantas.org.br\/novosite\/#\/schema\/logo\/image\/"}},{"@type":"Person","@id":"https:\/\/www.federassantas.org.br\/novosite\/#\/schema\/person\/75fed98158349313fe56175f232f513c","name":"admin-federas","image":{"@type":"ImageObject","inLanguage":"pt-BR","@id":"https:\/\/www.federassantas.org.br\/novosite\/#\/schema\/person\/image\/","url":"https:\/\/secure.gravatar.com\/avatar\/2a02d7dda59fe8dc6b7ffd3f652e2efede5ccf0dd89dfdc8137c5517f3de8407?s=96&d=mm&r=g","contentUrl":"https:\/\/secure.gravatar.com\/avatar\/2a02d7dda59fe8dc6b7ffd3f652e2efede5ccf0dd89dfdc8137c5517f3de8407?s=96&d=mm&r=g","caption":"admin-federas"},"sameAs":["https:\/\/www.federassantas.org.br\/novosite\/"],"url":"https:\/\/www.federassantas.org.br\/novosite\/author\/admin-federas\/"}]}},"_links":{"self":[{"href":"https:\/\/www.federassantas.org.br\/novosite\/wp-json\/wp\/v2\/posts\/13730","targetHints":{"allow":["GET"]}}],"collection":[{"href":"https:\/\/www.federassantas.org.br\/novosite\/wp-json\/wp\/v2\/posts"}],"about":[{"href":"https:\/\/www.federassantas.org.br\/novosite\/wp-json\/wp\/v2\/types\/post"}],"author":[{"embeddable":true,"href":"https:\/\/www.federassantas.org.br\/novosite\/wp-json\/wp\/v2\/users\/1"}],"replies":[{"embeddable":true,"href":"https:\/\/www.federassantas.org.br\/novosite\/wp-json\/wp\/v2\/comments?post=13730"}],"version-history":[{"count":0,"href":"https:\/\/www.federassantas.org.br\/novosite\/wp-json\/wp\/v2\/posts\/13730\/revisions"}],"wp:featuredmedia":[{"embeddable":true,"href":"https:\/\/www.federassantas.org.br\/novosite\/wp-json\/wp\/v2\/media\/13734"}],"wp:attachment":[{"href":"https:\/\/www.federassantas.org.br\/novosite\/wp-json\/wp\/v2\/media?parent=13730"}],"wp:term":[{"taxonomy":"category","embeddable":true,"href":"https:\/\/www.federassantas.org.br\/novosite\/wp-json\/wp\/v2\/categories?post=13730"},{"taxonomy":"post_tag","embeddable":true,"href":"https:\/\/www.federassantas.org.br\/novosite\/wp-json\/wp\/v2\/tags?post=13730"}],"curies":[{"name":"wp","href":"https:\/\/api.w.org\/{rel}","templated":true}]}}