{"id":13744,"date":"2018-08-22T16:38:28","date_gmt":"2018-08-22T19:38:28","guid":{"rendered":"https:\/\/federasbackup.meltcomunicacao.com.br\/?p=13744"},"modified":"2018-08-22T16:38:28","modified_gmt":"2018-08-22T19:38:28","slug":"federassantas-participa-de-mobilizacao-da-associacao-mineira-de-municipios","status":"publish","type":"post","link":"https:\/\/www.federassantas.org.br\/novosite\/federassantas-participa-de-mobilizacao-da-associacao-mineira-de-municipios\/","title":{"rendered":"Federassantas participa de mobiliza\u00e7\u00e3o da Associa\u00e7\u00e3o Mineira de Munic\u00edpios"},"content":{"rendered":"<p style=\"text-align: justify;\"><em>Em reuni\u00e3o com prefeitos e entidade, Governador prometeu repasse de R$ 1,4 bi aos munic\u00edpios<\/em><\/p>\n<p style=\"text-align: justify;\">Representantes da Federassantas participaram ontem (21\/08) de um movimento da Associa\u00e7\u00e3o Mineira de Munic\u00edpios (AMM), que teve como objetivo alertar a popula\u00e7\u00e3o e cobrar do Governo Estadual o atraso dos repasses aos munic\u00edpios. De acordo com a Associa\u00e7\u00e3o, o valor da d\u00edvida j\u00e1 alcan\u00e7a a cifra de R$ 8,1 bilh\u00f5es e as prefeituras est\u00e3o com dificuldade de arcar com recursos pr\u00f3prios, despesas como sa\u00fade, educa\u00e7\u00e3o e assist\u00eancia social.<\/p>\n<p style=\"text-align: justify;\">Pela manh\u00e3, uma comiss\u00e3o de prefeitos diretores e o presidente da AMM, Julvan Lacerda, participaram de uma reuni\u00e3o com secret\u00e1rios e o governador Fernando Pimentel. De acordo com a entidade, durante a reuni\u00e3o, Pimentel afirmou que repassar\u00e1 aos munic\u00edpios o montante de R$ 1,4 bi, oriundos dos recursos da lei da securitiza\u00e7\u00e3o, mas ainda sem data prevista. O governador prometeu ainda manter os repasses semanais em dia. Mesmo ap\u00f3s a reuni\u00e3o, os prefeitos declararam insatisfa\u00e7\u00e3o e pouca esperan\u00e7a no discurso do governador e optaram por manter a manifesta\u00e7\u00e3o.<\/p>\n<p style=\"text-align: justify;\">Para a presidente da Federassantas, K\u00e1tia Rocha, a expectativa \u00e9 que o movimento sensibilize o governo e a sociedade. \u201cN\u00e3o podemos deixar concretizar a desconstru\u00e7\u00e3o que estamos assistindo do nosso SUS\u201d, afirmou. De acordo com a presidente, somente com a participa\u00e7\u00e3o do cidad\u00e3o \u00e9 que poderemos construir e efetivar um SUS forte e que realmente atenda os usu\u00e1rios.<\/p>\n<p style=\"text-align: justify;\">Segundo o presidente da AMM, Julvan Lacerda, a sa\u00fade \u00e9 o setor mais prejudicado tamb\u00e9m nos munic\u00edpios. \u201cAl\u00e9m da d\u00edvida que o governo do estado tem com as santas casas e os hospitais filantr\u00f3picos, ele tem com a gente tamb\u00e9m, com as prefeituras, que j\u00e1 passa de R$ 4 bilh\u00f5es\u201d. De acordo com ele a falta de repasses para pagar os servi\u00e7os p\u00fablicos acarretar\u00e1, como consequ\u00eancia, em paralisa\u00e7\u00e3o. Ele afirma que alguns munic\u00edpios j\u00e1 fecharam farm\u00e1cias b\u00e1sicas, por exemplo. Julvan completou tamb\u00e9m que o apoio da Federassantas ao movimento \u00e9 fundamental para conquistarmos o mesmo objetivo, de garantir assist\u00eancia \u00e0 sa\u00fade ao cidad\u00e3o.<\/p>\n<p><strong>\u00a0Mobiliza\u00e7\u00e3o em n\u00fameros<\/strong><\/p>\n<ul>\n<li style=\"text-align: left;\">527 prefeitos<\/li>\n<li style=\"text-align: left;\">892 carros<\/li>\n<li style=\"text-align: left;\">293 pessoas<\/li>\n<\/ul>\n<p style=\"text-align: justify;\">O movimento foi realizado tamb\u00e9m nos munic\u00edpios pelo interior de Minas Gerais. Prefeituras e servidores municipais organizaram caminhadas, carreatas, paralisa\u00e7\u00e3o de servi\u00e7os e colocaram faixas de protestos em pr\u00e9dios p\u00fablicos. Alguns hospitais filantr\u00f3picos filiados a Federassantas tamb\u00e9m apoiaram o movimento, como por exemplo o Hospital S\u00e3o Paulo, em Muria\u00e9.<\/p>\n<figure id=\"attachment_13748\" aria-describedby=\"caption-attachment-13748\" style=\"width: 474px\" class=\"wp-caption alignnone\"><img fetchpriority=\"high\" decoding=\"async\" class=\"wp-image-13748\" src=\"http:\/\/federasbackup.meltcomunicacao.com.br\/wp-content\/uploads\/2018\/08\/WhatsApp-Image-2018-08-21-at-17.23.21-300x225.jpeg\" alt=\"\" width=\"474\" height=\"355\" \/><figcaption id=\"caption-attachment-13748\" class=\"wp-caption-text\">Hospital S\u00e3o Paulo tamb\u00e9m apoio o movimento<\/figcaption><\/figure>\n<figure id=\"attachment_13746\" aria-describedby=\"caption-attachment-13746\" style=\"width: 730px\" class=\"wp-caption alignnone\"><img decoding=\"async\" class=\"wp-image-13746\" src=\"http:\/\/federasbackup.meltcomunicacao.com.br\/wp-content\/uploads\/2018\/08\/20180821_133416-300x88.jpg\" alt=\"\" width=\"730\" height=\"214\" \/><figcaption id=\"caption-attachment-13746\" class=\"wp-caption-text\">Prefeitos se concentraram na Cidade Administrativa<\/figcaption><\/figure>\n<figure id=\"attachment_13747\" aria-describedby=\"caption-attachment-13747\" style=\"width: 472px\" class=\"wp-caption alignnone\"><img decoding=\"async\" class=\"wp-image-13747\" src=\"http:\/\/federasbackup.meltcomunicacao.com.br\/wp-content\/uploads\/2018\/08\/20180821_161710-300x225.jpg\" alt=\"\" width=\"472\" height=\"354\" \/><figcaption id=\"caption-attachment-13747\" class=\"wp-caption-text\">Mobiliza\u00e7\u00e3o seguiu para o Pal\u00e1cio da Liberdade<\/figcaption><\/figure>\n<p>&nbsp;<\/p>\n<p>Por: Raquel Gontijo &#8211; Assessoria de Comunica\u00e7\u00e3o Federassantas<\/p>\n","protected":false},"excerpt":{"rendered":"<p>Em reuni\u00e3o com prefeitos e entidade, Governador prometeu repasse de R$ 1,4 bi aos munic\u00edpios Representantes da Federassantas participaram ontem (21\/08) de um movimento da Associa\u00e7\u00e3o Mineira de Munic\u00edpios (AMM), que teve como objetivo alertar a popula\u00e7\u00e3o e cobrar do Governo Estadual o atraso dos repasses aos munic\u00edpios. De acordo com a Associa\u00e7\u00e3o, o valor [&hellip;]<\/p>\n","protected":false},"author":1,"featured_media":13745,"comment_status":"open","ping_status":"open","sticky":false,"template":"","format":"standard","meta":{"footnotes":""},"categories":[140,141],"tags":[],"class_list":["post-13744","post","type-post","status-publish","format-standard","has-post-thumbnail","hentry","category-noticias","category-noticias-federassantas"],"yoast_head":"<!-- This site is optimized with the Yoast SEO plugin v26.9 - https:\/\/yoast.com\/product\/yoast-seo-wordpress\/ -->\n<title>Federassantas participa de mobiliza\u00e7\u00e3o da Associa\u00e7\u00e3o Mineira de Munic\u00edpios - Federassantas<\/title>\n<meta name=\"robots\" content=\"index, follow, max-snippet:-1, max-image-preview:large, max-video-preview:-1\" \/>\n<link rel=\"canonical\" href=\"https:\/\/www.federassantas.org.br\/novosite\/federassantas-participa-de-mobilizacao-da-associacao-mineira-de-municipios\/\" \/>\n<meta property=\"og:locale\" content=\"pt_BR\" \/>\n<meta property=\"og:type\" content=\"article\" \/>\n<meta property=\"og:title\" content=\"Federassantas participa de mobiliza\u00e7\u00e3o da Associa\u00e7\u00e3o Mineira de Munic\u00edpios - Federassantas\" \/>\n<meta property=\"og:description\" content=\"Em reuni\u00e3o com prefeitos e entidade, Governador prometeu repasse de R$ 1,4 bi aos munic\u00edpios Representantes da Federassantas participaram ontem (21\/08) de um movimento da Associa\u00e7\u00e3o Mineira de Munic\u00edpios (AMM), que teve como objetivo alertar a popula\u00e7\u00e3o e cobrar do Governo Estadual o atraso dos repasses aos munic\u00edpios. De acordo com a Associa\u00e7\u00e3o, o valor [&hellip;]\" \/>\n<meta property=\"og:url\" content=\"https:\/\/www.federassantas.org.br\/novosite\/federassantas-participa-de-mobilizacao-da-associacao-mineira-de-municipios\/\" \/>\n<meta property=\"og:site_name\" content=\"Federassantas\" \/>\n<meta property=\"article:published_time\" content=\"2018-08-22T19:38:28+00:00\" \/>\n<meta name=\"author\" content=\"admin-federas\" \/>\n<meta name=\"twitter:card\" content=\"summary_large_image\" \/>\n<meta name=\"twitter:label1\" content=\"Escrito por\" \/>\n\t<meta name=\"twitter:data1\" content=\"admin-federas\" \/>\n\t<meta name=\"twitter:label2\" content=\"Est. tempo de leitura\" \/>\n\t<meta name=\"twitter:data2\" content=\"2 minutos\" \/>\n<script type=\"application\/ld+json\" class=\"yoast-schema-graph\">{\"@context\":\"https:\/\/schema.org\",\"@graph\":[{\"@type\":\"Article\",\"@id\":\"https:\/\/www.federassantas.org.br\/novosite\/federassantas-participa-de-mobilizacao-da-associacao-mineira-de-municipios\/#article\",\"isPartOf\":{\"@id\":\"https:\/\/www.federassantas.org.br\/novosite\/federassantas-participa-de-mobilizacao-da-associacao-mineira-de-municipios\/\"},\"author\":{\"name\":\"admin-federas\",\"@id\":\"https:\/\/www.federassantas.org.br\/novosite\/#\/schema\/person\/75fed98158349313fe56175f232f513c\"},\"headline\":\"Federassantas participa de mobiliza\u00e7\u00e3o da Associa\u00e7\u00e3o Mineira de Munic\u00edpios\",\"datePublished\":\"2018-08-22T19:38:28+00:00\",\"mainEntityOfPage\":{\"@id\":\"https:\/\/www.federassantas.org.br\/novosite\/federassantas-participa-de-mobilizacao-da-associacao-mineira-de-municipios\/\"},\"wordCount\":506,\"commentCount\":0,\"publisher\":{\"@id\":\"https:\/\/www.federassantas.org.br\/novosite\/#organization\"},\"image\":{\"@id\":\"https:\/\/www.federassantas.org.br\/novosite\/federassantas-participa-de-mobilizacao-da-associacao-mineira-de-municipios\/#primaryimage\"},\"thumbnailUrl\":\"\",\"articleSection\":[\"Not\u00edcias\",\"Not\u00edcias Federassantas\"],\"inLanguage\":\"pt-BR\",\"potentialAction\":[{\"@type\":\"CommentAction\",\"name\":\"Comment\",\"target\":[\"https:\/\/www.federassantas.org.br\/novosite\/federassantas-participa-de-mobilizacao-da-associacao-mineira-de-municipios\/#respond\"]}]},{\"@type\":\"WebPage\",\"@id\":\"https:\/\/www.federassantas.org.br\/novosite\/federassantas-participa-de-mobilizacao-da-associacao-mineira-de-municipios\/\",\"url\":\"https:\/\/www.federassantas.org.br\/novosite\/federassantas-participa-de-mobilizacao-da-associacao-mineira-de-municipios\/\",\"name\":\"Federassantas participa de mobiliza\u00e7\u00e3o da Associa\u00e7\u00e3o Mineira de Munic\u00edpios - Federassantas\",\"isPartOf\":{\"@id\":\"https:\/\/www.federassantas.org.br\/novosite\/#website\"},\"primaryImageOfPage\":{\"@id\":\"https:\/\/www.federassantas.org.br\/novosite\/federassantas-participa-de-mobilizacao-da-associacao-mineira-de-municipios\/#primaryimage\"},\"image\":{\"@id\":\"https:\/\/www.federassantas.org.br\/novosite\/federassantas-participa-de-mobilizacao-da-associacao-mineira-de-municipios\/#primaryimage\"},\"thumbnailUrl\":\"\",\"datePublished\":\"2018-08-22T19:38:28+00:00\",\"breadcrumb\":{\"@id\":\"https:\/\/www.federassantas.org.br\/novosite\/federassantas-participa-de-mobilizacao-da-associacao-mineira-de-municipios\/#breadcrumb\"},\"inLanguage\":\"pt-BR\",\"potentialAction\":[{\"@type\":\"ReadAction\",\"target\":[\"https:\/\/www.federassantas.org.br\/novosite\/federassantas-participa-de-mobilizacao-da-associacao-mineira-de-municipios\/\"]}]},{\"@type\":\"ImageObject\",\"inLanguage\":\"pt-BR\",\"@id\":\"https:\/\/www.federassantas.org.br\/novosite\/federassantas-participa-de-mobilizacao-da-associacao-mineira-de-municipios\/#primaryimage\",\"url\":\"\",\"contentUrl\":\"\"},{\"@type\":\"BreadcrumbList\",\"@id\":\"https:\/\/www.federassantas.org.br\/novosite\/federassantas-participa-de-mobilizacao-da-associacao-mineira-de-municipios\/#breadcrumb\",\"itemListElement\":[{\"@type\":\"ListItem\",\"position\":1,\"name\":\"In\u00edcio\",\"item\":\"https:\/\/www.federassantas.org.br\/novosite\/\"},{\"@type\":\"ListItem\",\"position\":2,\"name\":\"Federassantas participa de mobiliza\u00e7\u00e3o da Associa\u00e7\u00e3o Mineira de Munic\u00edpios\"}]},{\"@type\":\"WebSite\",\"@id\":\"https:\/\/www.federassantas.org.br\/novosite\/#website\",\"url\":\"https:\/\/www.federassantas.org.br\/novosite\/\",\"name\":\"Federassantas\",\"description\":\"Entidade de representa\u00e7\u00e3o e fortalecimento das Santas Casas, hospitais filantr\u00f3picos e entidades beneficentes de sa\u00fade de Minas Gerais, atuando na defesa institucional, qualifica\u00e7\u00e3o da gest\u00e3o e sustentabilidade do setor.\",\"publisher\":{\"@id\":\"https:\/\/www.federassantas.org.br\/novosite\/#organization\"},\"potentialAction\":[{\"@type\":\"SearchAction\",\"target\":{\"@type\":\"EntryPoint\",\"urlTemplate\":\"https:\/\/www.federassantas.org.br\/novosite\/?s={search_term_string}\"},\"query-input\":{\"@type\":\"PropertyValueSpecification\",\"valueRequired\":true,\"valueName\":\"search_term_string\"}}],\"inLanguage\":\"pt-BR\"},{\"@type\":\"Organization\",\"@id\":\"https:\/\/www.federassantas.org.br\/novosite\/#organization\",\"name\":\"Federassantas\",\"url\":\"https:\/\/www.federassantas.org.br\/novosite\/\",\"logo\":{\"@type\":\"ImageObject\",\"inLanguage\":\"pt-BR\",\"@id\":\"https:\/\/www.federassantas.org.br\/novosite\/#\/schema\/logo\/image\/\",\"url\":\"https:\/\/www.federassantas.org.br\/novosite\/wp-content\/uploads\/2021\/12\/logo.png\",\"contentUrl\":\"https:\/\/www.federassantas.org.br\/novosite\/wp-content\/uploads\/2021\/12\/logo.png\",\"width\":243,\"height\":59,\"caption\":\"Federassantas\"},\"image\":{\"@id\":\"https:\/\/www.federassantas.org.br\/novosite\/#\/schema\/logo\/image\/\"}},{\"@type\":\"Person\",\"@id\":\"https:\/\/www.federassantas.org.br\/novosite\/#\/schema\/person\/75fed98158349313fe56175f232f513c\",\"name\":\"admin-federas\",\"image\":{\"@type\":\"ImageObject\",\"inLanguage\":\"pt-BR\",\"@id\":\"https:\/\/www.federassantas.org.br\/novosite\/#\/schema\/person\/image\/\",\"url\":\"https:\/\/secure.gravatar.com\/avatar\/2a02d7dda59fe8dc6b7ffd3f652e2efede5ccf0dd89dfdc8137c5517f3de8407?s=96&d=mm&r=g\",\"contentUrl\":\"https:\/\/secure.gravatar.com\/avatar\/2a02d7dda59fe8dc6b7ffd3f652e2efede5ccf0dd89dfdc8137c5517f3de8407?s=96&d=mm&r=g\",\"caption\":\"admin-federas\"},\"sameAs\":[\"https:\/\/www.federassantas.org.br\/novosite\/\"],\"url\":\"https:\/\/www.federassantas.org.br\/novosite\/author\/admin-federas\/\"}]}<\/script>\n<!-- \/ Yoast SEO plugin. -->","yoast_head_json":{"title":"Federassantas participa de mobiliza\u00e7\u00e3o da Associa\u00e7\u00e3o Mineira de Munic\u00edpios - Federassantas","robots":{"index":"index","follow":"follow","max-snippet":"max-snippet:-1","max-image-preview":"max-image-preview:large","max-video-preview":"max-video-preview:-1"},"canonical":"https:\/\/www.federassantas.org.br\/novosite\/federassantas-participa-de-mobilizacao-da-associacao-mineira-de-municipios\/","og_locale":"pt_BR","og_type":"article","og_title":"Federassantas participa de mobiliza\u00e7\u00e3o da Associa\u00e7\u00e3o Mineira de Munic\u00edpios - Federassantas","og_description":"Em reuni\u00e3o com prefeitos e entidade, Governador prometeu repasse de R$ 1,4 bi aos munic\u00edpios Representantes da Federassantas participaram ontem (21\/08) de um movimento da Associa\u00e7\u00e3o Mineira de Munic\u00edpios (AMM), que teve como objetivo alertar a popula\u00e7\u00e3o e cobrar do Governo Estadual o atraso dos repasses aos munic\u00edpios. De acordo com a Associa\u00e7\u00e3o, o valor [&hellip;]","og_url":"https:\/\/www.federassantas.org.br\/novosite\/federassantas-participa-de-mobilizacao-da-associacao-mineira-de-municipios\/","og_site_name":"Federassantas","article_published_time":"2018-08-22T19:38:28+00:00","author":"admin-federas","twitter_card":"summary_large_image","twitter_misc":{"Escrito por":"admin-federas","Est. tempo de leitura":"2 minutos"},"schema":{"@context":"https:\/\/schema.org","@graph":[{"@type":"Article","@id":"https:\/\/www.federassantas.org.br\/novosite\/federassantas-participa-de-mobilizacao-da-associacao-mineira-de-municipios\/#article","isPartOf":{"@id":"https:\/\/www.federassantas.org.br\/novosite\/federassantas-participa-de-mobilizacao-da-associacao-mineira-de-municipios\/"},"author":{"name":"admin-federas","@id":"https:\/\/www.federassantas.org.br\/novosite\/#\/schema\/person\/75fed98158349313fe56175f232f513c"},"headline":"Federassantas participa de mobiliza\u00e7\u00e3o da Associa\u00e7\u00e3o Mineira de Munic\u00edpios","datePublished":"2018-08-22T19:38:28+00:00","mainEntityOfPage":{"@id":"https:\/\/www.federassantas.org.br\/novosite\/federassantas-participa-de-mobilizacao-da-associacao-mineira-de-municipios\/"},"wordCount":506,"commentCount":0,"publisher":{"@id":"https:\/\/www.federassantas.org.br\/novosite\/#organization"},"image":{"@id":"https:\/\/www.federassantas.org.br\/novosite\/federassantas-participa-de-mobilizacao-da-associacao-mineira-de-municipios\/#primaryimage"},"thumbnailUrl":"","articleSection":["Not\u00edcias","Not\u00edcias Federassantas"],"inLanguage":"pt-BR","potentialAction":[{"@type":"CommentAction","name":"Comment","target":["https:\/\/www.federassantas.org.br\/novosite\/federassantas-participa-de-mobilizacao-da-associacao-mineira-de-municipios\/#respond"]}]},{"@type":"WebPage","@id":"https:\/\/www.federassantas.org.br\/novosite\/federassantas-participa-de-mobilizacao-da-associacao-mineira-de-municipios\/","url":"https:\/\/www.federassantas.org.br\/novosite\/federassantas-participa-de-mobilizacao-da-associacao-mineira-de-municipios\/","name":"Federassantas participa de mobiliza\u00e7\u00e3o da Associa\u00e7\u00e3o Mineira de Munic\u00edpios - Federassantas","isPartOf":{"@id":"https:\/\/www.federassantas.org.br\/novosite\/#website"},"primaryImageOfPage":{"@id":"https:\/\/www.federassantas.org.br\/novosite\/federassantas-participa-de-mobilizacao-da-associacao-mineira-de-municipios\/#primaryimage"},"image":{"@id":"https:\/\/www.federassantas.org.br\/novosite\/federassantas-participa-de-mobilizacao-da-associacao-mineira-de-municipios\/#primaryimage"},"thumbnailUrl":"","datePublished":"2018-08-22T19:38:28+00:00","breadcrumb":{"@id":"https:\/\/www.federassantas.org.br\/novosite\/federassantas-participa-de-mobilizacao-da-associacao-mineira-de-municipios\/#breadcrumb"},"inLanguage":"pt-BR","potentialAction":[{"@type":"ReadAction","target":["https:\/\/www.federassantas.org.br\/novosite\/federassantas-participa-de-mobilizacao-da-associacao-mineira-de-municipios\/"]}]},{"@type":"ImageObject","inLanguage":"pt-BR","@id":"https:\/\/www.federassantas.org.br\/novosite\/federassantas-participa-de-mobilizacao-da-associacao-mineira-de-municipios\/#primaryimage","url":"","contentUrl":""},{"@type":"BreadcrumbList","@id":"https:\/\/www.federassantas.org.br\/novosite\/federassantas-participa-de-mobilizacao-da-associacao-mineira-de-municipios\/#breadcrumb","itemListElement":[{"@type":"ListItem","position":1,"name":"In\u00edcio","item":"https:\/\/www.federassantas.org.br\/novosite\/"},{"@type":"ListItem","position":2,"name":"Federassantas participa de mobiliza\u00e7\u00e3o da Associa\u00e7\u00e3o Mineira de Munic\u00edpios"}]},{"@type":"WebSite","@id":"https:\/\/www.federassantas.org.br\/novosite\/#website","url":"https:\/\/www.federassantas.org.br\/novosite\/","name":"Federassantas","description":"Entidade de representa\u00e7\u00e3o e fortalecimento das Santas Casas, hospitais filantr\u00f3picos e entidades beneficentes de sa\u00fade de Minas Gerais, atuando na defesa institucional, qualifica\u00e7\u00e3o da gest\u00e3o e sustentabilidade do setor.","publisher":{"@id":"https:\/\/www.federassantas.org.br\/novosite\/#organization"},"potentialAction":[{"@type":"SearchAction","target":{"@type":"EntryPoint","urlTemplate":"https:\/\/www.federassantas.org.br\/novosite\/?s={search_term_string}"},"query-input":{"@type":"PropertyValueSpecification","valueRequired":true,"valueName":"search_term_string"}}],"inLanguage":"pt-BR"},{"@type":"Organization","@id":"https:\/\/www.federassantas.org.br\/novosite\/#organization","name":"Federassantas","url":"https:\/\/www.federassantas.org.br\/novosite\/","logo":{"@type":"ImageObject","inLanguage":"pt-BR","@id":"https:\/\/www.federassantas.org.br\/novosite\/#\/schema\/logo\/image\/","url":"https:\/\/www.federassantas.org.br\/novosite\/wp-content\/uploads\/2021\/12\/logo.png","contentUrl":"https:\/\/www.federassantas.org.br\/novosite\/wp-content\/uploads\/2021\/12\/logo.png","width":243,"height":59,"caption":"Federassantas"},"image":{"@id":"https:\/\/www.federassantas.org.br\/novosite\/#\/schema\/logo\/image\/"}},{"@type":"Person","@id":"https:\/\/www.federassantas.org.br\/novosite\/#\/schema\/person\/75fed98158349313fe56175f232f513c","name":"admin-federas","image":{"@type":"ImageObject","inLanguage":"pt-BR","@id":"https:\/\/www.federassantas.org.br\/novosite\/#\/schema\/person\/image\/","url":"https:\/\/secure.gravatar.com\/avatar\/2a02d7dda59fe8dc6b7ffd3f652e2efede5ccf0dd89dfdc8137c5517f3de8407?s=96&d=mm&r=g","contentUrl":"https:\/\/secure.gravatar.com\/avatar\/2a02d7dda59fe8dc6b7ffd3f652e2efede5ccf0dd89dfdc8137c5517f3de8407?s=96&d=mm&r=g","caption":"admin-federas"},"sameAs":["https:\/\/www.federassantas.org.br\/novosite\/"],"url":"https:\/\/www.federassantas.org.br\/novosite\/author\/admin-federas\/"}]}},"_links":{"self":[{"href":"https:\/\/www.federassantas.org.br\/novosite\/wp-json\/wp\/v2\/posts\/13744","targetHints":{"allow":["GET"]}}],"collection":[{"href":"https:\/\/www.federassantas.org.br\/novosite\/wp-json\/wp\/v2\/posts"}],"about":[{"href":"https:\/\/www.federassantas.org.br\/novosite\/wp-json\/wp\/v2\/types\/post"}],"author":[{"embeddable":true,"href":"https:\/\/www.federassantas.org.br\/novosite\/wp-json\/wp\/v2\/users\/1"}],"replies":[{"embeddable":true,"href":"https:\/\/www.federassantas.org.br\/novosite\/wp-json\/wp\/v2\/comments?post=13744"}],"version-history":[{"count":0,"href":"https:\/\/www.federassantas.org.br\/novosite\/wp-json\/wp\/v2\/posts\/13744\/revisions"}],"wp:attachment":[{"href":"https:\/\/www.federassantas.org.br\/novosite\/wp-json\/wp\/v2\/media?parent=13744"}],"wp:term":[{"taxonomy":"category","embeddable":true,"href":"https:\/\/www.federassantas.org.br\/novosite\/wp-json\/wp\/v2\/categories?post=13744"},{"taxonomy":"post_tag","embeddable":true,"href":"https:\/\/www.federassantas.org.br\/novosite\/wp-json\/wp\/v2\/tags?post=13744"}],"curies":[{"name":"wp","href":"https:\/\/api.w.org\/{rel}","templated":true}]}}