{"id":13760,"date":"2018-08-23T12:41:55","date_gmt":"2018-08-23T15:41:55","guid":{"rendered":"https:\/\/federasbackup.meltcomunicacao.com.br\/?p=13760"},"modified":"2018-08-23T12:41:55","modified_gmt":"2018-08-23T15:41:55","slug":"dia-d-da-dialise-busca-chamar-atencao-para-crise-no-setor","status":"publish","type":"post","link":"https:\/\/www.federassantas.org.br\/novosite\/dia-d-da-dialise-busca-chamar-atencao-para-crise-no-setor\/","title":{"rendered":"Dia D da Di\u00e1lise busca chamar aten\u00e7\u00e3o para crise no setor"},"content":{"rendered":"<p style=\"text-align: justify;\"><em>A a\u00e7\u00e3o faz parte da campanha \u201cVidas Importam: a di\u00e1lise n\u00e3o pode parar\u201d<\/em><\/p>\n<p style=\"text-align: justify;\">A falta cr\u00f4nica de financiamento adequado para a di\u00e1lise no Brasil vem provocando uma grave crise no setor, afetando principalmente o acesso dos pacientes ao tratamento. Houve o quase desaparecimento da di\u00e1lise peritoneal como alternativa de tratamento, al\u00e9m do aumento da quantidade de pacientes aguardando na fila para ter acesso ao seu tratamento ambulatorial de di\u00e1lise, muitas vezes internados em hospitais p\u00fablicos, ocupando vagas de pacientes agudos e recebendo um tratamento inadequado, face \u00e0 cronicidade dos casos. Nos \u00faltimos anos, houve aumento de 71% no n\u00famero de pacientes dependentes de di\u00e1lise, enquanto o n\u00famero de cl\u00ednicas aumentou apenas 15%.<\/p>\n<p style=\"text-align: justify;\">Para chamar a aten\u00e7\u00e3o da popula\u00e7\u00e3o geral para essa situa\u00e7\u00e3o, a Associa\u00e7\u00e3o Brasileira dos Centros de Di\u00e1lise e Transplante (ABCDT) promover\u00e1 um Dia D da Di\u00e1lise, como parte da campanha de valoriza\u00e7\u00e3o do setor \u201cVidas Importam: a di\u00e1lise n\u00e3o pode parar\u201d. A a\u00e7\u00e3o acontecer\u00e1 no dia 29 de agosto e ser\u00e1 realizada simultaneamente em diversas cidades brasileiras.<\/p>\n<p style=\"text-align: justify;\">O principal objetivo da data especial \u00e9 criar uma movimenta\u00e7\u00e3o nacional para alertar a popula\u00e7\u00e3o sobre a crise e buscar sensibilizar o governo para a necessidade de se buscar formas de aumentar os investimento no setor da di\u00e1lise. \u201cQueremos levar para as ruas as hist\u00f3rias das pessoas impactadas pela crise da di\u00e1lise, buscando causar envolvimento da sociedade com o assunto\u201d, explica o presidente da ABCDT, Marcos Alexandre Vieira. Para isso, a iniciativa se concentrar\u00e1 em cidades onde existam cl\u00ednicas de di\u00e1lise, em locais com grande circula\u00e7\u00e3o de pessoas, amparada por material produzido para este fim, desenvolvendo-se a\u00e7\u00f5es de intera\u00e7\u00e3o com a popula\u00e7\u00e3o que passar\u00e1 pelo local.<\/p>\n<p style=\"text-align: justify;\">Al\u00e9m disso, os parceiros da campanha buscar\u00e3o realizar uma audi\u00eancia p\u00fablica sobre a crise na di\u00e1lise junto a parlamentares locais no Dia D, para gerar debate relacionado ao tema nas cidades envolvidas. O contato com personalidades locais dos mais diversos segmentos \u2013 como cultura, artes visuais, esporte e digital influencers \u2013 tamb\u00e9m est\u00e1 previsto, para que possam apoiar o evento.<\/p>\n<p style=\"text-align: justify;\">A divulga\u00e7\u00e3o da campanha ocorrer\u00e1 por meio de m\u00eddias offline, como busdoor e backbus (ambos na parte traseira do \u00f4nibus), envelopamento de metr\u00f4, m\u00eddia de tela de metr\u00f4 e \u00f4nibus, al\u00e9m das m\u00eddias online. Mais informa\u00e7\u00f5es em www.vidasimportam.com.br, ou nas p\u00e1ginas nas redes sociais da campanha: Vidas Importam (Facebook) e @vidasimportam (Instagram).<\/p>\n<p><strong>Conhe\u00e7a a campanha:<\/strong>\u00a0<a href=\"http:\/\/vidasimportam.com.br\/\">http:\/\/vidasimportam.com.br\/<\/a><\/p>\n","protected":false},"excerpt":{"rendered":"<p>A a\u00e7\u00e3o faz parte da campanha \u201cVidas Importam: a di\u00e1lise n\u00e3o pode parar\u201d A falta cr\u00f4nica de financiamento adequado para a di\u00e1lise no Brasil vem provocando uma grave crise no setor, afetando principalmente o acesso dos pacientes ao tratamento. Houve o quase desaparecimento da di\u00e1lise peritoneal como alternativa de tratamento, al\u00e9m do aumento da quantidade [&hellip;]<\/p>\n","protected":false},"author":1,"featured_media":13762,"comment_status":"open","ping_status":"open","sticky":false,"template":"","format":"standard","meta":{"footnotes":""},"categories":[140],"tags":[],"class_list":["post-13760","post","type-post","status-publish","format-standard","has-post-thumbnail","hentry","category-noticias"],"yoast_head":"<!-- This site is optimized with the Yoast SEO plugin v26.9 - https:\/\/yoast.com\/product\/yoast-seo-wordpress\/ -->\n<title>Dia D da Di\u00e1lise busca chamar aten\u00e7\u00e3o para crise no setor - Federassantas<\/title>\n<meta name=\"robots\" content=\"index, follow, max-snippet:-1, max-image-preview:large, max-video-preview:-1\" \/>\n<link rel=\"canonical\" href=\"https:\/\/www.federassantas.org.br\/novosite\/dia-d-da-dialise-busca-chamar-atencao-para-crise-no-setor\/\" \/>\n<meta property=\"og:locale\" content=\"pt_BR\" \/>\n<meta property=\"og:type\" content=\"article\" \/>\n<meta property=\"og:title\" content=\"Dia D da Di\u00e1lise busca chamar aten\u00e7\u00e3o para crise no setor - Federassantas\" \/>\n<meta property=\"og:description\" content=\"A a\u00e7\u00e3o faz parte da campanha \u201cVidas Importam: a di\u00e1lise n\u00e3o pode parar\u201d A falta cr\u00f4nica de financiamento adequado para a di\u00e1lise no Brasil vem provocando uma grave crise no setor, afetando principalmente o acesso dos pacientes ao tratamento. Houve o quase desaparecimento da di\u00e1lise peritoneal como alternativa de tratamento, al\u00e9m do aumento da quantidade [&hellip;]\" \/>\n<meta property=\"og:url\" content=\"https:\/\/www.federassantas.org.br\/novosite\/dia-d-da-dialise-busca-chamar-atencao-para-crise-no-setor\/\" \/>\n<meta property=\"og:site_name\" content=\"Federassantas\" \/>\n<meta property=\"article:published_time\" content=\"2018-08-23T15:41:55+00:00\" \/>\n<meta name=\"author\" content=\"admin-federas\" \/>\n<meta name=\"twitter:card\" content=\"summary_large_image\" \/>\n<meta name=\"twitter:label1\" content=\"Escrito por\" \/>\n\t<meta name=\"twitter:data1\" content=\"admin-federas\" \/>\n\t<meta name=\"twitter:label2\" content=\"Est. tempo de leitura\" \/>\n\t<meta name=\"twitter:data2\" content=\"2 minutos\" \/>\n<script type=\"application\/ld+json\" class=\"yoast-schema-graph\">{\"@context\":\"https:\/\/schema.org\",\"@graph\":[{\"@type\":\"Article\",\"@id\":\"https:\/\/www.federassantas.org.br\/novosite\/dia-d-da-dialise-busca-chamar-atencao-para-crise-no-setor\/#article\",\"isPartOf\":{\"@id\":\"https:\/\/www.federassantas.org.br\/novosite\/dia-d-da-dialise-busca-chamar-atencao-para-crise-no-setor\/\"},\"author\":{\"name\":\"admin-federas\",\"@id\":\"https:\/\/www.federassantas.org.br\/novosite\/#\/schema\/person\/75fed98158349313fe56175f232f513c\"},\"headline\":\"Dia D da Di\u00e1lise busca chamar aten\u00e7\u00e3o para crise no setor\",\"datePublished\":\"2018-08-23T15:41:55+00:00\",\"mainEntityOfPage\":{\"@id\":\"https:\/\/www.federassantas.org.br\/novosite\/dia-d-da-dialise-busca-chamar-atencao-para-crise-no-setor\/\"},\"wordCount\":451,\"commentCount\":0,\"publisher\":{\"@id\":\"https:\/\/www.federassantas.org.br\/novosite\/#organization\"},\"image\":{\"@id\":\"https:\/\/www.federassantas.org.br\/novosite\/dia-d-da-dialise-busca-chamar-atencao-para-crise-no-setor\/#primaryimage\"},\"thumbnailUrl\":\"\",\"articleSection\":[\"Not\u00edcias\"],\"inLanguage\":\"pt-BR\",\"potentialAction\":[{\"@type\":\"CommentAction\",\"name\":\"Comment\",\"target\":[\"https:\/\/www.federassantas.org.br\/novosite\/dia-d-da-dialise-busca-chamar-atencao-para-crise-no-setor\/#respond\"]}]},{\"@type\":\"WebPage\",\"@id\":\"https:\/\/www.federassantas.org.br\/novosite\/dia-d-da-dialise-busca-chamar-atencao-para-crise-no-setor\/\",\"url\":\"https:\/\/www.federassantas.org.br\/novosite\/dia-d-da-dialise-busca-chamar-atencao-para-crise-no-setor\/\",\"name\":\"Dia D da Di\u00e1lise busca chamar aten\u00e7\u00e3o para crise no setor - Federassantas\",\"isPartOf\":{\"@id\":\"https:\/\/www.federassantas.org.br\/novosite\/#website\"},\"primaryImageOfPage\":{\"@id\":\"https:\/\/www.federassantas.org.br\/novosite\/dia-d-da-dialise-busca-chamar-atencao-para-crise-no-setor\/#primaryimage\"},\"image\":{\"@id\":\"https:\/\/www.federassantas.org.br\/novosite\/dia-d-da-dialise-busca-chamar-atencao-para-crise-no-setor\/#primaryimage\"},\"thumbnailUrl\":\"\",\"datePublished\":\"2018-08-23T15:41:55+00:00\",\"breadcrumb\":{\"@id\":\"https:\/\/www.federassantas.org.br\/novosite\/dia-d-da-dialise-busca-chamar-atencao-para-crise-no-setor\/#breadcrumb\"},\"inLanguage\":\"pt-BR\",\"potentialAction\":[{\"@type\":\"ReadAction\",\"target\":[\"https:\/\/www.federassantas.org.br\/novosite\/dia-d-da-dialise-busca-chamar-atencao-para-crise-no-setor\/\"]}]},{\"@type\":\"ImageObject\",\"inLanguage\":\"pt-BR\",\"@id\":\"https:\/\/www.federassantas.org.br\/novosite\/dia-d-da-dialise-busca-chamar-atencao-para-crise-no-setor\/#primaryimage\",\"url\":\"\",\"contentUrl\":\"\"},{\"@type\":\"BreadcrumbList\",\"@id\":\"https:\/\/www.federassantas.org.br\/novosite\/dia-d-da-dialise-busca-chamar-atencao-para-crise-no-setor\/#breadcrumb\",\"itemListElement\":[{\"@type\":\"ListItem\",\"position\":1,\"name\":\"In\u00edcio\",\"item\":\"https:\/\/www.federassantas.org.br\/novosite\/\"},{\"@type\":\"ListItem\",\"position\":2,\"name\":\"Dia D da Di\u00e1lise busca chamar aten\u00e7\u00e3o para crise no setor\"}]},{\"@type\":\"WebSite\",\"@id\":\"https:\/\/www.federassantas.org.br\/novosite\/#website\",\"url\":\"https:\/\/www.federassantas.org.br\/novosite\/\",\"name\":\"Federassantas\",\"description\":\"Entidade de representa\u00e7\u00e3o e fortalecimento das Santas Casas, hospitais filantr\u00f3picos e entidades beneficentes de sa\u00fade de Minas Gerais, atuando na defesa institucional, qualifica\u00e7\u00e3o da gest\u00e3o e sustentabilidade do setor.\",\"publisher\":{\"@id\":\"https:\/\/www.federassantas.org.br\/novosite\/#organization\"},\"potentialAction\":[{\"@type\":\"SearchAction\",\"target\":{\"@type\":\"EntryPoint\",\"urlTemplate\":\"https:\/\/www.federassantas.org.br\/novosite\/?s={search_term_string}\"},\"query-input\":{\"@type\":\"PropertyValueSpecification\",\"valueRequired\":true,\"valueName\":\"search_term_string\"}}],\"inLanguage\":\"pt-BR\"},{\"@type\":\"Organization\",\"@id\":\"https:\/\/www.federassantas.org.br\/novosite\/#organization\",\"name\":\"Federassantas\",\"url\":\"https:\/\/www.federassantas.org.br\/novosite\/\",\"logo\":{\"@type\":\"ImageObject\",\"inLanguage\":\"pt-BR\",\"@id\":\"https:\/\/www.federassantas.org.br\/novosite\/#\/schema\/logo\/image\/\",\"url\":\"https:\/\/www.federassantas.org.br\/novosite\/wp-content\/uploads\/2021\/12\/logo.png\",\"contentUrl\":\"https:\/\/www.federassantas.org.br\/novosite\/wp-content\/uploads\/2021\/12\/logo.png\",\"width\":243,\"height\":59,\"caption\":\"Federassantas\"},\"image\":{\"@id\":\"https:\/\/www.federassantas.org.br\/novosite\/#\/schema\/logo\/image\/\"}},{\"@type\":\"Person\",\"@id\":\"https:\/\/www.federassantas.org.br\/novosite\/#\/schema\/person\/75fed98158349313fe56175f232f513c\",\"name\":\"admin-federas\",\"image\":{\"@type\":\"ImageObject\",\"inLanguage\":\"pt-BR\",\"@id\":\"https:\/\/www.federassantas.org.br\/novosite\/#\/schema\/person\/image\/\",\"url\":\"https:\/\/secure.gravatar.com\/avatar\/2a02d7dda59fe8dc6b7ffd3f652e2efede5ccf0dd89dfdc8137c5517f3de8407?s=96&d=mm&r=g\",\"contentUrl\":\"https:\/\/secure.gravatar.com\/avatar\/2a02d7dda59fe8dc6b7ffd3f652e2efede5ccf0dd89dfdc8137c5517f3de8407?s=96&d=mm&r=g\",\"caption\":\"admin-federas\"},\"sameAs\":[\"https:\/\/www.federassantas.org.br\/novosite\/\"],\"url\":\"https:\/\/www.federassantas.org.br\/novosite\/author\/admin-federas\/\"}]}<\/script>\n<!-- \/ Yoast SEO plugin. -->","yoast_head_json":{"title":"Dia D da Di\u00e1lise busca chamar aten\u00e7\u00e3o para crise no setor - Federassantas","robots":{"index":"index","follow":"follow","max-snippet":"max-snippet:-1","max-image-preview":"max-image-preview:large","max-video-preview":"max-video-preview:-1"},"canonical":"https:\/\/www.federassantas.org.br\/novosite\/dia-d-da-dialise-busca-chamar-atencao-para-crise-no-setor\/","og_locale":"pt_BR","og_type":"article","og_title":"Dia D da Di\u00e1lise busca chamar aten\u00e7\u00e3o para crise no setor - Federassantas","og_description":"A a\u00e7\u00e3o faz parte da campanha \u201cVidas Importam: a di\u00e1lise n\u00e3o pode parar\u201d A falta cr\u00f4nica de financiamento adequado para a di\u00e1lise no Brasil vem provocando uma grave crise no setor, afetando principalmente o acesso dos pacientes ao tratamento. Houve o quase desaparecimento da di\u00e1lise peritoneal como alternativa de tratamento, al\u00e9m do aumento da quantidade [&hellip;]","og_url":"https:\/\/www.federassantas.org.br\/novosite\/dia-d-da-dialise-busca-chamar-atencao-para-crise-no-setor\/","og_site_name":"Federassantas","article_published_time":"2018-08-23T15:41:55+00:00","author":"admin-federas","twitter_card":"summary_large_image","twitter_misc":{"Escrito por":"admin-federas","Est. tempo de leitura":"2 minutos"},"schema":{"@context":"https:\/\/schema.org","@graph":[{"@type":"Article","@id":"https:\/\/www.federassantas.org.br\/novosite\/dia-d-da-dialise-busca-chamar-atencao-para-crise-no-setor\/#article","isPartOf":{"@id":"https:\/\/www.federassantas.org.br\/novosite\/dia-d-da-dialise-busca-chamar-atencao-para-crise-no-setor\/"},"author":{"name":"admin-federas","@id":"https:\/\/www.federassantas.org.br\/novosite\/#\/schema\/person\/75fed98158349313fe56175f232f513c"},"headline":"Dia D da Di\u00e1lise busca chamar aten\u00e7\u00e3o para crise no setor","datePublished":"2018-08-23T15:41:55+00:00","mainEntityOfPage":{"@id":"https:\/\/www.federassantas.org.br\/novosite\/dia-d-da-dialise-busca-chamar-atencao-para-crise-no-setor\/"},"wordCount":451,"commentCount":0,"publisher":{"@id":"https:\/\/www.federassantas.org.br\/novosite\/#organization"},"image":{"@id":"https:\/\/www.federassantas.org.br\/novosite\/dia-d-da-dialise-busca-chamar-atencao-para-crise-no-setor\/#primaryimage"},"thumbnailUrl":"","articleSection":["Not\u00edcias"],"inLanguage":"pt-BR","potentialAction":[{"@type":"CommentAction","name":"Comment","target":["https:\/\/www.federassantas.org.br\/novosite\/dia-d-da-dialise-busca-chamar-atencao-para-crise-no-setor\/#respond"]}]},{"@type":"WebPage","@id":"https:\/\/www.federassantas.org.br\/novosite\/dia-d-da-dialise-busca-chamar-atencao-para-crise-no-setor\/","url":"https:\/\/www.federassantas.org.br\/novosite\/dia-d-da-dialise-busca-chamar-atencao-para-crise-no-setor\/","name":"Dia D da Di\u00e1lise busca chamar aten\u00e7\u00e3o para crise no setor - Federassantas","isPartOf":{"@id":"https:\/\/www.federassantas.org.br\/novosite\/#website"},"primaryImageOfPage":{"@id":"https:\/\/www.federassantas.org.br\/novosite\/dia-d-da-dialise-busca-chamar-atencao-para-crise-no-setor\/#primaryimage"},"image":{"@id":"https:\/\/www.federassantas.org.br\/novosite\/dia-d-da-dialise-busca-chamar-atencao-para-crise-no-setor\/#primaryimage"},"thumbnailUrl":"","datePublished":"2018-08-23T15:41:55+00:00","breadcrumb":{"@id":"https:\/\/www.federassantas.org.br\/novosite\/dia-d-da-dialise-busca-chamar-atencao-para-crise-no-setor\/#breadcrumb"},"inLanguage":"pt-BR","potentialAction":[{"@type":"ReadAction","target":["https:\/\/www.federassantas.org.br\/novosite\/dia-d-da-dialise-busca-chamar-atencao-para-crise-no-setor\/"]}]},{"@type":"ImageObject","inLanguage":"pt-BR","@id":"https:\/\/www.federassantas.org.br\/novosite\/dia-d-da-dialise-busca-chamar-atencao-para-crise-no-setor\/#primaryimage","url":"","contentUrl":""},{"@type":"BreadcrumbList","@id":"https:\/\/www.federassantas.org.br\/novosite\/dia-d-da-dialise-busca-chamar-atencao-para-crise-no-setor\/#breadcrumb","itemListElement":[{"@type":"ListItem","position":1,"name":"In\u00edcio","item":"https:\/\/www.federassantas.org.br\/novosite\/"},{"@type":"ListItem","position":2,"name":"Dia D da Di\u00e1lise busca chamar aten\u00e7\u00e3o para crise no setor"}]},{"@type":"WebSite","@id":"https:\/\/www.federassantas.org.br\/novosite\/#website","url":"https:\/\/www.federassantas.org.br\/novosite\/","name":"Federassantas","description":"Entidade de representa\u00e7\u00e3o e fortalecimento das Santas Casas, hospitais filantr\u00f3picos e entidades beneficentes de sa\u00fade de Minas Gerais, atuando na defesa institucional, qualifica\u00e7\u00e3o da gest\u00e3o e sustentabilidade do setor.","publisher":{"@id":"https:\/\/www.federassantas.org.br\/novosite\/#organization"},"potentialAction":[{"@type":"SearchAction","target":{"@type":"EntryPoint","urlTemplate":"https:\/\/www.federassantas.org.br\/novosite\/?s={search_term_string}"},"query-input":{"@type":"PropertyValueSpecification","valueRequired":true,"valueName":"search_term_string"}}],"inLanguage":"pt-BR"},{"@type":"Organization","@id":"https:\/\/www.federassantas.org.br\/novosite\/#organization","name":"Federassantas","url":"https:\/\/www.federassantas.org.br\/novosite\/","logo":{"@type":"ImageObject","inLanguage":"pt-BR","@id":"https:\/\/www.federassantas.org.br\/novosite\/#\/schema\/logo\/image\/","url":"https:\/\/www.federassantas.org.br\/novosite\/wp-content\/uploads\/2021\/12\/logo.png","contentUrl":"https:\/\/www.federassantas.org.br\/novosite\/wp-content\/uploads\/2021\/12\/logo.png","width":243,"height":59,"caption":"Federassantas"},"image":{"@id":"https:\/\/www.federassantas.org.br\/novosite\/#\/schema\/logo\/image\/"}},{"@type":"Person","@id":"https:\/\/www.federassantas.org.br\/novosite\/#\/schema\/person\/75fed98158349313fe56175f232f513c","name":"admin-federas","image":{"@type":"ImageObject","inLanguage":"pt-BR","@id":"https:\/\/www.federassantas.org.br\/novosite\/#\/schema\/person\/image\/","url":"https:\/\/secure.gravatar.com\/avatar\/2a02d7dda59fe8dc6b7ffd3f652e2efede5ccf0dd89dfdc8137c5517f3de8407?s=96&d=mm&r=g","contentUrl":"https:\/\/secure.gravatar.com\/avatar\/2a02d7dda59fe8dc6b7ffd3f652e2efede5ccf0dd89dfdc8137c5517f3de8407?s=96&d=mm&r=g","caption":"admin-federas"},"sameAs":["https:\/\/www.federassantas.org.br\/novosite\/"],"url":"https:\/\/www.federassantas.org.br\/novosite\/author\/admin-federas\/"}]}},"_links":{"self":[{"href":"https:\/\/www.federassantas.org.br\/novosite\/wp-json\/wp\/v2\/posts\/13760","targetHints":{"allow":["GET"]}}],"collection":[{"href":"https:\/\/www.federassantas.org.br\/novosite\/wp-json\/wp\/v2\/posts"}],"about":[{"href":"https:\/\/www.federassantas.org.br\/novosite\/wp-json\/wp\/v2\/types\/post"}],"author":[{"embeddable":true,"href":"https:\/\/www.federassantas.org.br\/novosite\/wp-json\/wp\/v2\/users\/1"}],"replies":[{"embeddable":true,"href":"https:\/\/www.federassantas.org.br\/novosite\/wp-json\/wp\/v2\/comments?post=13760"}],"version-history":[{"count":0,"href":"https:\/\/www.federassantas.org.br\/novosite\/wp-json\/wp\/v2\/posts\/13760\/revisions"}],"wp:attachment":[{"href":"https:\/\/www.federassantas.org.br\/novosite\/wp-json\/wp\/v2\/media?parent=13760"}],"wp:term":[{"taxonomy":"category","embeddable":true,"href":"https:\/\/www.federassantas.org.br\/novosite\/wp-json\/wp\/v2\/categories?post=13760"},{"taxonomy":"post_tag","embeddable":true,"href":"https:\/\/www.federassantas.org.br\/novosite\/wp-json\/wp\/v2\/tags?post=13760"}],"curies":[{"name":"wp","href":"https:\/\/api.w.org\/{rel}","templated":true}]}}