{"id":13771,"date":"2018-08-24T15:22:37","date_gmt":"2018-08-24T18:22:37","guid":{"rendered":"https:\/\/federasbackup.meltcomunicacao.com.br\/?p=13771"},"modified":"2018-08-24T15:22:37","modified_gmt":"2018-08-24T18:22:37","slug":"estudo-da-fiocruz-descarta-retorno-da-febre-amarela-urbana-ao-brasil","status":"publish","type":"post","link":"https:\/\/www.federassantas.org.br\/novosite\/estudo-da-fiocruz-descarta-retorno-da-febre-amarela-urbana-ao-brasil\/","title":{"rendered":"Estudo da Fiocruz descarta retorno da febre amarela urbana ao Brasil"},"content":{"rendered":"<p class=\"txt-gray mb-0\" style=\"text-align: justify;\">Entre 2016 e 2018, o Brasil sofreu o maior surto de febre amarela dos \u00faltimos 100 anos. A epidemia gerou imensa preocupa\u00e7\u00e3o, provocando at\u00e9 correria das pessoas para os postos de sa\u00fade em busca de vacina. Pesquisadores brasileiros, em parceria com ingleses, realizaram um mapeamento gen\u00e9tico que revelou detalhes sobre a prolifera\u00e7\u00e3o da enfermidade. Ao contr\u00e1rio do imaginado, a doen\u00e7a se espalhou pela transmiss\u00e3o silvestre, menos grave que a urbana (a aposta inicial), e pode ter sido potencializada pela a\u00e7\u00e3o humana. As descobertas foram publicadas na edi\u00e7\u00e3o desta semana da revista Science e devem ajudar em novas estrat\u00e9gias de combate \u00e0 doen\u00e7a.<\/p>\n<p style=\"text-align: justify;\">O trabalho \u00e9 uma parceria entre investigadores da Funda\u00e7\u00e3o Oswaldo Cruz (Fiocruz), no Rio de Janeiro, e da Universidade de Oxford, no Reino Unido. O cons\u00f3rcio de pesquisadores utilizou uma t\u00e9cnica extremamente moderna de mapeamento gen\u00e9tico. \u201cFizemos o mesmo com o zika v\u00edrus e tivemos sucesso. Com isso, recebemos um pedido do Minist\u00e9rio da Sa\u00fade para realizar o procedimento com a febre amarela. Usamos um laborat\u00f3rio m\u00f3vel e analisamos o genoma de mais de 50 indiv\u00edduos, tanto humanos quanto macacos, durante a prolifera\u00e7\u00e3o em Minas Gerais\u201d, conta ao Correio Luiz Alc\u00e2ntara, um dos autores do estudo e pesquisador do Laborat\u00f3rio de Flaviv\u00edrus da Fiocruz (RJ).<\/p>\n<p style=\"text-align: left;\">Saiba mais em:\u00a0<a href=\"https:\/\/www.correiobraziliense.com.br\/app\/noticia\/ciencia-e-saude\/2018\/08\/24\/interna_ciencia_saude,701633\/cientistas-fazem-rastreamento-de-febre-amarela-no-pais.shtml\">https:\/\/www.correiobraziliense.com.br\/app\/noticia\/ciencia-e-saude\/2018\/08\/24\/interna_ciencia_saude,701633\/cientistas-fazem-rastreamento-de-febre-amarela-no-pais.shtml<\/a><\/p>\n<p>Fonte: <a href=\"https:\/\/www.correiobraziliense.com.br\/app\/noticia\/ciencia-e-saude\/2018\/08\/24\/interna_ciencia_saude,701633\/cientistas-fazem-rastreamento-de-febre-amarela-no-pais.shtml\">Correio Brasiliense\u00a0<\/a><\/p>\n","protected":false},"excerpt":{"rendered":"<p>Entre 2016 e 2018, o Brasil sofreu o maior surto de febre amarela dos \u00faltimos 100 anos. A epidemia gerou imensa preocupa\u00e7\u00e3o, provocando at\u00e9 correria das pessoas para os postos de sa\u00fade em busca de vacina. Pesquisadores brasileiros, em parceria com ingleses, realizaram um mapeamento gen\u00e9tico que revelou detalhes sobre a prolifera\u00e7\u00e3o da enfermidade. Ao [&hellip;]<\/p>\n","protected":false},"author":1,"featured_media":13772,"comment_status":"open","ping_status":"open","sticky":false,"template":"","format":"standard","meta":{"footnotes":""},"categories":[140],"tags":[],"class_list":["post-13771","post","type-post","status-publish","format-standard","has-post-thumbnail","hentry","category-noticias"],"yoast_head":"<!-- This site is optimized with the Yoast SEO plugin v26.9 - https:\/\/yoast.com\/product\/yoast-seo-wordpress\/ -->\n<title>Estudo da Fiocruz descarta retorno da febre amarela urbana ao Brasil - Federassantas<\/title>\n<meta name=\"robots\" content=\"index, follow, max-snippet:-1, max-image-preview:large, max-video-preview:-1\" \/>\n<link rel=\"canonical\" href=\"https:\/\/www.federassantas.org.br\/novosite\/estudo-da-fiocruz-descarta-retorno-da-febre-amarela-urbana-ao-brasil\/\" \/>\n<meta property=\"og:locale\" content=\"pt_BR\" \/>\n<meta property=\"og:type\" content=\"article\" \/>\n<meta property=\"og:title\" content=\"Estudo da Fiocruz descarta retorno da febre amarela urbana ao Brasil - Federassantas\" \/>\n<meta property=\"og:description\" content=\"Entre 2016 e 2018, o Brasil sofreu o maior surto de febre amarela dos \u00faltimos 100 anos. A epidemia gerou imensa preocupa\u00e7\u00e3o, provocando at\u00e9 correria das pessoas para os postos de sa\u00fade em busca de vacina. Pesquisadores brasileiros, em parceria com ingleses, realizaram um mapeamento gen\u00e9tico que revelou detalhes sobre a prolifera\u00e7\u00e3o da enfermidade. Ao [&hellip;]\" \/>\n<meta property=\"og:url\" content=\"https:\/\/www.federassantas.org.br\/novosite\/estudo-da-fiocruz-descarta-retorno-da-febre-amarela-urbana-ao-brasil\/\" \/>\n<meta property=\"og:site_name\" content=\"Federassantas\" \/>\n<meta property=\"article:published_time\" content=\"2018-08-24T18:22:37+00:00\" \/>\n<meta name=\"author\" content=\"admin-federas\" \/>\n<meta name=\"twitter:card\" content=\"summary_large_image\" \/>\n<meta name=\"twitter:label1\" content=\"Escrito por\" \/>\n\t<meta name=\"twitter:data1\" content=\"admin-federas\" \/>\n\t<meta name=\"twitter:label2\" content=\"Est. tempo de leitura\" \/>\n\t<meta name=\"twitter:data2\" content=\"1 minuto\" \/>\n<script type=\"application\/ld+json\" class=\"yoast-schema-graph\">{\"@context\":\"https:\/\/schema.org\",\"@graph\":[{\"@type\":\"Article\",\"@id\":\"https:\/\/www.federassantas.org.br\/novosite\/estudo-da-fiocruz-descarta-retorno-da-febre-amarela-urbana-ao-brasil\/#article\",\"isPartOf\":{\"@id\":\"https:\/\/www.federassantas.org.br\/novosite\/estudo-da-fiocruz-descarta-retorno-da-febre-amarela-urbana-ao-brasil\/\"},\"author\":{\"name\":\"admin-federas\",\"@id\":\"https:\/\/www.federassantas.org.br\/novosite\/#\/schema\/person\/75fed98158349313fe56175f232f513c\"},\"headline\":\"Estudo da Fiocruz descarta retorno da febre amarela urbana ao Brasil\",\"datePublished\":\"2018-08-24T18:22:37+00:00\",\"mainEntityOfPage\":{\"@id\":\"https:\/\/www.federassantas.org.br\/novosite\/estudo-da-fiocruz-descarta-retorno-da-febre-amarela-urbana-ao-brasil\/\"},\"wordCount\":256,\"commentCount\":0,\"publisher\":{\"@id\":\"https:\/\/www.federassantas.org.br\/novosite\/#organization\"},\"image\":{\"@id\":\"https:\/\/www.federassantas.org.br\/novosite\/estudo-da-fiocruz-descarta-retorno-da-febre-amarela-urbana-ao-brasil\/#primaryimage\"},\"thumbnailUrl\":\"\",\"articleSection\":[\"Not\u00edcias\"],\"inLanguage\":\"pt-BR\",\"potentialAction\":[{\"@type\":\"CommentAction\",\"name\":\"Comment\",\"target\":[\"https:\/\/www.federassantas.org.br\/novosite\/estudo-da-fiocruz-descarta-retorno-da-febre-amarela-urbana-ao-brasil\/#respond\"]}]},{\"@type\":\"WebPage\",\"@id\":\"https:\/\/www.federassantas.org.br\/novosite\/estudo-da-fiocruz-descarta-retorno-da-febre-amarela-urbana-ao-brasil\/\",\"url\":\"https:\/\/www.federassantas.org.br\/novosite\/estudo-da-fiocruz-descarta-retorno-da-febre-amarela-urbana-ao-brasil\/\",\"name\":\"Estudo da Fiocruz descarta retorno da febre amarela urbana ao Brasil - Federassantas\",\"isPartOf\":{\"@id\":\"https:\/\/www.federassantas.org.br\/novosite\/#website\"},\"primaryImageOfPage\":{\"@id\":\"https:\/\/www.federassantas.org.br\/novosite\/estudo-da-fiocruz-descarta-retorno-da-febre-amarela-urbana-ao-brasil\/#primaryimage\"},\"image\":{\"@id\":\"https:\/\/www.federassantas.org.br\/novosite\/estudo-da-fiocruz-descarta-retorno-da-febre-amarela-urbana-ao-brasil\/#primaryimage\"},\"thumbnailUrl\":\"\",\"datePublished\":\"2018-08-24T18:22:37+00:00\",\"breadcrumb\":{\"@id\":\"https:\/\/www.federassantas.org.br\/novosite\/estudo-da-fiocruz-descarta-retorno-da-febre-amarela-urbana-ao-brasil\/#breadcrumb\"},\"inLanguage\":\"pt-BR\",\"potentialAction\":[{\"@type\":\"ReadAction\",\"target\":[\"https:\/\/www.federassantas.org.br\/novosite\/estudo-da-fiocruz-descarta-retorno-da-febre-amarela-urbana-ao-brasil\/\"]}]},{\"@type\":\"ImageObject\",\"inLanguage\":\"pt-BR\",\"@id\":\"https:\/\/www.federassantas.org.br\/novosite\/estudo-da-fiocruz-descarta-retorno-da-febre-amarela-urbana-ao-brasil\/#primaryimage\",\"url\":\"\",\"contentUrl\":\"\"},{\"@type\":\"BreadcrumbList\",\"@id\":\"https:\/\/www.federassantas.org.br\/novosite\/estudo-da-fiocruz-descarta-retorno-da-febre-amarela-urbana-ao-brasil\/#breadcrumb\",\"itemListElement\":[{\"@type\":\"ListItem\",\"position\":1,\"name\":\"In\u00edcio\",\"item\":\"https:\/\/www.federassantas.org.br\/novosite\/\"},{\"@type\":\"ListItem\",\"position\":2,\"name\":\"Estudo da Fiocruz descarta retorno da febre amarela urbana ao Brasil\"}]},{\"@type\":\"WebSite\",\"@id\":\"https:\/\/www.federassantas.org.br\/novosite\/#website\",\"url\":\"https:\/\/www.federassantas.org.br\/novosite\/\",\"name\":\"Federassantas\",\"description\":\"Entidade de representa\u00e7\u00e3o e fortalecimento das Santas Casas, hospitais filantr\u00f3picos e entidades beneficentes de sa\u00fade de Minas Gerais, atuando na defesa institucional, qualifica\u00e7\u00e3o da gest\u00e3o e sustentabilidade do setor.\",\"publisher\":{\"@id\":\"https:\/\/www.federassantas.org.br\/novosite\/#organization\"},\"potentialAction\":[{\"@type\":\"SearchAction\",\"target\":{\"@type\":\"EntryPoint\",\"urlTemplate\":\"https:\/\/www.federassantas.org.br\/novosite\/?s={search_term_string}\"},\"query-input\":{\"@type\":\"PropertyValueSpecification\",\"valueRequired\":true,\"valueName\":\"search_term_string\"}}],\"inLanguage\":\"pt-BR\"},{\"@type\":\"Organization\",\"@id\":\"https:\/\/www.federassantas.org.br\/novosite\/#organization\",\"name\":\"Federassantas\",\"url\":\"https:\/\/www.federassantas.org.br\/novosite\/\",\"logo\":{\"@type\":\"ImageObject\",\"inLanguage\":\"pt-BR\",\"@id\":\"https:\/\/www.federassantas.org.br\/novosite\/#\/schema\/logo\/image\/\",\"url\":\"https:\/\/www.federassantas.org.br\/novosite\/wp-content\/uploads\/2021\/12\/logo.png\",\"contentUrl\":\"https:\/\/www.federassantas.org.br\/novosite\/wp-content\/uploads\/2021\/12\/logo.png\",\"width\":243,\"height\":59,\"caption\":\"Federassantas\"},\"image\":{\"@id\":\"https:\/\/www.federassantas.org.br\/novosite\/#\/schema\/logo\/image\/\"}},{\"@type\":\"Person\",\"@id\":\"https:\/\/www.federassantas.org.br\/novosite\/#\/schema\/person\/75fed98158349313fe56175f232f513c\",\"name\":\"admin-federas\",\"image\":{\"@type\":\"ImageObject\",\"inLanguage\":\"pt-BR\",\"@id\":\"https:\/\/www.federassantas.org.br\/novosite\/#\/schema\/person\/image\/\",\"url\":\"https:\/\/secure.gravatar.com\/avatar\/2a02d7dda59fe8dc6b7ffd3f652e2efede5ccf0dd89dfdc8137c5517f3de8407?s=96&d=mm&r=g\",\"contentUrl\":\"https:\/\/secure.gravatar.com\/avatar\/2a02d7dda59fe8dc6b7ffd3f652e2efede5ccf0dd89dfdc8137c5517f3de8407?s=96&d=mm&r=g\",\"caption\":\"admin-federas\"},\"sameAs\":[\"https:\/\/www.federassantas.org.br\/novosite\/\"],\"url\":\"https:\/\/www.federassantas.org.br\/novosite\/author\/admin-federas\/\"}]}<\/script>\n<!-- \/ Yoast SEO plugin. -->","yoast_head_json":{"title":"Estudo da Fiocruz descarta retorno da febre amarela urbana ao Brasil - Federassantas","robots":{"index":"index","follow":"follow","max-snippet":"max-snippet:-1","max-image-preview":"max-image-preview:large","max-video-preview":"max-video-preview:-1"},"canonical":"https:\/\/www.federassantas.org.br\/novosite\/estudo-da-fiocruz-descarta-retorno-da-febre-amarela-urbana-ao-brasil\/","og_locale":"pt_BR","og_type":"article","og_title":"Estudo da Fiocruz descarta retorno da febre amarela urbana ao Brasil - Federassantas","og_description":"Entre 2016 e 2018, o Brasil sofreu o maior surto de febre amarela dos \u00faltimos 100 anos. A epidemia gerou imensa preocupa\u00e7\u00e3o, provocando at\u00e9 correria das pessoas para os postos de sa\u00fade em busca de vacina. Pesquisadores brasileiros, em parceria com ingleses, realizaram um mapeamento gen\u00e9tico que revelou detalhes sobre a prolifera\u00e7\u00e3o da enfermidade. Ao [&hellip;]","og_url":"https:\/\/www.federassantas.org.br\/novosite\/estudo-da-fiocruz-descarta-retorno-da-febre-amarela-urbana-ao-brasil\/","og_site_name":"Federassantas","article_published_time":"2018-08-24T18:22:37+00:00","author":"admin-federas","twitter_card":"summary_large_image","twitter_misc":{"Escrito por":"admin-federas","Est. tempo de leitura":"1 minuto"},"schema":{"@context":"https:\/\/schema.org","@graph":[{"@type":"Article","@id":"https:\/\/www.federassantas.org.br\/novosite\/estudo-da-fiocruz-descarta-retorno-da-febre-amarela-urbana-ao-brasil\/#article","isPartOf":{"@id":"https:\/\/www.federassantas.org.br\/novosite\/estudo-da-fiocruz-descarta-retorno-da-febre-amarela-urbana-ao-brasil\/"},"author":{"name":"admin-federas","@id":"https:\/\/www.federassantas.org.br\/novosite\/#\/schema\/person\/75fed98158349313fe56175f232f513c"},"headline":"Estudo da Fiocruz descarta retorno da febre amarela urbana ao Brasil","datePublished":"2018-08-24T18:22:37+00:00","mainEntityOfPage":{"@id":"https:\/\/www.federassantas.org.br\/novosite\/estudo-da-fiocruz-descarta-retorno-da-febre-amarela-urbana-ao-brasil\/"},"wordCount":256,"commentCount":0,"publisher":{"@id":"https:\/\/www.federassantas.org.br\/novosite\/#organization"},"image":{"@id":"https:\/\/www.federassantas.org.br\/novosite\/estudo-da-fiocruz-descarta-retorno-da-febre-amarela-urbana-ao-brasil\/#primaryimage"},"thumbnailUrl":"","articleSection":["Not\u00edcias"],"inLanguage":"pt-BR","potentialAction":[{"@type":"CommentAction","name":"Comment","target":["https:\/\/www.federassantas.org.br\/novosite\/estudo-da-fiocruz-descarta-retorno-da-febre-amarela-urbana-ao-brasil\/#respond"]}]},{"@type":"WebPage","@id":"https:\/\/www.federassantas.org.br\/novosite\/estudo-da-fiocruz-descarta-retorno-da-febre-amarela-urbana-ao-brasil\/","url":"https:\/\/www.federassantas.org.br\/novosite\/estudo-da-fiocruz-descarta-retorno-da-febre-amarela-urbana-ao-brasil\/","name":"Estudo da Fiocruz descarta retorno da febre amarela urbana ao Brasil - Federassantas","isPartOf":{"@id":"https:\/\/www.federassantas.org.br\/novosite\/#website"},"primaryImageOfPage":{"@id":"https:\/\/www.federassantas.org.br\/novosite\/estudo-da-fiocruz-descarta-retorno-da-febre-amarela-urbana-ao-brasil\/#primaryimage"},"image":{"@id":"https:\/\/www.federassantas.org.br\/novosite\/estudo-da-fiocruz-descarta-retorno-da-febre-amarela-urbana-ao-brasil\/#primaryimage"},"thumbnailUrl":"","datePublished":"2018-08-24T18:22:37+00:00","breadcrumb":{"@id":"https:\/\/www.federassantas.org.br\/novosite\/estudo-da-fiocruz-descarta-retorno-da-febre-amarela-urbana-ao-brasil\/#breadcrumb"},"inLanguage":"pt-BR","potentialAction":[{"@type":"ReadAction","target":["https:\/\/www.federassantas.org.br\/novosite\/estudo-da-fiocruz-descarta-retorno-da-febre-amarela-urbana-ao-brasil\/"]}]},{"@type":"ImageObject","inLanguage":"pt-BR","@id":"https:\/\/www.federassantas.org.br\/novosite\/estudo-da-fiocruz-descarta-retorno-da-febre-amarela-urbana-ao-brasil\/#primaryimage","url":"","contentUrl":""},{"@type":"BreadcrumbList","@id":"https:\/\/www.federassantas.org.br\/novosite\/estudo-da-fiocruz-descarta-retorno-da-febre-amarela-urbana-ao-brasil\/#breadcrumb","itemListElement":[{"@type":"ListItem","position":1,"name":"In\u00edcio","item":"https:\/\/www.federassantas.org.br\/novosite\/"},{"@type":"ListItem","position":2,"name":"Estudo da Fiocruz descarta retorno da febre amarela urbana ao Brasil"}]},{"@type":"WebSite","@id":"https:\/\/www.federassantas.org.br\/novosite\/#website","url":"https:\/\/www.federassantas.org.br\/novosite\/","name":"Federassantas","description":"Entidade de representa\u00e7\u00e3o e fortalecimento das Santas Casas, hospitais filantr\u00f3picos e entidades beneficentes de sa\u00fade de Minas Gerais, atuando na defesa institucional, qualifica\u00e7\u00e3o da gest\u00e3o e sustentabilidade do setor.","publisher":{"@id":"https:\/\/www.federassantas.org.br\/novosite\/#organization"},"potentialAction":[{"@type":"SearchAction","target":{"@type":"EntryPoint","urlTemplate":"https:\/\/www.federassantas.org.br\/novosite\/?s={search_term_string}"},"query-input":{"@type":"PropertyValueSpecification","valueRequired":true,"valueName":"search_term_string"}}],"inLanguage":"pt-BR"},{"@type":"Organization","@id":"https:\/\/www.federassantas.org.br\/novosite\/#organization","name":"Federassantas","url":"https:\/\/www.federassantas.org.br\/novosite\/","logo":{"@type":"ImageObject","inLanguage":"pt-BR","@id":"https:\/\/www.federassantas.org.br\/novosite\/#\/schema\/logo\/image\/","url":"https:\/\/www.federassantas.org.br\/novosite\/wp-content\/uploads\/2021\/12\/logo.png","contentUrl":"https:\/\/www.federassantas.org.br\/novosite\/wp-content\/uploads\/2021\/12\/logo.png","width":243,"height":59,"caption":"Federassantas"},"image":{"@id":"https:\/\/www.federassantas.org.br\/novosite\/#\/schema\/logo\/image\/"}},{"@type":"Person","@id":"https:\/\/www.federassantas.org.br\/novosite\/#\/schema\/person\/75fed98158349313fe56175f232f513c","name":"admin-federas","image":{"@type":"ImageObject","inLanguage":"pt-BR","@id":"https:\/\/www.federassantas.org.br\/novosite\/#\/schema\/person\/image\/","url":"https:\/\/secure.gravatar.com\/avatar\/2a02d7dda59fe8dc6b7ffd3f652e2efede5ccf0dd89dfdc8137c5517f3de8407?s=96&d=mm&r=g","contentUrl":"https:\/\/secure.gravatar.com\/avatar\/2a02d7dda59fe8dc6b7ffd3f652e2efede5ccf0dd89dfdc8137c5517f3de8407?s=96&d=mm&r=g","caption":"admin-federas"},"sameAs":["https:\/\/www.federassantas.org.br\/novosite\/"],"url":"https:\/\/www.federassantas.org.br\/novosite\/author\/admin-federas\/"}]}},"_links":{"self":[{"href":"https:\/\/www.federassantas.org.br\/novosite\/wp-json\/wp\/v2\/posts\/13771","targetHints":{"allow":["GET"]}}],"collection":[{"href":"https:\/\/www.federassantas.org.br\/novosite\/wp-json\/wp\/v2\/posts"}],"about":[{"href":"https:\/\/www.federassantas.org.br\/novosite\/wp-json\/wp\/v2\/types\/post"}],"author":[{"embeddable":true,"href":"https:\/\/www.federassantas.org.br\/novosite\/wp-json\/wp\/v2\/users\/1"}],"replies":[{"embeddable":true,"href":"https:\/\/www.federassantas.org.br\/novosite\/wp-json\/wp\/v2\/comments?post=13771"}],"version-history":[{"count":0,"href":"https:\/\/www.federassantas.org.br\/novosite\/wp-json\/wp\/v2\/posts\/13771\/revisions"}],"wp:attachment":[{"href":"https:\/\/www.federassantas.org.br\/novosite\/wp-json\/wp\/v2\/media?parent=13771"}],"wp:term":[{"taxonomy":"category","embeddable":true,"href":"https:\/\/www.federassantas.org.br\/novosite\/wp-json\/wp\/v2\/categories?post=13771"},{"taxonomy":"post_tag","embeddable":true,"href":"https:\/\/www.federassantas.org.br\/novosite\/wp-json\/wp\/v2\/tags?post=13771"}],"curies":[{"name":"wp","href":"https:\/\/api.w.org\/{rel}","templated":true}]}}