{"id":13794,"date":"2018-08-28T18:10:59","date_gmt":"2018-08-28T21:10:59","guid":{"rendered":"https:\/\/federasbackup.meltcomunicacao.com.br\/?p=13794"},"modified":"2018-08-28T18:10:59","modified_gmt":"2018-08-28T21:10:59","slug":"ministerio-da-saude-lanca-servico-de-combate-a-fake-news","status":"publish","type":"post","link":"https:\/\/www.federassantas.org.br\/novosite\/ministerio-da-saude-lanca-servico-de-combate-a-fake-news\/","title":{"rendered":"Minist\u00e9rio da Sa\u00fade lan\u00e7a servi\u00e7o de combate \u00e0 Fake News"},"content":{"rendered":"<p style=\"text-align: justify;\"><em>Canal no WhatsApp possibilitar\u00e1 que a popula\u00e7\u00e3o consulte se a not\u00edcia que recebeu nas redes sociais \u00e9 verdadeira ou falsa<\/em><\/p>\n<p style=\"text-align: justify;\">Para combater as Fake News sobre sa\u00fade, o Minist\u00e9rio da Sa\u00fade, de forma inovadora, abre mais um canal de comunica\u00e7\u00e3o com a popula\u00e7\u00e3o. Qualquer cidad\u00e3o brasileiro poder\u00e1 adicionar gratuitamente no celular o WhatsApp do Minist\u00e9rio da Sa\u00fade \u2014 (61) 99289-4640. Ele servir\u00e1 exclusivamente para verificar com os profissionais de sa\u00fade nas \u00e1reas t\u00e9cnicas da Pasta se um texto ou imagem que circula nas redes sociais \u00e9 verdadeiro ou falso. Ou seja, \u00e9 um canal exclusivo e oficial para desmascarar as not\u00edcias falsas e certificar as verdadeiras.<\/p>\n<p>Para mais informa\u00e7\u00f5es acesse:\u00a0<a href=\"http:\/\/portalms.saude.gov.br\/noticias\/agencia-saude\/44139-ministerio-da-saude-lanca-servico-de-combate-a-fake-news\">http:\/\/portalms.saude.gov.br\/noticias\/agencia-saude\/44139-ministerio-da-saude-lanca-servico-de-combate-a-fake-news<\/a><\/p>\n<p>Fonte: <a href=\"http:\/\/portalms.saude.gov.br\/noticias\/agencia-saude\/44139-ministerio-da-saude-lanca-servico-de-combate-a-fake-news\">Ag\u00eancia Sa\u00fade<\/a><\/p>\n","protected":false},"excerpt":{"rendered":"<p>Canal no WhatsApp possibilitar\u00e1 que a popula\u00e7\u00e3o consulte se a not\u00edcia que recebeu nas redes sociais \u00e9 verdadeira ou falsa Para combater as Fake News sobre sa\u00fade, o Minist\u00e9rio da Sa\u00fade, de forma inovadora, abre mais um canal de comunica\u00e7\u00e3o com a popula\u00e7\u00e3o. Qualquer cidad\u00e3o brasileiro poder\u00e1 adicionar gratuitamente no celular o WhatsApp do Minist\u00e9rio [&hellip;]<\/p>\n","protected":false},"author":1,"featured_media":13795,"comment_status":"open","ping_status":"open","sticky":false,"template":"","format":"standard","meta":{"footnotes":""},"categories":[140,143],"tags":[],"class_list":["post-13794","post","type-post","status-publish","format-standard","has-post-thumbnail","hentry","category-noticias","category-noticias-publicas"],"yoast_head":"<!-- This site is optimized with the Yoast SEO plugin v26.9 - https:\/\/yoast.com\/product\/yoast-seo-wordpress\/ -->\n<title>Minist\u00e9rio da Sa\u00fade lan\u00e7a servi\u00e7o de combate \u00e0 Fake News - Federassantas<\/title>\n<meta name=\"robots\" content=\"index, follow, max-snippet:-1, max-image-preview:large, max-video-preview:-1\" \/>\n<link rel=\"canonical\" href=\"https:\/\/www.federassantas.org.br\/novosite\/ministerio-da-saude-lanca-servico-de-combate-a-fake-news\/\" \/>\n<meta property=\"og:locale\" content=\"pt_BR\" \/>\n<meta property=\"og:type\" content=\"article\" \/>\n<meta property=\"og:title\" content=\"Minist\u00e9rio da Sa\u00fade lan\u00e7a servi\u00e7o de combate \u00e0 Fake News - Federassantas\" \/>\n<meta property=\"og:description\" content=\"Canal no WhatsApp possibilitar\u00e1 que a popula\u00e7\u00e3o consulte se a not\u00edcia que recebeu nas redes sociais \u00e9 verdadeira ou falsa Para combater as Fake News sobre sa\u00fade, o Minist\u00e9rio da Sa\u00fade, de forma inovadora, abre mais um canal de comunica\u00e7\u00e3o com a popula\u00e7\u00e3o. Qualquer cidad\u00e3o brasileiro poder\u00e1 adicionar gratuitamente no celular o WhatsApp do Minist\u00e9rio [&hellip;]\" \/>\n<meta property=\"og:url\" content=\"https:\/\/www.federassantas.org.br\/novosite\/ministerio-da-saude-lanca-servico-de-combate-a-fake-news\/\" \/>\n<meta property=\"og:site_name\" content=\"Federassantas\" \/>\n<meta property=\"article:published_time\" content=\"2018-08-28T21:10:59+00:00\" \/>\n<meta name=\"author\" content=\"admin-federas\" \/>\n<meta name=\"twitter:card\" content=\"summary_large_image\" \/>\n<meta name=\"twitter:label1\" content=\"Escrito por\" \/>\n\t<meta name=\"twitter:data1\" content=\"admin-federas\" \/>\n\t<meta name=\"twitter:label2\" content=\"Est. tempo de leitura\" \/>\n\t<meta name=\"twitter:data2\" content=\"1 minuto\" \/>\n<script type=\"application\/ld+json\" class=\"yoast-schema-graph\">{\"@context\":\"https:\/\/schema.org\",\"@graph\":[{\"@type\":\"Article\",\"@id\":\"https:\/\/www.federassantas.org.br\/novosite\/ministerio-da-saude-lanca-servico-de-combate-a-fake-news\/#article\",\"isPartOf\":{\"@id\":\"https:\/\/www.federassantas.org.br\/novosite\/ministerio-da-saude-lanca-servico-de-combate-a-fake-news\/\"},\"author\":{\"name\":\"admin-federas\",\"@id\":\"https:\/\/www.federassantas.org.br\/novosite\/#\/schema\/person\/75fed98158349313fe56175f232f513c\"},\"headline\":\"Minist\u00e9rio da Sa\u00fade lan\u00e7a servi\u00e7o de combate \u00e0 Fake News\",\"datePublished\":\"2018-08-28T21:10:59+00:00\",\"mainEntityOfPage\":{\"@id\":\"https:\/\/www.federassantas.org.br\/novosite\/ministerio-da-saude-lanca-servico-de-combate-a-fake-news\/\"},\"wordCount\":145,\"commentCount\":0,\"publisher\":{\"@id\":\"https:\/\/www.federassantas.org.br\/novosite\/#organization\"},\"image\":{\"@id\":\"https:\/\/www.federassantas.org.br\/novosite\/ministerio-da-saude-lanca-servico-de-combate-a-fake-news\/#primaryimage\"},\"thumbnailUrl\":\"\",\"articleSection\":[\"Not\u00edcias\",\"Not\u00edcias P\u00fablicas\"],\"inLanguage\":\"pt-BR\",\"potentialAction\":[{\"@type\":\"CommentAction\",\"name\":\"Comment\",\"target\":[\"https:\/\/www.federassantas.org.br\/novosite\/ministerio-da-saude-lanca-servico-de-combate-a-fake-news\/#respond\"]}]},{\"@type\":\"WebPage\",\"@id\":\"https:\/\/www.federassantas.org.br\/novosite\/ministerio-da-saude-lanca-servico-de-combate-a-fake-news\/\",\"url\":\"https:\/\/www.federassantas.org.br\/novosite\/ministerio-da-saude-lanca-servico-de-combate-a-fake-news\/\",\"name\":\"Minist\u00e9rio da Sa\u00fade lan\u00e7a servi\u00e7o de combate \u00e0 Fake News - Federassantas\",\"isPartOf\":{\"@id\":\"https:\/\/www.federassantas.org.br\/novosite\/#website\"},\"primaryImageOfPage\":{\"@id\":\"https:\/\/www.federassantas.org.br\/novosite\/ministerio-da-saude-lanca-servico-de-combate-a-fake-news\/#primaryimage\"},\"image\":{\"@id\":\"https:\/\/www.federassantas.org.br\/novosite\/ministerio-da-saude-lanca-servico-de-combate-a-fake-news\/#primaryimage\"},\"thumbnailUrl\":\"\",\"datePublished\":\"2018-08-28T21:10:59+00:00\",\"breadcrumb\":{\"@id\":\"https:\/\/www.federassantas.org.br\/novosite\/ministerio-da-saude-lanca-servico-de-combate-a-fake-news\/#breadcrumb\"},\"inLanguage\":\"pt-BR\",\"potentialAction\":[{\"@type\":\"ReadAction\",\"target\":[\"https:\/\/www.federassantas.org.br\/novosite\/ministerio-da-saude-lanca-servico-de-combate-a-fake-news\/\"]}]},{\"@type\":\"ImageObject\",\"inLanguage\":\"pt-BR\",\"@id\":\"https:\/\/www.federassantas.org.br\/novosite\/ministerio-da-saude-lanca-servico-de-combate-a-fake-news\/#primaryimage\",\"url\":\"\",\"contentUrl\":\"\"},{\"@type\":\"BreadcrumbList\",\"@id\":\"https:\/\/www.federassantas.org.br\/novosite\/ministerio-da-saude-lanca-servico-de-combate-a-fake-news\/#breadcrumb\",\"itemListElement\":[{\"@type\":\"ListItem\",\"position\":1,\"name\":\"In\u00edcio\",\"item\":\"https:\/\/www.federassantas.org.br\/novosite\/\"},{\"@type\":\"ListItem\",\"position\":2,\"name\":\"Minist\u00e9rio da Sa\u00fade lan\u00e7a servi\u00e7o de combate \u00e0 Fake News\"}]},{\"@type\":\"WebSite\",\"@id\":\"https:\/\/www.federassantas.org.br\/novosite\/#website\",\"url\":\"https:\/\/www.federassantas.org.br\/novosite\/\",\"name\":\"Federassantas\",\"description\":\"Entidade de representa\u00e7\u00e3o e fortalecimento das Santas Casas, hospitais filantr\u00f3picos e entidades beneficentes de sa\u00fade de Minas Gerais, atuando na defesa institucional, qualifica\u00e7\u00e3o da gest\u00e3o e sustentabilidade do setor.\",\"publisher\":{\"@id\":\"https:\/\/www.federassantas.org.br\/novosite\/#organization\"},\"potentialAction\":[{\"@type\":\"SearchAction\",\"target\":{\"@type\":\"EntryPoint\",\"urlTemplate\":\"https:\/\/www.federassantas.org.br\/novosite\/?s={search_term_string}\"},\"query-input\":{\"@type\":\"PropertyValueSpecification\",\"valueRequired\":true,\"valueName\":\"search_term_string\"}}],\"inLanguage\":\"pt-BR\"},{\"@type\":\"Organization\",\"@id\":\"https:\/\/www.federassantas.org.br\/novosite\/#organization\",\"name\":\"Federassantas\",\"url\":\"https:\/\/www.federassantas.org.br\/novosite\/\",\"logo\":{\"@type\":\"ImageObject\",\"inLanguage\":\"pt-BR\",\"@id\":\"https:\/\/www.federassantas.org.br\/novosite\/#\/schema\/logo\/image\/\",\"url\":\"https:\/\/www.federassantas.org.br\/novosite\/wp-content\/uploads\/2021\/12\/logo.png\",\"contentUrl\":\"https:\/\/www.federassantas.org.br\/novosite\/wp-content\/uploads\/2021\/12\/logo.png\",\"width\":243,\"height\":59,\"caption\":\"Federassantas\"},\"image\":{\"@id\":\"https:\/\/www.federassantas.org.br\/novosite\/#\/schema\/logo\/image\/\"}},{\"@type\":\"Person\",\"@id\":\"https:\/\/www.federassantas.org.br\/novosite\/#\/schema\/person\/75fed98158349313fe56175f232f513c\",\"name\":\"admin-federas\",\"image\":{\"@type\":\"ImageObject\",\"inLanguage\":\"pt-BR\",\"@id\":\"https:\/\/www.federassantas.org.br\/novosite\/#\/schema\/person\/image\/\",\"url\":\"https:\/\/secure.gravatar.com\/avatar\/2a02d7dda59fe8dc6b7ffd3f652e2efede5ccf0dd89dfdc8137c5517f3de8407?s=96&d=mm&r=g\",\"contentUrl\":\"https:\/\/secure.gravatar.com\/avatar\/2a02d7dda59fe8dc6b7ffd3f652e2efede5ccf0dd89dfdc8137c5517f3de8407?s=96&d=mm&r=g\",\"caption\":\"admin-federas\"},\"sameAs\":[\"https:\/\/www.federassantas.org.br\/novosite\/\"],\"url\":\"https:\/\/www.federassantas.org.br\/novosite\/author\/admin-federas\/\"}]}<\/script>\n<!-- \/ Yoast SEO plugin. -->","yoast_head_json":{"title":"Minist\u00e9rio da Sa\u00fade lan\u00e7a servi\u00e7o de combate \u00e0 Fake News - Federassantas","robots":{"index":"index","follow":"follow","max-snippet":"max-snippet:-1","max-image-preview":"max-image-preview:large","max-video-preview":"max-video-preview:-1"},"canonical":"https:\/\/www.federassantas.org.br\/novosite\/ministerio-da-saude-lanca-servico-de-combate-a-fake-news\/","og_locale":"pt_BR","og_type":"article","og_title":"Minist\u00e9rio da Sa\u00fade lan\u00e7a servi\u00e7o de combate \u00e0 Fake News - Federassantas","og_description":"Canal no WhatsApp possibilitar\u00e1 que a popula\u00e7\u00e3o consulte se a not\u00edcia que recebeu nas redes sociais \u00e9 verdadeira ou falsa Para combater as Fake News sobre sa\u00fade, o Minist\u00e9rio da Sa\u00fade, de forma inovadora, abre mais um canal de comunica\u00e7\u00e3o com a popula\u00e7\u00e3o. Qualquer cidad\u00e3o brasileiro poder\u00e1 adicionar gratuitamente no celular o WhatsApp do Minist\u00e9rio [&hellip;]","og_url":"https:\/\/www.federassantas.org.br\/novosite\/ministerio-da-saude-lanca-servico-de-combate-a-fake-news\/","og_site_name":"Federassantas","article_published_time":"2018-08-28T21:10:59+00:00","author":"admin-federas","twitter_card":"summary_large_image","twitter_misc":{"Escrito por":"admin-federas","Est. tempo de leitura":"1 minuto"},"schema":{"@context":"https:\/\/schema.org","@graph":[{"@type":"Article","@id":"https:\/\/www.federassantas.org.br\/novosite\/ministerio-da-saude-lanca-servico-de-combate-a-fake-news\/#article","isPartOf":{"@id":"https:\/\/www.federassantas.org.br\/novosite\/ministerio-da-saude-lanca-servico-de-combate-a-fake-news\/"},"author":{"name":"admin-federas","@id":"https:\/\/www.federassantas.org.br\/novosite\/#\/schema\/person\/75fed98158349313fe56175f232f513c"},"headline":"Minist\u00e9rio da Sa\u00fade lan\u00e7a servi\u00e7o de combate \u00e0 Fake News","datePublished":"2018-08-28T21:10:59+00:00","mainEntityOfPage":{"@id":"https:\/\/www.federassantas.org.br\/novosite\/ministerio-da-saude-lanca-servico-de-combate-a-fake-news\/"},"wordCount":145,"commentCount":0,"publisher":{"@id":"https:\/\/www.federassantas.org.br\/novosite\/#organization"},"image":{"@id":"https:\/\/www.federassantas.org.br\/novosite\/ministerio-da-saude-lanca-servico-de-combate-a-fake-news\/#primaryimage"},"thumbnailUrl":"","articleSection":["Not\u00edcias","Not\u00edcias P\u00fablicas"],"inLanguage":"pt-BR","potentialAction":[{"@type":"CommentAction","name":"Comment","target":["https:\/\/www.federassantas.org.br\/novosite\/ministerio-da-saude-lanca-servico-de-combate-a-fake-news\/#respond"]}]},{"@type":"WebPage","@id":"https:\/\/www.federassantas.org.br\/novosite\/ministerio-da-saude-lanca-servico-de-combate-a-fake-news\/","url":"https:\/\/www.federassantas.org.br\/novosite\/ministerio-da-saude-lanca-servico-de-combate-a-fake-news\/","name":"Minist\u00e9rio da Sa\u00fade lan\u00e7a servi\u00e7o de combate \u00e0 Fake News - Federassantas","isPartOf":{"@id":"https:\/\/www.federassantas.org.br\/novosite\/#website"},"primaryImageOfPage":{"@id":"https:\/\/www.federassantas.org.br\/novosite\/ministerio-da-saude-lanca-servico-de-combate-a-fake-news\/#primaryimage"},"image":{"@id":"https:\/\/www.federassantas.org.br\/novosite\/ministerio-da-saude-lanca-servico-de-combate-a-fake-news\/#primaryimage"},"thumbnailUrl":"","datePublished":"2018-08-28T21:10:59+00:00","breadcrumb":{"@id":"https:\/\/www.federassantas.org.br\/novosite\/ministerio-da-saude-lanca-servico-de-combate-a-fake-news\/#breadcrumb"},"inLanguage":"pt-BR","potentialAction":[{"@type":"ReadAction","target":["https:\/\/www.federassantas.org.br\/novosite\/ministerio-da-saude-lanca-servico-de-combate-a-fake-news\/"]}]},{"@type":"ImageObject","inLanguage":"pt-BR","@id":"https:\/\/www.federassantas.org.br\/novosite\/ministerio-da-saude-lanca-servico-de-combate-a-fake-news\/#primaryimage","url":"","contentUrl":""},{"@type":"BreadcrumbList","@id":"https:\/\/www.federassantas.org.br\/novosite\/ministerio-da-saude-lanca-servico-de-combate-a-fake-news\/#breadcrumb","itemListElement":[{"@type":"ListItem","position":1,"name":"In\u00edcio","item":"https:\/\/www.federassantas.org.br\/novosite\/"},{"@type":"ListItem","position":2,"name":"Minist\u00e9rio da Sa\u00fade lan\u00e7a servi\u00e7o de combate \u00e0 Fake News"}]},{"@type":"WebSite","@id":"https:\/\/www.federassantas.org.br\/novosite\/#website","url":"https:\/\/www.federassantas.org.br\/novosite\/","name":"Federassantas","description":"Entidade de representa\u00e7\u00e3o e fortalecimento das Santas Casas, hospitais filantr\u00f3picos e entidades beneficentes de sa\u00fade de Minas Gerais, atuando na defesa institucional, qualifica\u00e7\u00e3o da gest\u00e3o e sustentabilidade do setor.","publisher":{"@id":"https:\/\/www.federassantas.org.br\/novosite\/#organization"},"potentialAction":[{"@type":"SearchAction","target":{"@type":"EntryPoint","urlTemplate":"https:\/\/www.federassantas.org.br\/novosite\/?s={search_term_string}"},"query-input":{"@type":"PropertyValueSpecification","valueRequired":true,"valueName":"search_term_string"}}],"inLanguage":"pt-BR"},{"@type":"Organization","@id":"https:\/\/www.federassantas.org.br\/novosite\/#organization","name":"Federassantas","url":"https:\/\/www.federassantas.org.br\/novosite\/","logo":{"@type":"ImageObject","inLanguage":"pt-BR","@id":"https:\/\/www.federassantas.org.br\/novosite\/#\/schema\/logo\/image\/","url":"https:\/\/www.federassantas.org.br\/novosite\/wp-content\/uploads\/2021\/12\/logo.png","contentUrl":"https:\/\/www.federassantas.org.br\/novosite\/wp-content\/uploads\/2021\/12\/logo.png","width":243,"height":59,"caption":"Federassantas"},"image":{"@id":"https:\/\/www.federassantas.org.br\/novosite\/#\/schema\/logo\/image\/"}},{"@type":"Person","@id":"https:\/\/www.federassantas.org.br\/novosite\/#\/schema\/person\/75fed98158349313fe56175f232f513c","name":"admin-federas","image":{"@type":"ImageObject","inLanguage":"pt-BR","@id":"https:\/\/www.federassantas.org.br\/novosite\/#\/schema\/person\/image\/","url":"https:\/\/secure.gravatar.com\/avatar\/2a02d7dda59fe8dc6b7ffd3f652e2efede5ccf0dd89dfdc8137c5517f3de8407?s=96&d=mm&r=g","contentUrl":"https:\/\/secure.gravatar.com\/avatar\/2a02d7dda59fe8dc6b7ffd3f652e2efede5ccf0dd89dfdc8137c5517f3de8407?s=96&d=mm&r=g","caption":"admin-federas"},"sameAs":["https:\/\/www.federassantas.org.br\/novosite\/"],"url":"https:\/\/www.federassantas.org.br\/novosite\/author\/admin-federas\/"}]}},"_links":{"self":[{"href":"https:\/\/www.federassantas.org.br\/novosite\/wp-json\/wp\/v2\/posts\/13794","targetHints":{"allow":["GET"]}}],"collection":[{"href":"https:\/\/www.federassantas.org.br\/novosite\/wp-json\/wp\/v2\/posts"}],"about":[{"href":"https:\/\/www.federassantas.org.br\/novosite\/wp-json\/wp\/v2\/types\/post"}],"author":[{"embeddable":true,"href":"https:\/\/www.federassantas.org.br\/novosite\/wp-json\/wp\/v2\/users\/1"}],"replies":[{"embeddable":true,"href":"https:\/\/www.federassantas.org.br\/novosite\/wp-json\/wp\/v2\/comments?post=13794"}],"version-history":[{"count":0,"href":"https:\/\/www.federassantas.org.br\/novosite\/wp-json\/wp\/v2\/posts\/13794\/revisions"}],"wp:attachment":[{"href":"https:\/\/www.federassantas.org.br\/novosite\/wp-json\/wp\/v2\/media?parent=13794"}],"wp:term":[{"taxonomy":"category","embeddable":true,"href":"https:\/\/www.federassantas.org.br\/novosite\/wp-json\/wp\/v2\/categories?post=13794"},{"taxonomy":"post_tag","embeddable":true,"href":"https:\/\/www.federassantas.org.br\/novosite\/wp-json\/wp\/v2\/tags?post=13794"}],"curies":[{"name":"wp","href":"https:\/\/api.w.org\/{rel}","templated":true}]}}