{"id":13807,"date":"2018-08-29T16:35:04","date_gmt":"2018-08-29T19:35:04","guid":{"rendered":"https:\/\/federasbackup.meltcomunicacao.com.br\/?p=13807"},"modified":"2018-08-29T16:35:04","modified_gmt":"2018-08-29T19:35:04","slug":"calamidade-financeira-de-mg-deixa-saude-publica-proxima-de-colapso","status":"publish","type":"post","link":"https:\/\/www.federassantas.org.br\/novosite\/calamidade-financeira-de-mg-deixa-saude-publica-proxima-de-colapso\/","title":{"rendered":"Calamidade financeira de MG deixa sa\u00fade p\u00fablica pr\u00f3xima de colapso"},"content":{"rendered":"<p style=\"text-align: justify;\">S\u00e3o nas filas dos hospitais, unidades de pronto atendimento e farm\u00e1cias populares que a crise financeira de Minas Gerais mostra seu lado mais perverso. Com atrasos em repasses que ultrapassam R$ 4 bilh\u00f5es, nos \u00faltimos dois anos a \u00e1rea da sa\u00fade chegou pr\u00f3xima ao colapso.\u00a0Os problemas do setor s\u00e3o constatados pelos principais candidatos a governadores do estado, que citam em seus planos de governo a necessidade de melhora urgente na qualidade do servi\u00e7o prestado \u00e1 popula\u00e7\u00e3o. No entanto, para emplacar suas propostas e reverter o quadro ca\u00f3tico, os candidatos admitem que \u00e9 preciso primeiro equilibrar a situa\u00e7\u00e3o fiscal mineira.<\/p>\n<p style=\"text-align: justify;\">Cerca de 70% dos atendimentos no Sistema \u00danico de Sa\u00fade (SUS) do estado acontecem nos 300 hospitais filantr\u00f3picos espalhados por Minas, que j\u00e1 acumulam uma d\u00edvida superior a R$ 1 bilh\u00e3o \u2013 dinheiro que deveria ter sido repassado pelo governo estadual. No ano passado, a Federassantas entrou com uma a\u00e7\u00e3o civil p\u00fablica cobrando os repasses, alegando que o \u201csucateamento continuo do setor poderia levar ao colapso no atendimento p\u00fablico\u201d.<\/p>\n<p style=\"text-align: justify;\">Para a presidente da Federa\u00e7\u00e3o dos Hospitais Filantr\u00f3picos de Minas Gerais, o principal compromisso que os candidatos deveriam assumir durante a campanha era de \u201ctratar a sa\u00fade com a seriedade que o setor exige\u201d. \u201cN\u00e3o d\u00e1 mais para termos indica\u00e7\u00f5es pol\u00edticas partid\u00e1rias nos cargos da sa\u00fade. Nessa \u00e1rea n\u00e3o d\u00e1 para ter amador. Colocar apadrinhados pol\u00edticos que n\u00e3o tem conhecimento t\u00e9cnico em cargos de decis\u00e3o \u00e9 um desastre para a sa\u00fade p\u00fablica\u201d, opina K\u00e1tia Rocha.<\/p>\n<p>Leia na \u00edntegra:\u00a0<a href=\"https:\/\/br.noticias.yahoo.com\/calamidade-financeira-de-mg-deixa-saude-publica-proxima-de-colapso-143833596.html\">https:\/\/br.noticias.yahoo.com\/calamidade-financeira-de-mg-deixa-saude-publica-proxima-de-colapso-143833596.html<\/a><\/p>\n<p>Fonte: <a href=\"https:\/\/br.noticias.yahoo.com\/calamidade-financeira-de-mg-deixa-saude-publica-proxima-de-colapso-143833596.html\">Yahoo Not\u00edcias<\/a> &#8211; Rep\u00f3rter Marcelo Coelho<\/p>\n","protected":false},"excerpt":{"rendered":"<p>S\u00e3o nas filas dos hospitais, unidades de pronto atendimento e farm\u00e1cias populares que a crise financeira de Minas Gerais mostra seu lado mais perverso. Com atrasos em repasses que ultrapassam R$ 4 bilh\u00f5es, nos \u00faltimos dois anos a \u00e1rea da sa\u00fade chegou pr\u00f3xima ao colapso.\u00a0Os problemas do setor s\u00e3o constatados pelos principais candidatos a governadores [&hellip;]<\/p>\n","protected":false},"author":1,"featured_media":13810,"comment_status":"open","ping_status":"open","sticky":false,"template":"","format":"standard","meta":{"footnotes":""},"categories":[140,143],"tags":[],"class_list":["post-13807","post","type-post","status-publish","format-standard","has-post-thumbnail","hentry","category-noticias","category-noticias-publicas"],"yoast_head":"<!-- This site is optimized with the Yoast SEO plugin v26.9 - https:\/\/yoast.com\/product\/yoast-seo-wordpress\/ -->\n<title>Calamidade financeira de MG deixa sa\u00fade p\u00fablica pr\u00f3xima de colapso - Federassantas<\/title>\n<meta name=\"robots\" content=\"index, follow, max-snippet:-1, max-image-preview:large, max-video-preview:-1\" \/>\n<link rel=\"canonical\" href=\"https:\/\/www.federassantas.org.br\/novosite\/calamidade-financeira-de-mg-deixa-saude-publica-proxima-de-colapso\/\" \/>\n<meta property=\"og:locale\" content=\"pt_BR\" \/>\n<meta property=\"og:type\" content=\"article\" \/>\n<meta property=\"og:title\" content=\"Calamidade financeira de MG deixa sa\u00fade p\u00fablica pr\u00f3xima de colapso - Federassantas\" \/>\n<meta property=\"og:description\" content=\"S\u00e3o nas filas dos hospitais, unidades de pronto atendimento e farm\u00e1cias populares que a crise financeira de Minas Gerais mostra seu lado mais perverso. Com atrasos em repasses que ultrapassam R$ 4 bilh\u00f5es, nos \u00faltimos dois anos a \u00e1rea da sa\u00fade chegou pr\u00f3xima ao colapso.\u00a0Os problemas do setor s\u00e3o constatados pelos principais candidatos a governadores [&hellip;]\" \/>\n<meta property=\"og:url\" content=\"https:\/\/www.federassantas.org.br\/novosite\/calamidade-financeira-de-mg-deixa-saude-publica-proxima-de-colapso\/\" \/>\n<meta property=\"og:site_name\" content=\"Federassantas\" \/>\n<meta property=\"article:published_time\" content=\"2018-08-29T19:35:04+00:00\" \/>\n<meta name=\"author\" content=\"admin-federas\" \/>\n<meta name=\"twitter:card\" content=\"summary_large_image\" \/>\n<meta name=\"twitter:label1\" content=\"Escrito por\" \/>\n\t<meta name=\"twitter:data1\" content=\"admin-federas\" \/>\n\t<meta name=\"twitter:label2\" content=\"Est. tempo de leitura\" \/>\n\t<meta name=\"twitter:data2\" content=\"1 minuto\" \/>\n<script type=\"application\/ld+json\" class=\"yoast-schema-graph\">{\"@context\":\"https:\/\/schema.org\",\"@graph\":[{\"@type\":\"Article\",\"@id\":\"https:\/\/www.federassantas.org.br\/novosite\/calamidade-financeira-de-mg-deixa-saude-publica-proxima-de-colapso\/#article\",\"isPartOf\":{\"@id\":\"https:\/\/www.federassantas.org.br\/novosite\/calamidade-financeira-de-mg-deixa-saude-publica-proxima-de-colapso\/\"},\"author\":{\"name\":\"admin-federas\",\"@id\":\"https:\/\/www.federassantas.org.br\/novosite\/#\/schema\/person\/75fed98158349313fe56175f232f513c\"},\"headline\":\"Calamidade financeira de MG deixa sa\u00fade p\u00fablica pr\u00f3xima de colapso\",\"datePublished\":\"2018-08-29T19:35:04+00:00\",\"mainEntityOfPage\":{\"@id\":\"https:\/\/www.federassantas.org.br\/novosite\/calamidade-financeira-de-mg-deixa-saude-publica-proxima-de-colapso\/\"},\"wordCount\":301,\"commentCount\":0,\"publisher\":{\"@id\":\"https:\/\/www.federassantas.org.br\/novosite\/#organization\"},\"image\":{\"@id\":\"https:\/\/www.federassantas.org.br\/novosite\/calamidade-financeira-de-mg-deixa-saude-publica-proxima-de-colapso\/#primaryimage\"},\"thumbnailUrl\":\"\",\"articleSection\":[\"Not\u00edcias\",\"Not\u00edcias P\u00fablicas\"],\"inLanguage\":\"pt-BR\",\"potentialAction\":[{\"@type\":\"CommentAction\",\"name\":\"Comment\",\"target\":[\"https:\/\/www.federassantas.org.br\/novosite\/calamidade-financeira-de-mg-deixa-saude-publica-proxima-de-colapso\/#respond\"]}]},{\"@type\":\"WebPage\",\"@id\":\"https:\/\/www.federassantas.org.br\/novosite\/calamidade-financeira-de-mg-deixa-saude-publica-proxima-de-colapso\/\",\"url\":\"https:\/\/www.federassantas.org.br\/novosite\/calamidade-financeira-de-mg-deixa-saude-publica-proxima-de-colapso\/\",\"name\":\"Calamidade financeira de MG deixa sa\u00fade p\u00fablica pr\u00f3xima de colapso - Federassantas\",\"isPartOf\":{\"@id\":\"https:\/\/www.federassantas.org.br\/novosite\/#website\"},\"primaryImageOfPage\":{\"@id\":\"https:\/\/www.federassantas.org.br\/novosite\/calamidade-financeira-de-mg-deixa-saude-publica-proxima-de-colapso\/#primaryimage\"},\"image\":{\"@id\":\"https:\/\/www.federassantas.org.br\/novosite\/calamidade-financeira-de-mg-deixa-saude-publica-proxima-de-colapso\/#primaryimage\"},\"thumbnailUrl\":\"\",\"datePublished\":\"2018-08-29T19:35:04+00:00\",\"breadcrumb\":{\"@id\":\"https:\/\/www.federassantas.org.br\/novosite\/calamidade-financeira-de-mg-deixa-saude-publica-proxima-de-colapso\/#breadcrumb\"},\"inLanguage\":\"pt-BR\",\"potentialAction\":[{\"@type\":\"ReadAction\",\"target\":[\"https:\/\/www.federassantas.org.br\/novosite\/calamidade-financeira-de-mg-deixa-saude-publica-proxima-de-colapso\/\"]}]},{\"@type\":\"ImageObject\",\"inLanguage\":\"pt-BR\",\"@id\":\"https:\/\/www.federassantas.org.br\/novosite\/calamidade-financeira-de-mg-deixa-saude-publica-proxima-de-colapso\/#primaryimage\",\"url\":\"\",\"contentUrl\":\"\"},{\"@type\":\"BreadcrumbList\",\"@id\":\"https:\/\/www.federassantas.org.br\/novosite\/calamidade-financeira-de-mg-deixa-saude-publica-proxima-de-colapso\/#breadcrumb\",\"itemListElement\":[{\"@type\":\"ListItem\",\"position\":1,\"name\":\"In\u00edcio\",\"item\":\"https:\/\/www.federassantas.org.br\/novosite\/\"},{\"@type\":\"ListItem\",\"position\":2,\"name\":\"Calamidade financeira de MG deixa sa\u00fade p\u00fablica pr\u00f3xima de colapso\"}]},{\"@type\":\"WebSite\",\"@id\":\"https:\/\/www.federassantas.org.br\/novosite\/#website\",\"url\":\"https:\/\/www.federassantas.org.br\/novosite\/\",\"name\":\"Federassantas\",\"description\":\"Entidade de representa\u00e7\u00e3o e fortalecimento das Santas Casas, hospitais filantr\u00f3picos e entidades beneficentes de sa\u00fade de Minas Gerais, atuando na defesa institucional, qualifica\u00e7\u00e3o da gest\u00e3o e sustentabilidade do setor.\",\"publisher\":{\"@id\":\"https:\/\/www.federassantas.org.br\/novosite\/#organization\"},\"potentialAction\":[{\"@type\":\"SearchAction\",\"target\":{\"@type\":\"EntryPoint\",\"urlTemplate\":\"https:\/\/www.federassantas.org.br\/novosite\/?s={search_term_string}\"},\"query-input\":{\"@type\":\"PropertyValueSpecification\",\"valueRequired\":true,\"valueName\":\"search_term_string\"}}],\"inLanguage\":\"pt-BR\"},{\"@type\":\"Organization\",\"@id\":\"https:\/\/www.federassantas.org.br\/novosite\/#organization\",\"name\":\"Federassantas\",\"url\":\"https:\/\/www.federassantas.org.br\/novosite\/\",\"logo\":{\"@type\":\"ImageObject\",\"inLanguage\":\"pt-BR\",\"@id\":\"https:\/\/www.federassantas.org.br\/novosite\/#\/schema\/logo\/image\/\",\"url\":\"https:\/\/www.federassantas.org.br\/novosite\/wp-content\/uploads\/2021\/12\/logo.png\",\"contentUrl\":\"https:\/\/www.federassantas.org.br\/novosite\/wp-content\/uploads\/2021\/12\/logo.png\",\"width\":243,\"height\":59,\"caption\":\"Federassantas\"},\"image\":{\"@id\":\"https:\/\/www.federassantas.org.br\/novosite\/#\/schema\/logo\/image\/\"}},{\"@type\":\"Person\",\"@id\":\"https:\/\/www.federassantas.org.br\/novosite\/#\/schema\/person\/75fed98158349313fe56175f232f513c\",\"name\":\"admin-federas\",\"image\":{\"@type\":\"ImageObject\",\"inLanguage\":\"pt-BR\",\"@id\":\"https:\/\/www.federassantas.org.br\/novosite\/#\/schema\/person\/image\/\",\"url\":\"https:\/\/secure.gravatar.com\/avatar\/2a02d7dda59fe8dc6b7ffd3f652e2efede5ccf0dd89dfdc8137c5517f3de8407?s=96&d=mm&r=g\",\"contentUrl\":\"https:\/\/secure.gravatar.com\/avatar\/2a02d7dda59fe8dc6b7ffd3f652e2efede5ccf0dd89dfdc8137c5517f3de8407?s=96&d=mm&r=g\",\"caption\":\"admin-federas\"},\"sameAs\":[\"https:\/\/www.federassantas.org.br\/novosite\/\"],\"url\":\"https:\/\/www.federassantas.org.br\/novosite\/author\/admin-federas\/\"}]}<\/script>\n<!-- \/ Yoast SEO plugin. -->","yoast_head_json":{"title":"Calamidade financeira de MG deixa sa\u00fade p\u00fablica pr\u00f3xima de colapso - Federassantas","robots":{"index":"index","follow":"follow","max-snippet":"max-snippet:-1","max-image-preview":"max-image-preview:large","max-video-preview":"max-video-preview:-1"},"canonical":"https:\/\/www.federassantas.org.br\/novosite\/calamidade-financeira-de-mg-deixa-saude-publica-proxima-de-colapso\/","og_locale":"pt_BR","og_type":"article","og_title":"Calamidade financeira de MG deixa sa\u00fade p\u00fablica pr\u00f3xima de colapso - Federassantas","og_description":"S\u00e3o nas filas dos hospitais, unidades de pronto atendimento e farm\u00e1cias populares que a crise financeira de Minas Gerais mostra seu lado mais perverso. Com atrasos em repasses que ultrapassam R$ 4 bilh\u00f5es, nos \u00faltimos dois anos a \u00e1rea da sa\u00fade chegou pr\u00f3xima ao colapso.\u00a0Os problemas do setor s\u00e3o constatados pelos principais candidatos a governadores [&hellip;]","og_url":"https:\/\/www.federassantas.org.br\/novosite\/calamidade-financeira-de-mg-deixa-saude-publica-proxima-de-colapso\/","og_site_name":"Federassantas","article_published_time":"2018-08-29T19:35:04+00:00","author":"admin-federas","twitter_card":"summary_large_image","twitter_misc":{"Escrito por":"admin-federas","Est. tempo de leitura":"1 minuto"},"schema":{"@context":"https:\/\/schema.org","@graph":[{"@type":"Article","@id":"https:\/\/www.federassantas.org.br\/novosite\/calamidade-financeira-de-mg-deixa-saude-publica-proxima-de-colapso\/#article","isPartOf":{"@id":"https:\/\/www.federassantas.org.br\/novosite\/calamidade-financeira-de-mg-deixa-saude-publica-proxima-de-colapso\/"},"author":{"name":"admin-federas","@id":"https:\/\/www.federassantas.org.br\/novosite\/#\/schema\/person\/75fed98158349313fe56175f232f513c"},"headline":"Calamidade financeira de MG deixa sa\u00fade p\u00fablica pr\u00f3xima de colapso","datePublished":"2018-08-29T19:35:04+00:00","mainEntityOfPage":{"@id":"https:\/\/www.federassantas.org.br\/novosite\/calamidade-financeira-de-mg-deixa-saude-publica-proxima-de-colapso\/"},"wordCount":301,"commentCount":0,"publisher":{"@id":"https:\/\/www.federassantas.org.br\/novosite\/#organization"},"image":{"@id":"https:\/\/www.federassantas.org.br\/novosite\/calamidade-financeira-de-mg-deixa-saude-publica-proxima-de-colapso\/#primaryimage"},"thumbnailUrl":"","articleSection":["Not\u00edcias","Not\u00edcias P\u00fablicas"],"inLanguage":"pt-BR","potentialAction":[{"@type":"CommentAction","name":"Comment","target":["https:\/\/www.federassantas.org.br\/novosite\/calamidade-financeira-de-mg-deixa-saude-publica-proxima-de-colapso\/#respond"]}]},{"@type":"WebPage","@id":"https:\/\/www.federassantas.org.br\/novosite\/calamidade-financeira-de-mg-deixa-saude-publica-proxima-de-colapso\/","url":"https:\/\/www.federassantas.org.br\/novosite\/calamidade-financeira-de-mg-deixa-saude-publica-proxima-de-colapso\/","name":"Calamidade financeira de MG deixa sa\u00fade p\u00fablica pr\u00f3xima de colapso - Federassantas","isPartOf":{"@id":"https:\/\/www.federassantas.org.br\/novosite\/#website"},"primaryImageOfPage":{"@id":"https:\/\/www.federassantas.org.br\/novosite\/calamidade-financeira-de-mg-deixa-saude-publica-proxima-de-colapso\/#primaryimage"},"image":{"@id":"https:\/\/www.federassantas.org.br\/novosite\/calamidade-financeira-de-mg-deixa-saude-publica-proxima-de-colapso\/#primaryimage"},"thumbnailUrl":"","datePublished":"2018-08-29T19:35:04+00:00","breadcrumb":{"@id":"https:\/\/www.federassantas.org.br\/novosite\/calamidade-financeira-de-mg-deixa-saude-publica-proxima-de-colapso\/#breadcrumb"},"inLanguage":"pt-BR","potentialAction":[{"@type":"ReadAction","target":["https:\/\/www.federassantas.org.br\/novosite\/calamidade-financeira-de-mg-deixa-saude-publica-proxima-de-colapso\/"]}]},{"@type":"ImageObject","inLanguage":"pt-BR","@id":"https:\/\/www.federassantas.org.br\/novosite\/calamidade-financeira-de-mg-deixa-saude-publica-proxima-de-colapso\/#primaryimage","url":"","contentUrl":""},{"@type":"BreadcrumbList","@id":"https:\/\/www.federassantas.org.br\/novosite\/calamidade-financeira-de-mg-deixa-saude-publica-proxima-de-colapso\/#breadcrumb","itemListElement":[{"@type":"ListItem","position":1,"name":"In\u00edcio","item":"https:\/\/www.federassantas.org.br\/novosite\/"},{"@type":"ListItem","position":2,"name":"Calamidade financeira de MG deixa sa\u00fade p\u00fablica pr\u00f3xima de colapso"}]},{"@type":"WebSite","@id":"https:\/\/www.federassantas.org.br\/novosite\/#website","url":"https:\/\/www.federassantas.org.br\/novosite\/","name":"Federassantas","description":"Entidade de representa\u00e7\u00e3o e fortalecimento das Santas Casas, hospitais filantr\u00f3picos e entidades beneficentes de sa\u00fade de Minas Gerais, atuando na defesa institucional, qualifica\u00e7\u00e3o da gest\u00e3o e sustentabilidade do setor.","publisher":{"@id":"https:\/\/www.federassantas.org.br\/novosite\/#organization"},"potentialAction":[{"@type":"SearchAction","target":{"@type":"EntryPoint","urlTemplate":"https:\/\/www.federassantas.org.br\/novosite\/?s={search_term_string}"},"query-input":{"@type":"PropertyValueSpecification","valueRequired":true,"valueName":"search_term_string"}}],"inLanguage":"pt-BR"},{"@type":"Organization","@id":"https:\/\/www.federassantas.org.br\/novosite\/#organization","name":"Federassantas","url":"https:\/\/www.federassantas.org.br\/novosite\/","logo":{"@type":"ImageObject","inLanguage":"pt-BR","@id":"https:\/\/www.federassantas.org.br\/novosite\/#\/schema\/logo\/image\/","url":"https:\/\/www.federassantas.org.br\/novosite\/wp-content\/uploads\/2021\/12\/logo.png","contentUrl":"https:\/\/www.federassantas.org.br\/novosite\/wp-content\/uploads\/2021\/12\/logo.png","width":243,"height":59,"caption":"Federassantas"},"image":{"@id":"https:\/\/www.federassantas.org.br\/novosite\/#\/schema\/logo\/image\/"}},{"@type":"Person","@id":"https:\/\/www.federassantas.org.br\/novosite\/#\/schema\/person\/75fed98158349313fe56175f232f513c","name":"admin-federas","image":{"@type":"ImageObject","inLanguage":"pt-BR","@id":"https:\/\/www.federassantas.org.br\/novosite\/#\/schema\/person\/image\/","url":"https:\/\/secure.gravatar.com\/avatar\/2a02d7dda59fe8dc6b7ffd3f652e2efede5ccf0dd89dfdc8137c5517f3de8407?s=96&d=mm&r=g","contentUrl":"https:\/\/secure.gravatar.com\/avatar\/2a02d7dda59fe8dc6b7ffd3f652e2efede5ccf0dd89dfdc8137c5517f3de8407?s=96&d=mm&r=g","caption":"admin-federas"},"sameAs":["https:\/\/www.federassantas.org.br\/novosite\/"],"url":"https:\/\/www.federassantas.org.br\/novosite\/author\/admin-federas\/"}]}},"_links":{"self":[{"href":"https:\/\/www.federassantas.org.br\/novosite\/wp-json\/wp\/v2\/posts\/13807","targetHints":{"allow":["GET"]}}],"collection":[{"href":"https:\/\/www.federassantas.org.br\/novosite\/wp-json\/wp\/v2\/posts"}],"about":[{"href":"https:\/\/www.federassantas.org.br\/novosite\/wp-json\/wp\/v2\/types\/post"}],"author":[{"embeddable":true,"href":"https:\/\/www.federassantas.org.br\/novosite\/wp-json\/wp\/v2\/users\/1"}],"replies":[{"embeddable":true,"href":"https:\/\/www.federassantas.org.br\/novosite\/wp-json\/wp\/v2\/comments?post=13807"}],"version-history":[{"count":0,"href":"https:\/\/www.federassantas.org.br\/novosite\/wp-json\/wp\/v2\/posts\/13807\/revisions"}],"wp:attachment":[{"href":"https:\/\/www.federassantas.org.br\/novosite\/wp-json\/wp\/v2\/media?parent=13807"}],"wp:term":[{"taxonomy":"category","embeddable":true,"href":"https:\/\/www.federassantas.org.br\/novosite\/wp-json\/wp\/v2\/categories?post=13807"},{"taxonomy":"post_tag","embeddable":true,"href":"https:\/\/www.federassantas.org.br\/novosite\/wp-json\/wp\/v2\/tags?post=13807"}],"curies":[{"name":"wp","href":"https:\/\/api.w.org\/{rel}","templated":true}]}}