{"id":13812,"date":"2018-08-29T16:55:57","date_gmt":"2018-08-29T19:55:57","guid":{"rendered":"https:\/\/federasbackup.meltcomunicacao.com.br\/?p=13812"},"modified":"2018-08-29T16:55:57","modified_gmt":"2018-08-29T19:55:57","slug":"sabado-da-vacinacao-ultima-chamada-para-proteger-criancas-contra-polio-e-sarampo","status":"publish","type":"post","link":"https:\/\/www.federassantas.org.br\/novosite\/sabado-da-vacinacao-ultima-chamada-para-proteger-criancas-contra-polio-e-sarampo\/","title":{"rendered":"S\u00e1bado da vacina\u00e7\u00e3o: \u00faltima chamada para proteger crian\u00e7as contra p\u00f3lio e sarampo"},"content":{"rendered":"<p style=\"text-align: justify;\"><em>Campanha encerra na sexta-feira (31), mas o Minist\u00e9rio da Sa\u00fade orienta estados e munic\u00edpios, que n\u00e3o atingiram a meta, a abrir os postos de vacina\u00e7\u00e3o no s\u00e1bado. Mais de 3 milh\u00f5es de crian\u00e7as ainda n\u00e3o foram vacinadas<\/em><\/p>\n<p style=\"text-align: justify;\">Estados e munic\u00edpios que ainda n\u00e3o atingiram a meta de vacinar 95% das crian\u00e7as contra a\u00a0poliomielite\u00a0e o\u00a0sarampo, devem abrir os postos de vacina\u00e7\u00e3o no pr\u00f3ximo s\u00e1bado (1\u00ba\/9). A orienta\u00e7\u00e3o, para que os gestores locais realizem uma nova mobiliza\u00e7\u00e3o, \u00e9 do Minist\u00e9rio da Sa\u00fade. A medida tem como objetivo vacinar 3,3 milh\u00f5es de crian\u00e7as, de um ano a menores de cinco, que ainda n\u00e3o est\u00e3o protegidas contra as duas doen\u00e7as. A \u00faltima atualiza\u00e7\u00e3o enviada pelos estados mostra que, at\u00e9 esta ter\u00e7a-feira (28), 70% das crian\u00e7as brasileiras se vacinaram. Em todo o pa\u00eds, foram aplicadas mais de 15,7 milh\u00f5es de doses das vacinas (cerca de 7,8 milh\u00f5es de cada).<\/p>\n<h5 style=\"text-align: justify;\"><strong>CAMPANHA<\/strong><\/h5>\n<p style=\"text-align: justify;\">Para a poliomielite, as crian\u00e7as que ainda n\u00e3o tomaram nenhuma dose da vacina na vida ser\u00e3o vacinadas com a Vacina Inativada Poliomielite (VIP). As crian\u00e7as que j\u00e1 tiverem tomado uma ou mais doses receber\u00e3o a gotinha (Vacina Oral Poliomielite &#8211; VOP). Em rela\u00e7\u00e3o ao sarampo, todas as crian\u00e7as devem receber uma dose da vacina tr\u00edplice viral, independente da situa\u00e7\u00e3o vacinal. A exce\u00e7\u00e3o \u00e9 para as que tenham sido vacinadas nos \u00faltimos trinta dias, que n\u00e3o necessitam de uma nova dose.<\/p>\n<p style=\"text-align: justify;\">O Minist\u00e9rio da Sa\u00fade oferta todas as vacinas recomendadas pela Organiza\u00e7\u00e3o Mundial da Sa\u00fade (OMS). Ao todo, s\u00e3o 19 para combater mais de 20 doen\u00e7as, em todas as faixas et\u00e1rias. Por ano, s\u00e3o cerca de 300 milh\u00f5es de doses de imunobiol\u00f3gicos distribu\u00eddos em todo o pa\u00eds.<\/p>\n<p>Saiba mais em:\u00a0<a href=\"http:\/\/portalms.saude.gov.br\/noticias\/agencia-saude\/44157-campanha-de-vacinacao-da-polio-e-sarampo-tera-novo-dia-d-de-mobilizacao\">http:\/\/portalms.saude.gov.br\/noticias\/agencia-saude\/44157-campanha-de-vacinacao-da-polio-e-sarampo-tera-novo-dia-d-de-mobilizacao<\/a><\/p>\n<p><em>Fonte: <a href=\"http:\/\/portalms.saude.gov.br\/noticias\/agencia-saude\/44157-campanha-de-vacinacao-da-polio-e-sarampo-tera-novo-dia-d-de-mobilizacao\">Ag\u00eancia Sa\u00fade<\/a><\/em><\/p>\n","protected":false},"excerpt":{"rendered":"<p>Campanha encerra na sexta-feira (31), mas o Minist\u00e9rio da Sa\u00fade orienta estados e munic\u00edpios, que n\u00e3o atingiram a meta, a abrir os postos de vacina\u00e7\u00e3o no s\u00e1bado. Mais de 3 milh\u00f5es de crian\u00e7as ainda n\u00e3o foram vacinadas Estados e munic\u00edpios que ainda n\u00e3o atingiram a meta de vacinar 95% das crian\u00e7as contra a\u00a0poliomielite\u00a0e o\u00a0sarampo, devem [&hellip;]<\/p>\n","protected":false},"author":1,"featured_media":13813,"comment_status":"open","ping_status":"open","sticky":false,"template":"","format":"standard","meta":{"footnotes":""},"categories":[140],"tags":[],"class_list":["post-13812","post","type-post","status-publish","format-standard","has-post-thumbnail","hentry","category-noticias"],"yoast_head":"<!-- This site is optimized with the Yoast SEO plugin v26.9 - https:\/\/yoast.com\/product\/yoast-seo-wordpress\/ -->\n<title>S\u00e1bado da vacina\u00e7\u00e3o: \u00faltima chamada para proteger crian\u00e7as contra p\u00f3lio e sarampo - Federassantas<\/title>\n<meta name=\"robots\" content=\"index, follow, max-snippet:-1, max-image-preview:large, max-video-preview:-1\" \/>\n<link rel=\"canonical\" href=\"https:\/\/www.federassantas.org.br\/novosite\/sabado-da-vacinacao-ultima-chamada-para-proteger-criancas-contra-polio-e-sarampo\/\" \/>\n<meta property=\"og:locale\" content=\"pt_BR\" \/>\n<meta property=\"og:type\" content=\"article\" \/>\n<meta property=\"og:title\" content=\"S\u00e1bado da vacina\u00e7\u00e3o: \u00faltima chamada para proteger crian\u00e7as contra p\u00f3lio e sarampo - Federassantas\" \/>\n<meta property=\"og:description\" content=\"Campanha encerra na sexta-feira (31), mas o Minist\u00e9rio da Sa\u00fade orienta estados e munic\u00edpios, que n\u00e3o atingiram a meta, a abrir os postos de vacina\u00e7\u00e3o no s\u00e1bado. Mais de 3 milh\u00f5es de crian\u00e7as ainda n\u00e3o foram vacinadas Estados e munic\u00edpios que ainda n\u00e3o atingiram a meta de vacinar 95% das crian\u00e7as contra a\u00a0poliomielite\u00a0e o\u00a0sarampo, devem [&hellip;]\" \/>\n<meta property=\"og:url\" content=\"https:\/\/www.federassantas.org.br\/novosite\/sabado-da-vacinacao-ultima-chamada-para-proteger-criancas-contra-polio-e-sarampo\/\" \/>\n<meta property=\"og:site_name\" content=\"Federassantas\" \/>\n<meta property=\"article:published_time\" content=\"2018-08-29T19:55:57+00:00\" \/>\n<meta name=\"author\" content=\"admin-federas\" \/>\n<meta name=\"twitter:card\" content=\"summary_large_image\" \/>\n<meta name=\"twitter:label1\" content=\"Escrito por\" \/>\n\t<meta name=\"twitter:data1\" content=\"admin-federas\" \/>\n\t<meta name=\"twitter:label2\" content=\"Est. tempo de leitura\" \/>\n\t<meta name=\"twitter:data2\" content=\"2 minutos\" \/>\n<script type=\"application\/ld+json\" class=\"yoast-schema-graph\">{\"@context\":\"https:\/\/schema.org\",\"@graph\":[{\"@type\":\"Article\",\"@id\":\"https:\/\/www.federassantas.org.br\/novosite\/sabado-da-vacinacao-ultima-chamada-para-proteger-criancas-contra-polio-e-sarampo\/#article\",\"isPartOf\":{\"@id\":\"https:\/\/www.federassantas.org.br\/novosite\/sabado-da-vacinacao-ultima-chamada-para-proteger-criancas-contra-polio-e-sarampo\/\"},\"author\":{\"name\":\"admin-federas\",\"@id\":\"https:\/\/www.federassantas.org.br\/novosite\/#\/schema\/person\/75fed98158349313fe56175f232f513c\"},\"headline\":\"S\u00e1bado da vacina\u00e7\u00e3o: \u00faltima chamada para proteger crian\u00e7as contra p\u00f3lio e sarampo\",\"datePublished\":\"2018-08-29T19:55:57+00:00\",\"mainEntityOfPage\":{\"@id\":\"https:\/\/www.federassantas.org.br\/novosite\/sabado-da-vacinacao-ultima-chamada-para-proteger-criancas-contra-polio-e-sarampo\/\"},\"wordCount\":345,\"commentCount\":0,\"publisher\":{\"@id\":\"https:\/\/www.federassantas.org.br\/novosite\/#organization\"},\"image\":{\"@id\":\"https:\/\/www.federassantas.org.br\/novosite\/sabado-da-vacinacao-ultima-chamada-para-proteger-criancas-contra-polio-e-sarampo\/#primaryimage\"},\"thumbnailUrl\":\"\",\"articleSection\":[\"Not\u00edcias\"],\"inLanguage\":\"pt-BR\",\"potentialAction\":[{\"@type\":\"CommentAction\",\"name\":\"Comment\",\"target\":[\"https:\/\/www.federassantas.org.br\/novosite\/sabado-da-vacinacao-ultima-chamada-para-proteger-criancas-contra-polio-e-sarampo\/#respond\"]}]},{\"@type\":\"WebPage\",\"@id\":\"https:\/\/www.federassantas.org.br\/novosite\/sabado-da-vacinacao-ultima-chamada-para-proteger-criancas-contra-polio-e-sarampo\/\",\"url\":\"https:\/\/www.federassantas.org.br\/novosite\/sabado-da-vacinacao-ultima-chamada-para-proteger-criancas-contra-polio-e-sarampo\/\",\"name\":\"S\u00e1bado da vacina\u00e7\u00e3o: \u00faltima chamada para proteger crian\u00e7as contra p\u00f3lio e sarampo - Federassantas\",\"isPartOf\":{\"@id\":\"https:\/\/www.federassantas.org.br\/novosite\/#website\"},\"primaryImageOfPage\":{\"@id\":\"https:\/\/www.federassantas.org.br\/novosite\/sabado-da-vacinacao-ultima-chamada-para-proteger-criancas-contra-polio-e-sarampo\/#primaryimage\"},\"image\":{\"@id\":\"https:\/\/www.federassantas.org.br\/novosite\/sabado-da-vacinacao-ultima-chamada-para-proteger-criancas-contra-polio-e-sarampo\/#primaryimage\"},\"thumbnailUrl\":\"\",\"datePublished\":\"2018-08-29T19:55:57+00:00\",\"breadcrumb\":{\"@id\":\"https:\/\/www.federassantas.org.br\/novosite\/sabado-da-vacinacao-ultima-chamada-para-proteger-criancas-contra-polio-e-sarampo\/#breadcrumb\"},\"inLanguage\":\"pt-BR\",\"potentialAction\":[{\"@type\":\"ReadAction\",\"target\":[\"https:\/\/www.federassantas.org.br\/novosite\/sabado-da-vacinacao-ultima-chamada-para-proteger-criancas-contra-polio-e-sarampo\/\"]}]},{\"@type\":\"ImageObject\",\"inLanguage\":\"pt-BR\",\"@id\":\"https:\/\/www.federassantas.org.br\/novosite\/sabado-da-vacinacao-ultima-chamada-para-proteger-criancas-contra-polio-e-sarampo\/#primaryimage\",\"url\":\"\",\"contentUrl\":\"\"},{\"@type\":\"BreadcrumbList\",\"@id\":\"https:\/\/www.federassantas.org.br\/novosite\/sabado-da-vacinacao-ultima-chamada-para-proteger-criancas-contra-polio-e-sarampo\/#breadcrumb\",\"itemListElement\":[{\"@type\":\"ListItem\",\"position\":1,\"name\":\"In\u00edcio\",\"item\":\"https:\/\/www.federassantas.org.br\/novosite\/\"},{\"@type\":\"ListItem\",\"position\":2,\"name\":\"S\u00e1bado da vacina\u00e7\u00e3o: \u00faltima chamada para proteger crian\u00e7as contra p\u00f3lio e sarampo\"}]},{\"@type\":\"WebSite\",\"@id\":\"https:\/\/www.federassantas.org.br\/novosite\/#website\",\"url\":\"https:\/\/www.federassantas.org.br\/novosite\/\",\"name\":\"Federassantas\",\"description\":\"Entidade de representa\u00e7\u00e3o e fortalecimento das Santas Casas, hospitais filantr\u00f3picos e entidades beneficentes de sa\u00fade de Minas Gerais, atuando na defesa institucional, qualifica\u00e7\u00e3o da gest\u00e3o e sustentabilidade do setor.\",\"publisher\":{\"@id\":\"https:\/\/www.federassantas.org.br\/novosite\/#organization\"},\"potentialAction\":[{\"@type\":\"SearchAction\",\"target\":{\"@type\":\"EntryPoint\",\"urlTemplate\":\"https:\/\/www.federassantas.org.br\/novosite\/?s={search_term_string}\"},\"query-input\":{\"@type\":\"PropertyValueSpecification\",\"valueRequired\":true,\"valueName\":\"search_term_string\"}}],\"inLanguage\":\"pt-BR\"},{\"@type\":\"Organization\",\"@id\":\"https:\/\/www.federassantas.org.br\/novosite\/#organization\",\"name\":\"Federassantas\",\"url\":\"https:\/\/www.federassantas.org.br\/novosite\/\",\"logo\":{\"@type\":\"ImageObject\",\"inLanguage\":\"pt-BR\",\"@id\":\"https:\/\/www.federassantas.org.br\/novosite\/#\/schema\/logo\/image\/\",\"url\":\"https:\/\/www.federassantas.org.br\/novosite\/wp-content\/uploads\/2021\/12\/logo.png\",\"contentUrl\":\"https:\/\/www.federassantas.org.br\/novosite\/wp-content\/uploads\/2021\/12\/logo.png\",\"width\":243,\"height\":59,\"caption\":\"Federassantas\"},\"image\":{\"@id\":\"https:\/\/www.federassantas.org.br\/novosite\/#\/schema\/logo\/image\/\"}},{\"@type\":\"Person\",\"@id\":\"https:\/\/www.federassantas.org.br\/novosite\/#\/schema\/person\/75fed98158349313fe56175f232f513c\",\"name\":\"admin-federas\",\"image\":{\"@type\":\"ImageObject\",\"inLanguage\":\"pt-BR\",\"@id\":\"https:\/\/www.federassantas.org.br\/novosite\/#\/schema\/person\/image\/\",\"url\":\"https:\/\/secure.gravatar.com\/avatar\/2a02d7dda59fe8dc6b7ffd3f652e2efede5ccf0dd89dfdc8137c5517f3de8407?s=96&d=mm&r=g\",\"contentUrl\":\"https:\/\/secure.gravatar.com\/avatar\/2a02d7dda59fe8dc6b7ffd3f652e2efede5ccf0dd89dfdc8137c5517f3de8407?s=96&d=mm&r=g\",\"caption\":\"admin-federas\"},\"sameAs\":[\"https:\/\/www.federassantas.org.br\/novosite\/\"],\"url\":\"https:\/\/www.federassantas.org.br\/novosite\/author\/admin-federas\/\"}]}<\/script>\n<!-- \/ Yoast SEO plugin. -->","yoast_head_json":{"title":"S\u00e1bado da vacina\u00e7\u00e3o: \u00faltima chamada para proteger crian\u00e7as contra p\u00f3lio e sarampo - Federassantas","robots":{"index":"index","follow":"follow","max-snippet":"max-snippet:-1","max-image-preview":"max-image-preview:large","max-video-preview":"max-video-preview:-1"},"canonical":"https:\/\/www.federassantas.org.br\/novosite\/sabado-da-vacinacao-ultima-chamada-para-proteger-criancas-contra-polio-e-sarampo\/","og_locale":"pt_BR","og_type":"article","og_title":"S\u00e1bado da vacina\u00e7\u00e3o: \u00faltima chamada para proteger crian\u00e7as contra p\u00f3lio e sarampo - Federassantas","og_description":"Campanha encerra na sexta-feira (31), mas o Minist\u00e9rio da Sa\u00fade orienta estados e munic\u00edpios, que n\u00e3o atingiram a meta, a abrir os postos de vacina\u00e7\u00e3o no s\u00e1bado. Mais de 3 milh\u00f5es de crian\u00e7as ainda n\u00e3o foram vacinadas Estados e munic\u00edpios que ainda n\u00e3o atingiram a meta de vacinar 95% das crian\u00e7as contra a\u00a0poliomielite\u00a0e o\u00a0sarampo, devem [&hellip;]","og_url":"https:\/\/www.federassantas.org.br\/novosite\/sabado-da-vacinacao-ultima-chamada-para-proteger-criancas-contra-polio-e-sarampo\/","og_site_name":"Federassantas","article_published_time":"2018-08-29T19:55:57+00:00","author":"admin-federas","twitter_card":"summary_large_image","twitter_misc":{"Escrito por":"admin-federas","Est. tempo de leitura":"2 minutos"},"schema":{"@context":"https:\/\/schema.org","@graph":[{"@type":"Article","@id":"https:\/\/www.federassantas.org.br\/novosite\/sabado-da-vacinacao-ultima-chamada-para-proteger-criancas-contra-polio-e-sarampo\/#article","isPartOf":{"@id":"https:\/\/www.federassantas.org.br\/novosite\/sabado-da-vacinacao-ultima-chamada-para-proteger-criancas-contra-polio-e-sarampo\/"},"author":{"name":"admin-federas","@id":"https:\/\/www.federassantas.org.br\/novosite\/#\/schema\/person\/75fed98158349313fe56175f232f513c"},"headline":"S\u00e1bado da vacina\u00e7\u00e3o: \u00faltima chamada para proteger crian\u00e7as contra p\u00f3lio e sarampo","datePublished":"2018-08-29T19:55:57+00:00","mainEntityOfPage":{"@id":"https:\/\/www.federassantas.org.br\/novosite\/sabado-da-vacinacao-ultima-chamada-para-proteger-criancas-contra-polio-e-sarampo\/"},"wordCount":345,"commentCount":0,"publisher":{"@id":"https:\/\/www.federassantas.org.br\/novosite\/#organization"},"image":{"@id":"https:\/\/www.federassantas.org.br\/novosite\/sabado-da-vacinacao-ultima-chamada-para-proteger-criancas-contra-polio-e-sarampo\/#primaryimage"},"thumbnailUrl":"","articleSection":["Not\u00edcias"],"inLanguage":"pt-BR","potentialAction":[{"@type":"CommentAction","name":"Comment","target":["https:\/\/www.federassantas.org.br\/novosite\/sabado-da-vacinacao-ultima-chamada-para-proteger-criancas-contra-polio-e-sarampo\/#respond"]}]},{"@type":"WebPage","@id":"https:\/\/www.federassantas.org.br\/novosite\/sabado-da-vacinacao-ultima-chamada-para-proteger-criancas-contra-polio-e-sarampo\/","url":"https:\/\/www.federassantas.org.br\/novosite\/sabado-da-vacinacao-ultima-chamada-para-proteger-criancas-contra-polio-e-sarampo\/","name":"S\u00e1bado da vacina\u00e7\u00e3o: \u00faltima chamada para proteger crian\u00e7as contra p\u00f3lio e sarampo - Federassantas","isPartOf":{"@id":"https:\/\/www.federassantas.org.br\/novosite\/#website"},"primaryImageOfPage":{"@id":"https:\/\/www.federassantas.org.br\/novosite\/sabado-da-vacinacao-ultima-chamada-para-proteger-criancas-contra-polio-e-sarampo\/#primaryimage"},"image":{"@id":"https:\/\/www.federassantas.org.br\/novosite\/sabado-da-vacinacao-ultima-chamada-para-proteger-criancas-contra-polio-e-sarampo\/#primaryimage"},"thumbnailUrl":"","datePublished":"2018-08-29T19:55:57+00:00","breadcrumb":{"@id":"https:\/\/www.federassantas.org.br\/novosite\/sabado-da-vacinacao-ultima-chamada-para-proteger-criancas-contra-polio-e-sarampo\/#breadcrumb"},"inLanguage":"pt-BR","potentialAction":[{"@type":"ReadAction","target":["https:\/\/www.federassantas.org.br\/novosite\/sabado-da-vacinacao-ultima-chamada-para-proteger-criancas-contra-polio-e-sarampo\/"]}]},{"@type":"ImageObject","inLanguage":"pt-BR","@id":"https:\/\/www.federassantas.org.br\/novosite\/sabado-da-vacinacao-ultima-chamada-para-proteger-criancas-contra-polio-e-sarampo\/#primaryimage","url":"","contentUrl":""},{"@type":"BreadcrumbList","@id":"https:\/\/www.federassantas.org.br\/novosite\/sabado-da-vacinacao-ultima-chamada-para-proteger-criancas-contra-polio-e-sarampo\/#breadcrumb","itemListElement":[{"@type":"ListItem","position":1,"name":"In\u00edcio","item":"https:\/\/www.federassantas.org.br\/novosite\/"},{"@type":"ListItem","position":2,"name":"S\u00e1bado da vacina\u00e7\u00e3o: \u00faltima chamada para proteger crian\u00e7as contra p\u00f3lio e sarampo"}]},{"@type":"WebSite","@id":"https:\/\/www.federassantas.org.br\/novosite\/#website","url":"https:\/\/www.federassantas.org.br\/novosite\/","name":"Federassantas","description":"Entidade de representa\u00e7\u00e3o e fortalecimento das Santas Casas, hospitais filantr\u00f3picos e entidades beneficentes de sa\u00fade de Minas Gerais, atuando na defesa institucional, qualifica\u00e7\u00e3o da gest\u00e3o e sustentabilidade do setor.","publisher":{"@id":"https:\/\/www.federassantas.org.br\/novosite\/#organization"},"potentialAction":[{"@type":"SearchAction","target":{"@type":"EntryPoint","urlTemplate":"https:\/\/www.federassantas.org.br\/novosite\/?s={search_term_string}"},"query-input":{"@type":"PropertyValueSpecification","valueRequired":true,"valueName":"search_term_string"}}],"inLanguage":"pt-BR"},{"@type":"Organization","@id":"https:\/\/www.federassantas.org.br\/novosite\/#organization","name":"Federassantas","url":"https:\/\/www.federassantas.org.br\/novosite\/","logo":{"@type":"ImageObject","inLanguage":"pt-BR","@id":"https:\/\/www.federassantas.org.br\/novosite\/#\/schema\/logo\/image\/","url":"https:\/\/www.federassantas.org.br\/novosite\/wp-content\/uploads\/2021\/12\/logo.png","contentUrl":"https:\/\/www.federassantas.org.br\/novosite\/wp-content\/uploads\/2021\/12\/logo.png","width":243,"height":59,"caption":"Federassantas"},"image":{"@id":"https:\/\/www.federassantas.org.br\/novosite\/#\/schema\/logo\/image\/"}},{"@type":"Person","@id":"https:\/\/www.federassantas.org.br\/novosite\/#\/schema\/person\/75fed98158349313fe56175f232f513c","name":"admin-federas","image":{"@type":"ImageObject","inLanguage":"pt-BR","@id":"https:\/\/www.federassantas.org.br\/novosite\/#\/schema\/person\/image\/","url":"https:\/\/secure.gravatar.com\/avatar\/2a02d7dda59fe8dc6b7ffd3f652e2efede5ccf0dd89dfdc8137c5517f3de8407?s=96&d=mm&r=g","contentUrl":"https:\/\/secure.gravatar.com\/avatar\/2a02d7dda59fe8dc6b7ffd3f652e2efede5ccf0dd89dfdc8137c5517f3de8407?s=96&d=mm&r=g","caption":"admin-federas"},"sameAs":["https:\/\/www.federassantas.org.br\/novosite\/"],"url":"https:\/\/www.federassantas.org.br\/novosite\/author\/admin-federas\/"}]}},"_links":{"self":[{"href":"https:\/\/www.federassantas.org.br\/novosite\/wp-json\/wp\/v2\/posts\/13812","targetHints":{"allow":["GET"]}}],"collection":[{"href":"https:\/\/www.federassantas.org.br\/novosite\/wp-json\/wp\/v2\/posts"}],"about":[{"href":"https:\/\/www.federassantas.org.br\/novosite\/wp-json\/wp\/v2\/types\/post"}],"author":[{"embeddable":true,"href":"https:\/\/www.federassantas.org.br\/novosite\/wp-json\/wp\/v2\/users\/1"}],"replies":[{"embeddable":true,"href":"https:\/\/www.federassantas.org.br\/novosite\/wp-json\/wp\/v2\/comments?post=13812"}],"version-history":[{"count":0,"href":"https:\/\/www.federassantas.org.br\/novosite\/wp-json\/wp\/v2\/posts\/13812\/revisions"}],"wp:attachment":[{"href":"https:\/\/www.federassantas.org.br\/novosite\/wp-json\/wp\/v2\/media?parent=13812"}],"wp:term":[{"taxonomy":"category","embeddable":true,"href":"https:\/\/www.federassantas.org.br\/novosite\/wp-json\/wp\/v2\/categories?post=13812"},{"taxonomy":"post_tag","embeddable":true,"href":"https:\/\/www.federassantas.org.br\/novosite\/wp-json\/wp\/v2\/tags?post=13812"}],"curies":[{"name":"wp","href":"https:\/\/api.w.org\/{rel}","templated":true}]}}