{"id":13822,"date":"2018-08-29T17:21:55","date_gmt":"2018-08-29T20:21:55","guid":{"rendered":"https:\/\/federasbackup.meltcomunicacao.com.br\/?p=13822"},"modified":"2018-08-29T17:21:55","modified_gmt":"2018-08-29T20:21:55","slug":"filhos-de-fumantes-tem-mais-chance-de-morrer-de-doencas-de-pulmao-na-vida-adulta","status":"publish","type":"post","link":"https:\/\/www.federassantas.org.br\/novosite\/filhos-de-fumantes-tem-mais-chance-de-morrer-de-doencas-de-pulmao-na-vida-adulta\/","title":{"rendered":"Filhos de fumantes &#8216;t\u00eam mais chance de morrer&#8217; de doen\u00e7as de pulm\u00e3o na vida adulta"},"content":{"rendered":"<div class=\"mc-column content-text active-extra-styles active-capital-letter\" data-block-type=\"unstyled\" data-block-weight=\"28\" data-block-id=\"2\">\n<p class=\"content-text__container theme-color-primary-first-letter\" style=\"text-align: justify;\" data-track-category=\"Link no Texto\" data-track-links=\"\">Crian\u00e7as que crescem ao lado de adultos fumantes t\u00eam mais risco de morrer de uma doen\u00e7a grave de pulm\u00e3o, mesmo se elas pr\u00f3prias n\u00e3o fumarem na vida futura.<\/p>\n<\/div>\n<div class=\"wall\">\n<div class=\"mc-column content-text active-extra-styles \" data-block-type=\"unstyled\" data-block-weight=\"51\" data-block-id=\"3\">\n<p class=\"content-text__container \" style=\"text-align: justify;\" data-track-category=\"Link no Texto\" data-track-links=\"\">\u00c9 o que aponta uma nova pesquisa da Sociedade Americana do C\u00e2ncer. J\u00e1 era sabido que crian\u00e7as cujos pais fumam t\u00eam mais risco de desenvolver problemas pulmonares ou vasculares na inf\u00e2ncia \u2013 como asma ou aumento da press\u00e3o sangu\u00ednea. Mas nunca antes uma pesquisa havia demonstrado o efeito na vida adulta.<\/p>\n<div class=\"mc-column content-text active-extra-styles \" style=\"text-align: justify;\" data-block-type=\"unstyled\" data-block-weight=\"33\" data-block-id=\"5\">\n<p class=\"content-text__container \" data-track-category=\"Link no Texto\" data-track-links=\"\">A pesquisa analisou a sa\u00fade de 70,9 mil pessoas n\u00e3o fumantes, homens e mulheres, que vinham sendo acompanhadas h\u00e1 mais de duas d\u00e9cadas. Um ter\u00e7o delas, inclusive, j\u00e1 tinha falecido antes da pesquisa.<\/p>\n<\/div>\n<div class=\"mc-column content-text active-extra-styles \" data-block-type=\"unstyled\" data-block-weight=\"23\" data-block-id=\"6\">\n<p class=\"content-text__container \" style=\"text-align: justify;\" data-track-category=\"Link no Texto\" data-track-links=\"\">O resultado da an\u00e1lise \u00e9 que as pessoas que conviveram com um adulto fumante apresentaram mais complica\u00e7\u00f5es de sa\u00fade ao longo da vida.<\/p>\n<p data-track-category=\"Link no Texto\" data-track-links=\"\">Segundo os pesquisadores, a melhor forma de proteger as crian\u00e7as \u00e9 parar de fumar.<\/p>\n<p data-track-category=\"Link no Texto\" data-track-links=\"\">Saiba mais em:\u00a0<a href=\"https:\/\/g1.globo.com\/bemestar\/noticia\/2018\/08\/28\/filhos-de-fumantes-tem-mais-chance-de-morrer-de-doencas-de-pulmao-na-vida-adulta.ghtml\">https:\/\/g1.globo.com\/bemestar\/noticia\/2018\/08\/28\/filhos-de-fumantes-tem-mais-chance-de-morrer-de-doencas-de-pulmao-na-vida-adulta.ghtml<\/a><\/p>\n<p data-track-category=\"Link no Texto\" data-track-links=\"\">Fonte: <a href=\"https:\/\/g1.globo.com\/bemestar\/noticia\/2018\/08\/28\/filhos-de-fumantes-tem-mais-chance-de-morrer-de-doencas-de-pulmao-na-vida-adulta.ghtml\">G1<\/a><\/p>\n<\/div>\n<\/div>\n<\/div>\n","protected":false},"excerpt":{"rendered":"<p>Crian\u00e7as que crescem ao lado de adultos fumantes t\u00eam mais risco de morrer de uma doen\u00e7a grave de pulm\u00e3o, mesmo se elas pr\u00f3prias n\u00e3o fumarem na vida futura. \u00c9 o que aponta uma nova pesquisa da Sociedade Americana do C\u00e2ncer. J\u00e1 era sabido que crian\u00e7as cujos pais fumam t\u00eam mais risco de desenvolver problemas pulmonares [&hellip;]<\/p>\n","protected":false},"author":1,"featured_media":13823,"comment_status":"open","ping_status":"open","sticky":false,"template":"","format":"standard","meta":{"footnotes":""},"categories":[140],"tags":[],"class_list":["post-13822","post","type-post","status-publish","format-standard","has-post-thumbnail","hentry","category-noticias"],"yoast_head":"<!-- This site is optimized with the Yoast SEO plugin v26.9 - https:\/\/yoast.com\/product\/yoast-seo-wordpress\/ -->\n<title>Filhos de fumantes &#039;t\u00eam mais chance de morrer&#039; de doen\u00e7as de pulm\u00e3o na vida adulta - Federassantas<\/title>\n<meta name=\"robots\" content=\"index, follow, max-snippet:-1, max-image-preview:large, max-video-preview:-1\" \/>\n<link rel=\"canonical\" href=\"https:\/\/www.federassantas.org.br\/novosite\/filhos-de-fumantes-tem-mais-chance-de-morrer-de-doencas-de-pulmao-na-vida-adulta\/\" \/>\n<meta property=\"og:locale\" content=\"pt_BR\" \/>\n<meta property=\"og:type\" content=\"article\" \/>\n<meta property=\"og:title\" content=\"Filhos de fumantes &#039;t\u00eam mais chance de morrer&#039; de doen\u00e7as de pulm\u00e3o na vida adulta - Federassantas\" \/>\n<meta property=\"og:description\" content=\"Crian\u00e7as que crescem ao lado de adultos fumantes t\u00eam mais risco de morrer de uma doen\u00e7a grave de pulm\u00e3o, mesmo se elas pr\u00f3prias n\u00e3o fumarem na vida futura. \u00c9 o que aponta uma nova pesquisa da Sociedade Americana do C\u00e2ncer. J\u00e1 era sabido que crian\u00e7as cujos pais fumam t\u00eam mais risco de desenvolver problemas pulmonares [&hellip;]\" \/>\n<meta property=\"og:url\" content=\"https:\/\/www.federassantas.org.br\/novosite\/filhos-de-fumantes-tem-mais-chance-de-morrer-de-doencas-de-pulmao-na-vida-adulta\/\" \/>\n<meta property=\"og:site_name\" content=\"Federassantas\" \/>\n<meta property=\"article:published_time\" content=\"2018-08-29T20:21:55+00:00\" \/>\n<meta name=\"author\" content=\"admin-federas\" \/>\n<meta name=\"twitter:card\" content=\"summary_large_image\" \/>\n<meta name=\"twitter:label1\" content=\"Escrito por\" \/>\n\t<meta name=\"twitter:data1\" content=\"admin-federas\" \/>\n\t<meta name=\"twitter:label2\" content=\"Est. tempo de leitura\" \/>\n\t<meta name=\"twitter:data2\" content=\"1 minuto\" \/>\n<script type=\"application\/ld+json\" class=\"yoast-schema-graph\">{\"@context\":\"https:\/\/schema.org\",\"@graph\":[{\"@type\":\"Article\",\"@id\":\"https:\/\/www.federassantas.org.br\/novosite\/filhos-de-fumantes-tem-mais-chance-de-morrer-de-doencas-de-pulmao-na-vida-adulta\/#article\",\"isPartOf\":{\"@id\":\"https:\/\/www.federassantas.org.br\/novosite\/filhos-de-fumantes-tem-mais-chance-de-morrer-de-doencas-de-pulmao-na-vida-adulta\/\"},\"author\":{\"name\":\"admin-federas\",\"@id\":\"https:\/\/www.federassantas.org.br\/novosite\/#\/schema\/person\/75fed98158349313fe56175f232f513c\"},\"headline\":\"Filhos de fumantes &#8216;t\u00eam mais chance de morrer&#8217; de doen\u00e7as de pulm\u00e3o na vida adulta\",\"datePublished\":\"2018-08-29T20:21:55+00:00\",\"mainEntityOfPage\":{\"@id\":\"https:\/\/www.federassantas.org.br\/novosite\/filhos-de-fumantes-tem-mais-chance-de-morrer-de-doencas-de-pulmao-na-vida-adulta\/\"},\"wordCount\":195,\"commentCount\":0,\"publisher\":{\"@id\":\"https:\/\/www.federassantas.org.br\/novosite\/#organization\"},\"image\":{\"@id\":\"https:\/\/www.federassantas.org.br\/novosite\/filhos-de-fumantes-tem-mais-chance-de-morrer-de-doencas-de-pulmao-na-vida-adulta\/#primaryimage\"},\"thumbnailUrl\":\"\",\"articleSection\":[\"Not\u00edcias\"],\"inLanguage\":\"pt-BR\",\"potentialAction\":[{\"@type\":\"CommentAction\",\"name\":\"Comment\",\"target\":[\"https:\/\/www.federassantas.org.br\/novosite\/filhos-de-fumantes-tem-mais-chance-de-morrer-de-doencas-de-pulmao-na-vida-adulta\/#respond\"]}]},{\"@type\":\"WebPage\",\"@id\":\"https:\/\/www.federassantas.org.br\/novosite\/filhos-de-fumantes-tem-mais-chance-de-morrer-de-doencas-de-pulmao-na-vida-adulta\/\",\"url\":\"https:\/\/www.federassantas.org.br\/novosite\/filhos-de-fumantes-tem-mais-chance-de-morrer-de-doencas-de-pulmao-na-vida-adulta\/\",\"name\":\"Filhos de fumantes 't\u00eam mais chance de morrer' de doen\u00e7as de pulm\u00e3o na vida adulta - Federassantas\",\"isPartOf\":{\"@id\":\"https:\/\/www.federassantas.org.br\/novosite\/#website\"},\"primaryImageOfPage\":{\"@id\":\"https:\/\/www.federassantas.org.br\/novosite\/filhos-de-fumantes-tem-mais-chance-de-morrer-de-doencas-de-pulmao-na-vida-adulta\/#primaryimage\"},\"image\":{\"@id\":\"https:\/\/www.federassantas.org.br\/novosite\/filhos-de-fumantes-tem-mais-chance-de-morrer-de-doencas-de-pulmao-na-vida-adulta\/#primaryimage\"},\"thumbnailUrl\":\"\",\"datePublished\":\"2018-08-29T20:21:55+00:00\",\"breadcrumb\":{\"@id\":\"https:\/\/www.federassantas.org.br\/novosite\/filhos-de-fumantes-tem-mais-chance-de-morrer-de-doencas-de-pulmao-na-vida-adulta\/#breadcrumb\"},\"inLanguage\":\"pt-BR\",\"potentialAction\":[{\"@type\":\"ReadAction\",\"target\":[\"https:\/\/www.federassantas.org.br\/novosite\/filhos-de-fumantes-tem-mais-chance-de-morrer-de-doencas-de-pulmao-na-vida-adulta\/\"]}]},{\"@type\":\"ImageObject\",\"inLanguage\":\"pt-BR\",\"@id\":\"https:\/\/www.federassantas.org.br\/novosite\/filhos-de-fumantes-tem-mais-chance-de-morrer-de-doencas-de-pulmao-na-vida-adulta\/#primaryimage\",\"url\":\"\",\"contentUrl\":\"\"},{\"@type\":\"BreadcrumbList\",\"@id\":\"https:\/\/www.federassantas.org.br\/novosite\/filhos-de-fumantes-tem-mais-chance-de-morrer-de-doencas-de-pulmao-na-vida-adulta\/#breadcrumb\",\"itemListElement\":[{\"@type\":\"ListItem\",\"position\":1,\"name\":\"In\u00edcio\",\"item\":\"https:\/\/www.federassantas.org.br\/novosite\/\"},{\"@type\":\"ListItem\",\"position\":2,\"name\":\"Filhos de fumantes &#8216;t\u00eam mais chance de morrer&#8217; de doen\u00e7as de pulm\u00e3o na vida adulta\"}]},{\"@type\":\"WebSite\",\"@id\":\"https:\/\/www.federassantas.org.br\/novosite\/#website\",\"url\":\"https:\/\/www.federassantas.org.br\/novosite\/\",\"name\":\"Federassantas\",\"description\":\"Entidade de representa\u00e7\u00e3o e fortalecimento das Santas Casas, hospitais filantr\u00f3picos e entidades beneficentes de sa\u00fade de Minas Gerais, atuando na defesa institucional, qualifica\u00e7\u00e3o da gest\u00e3o e sustentabilidade do setor.\",\"publisher\":{\"@id\":\"https:\/\/www.federassantas.org.br\/novosite\/#organization\"},\"potentialAction\":[{\"@type\":\"SearchAction\",\"target\":{\"@type\":\"EntryPoint\",\"urlTemplate\":\"https:\/\/www.federassantas.org.br\/novosite\/?s={search_term_string}\"},\"query-input\":{\"@type\":\"PropertyValueSpecification\",\"valueRequired\":true,\"valueName\":\"search_term_string\"}}],\"inLanguage\":\"pt-BR\"},{\"@type\":\"Organization\",\"@id\":\"https:\/\/www.federassantas.org.br\/novosite\/#organization\",\"name\":\"Federassantas\",\"url\":\"https:\/\/www.federassantas.org.br\/novosite\/\",\"logo\":{\"@type\":\"ImageObject\",\"inLanguage\":\"pt-BR\",\"@id\":\"https:\/\/www.federassantas.org.br\/novosite\/#\/schema\/logo\/image\/\",\"url\":\"https:\/\/www.federassantas.org.br\/novosite\/wp-content\/uploads\/2021\/12\/logo.png\",\"contentUrl\":\"https:\/\/www.federassantas.org.br\/novosite\/wp-content\/uploads\/2021\/12\/logo.png\",\"width\":243,\"height\":59,\"caption\":\"Federassantas\"},\"image\":{\"@id\":\"https:\/\/www.federassantas.org.br\/novosite\/#\/schema\/logo\/image\/\"}},{\"@type\":\"Person\",\"@id\":\"https:\/\/www.federassantas.org.br\/novosite\/#\/schema\/person\/75fed98158349313fe56175f232f513c\",\"name\":\"admin-federas\",\"image\":{\"@type\":\"ImageObject\",\"inLanguage\":\"pt-BR\",\"@id\":\"https:\/\/www.federassantas.org.br\/novosite\/#\/schema\/person\/image\/\",\"url\":\"https:\/\/secure.gravatar.com\/avatar\/2a02d7dda59fe8dc6b7ffd3f652e2efede5ccf0dd89dfdc8137c5517f3de8407?s=96&d=mm&r=g\",\"contentUrl\":\"https:\/\/secure.gravatar.com\/avatar\/2a02d7dda59fe8dc6b7ffd3f652e2efede5ccf0dd89dfdc8137c5517f3de8407?s=96&d=mm&r=g\",\"caption\":\"admin-federas\"},\"sameAs\":[\"https:\/\/www.federassantas.org.br\/novosite\/\"],\"url\":\"https:\/\/www.federassantas.org.br\/novosite\/author\/admin-federas\/\"}]}<\/script>\n<!-- \/ Yoast SEO plugin. -->","yoast_head_json":{"title":"Filhos de fumantes 't\u00eam mais chance de morrer' de doen\u00e7as de pulm\u00e3o na vida adulta - Federassantas","robots":{"index":"index","follow":"follow","max-snippet":"max-snippet:-1","max-image-preview":"max-image-preview:large","max-video-preview":"max-video-preview:-1"},"canonical":"https:\/\/www.federassantas.org.br\/novosite\/filhos-de-fumantes-tem-mais-chance-de-morrer-de-doencas-de-pulmao-na-vida-adulta\/","og_locale":"pt_BR","og_type":"article","og_title":"Filhos de fumantes 't\u00eam mais chance de morrer' de doen\u00e7as de pulm\u00e3o na vida adulta - Federassantas","og_description":"Crian\u00e7as que crescem ao lado de adultos fumantes t\u00eam mais risco de morrer de uma doen\u00e7a grave de pulm\u00e3o, mesmo se elas pr\u00f3prias n\u00e3o fumarem na vida futura. \u00c9 o que aponta uma nova pesquisa da Sociedade Americana do C\u00e2ncer. J\u00e1 era sabido que crian\u00e7as cujos pais fumam t\u00eam mais risco de desenvolver problemas pulmonares [&hellip;]","og_url":"https:\/\/www.federassantas.org.br\/novosite\/filhos-de-fumantes-tem-mais-chance-de-morrer-de-doencas-de-pulmao-na-vida-adulta\/","og_site_name":"Federassantas","article_published_time":"2018-08-29T20:21:55+00:00","author":"admin-federas","twitter_card":"summary_large_image","twitter_misc":{"Escrito por":"admin-federas","Est. tempo de leitura":"1 minuto"},"schema":{"@context":"https:\/\/schema.org","@graph":[{"@type":"Article","@id":"https:\/\/www.federassantas.org.br\/novosite\/filhos-de-fumantes-tem-mais-chance-de-morrer-de-doencas-de-pulmao-na-vida-adulta\/#article","isPartOf":{"@id":"https:\/\/www.federassantas.org.br\/novosite\/filhos-de-fumantes-tem-mais-chance-de-morrer-de-doencas-de-pulmao-na-vida-adulta\/"},"author":{"name":"admin-federas","@id":"https:\/\/www.federassantas.org.br\/novosite\/#\/schema\/person\/75fed98158349313fe56175f232f513c"},"headline":"Filhos de fumantes &#8216;t\u00eam mais chance de morrer&#8217; de doen\u00e7as de pulm\u00e3o na vida adulta","datePublished":"2018-08-29T20:21:55+00:00","mainEntityOfPage":{"@id":"https:\/\/www.federassantas.org.br\/novosite\/filhos-de-fumantes-tem-mais-chance-de-morrer-de-doencas-de-pulmao-na-vida-adulta\/"},"wordCount":195,"commentCount":0,"publisher":{"@id":"https:\/\/www.federassantas.org.br\/novosite\/#organization"},"image":{"@id":"https:\/\/www.federassantas.org.br\/novosite\/filhos-de-fumantes-tem-mais-chance-de-morrer-de-doencas-de-pulmao-na-vida-adulta\/#primaryimage"},"thumbnailUrl":"","articleSection":["Not\u00edcias"],"inLanguage":"pt-BR","potentialAction":[{"@type":"CommentAction","name":"Comment","target":["https:\/\/www.federassantas.org.br\/novosite\/filhos-de-fumantes-tem-mais-chance-de-morrer-de-doencas-de-pulmao-na-vida-adulta\/#respond"]}]},{"@type":"WebPage","@id":"https:\/\/www.federassantas.org.br\/novosite\/filhos-de-fumantes-tem-mais-chance-de-morrer-de-doencas-de-pulmao-na-vida-adulta\/","url":"https:\/\/www.federassantas.org.br\/novosite\/filhos-de-fumantes-tem-mais-chance-de-morrer-de-doencas-de-pulmao-na-vida-adulta\/","name":"Filhos de fumantes 't\u00eam mais chance de morrer' de doen\u00e7as de pulm\u00e3o na vida adulta - Federassantas","isPartOf":{"@id":"https:\/\/www.federassantas.org.br\/novosite\/#website"},"primaryImageOfPage":{"@id":"https:\/\/www.federassantas.org.br\/novosite\/filhos-de-fumantes-tem-mais-chance-de-morrer-de-doencas-de-pulmao-na-vida-adulta\/#primaryimage"},"image":{"@id":"https:\/\/www.federassantas.org.br\/novosite\/filhos-de-fumantes-tem-mais-chance-de-morrer-de-doencas-de-pulmao-na-vida-adulta\/#primaryimage"},"thumbnailUrl":"","datePublished":"2018-08-29T20:21:55+00:00","breadcrumb":{"@id":"https:\/\/www.federassantas.org.br\/novosite\/filhos-de-fumantes-tem-mais-chance-de-morrer-de-doencas-de-pulmao-na-vida-adulta\/#breadcrumb"},"inLanguage":"pt-BR","potentialAction":[{"@type":"ReadAction","target":["https:\/\/www.federassantas.org.br\/novosite\/filhos-de-fumantes-tem-mais-chance-de-morrer-de-doencas-de-pulmao-na-vida-adulta\/"]}]},{"@type":"ImageObject","inLanguage":"pt-BR","@id":"https:\/\/www.federassantas.org.br\/novosite\/filhos-de-fumantes-tem-mais-chance-de-morrer-de-doencas-de-pulmao-na-vida-adulta\/#primaryimage","url":"","contentUrl":""},{"@type":"BreadcrumbList","@id":"https:\/\/www.federassantas.org.br\/novosite\/filhos-de-fumantes-tem-mais-chance-de-morrer-de-doencas-de-pulmao-na-vida-adulta\/#breadcrumb","itemListElement":[{"@type":"ListItem","position":1,"name":"In\u00edcio","item":"https:\/\/www.federassantas.org.br\/novosite\/"},{"@type":"ListItem","position":2,"name":"Filhos de fumantes &#8216;t\u00eam mais chance de morrer&#8217; de doen\u00e7as de pulm\u00e3o na vida adulta"}]},{"@type":"WebSite","@id":"https:\/\/www.federassantas.org.br\/novosite\/#website","url":"https:\/\/www.federassantas.org.br\/novosite\/","name":"Federassantas","description":"Entidade de representa\u00e7\u00e3o e fortalecimento das Santas Casas, hospitais filantr\u00f3picos e entidades beneficentes de sa\u00fade de Minas Gerais, atuando na defesa institucional, qualifica\u00e7\u00e3o da gest\u00e3o e sustentabilidade do setor.","publisher":{"@id":"https:\/\/www.federassantas.org.br\/novosite\/#organization"},"potentialAction":[{"@type":"SearchAction","target":{"@type":"EntryPoint","urlTemplate":"https:\/\/www.federassantas.org.br\/novosite\/?s={search_term_string}"},"query-input":{"@type":"PropertyValueSpecification","valueRequired":true,"valueName":"search_term_string"}}],"inLanguage":"pt-BR"},{"@type":"Organization","@id":"https:\/\/www.federassantas.org.br\/novosite\/#organization","name":"Federassantas","url":"https:\/\/www.federassantas.org.br\/novosite\/","logo":{"@type":"ImageObject","inLanguage":"pt-BR","@id":"https:\/\/www.federassantas.org.br\/novosite\/#\/schema\/logo\/image\/","url":"https:\/\/www.federassantas.org.br\/novosite\/wp-content\/uploads\/2021\/12\/logo.png","contentUrl":"https:\/\/www.federassantas.org.br\/novosite\/wp-content\/uploads\/2021\/12\/logo.png","width":243,"height":59,"caption":"Federassantas"},"image":{"@id":"https:\/\/www.federassantas.org.br\/novosite\/#\/schema\/logo\/image\/"}},{"@type":"Person","@id":"https:\/\/www.federassantas.org.br\/novosite\/#\/schema\/person\/75fed98158349313fe56175f232f513c","name":"admin-federas","image":{"@type":"ImageObject","inLanguage":"pt-BR","@id":"https:\/\/www.federassantas.org.br\/novosite\/#\/schema\/person\/image\/","url":"https:\/\/secure.gravatar.com\/avatar\/2a02d7dda59fe8dc6b7ffd3f652e2efede5ccf0dd89dfdc8137c5517f3de8407?s=96&d=mm&r=g","contentUrl":"https:\/\/secure.gravatar.com\/avatar\/2a02d7dda59fe8dc6b7ffd3f652e2efede5ccf0dd89dfdc8137c5517f3de8407?s=96&d=mm&r=g","caption":"admin-federas"},"sameAs":["https:\/\/www.federassantas.org.br\/novosite\/"],"url":"https:\/\/www.federassantas.org.br\/novosite\/author\/admin-federas\/"}]}},"_links":{"self":[{"href":"https:\/\/www.federassantas.org.br\/novosite\/wp-json\/wp\/v2\/posts\/13822","targetHints":{"allow":["GET"]}}],"collection":[{"href":"https:\/\/www.federassantas.org.br\/novosite\/wp-json\/wp\/v2\/posts"}],"about":[{"href":"https:\/\/www.federassantas.org.br\/novosite\/wp-json\/wp\/v2\/types\/post"}],"author":[{"embeddable":true,"href":"https:\/\/www.federassantas.org.br\/novosite\/wp-json\/wp\/v2\/users\/1"}],"replies":[{"embeddable":true,"href":"https:\/\/www.federassantas.org.br\/novosite\/wp-json\/wp\/v2\/comments?post=13822"}],"version-history":[{"count":0,"href":"https:\/\/www.federassantas.org.br\/novosite\/wp-json\/wp\/v2\/posts\/13822\/revisions"}],"wp:attachment":[{"href":"https:\/\/www.federassantas.org.br\/novosite\/wp-json\/wp\/v2\/media?parent=13822"}],"wp:term":[{"taxonomy":"category","embeddable":true,"href":"https:\/\/www.federassantas.org.br\/novosite\/wp-json\/wp\/v2\/categories?post=13822"},{"taxonomy":"post_tag","embeddable":true,"href":"https:\/\/www.federassantas.org.br\/novosite\/wp-json\/wp\/v2\/tags?post=13822"}],"curies":[{"name":"wp","href":"https:\/\/api.w.org\/{rel}","templated":true}]}}