{"id":14214,"date":"2018-09-27T16:56:34","date_gmt":"2018-09-27T19:56:34","guid":{"rendered":"https:\/\/federasbackup.meltcomunicacao.com.br\/?p=14214"},"modified":"2018-09-27T16:56:34","modified_gmt":"2018-09-27T19:56:34","slug":"ministerio-da-saude-busca-regularizar-distribuicao-do-soliris","status":"publish","type":"post","link":"https:\/\/www.federassantas.org.br\/novosite\/ministerio-da-saude-busca-regularizar-distribuicao-do-soliris\/","title":{"rendered":"Minist\u00e9rio da Sa\u00fade busca regularizar distribui\u00e7\u00e3o do Soliris"},"content":{"rendered":"<p style=\"text-align: justify;\"><em>Todas as etapas de importa\u00e7\u00e3o solicitadas pela Anvisa est\u00e3o sendo cumpridas, mas produtos que j\u00e1 est\u00e3o no Brasil, ainda aguardam autoriza\u00e7\u00e3o da Ag\u00eancia para serem liberados aos pacientes<\/em><\/p>\n<p style=\"text-align: justify;\">O Minist\u00e9rio da Sa\u00fade tem implementado medidas para cumprir, em menor tempo, as decis\u00f5es judiciais para a oferta do Soliris (Eculizumabe). O medicamento \u00e9 utilizado por pessoas com Hemoglobin\u00faria Parox\u00edstica Noturna (HPN), doen\u00e7a rara que afeta o sistema sangu\u00edneo. A Pasta adquire o produto atendendo a todas as exig\u00eancias legais dos \u00f3rg\u00e3os reguladores que permitem a entrada de importados no Brasil. Mesmo assim, tem encontrado dificuldades para promover a assist\u00eancia aos pacientes.<\/p>\n<p style=\"text-align: justify;\">Por se tratar de decis\u00e3o judicial, a aquisi\u00e7\u00e3o do Soliris \u00e9 de car\u00e1ter emergencial, por meio de dispensa de licita\u00e7\u00e3o. Todas as aquisi\u00e7\u00f5es do medicamento para atendimento das demandas que se encontram na Coordena\u00e7\u00e3o Geral de Judicializa\u00e7\u00e3o (CGJUD), j\u00e1 foram realizadas. Apesar de cumprir todas as exig\u00eancias do \u00d3rg\u00e3o, como a compra do medicamento apenas de laborat\u00f3rios credenciados, lotes de medicamentos ainda aguardam libera\u00e7\u00e3o ou deferimento da Anvisa.<\/p>\n<p style=\"text-align: justify;\">At\u00e9 agosto de 2018, foram realizados 442 pedidos de pacientes para aquisi\u00e7\u00e3o do medicamento, que j\u00e1 foram ou est\u00e3o em processo de atendimento. Atualmente, quatro lotes com mais de 6 mil\u00a0dos medicamentos est\u00e3o no pa\u00eds, mas n\u00e3o podem ser entregues \u00e0s fam\u00edlias, sem autoriza\u00e7\u00e3o da Ag\u00eancia. Esses medicamentos beneficiariam\u00a0a 172 pacientes.\u00a0Nesta ter\u00e7a-feira, 25 de setembro, a Anvisa interditou um dos lotes do Soliris que havia sido adquirido pelo Minist\u00e9rio da Sa\u00fade da fabricante Alexion, \u00fanica fornecedora detentora de regulariza\u00e7\u00e3o do Soliris junto \u00e0 Ag\u00eancia, o que impossibilita a distribui\u00e7\u00e3o do medicamento.<\/p>\n<p style=\"text-align: justify;\">O Soliris \u00e9 um dos medicamentos mais caros do mundo. O Minist\u00e9rio da Sa\u00fade j\u00e1 chegou a pagar R$ 27.614,60 pelo medicamento em 2016. Com a concess\u00e3o do registro no pa\u00eds no ano passado, foi poss\u00edvel baratear o pre\u00e7o do medicamento, baixando o custo m\u00e9dio anual por paciente de R$ 1,3 milh\u00e3o para cerca de R$ 875 mil. Ainda assim, um custo alto.<\/p>\n<p style=\"text-align: justify;\">Em 2017, as compras do Soliris representaram o maior gasto do SUS em atendimento \u00e0s demandas judiciais, foram R$ 267 milh\u00f5es para atender 428 pacientes. At\u00e9 agosto de 2018, a pasta destinou R$ 247 milh\u00f5es para a compra do medicamento.<\/p>\n<p style=\"text-align: justify;\"><strong>RENAME &#8211;\u00a0<\/strong>O Minist\u00e9rio da Sa\u00fade tamb\u00e9m tem atuado para ampliar a oferta gratuita de medicamentos para beneficiar ao conjunto da popula\u00e7\u00e3o brasileira. Entre 2010 e 2018, o Minist\u00e9rio da Sa\u00fade aumentou em 69% a oferta gratuita de medicamentos por meio da Rela\u00e7\u00e3o Nacional de Medicamentos (Rename), passando de 574 para itens 972.<\/p>\n<p>Saiba mais em:\u00a0<a href=\"http:\/\/portalms.saude.gov.br\/noticias\/agencia-saude\/44439-ministerio-da-saude-busca-regularizar-distribuicao-do-soliris\">http:\/\/portalms.saude.gov.br\/noticias\/agencia-saude\/44439-ministerio-da-saude-busca-regularizar-distribuicao-do-soliris<\/a><\/p>\n<p>&nbsp;<\/p>\n<p style=\"text-align: justify;\"><em>Fonte: Ag\u00eancia Sa\u00fade<\/em><\/p>\n","protected":false},"excerpt":{"rendered":"<p>Todas as etapas de importa\u00e7\u00e3o solicitadas pela Anvisa est\u00e3o sendo cumpridas, mas produtos que j\u00e1 est\u00e3o no Brasil, ainda aguardam autoriza\u00e7\u00e3o da Ag\u00eancia para serem liberados aos pacientes O Minist\u00e9rio da Sa\u00fade tem implementado medidas para cumprir, em menor tempo, as decis\u00f5es judiciais para a oferta do Soliris (Eculizumabe). O medicamento \u00e9 utilizado por pessoas [&hellip;]<\/p>\n","protected":false},"author":1,"featured_media":14215,"comment_status":"open","ping_status":"open","sticky":false,"template":"","format":"standard","meta":{"footnotes":""},"categories":[140,143],"tags":[],"class_list":["post-14214","post","type-post","status-publish","format-standard","has-post-thumbnail","hentry","category-noticias","category-noticias-publicas"],"yoast_head":"<!-- This site is optimized with the Yoast SEO plugin v26.9 - https:\/\/yoast.com\/product\/yoast-seo-wordpress\/ -->\n<title>Minist\u00e9rio da Sa\u00fade busca regularizar distribui\u00e7\u00e3o do Soliris - Federassantas<\/title>\n<meta name=\"robots\" content=\"index, follow, max-snippet:-1, max-image-preview:large, max-video-preview:-1\" \/>\n<link rel=\"canonical\" href=\"https:\/\/www.federassantas.org.br\/novosite\/ministerio-da-saude-busca-regularizar-distribuicao-do-soliris\/\" \/>\n<meta property=\"og:locale\" content=\"pt_BR\" \/>\n<meta property=\"og:type\" content=\"article\" \/>\n<meta property=\"og:title\" content=\"Minist\u00e9rio da Sa\u00fade busca regularizar distribui\u00e7\u00e3o do Soliris - Federassantas\" \/>\n<meta property=\"og:description\" content=\"Todas as etapas de importa\u00e7\u00e3o solicitadas pela Anvisa est\u00e3o sendo cumpridas, mas produtos que j\u00e1 est\u00e3o no Brasil, ainda aguardam autoriza\u00e7\u00e3o da Ag\u00eancia para serem liberados aos pacientes O Minist\u00e9rio da Sa\u00fade tem implementado medidas para cumprir, em menor tempo, as decis\u00f5es judiciais para a oferta do Soliris (Eculizumabe). O medicamento \u00e9 utilizado por pessoas [&hellip;]\" \/>\n<meta property=\"og:url\" content=\"https:\/\/www.federassantas.org.br\/novosite\/ministerio-da-saude-busca-regularizar-distribuicao-do-soliris\/\" \/>\n<meta property=\"og:site_name\" content=\"Federassantas\" \/>\n<meta property=\"article:published_time\" content=\"2018-09-27T19:56:34+00:00\" \/>\n<meta name=\"author\" content=\"admin-federas\" \/>\n<meta name=\"twitter:card\" content=\"summary_large_image\" \/>\n<meta name=\"twitter:label1\" content=\"Escrito por\" \/>\n\t<meta name=\"twitter:data1\" content=\"admin-federas\" \/>\n\t<meta name=\"twitter:label2\" content=\"Est. tempo de leitura\" \/>\n\t<meta name=\"twitter:data2\" content=\"2 minutos\" \/>\n<script type=\"application\/ld+json\" class=\"yoast-schema-graph\">{\"@context\":\"https:\/\/schema.org\",\"@graph\":[{\"@type\":\"Article\",\"@id\":\"https:\/\/www.federassantas.org.br\/novosite\/ministerio-da-saude-busca-regularizar-distribuicao-do-soliris\/#article\",\"isPartOf\":{\"@id\":\"https:\/\/www.federassantas.org.br\/novosite\/ministerio-da-saude-busca-regularizar-distribuicao-do-soliris\/\"},\"author\":{\"name\":\"admin-federas\",\"@id\":\"https:\/\/www.federassantas.org.br\/novosite\/#\/schema\/person\/75fed98158349313fe56175f232f513c\"},\"headline\":\"Minist\u00e9rio da Sa\u00fade busca regularizar distribui\u00e7\u00e3o do Soliris\",\"datePublished\":\"2018-09-27T19:56:34+00:00\",\"mainEntityOfPage\":{\"@id\":\"https:\/\/www.federassantas.org.br\/novosite\/ministerio-da-saude-busca-regularizar-distribuicao-do-soliris\/\"},\"wordCount\":480,\"commentCount\":0,\"publisher\":{\"@id\":\"https:\/\/www.federassantas.org.br\/novosite\/#organization\"},\"image\":{\"@id\":\"https:\/\/www.federassantas.org.br\/novosite\/ministerio-da-saude-busca-regularizar-distribuicao-do-soliris\/#primaryimage\"},\"thumbnailUrl\":\"\",\"articleSection\":[\"Not\u00edcias\",\"Not\u00edcias P\u00fablicas\"],\"inLanguage\":\"pt-BR\",\"potentialAction\":[{\"@type\":\"CommentAction\",\"name\":\"Comment\",\"target\":[\"https:\/\/www.federassantas.org.br\/novosite\/ministerio-da-saude-busca-regularizar-distribuicao-do-soliris\/#respond\"]}]},{\"@type\":\"WebPage\",\"@id\":\"https:\/\/www.federassantas.org.br\/novosite\/ministerio-da-saude-busca-regularizar-distribuicao-do-soliris\/\",\"url\":\"https:\/\/www.federassantas.org.br\/novosite\/ministerio-da-saude-busca-regularizar-distribuicao-do-soliris\/\",\"name\":\"Minist\u00e9rio da Sa\u00fade busca regularizar distribui\u00e7\u00e3o do Soliris - Federassantas\",\"isPartOf\":{\"@id\":\"https:\/\/www.federassantas.org.br\/novosite\/#website\"},\"primaryImageOfPage\":{\"@id\":\"https:\/\/www.federassantas.org.br\/novosite\/ministerio-da-saude-busca-regularizar-distribuicao-do-soliris\/#primaryimage\"},\"image\":{\"@id\":\"https:\/\/www.federassantas.org.br\/novosite\/ministerio-da-saude-busca-regularizar-distribuicao-do-soliris\/#primaryimage\"},\"thumbnailUrl\":\"\",\"datePublished\":\"2018-09-27T19:56:34+00:00\",\"breadcrumb\":{\"@id\":\"https:\/\/www.federassantas.org.br\/novosite\/ministerio-da-saude-busca-regularizar-distribuicao-do-soliris\/#breadcrumb\"},\"inLanguage\":\"pt-BR\",\"potentialAction\":[{\"@type\":\"ReadAction\",\"target\":[\"https:\/\/www.federassantas.org.br\/novosite\/ministerio-da-saude-busca-regularizar-distribuicao-do-soliris\/\"]}]},{\"@type\":\"ImageObject\",\"inLanguage\":\"pt-BR\",\"@id\":\"https:\/\/www.federassantas.org.br\/novosite\/ministerio-da-saude-busca-regularizar-distribuicao-do-soliris\/#primaryimage\",\"url\":\"\",\"contentUrl\":\"\"},{\"@type\":\"BreadcrumbList\",\"@id\":\"https:\/\/www.federassantas.org.br\/novosite\/ministerio-da-saude-busca-regularizar-distribuicao-do-soliris\/#breadcrumb\",\"itemListElement\":[{\"@type\":\"ListItem\",\"position\":1,\"name\":\"In\u00edcio\",\"item\":\"https:\/\/www.federassantas.org.br\/novosite\/\"},{\"@type\":\"ListItem\",\"position\":2,\"name\":\"Minist\u00e9rio da Sa\u00fade busca regularizar distribui\u00e7\u00e3o do Soliris\"}]},{\"@type\":\"WebSite\",\"@id\":\"https:\/\/www.federassantas.org.br\/novosite\/#website\",\"url\":\"https:\/\/www.federassantas.org.br\/novosite\/\",\"name\":\"Federassantas\",\"description\":\"Fed. das Santas Casas e Hospitais Filantr\u00f3picos de MG\",\"publisher\":{\"@id\":\"https:\/\/www.federassantas.org.br\/novosite\/#organization\"},\"potentialAction\":[{\"@type\":\"SearchAction\",\"target\":{\"@type\":\"EntryPoint\",\"urlTemplate\":\"https:\/\/www.federassantas.org.br\/novosite\/?s={search_term_string}\"},\"query-input\":{\"@type\":\"PropertyValueSpecification\",\"valueRequired\":true,\"valueName\":\"search_term_string\"}}],\"inLanguage\":\"pt-BR\"},{\"@type\":\"Organization\",\"@id\":\"https:\/\/www.federassantas.org.br\/novosite\/#organization\",\"name\":\"Federassantas\",\"url\":\"https:\/\/www.federassantas.org.br\/novosite\/\",\"logo\":{\"@type\":\"ImageObject\",\"inLanguage\":\"pt-BR\",\"@id\":\"https:\/\/www.federassantas.org.br\/novosite\/#\/schema\/logo\/image\/\",\"url\":\"https:\/\/www.federassantas.org.br\/novosite\/wp-content\/uploads\/2021\/12\/logo.png\",\"contentUrl\":\"https:\/\/www.federassantas.org.br\/novosite\/wp-content\/uploads\/2021\/12\/logo.png\",\"width\":243,\"height\":59,\"caption\":\"Federassantas\"},\"image\":{\"@id\":\"https:\/\/www.federassantas.org.br\/novosite\/#\/schema\/logo\/image\/\"}},{\"@type\":\"Person\",\"@id\":\"https:\/\/www.federassantas.org.br\/novosite\/#\/schema\/person\/75fed98158349313fe56175f232f513c\",\"name\":\"admin-federas\",\"image\":{\"@type\":\"ImageObject\",\"inLanguage\":\"pt-BR\",\"@id\":\"https:\/\/www.federassantas.org.br\/novosite\/#\/schema\/person\/image\/\",\"url\":\"https:\/\/secure.gravatar.com\/avatar\/2a02d7dda59fe8dc6b7ffd3f652e2efede5ccf0dd89dfdc8137c5517f3de8407?s=96&d=mm&r=g\",\"contentUrl\":\"https:\/\/secure.gravatar.com\/avatar\/2a02d7dda59fe8dc6b7ffd3f652e2efede5ccf0dd89dfdc8137c5517f3de8407?s=96&d=mm&r=g\",\"caption\":\"admin-federas\"},\"sameAs\":[\"https:\/\/www.federassantas.org.br\/novosite\/\"],\"url\":\"https:\/\/www.federassantas.org.br\/novosite\/author\/admin-federas\/\"}]}<\/script>\n<!-- \/ Yoast SEO plugin. -->","yoast_head_json":{"title":"Minist\u00e9rio da Sa\u00fade busca regularizar distribui\u00e7\u00e3o do Soliris - Federassantas","robots":{"index":"index","follow":"follow","max-snippet":"max-snippet:-1","max-image-preview":"max-image-preview:large","max-video-preview":"max-video-preview:-1"},"canonical":"https:\/\/www.federassantas.org.br\/novosite\/ministerio-da-saude-busca-regularizar-distribuicao-do-soliris\/","og_locale":"pt_BR","og_type":"article","og_title":"Minist\u00e9rio da Sa\u00fade busca regularizar distribui\u00e7\u00e3o do Soliris - Federassantas","og_description":"Todas as etapas de importa\u00e7\u00e3o solicitadas pela Anvisa est\u00e3o sendo cumpridas, mas produtos que j\u00e1 est\u00e3o no Brasil, ainda aguardam autoriza\u00e7\u00e3o da Ag\u00eancia para serem liberados aos pacientes O Minist\u00e9rio da Sa\u00fade tem implementado medidas para cumprir, em menor tempo, as decis\u00f5es judiciais para a oferta do Soliris (Eculizumabe). O medicamento \u00e9 utilizado por pessoas [&hellip;]","og_url":"https:\/\/www.federassantas.org.br\/novosite\/ministerio-da-saude-busca-regularizar-distribuicao-do-soliris\/","og_site_name":"Federassantas","article_published_time":"2018-09-27T19:56:34+00:00","author":"admin-federas","twitter_card":"summary_large_image","twitter_misc":{"Escrito por":"admin-federas","Est. tempo de leitura":"2 minutos"},"schema":{"@context":"https:\/\/schema.org","@graph":[{"@type":"Article","@id":"https:\/\/www.federassantas.org.br\/novosite\/ministerio-da-saude-busca-regularizar-distribuicao-do-soliris\/#article","isPartOf":{"@id":"https:\/\/www.federassantas.org.br\/novosite\/ministerio-da-saude-busca-regularizar-distribuicao-do-soliris\/"},"author":{"name":"admin-federas","@id":"https:\/\/www.federassantas.org.br\/novosite\/#\/schema\/person\/75fed98158349313fe56175f232f513c"},"headline":"Minist\u00e9rio da Sa\u00fade busca regularizar distribui\u00e7\u00e3o do Soliris","datePublished":"2018-09-27T19:56:34+00:00","mainEntityOfPage":{"@id":"https:\/\/www.federassantas.org.br\/novosite\/ministerio-da-saude-busca-regularizar-distribuicao-do-soliris\/"},"wordCount":480,"commentCount":0,"publisher":{"@id":"https:\/\/www.federassantas.org.br\/novosite\/#organization"},"image":{"@id":"https:\/\/www.federassantas.org.br\/novosite\/ministerio-da-saude-busca-regularizar-distribuicao-do-soliris\/#primaryimage"},"thumbnailUrl":"","articleSection":["Not\u00edcias","Not\u00edcias P\u00fablicas"],"inLanguage":"pt-BR","potentialAction":[{"@type":"CommentAction","name":"Comment","target":["https:\/\/www.federassantas.org.br\/novosite\/ministerio-da-saude-busca-regularizar-distribuicao-do-soliris\/#respond"]}]},{"@type":"WebPage","@id":"https:\/\/www.federassantas.org.br\/novosite\/ministerio-da-saude-busca-regularizar-distribuicao-do-soliris\/","url":"https:\/\/www.federassantas.org.br\/novosite\/ministerio-da-saude-busca-regularizar-distribuicao-do-soliris\/","name":"Minist\u00e9rio da Sa\u00fade busca regularizar distribui\u00e7\u00e3o do Soliris - Federassantas","isPartOf":{"@id":"https:\/\/www.federassantas.org.br\/novosite\/#website"},"primaryImageOfPage":{"@id":"https:\/\/www.federassantas.org.br\/novosite\/ministerio-da-saude-busca-regularizar-distribuicao-do-soliris\/#primaryimage"},"image":{"@id":"https:\/\/www.federassantas.org.br\/novosite\/ministerio-da-saude-busca-regularizar-distribuicao-do-soliris\/#primaryimage"},"thumbnailUrl":"","datePublished":"2018-09-27T19:56:34+00:00","breadcrumb":{"@id":"https:\/\/www.federassantas.org.br\/novosite\/ministerio-da-saude-busca-regularizar-distribuicao-do-soliris\/#breadcrumb"},"inLanguage":"pt-BR","potentialAction":[{"@type":"ReadAction","target":["https:\/\/www.federassantas.org.br\/novosite\/ministerio-da-saude-busca-regularizar-distribuicao-do-soliris\/"]}]},{"@type":"ImageObject","inLanguage":"pt-BR","@id":"https:\/\/www.federassantas.org.br\/novosite\/ministerio-da-saude-busca-regularizar-distribuicao-do-soliris\/#primaryimage","url":"","contentUrl":""},{"@type":"BreadcrumbList","@id":"https:\/\/www.federassantas.org.br\/novosite\/ministerio-da-saude-busca-regularizar-distribuicao-do-soliris\/#breadcrumb","itemListElement":[{"@type":"ListItem","position":1,"name":"In\u00edcio","item":"https:\/\/www.federassantas.org.br\/novosite\/"},{"@type":"ListItem","position":2,"name":"Minist\u00e9rio da Sa\u00fade busca regularizar distribui\u00e7\u00e3o do Soliris"}]},{"@type":"WebSite","@id":"https:\/\/www.federassantas.org.br\/novosite\/#website","url":"https:\/\/www.federassantas.org.br\/novosite\/","name":"Federassantas","description":"Fed. das Santas Casas e Hospitais Filantr\u00f3picos de MG","publisher":{"@id":"https:\/\/www.federassantas.org.br\/novosite\/#organization"},"potentialAction":[{"@type":"SearchAction","target":{"@type":"EntryPoint","urlTemplate":"https:\/\/www.federassantas.org.br\/novosite\/?s={search_term_string}"},"query-input":{"@type":"PropertyValueSpecification","valueRequired":true,"valueName":"search_term_string"}}],"inLanguage":"pt-BR"},{"@type":"Organization","@id":"https:\/\/www.federassantas.org.br\/novosite\/#organization","name":"Federassantas","url":"https:\/\/www.federassantas.org.br\/novosite\/","logo":{"@type":"ImageObject","inLanguage":"pt-BR","@id":"https:\/\/www.federassantas.org.br\/novosite\/#\/schema\/logo\/image\/","url":"https:\/\/www.federassantas.org.br\/novosite\/wp-content\/uploads\/2021\/12\/logo.png","contentUrl":"https:\/\/www.federassantas.org.br\/novosite\/wp-content\/uploads\/2021\/12\/logo.png","width":243,"height":59,"caption":"Federassantas"},"image":{"@id":"https:\/\/www.federassantas.org.br\/novosite\/#\/schema\/logo\/image\/"}},{"@type":"Person","@id":"https:\/\/www.federassantas.org.br\/novosite\/#\/schema\/person\/75fed98158349313fe56175f232f513c","name":"admin-federas","image":{"@type":"ImageObject","inLanguage":"pt-BR","@id":"https:\/\/www.federassantas.org.br\/novosite\/#\/schema\/person\/image\/","url":"https:\/\/secure.gravatar.com\/avatar\/2a02d7dda59fe8dc6b7ffd3f652e2efede5ccf0dd89dfdc8137c5517f3de8407?s=96&d=mm&r=g","contentUrl":"https:\/\/secure.gravatar.com\/avatar\/2a02d7dda59fe8dc6b7ffd3f652e2efede5ccf0dd89dfdc8137c5517f3de8407?s=96&d=mm&r=g","caption":"admin-federas"},"sameAs":["https:\/\/www.federassantas.org.br\/novosite\/"],"url":"https:\/\/www.federassantas.org.br\/novosite\/author\/admin-federas\/"}]}},"_links":{"self":[{"href":"https:\/\/www.federassantas.org.br\/novosite\/wp-json\/wp\/v2\/posts\/14214","targetHints":{"allow":["GET"]}}],"collection":[{"href":"https:\/\/www.federassantas.org.br\/novosite\/wp-json\/wp\/v2\/posts"}],"about":[{"href":"https:\/\/www.federassantas.org.br\/novosite\/wp-json\/wp\/v2\/types\/post"}],"author":[{"embeddable":true,"href":"https:\/\/www.federassantas.org.br\/novosite\/wp-json\/wp\/v2\/users\/1"}],"replies":[{"embeddable":true,"href":"https:\/\/www.federassantas.org.br\/novosite\/wp-json\/wp\/v2\/comments?post=14214"}],"version-history":[{"count":0,"href":"https:\/\/www.federassantas.org.br\/novosite\/wp-json\/wp\/v2\/posts\/14214\/revisions"}],"wp:featuredmedia":[{"embeddable":true,"href":"https:\/\/www.federassantas.org.br\/novosite\/wp-json\/"}],"wp:attachment":[{"href":"https:\/\/www.federassantas.org.br\/novosite\/wp-json\/wp\/v2\/media?parent=14214"}],"wp:term":[{"taxonomy":"category","embeddable":true,"href":"https:\/\/www.federassantas.org.br\/novosite\/wp-json\/wp\/v2\/categories?post=14214"},{"taxonomy":"post_tag","embeddable":true,"href":"https:\/\/www.federassantas.org.br\/novosite\/wp-json\/wp\/v2\/tags?post=14214"}],"curies":[{"name":"wp","href":"https:\/\/api.w.org\/{rel}","templated":true}]}}