{"id":14218,"date":"2018-09-28T11:12:37","date_gmt":"2018-09-28T14:12:37","guid":{"rendered":"https:\/\/federasbackup.meltcomunicacao.com.br\/?p=14218"},"modified":"2018-09-28T11:12:37","modified_gmt":"2018-09-28T14:12:37","slug":"aumenta-doacao-de-orgaos-e-pais-bate-recorde-em-transplantes","status":"publish","type":"post","link":"https:\/\/www.federassantas.org.br\/novosite\/aumenta-doacao-de-orgaos-e-pais-bate-recorde-em-transplantes\/","title":{"rendered":"Aumenta doa\u00e7\u00e3o de \u00f3rg\u00e3os e pa\u00eds bate recorde em transplantes"},"content":{"rendered":"<p style=\"text-align: justify;\"><em>Entre janeiro e junho deste ano, foram 1.765 doadores efetivos, crescimento de 7% em rela\u00e7\u00e3o ao mesmo per\u00edodo de 2017<\/em><em>. Este aumento impacta em crescimento nos transplantes de f\u00edgado, pulm\u00e3o e cora\u00e7\u00e3o, al\u00e9m de<\/em><em>\u00a0medula \u00f3ssea\u00a0<\/em><em>\u00a0<\/em><\/p>\n<p style=\"text-align: justify;\">O Minist\u00e9rio da Sa\u00fade divulgou nesta quinta-feira (27), Dia Nacional de Incentivo \u00e0 Doa\u00e7\u00e3o de \u00d3rg\u00e3os, balan\u00e7o sobre a doa\u00e7\u00e3o de \u00f3rg\u00e3os, tecidos e c\u00e9lulas, e transplantes realizados no pa\u00eds no primeiro semestre de 2018 em compara\u00e7\u00e3o ao mesmo per\u00edodo de 2017. Tamb\u00e9m foi lan\u00e7ada a Campanha Nacional de Incentivo \u00e0 Doa\u00e7\u00e3o, que este ano traz o slogan \u201cEspalhe amor. Doe \u00d3rg\u00e3os\u201d. O balan\u00e7o do per\u00edodo aponta crescimento de 7% no n\u00famero de doadores efetivos de \u00f3rg\u00e3os, passando de 1.653 para 1.765.<\/p>\n<p style=\"text-align: justify;\">O ministro da Sa\u00fade interino, Ade\u00edlson Cavalcante, ressaltou a capilaridade do Sistema \u00danico de Sa\u00fade (SUS), que atende os 5.570 munic\u00edpios, com mais 43 mil unidades de sa\u00fade e cerca de 1.100 equipes transplantadoras no pa\u00eds. \u201cA uni\u00e3o entre governo federal, iniciativa privada, estados e munic\u00edpios transforma o SUS, a Pol\u00edtica Nacional de Transplante, em exemplos de efic\u00e1cia, efici\u00eancia e de retorno \u00e0 popula\u00e7\u00e3o brasileira. Essa parceria mostra que quando a gente tem prioridade de governo, temos um SUS solid\u00e1rio e eficiente&#8221;, destacou Ade\u00edlson Cavalcante.<\/p>\n<p style=\"text-align: justify;\">Realizando proje\u00e7\u00e3o do n\u00famero de transplantes com base no primeiro semestre deste ano, o aumento na doa\u00e7\u00e3o de \u00f3rg\u00e3os permitir\u00e1 alcan\u00e7ar recorde nos transplantes de f\u00edgado (2.222), pulm\u00e3o (130) e cora\u00e7\u00e3o (382) at\u00e9 o final de 2018. Ainda segundo a proje\u00e7\u00e3o, os transplantes de medula \u00f3ssea tamb\u00e9m alcan\u00e7ar\u00e3o seu maior n\u00famero na s\u00e9rie hist\u00f3rica (2.684).<\/p>\n<p style=\"text-align: justify;\">Com o aumento no n\u00famero de doadores efetivos, ou seja, aqueles que iniciaram a cirurgia para a retirada de \u00f3rg\u00e3os com a finalidade de transplante, o Brasil deve fechar 2018 com taxa de 17 doadores efetivos por milh\u00e3o da popula\u00e7\u00e3o (PMP), ultrapassando a meta do Plano Plurianual do Minist\u00e9rio da Sa\u00fade, que prev\u00ea o alcance de 15 doadores efetivos PMP para este ano. Em n\u00fameros absolutos, o pa\u00eds deve contar com 3.530 doadores efetivos, batendo recorde da s\u00e9rie hist\u00f3rica dos \u00faltimos cinco anos.<\/p>\n<h4 style=\"text-align: justify;\"><strong>TRANSPLANTES<\/strong><\/h4>\n<p style=\"text-align: justify;\">Em 2018, o pa\u00eds deve realizar 26.400 transplantes. Desse total, 8.690 ser\u00e3o \u00f3rg\u00e3os s\u00f3lidos (cora\u00e7\u00e3o, f\u00edgado, p\u00e2ncreas, pulm\u00e3o, rim e p\u00e2ncreas rim), registrando recorde em compara\u00e7\u00e3o aos \u00faltimos oito anos. Na proje\u00e7\u00e3o para todo o ano de 2018, os transplantes de c\u00f3rnea, no entanto, apontam redu\u00e7\u00e3o. Esse \u00e9 reflexo da redu\u00e7\u00e3o da lista de espera em alguns estados. Por exemplo, Amazonas, Cear\u00e1, Goi\u00e1s, Pernambuco e Paran\u00e1 tiveram desempenho m\u00e9dio de transplantes de c\u00f3rnea, superior ao da m\u00e9dia de pacientes na lista de espera, nos \u00faltimos tr\u00eas meses, e, portanto, s\u00e3o considerados na situa\u00e7\u00e3o de lista zerada.<\/p>\n<h4 style=\"text-align: justify;\"><strong>CAMPANHA<\/strong><\/h4>\n<p style=\"text-align: justify;\">A campanha do Minist\u00e9rio da Sa\u00fade de incentivo \u00e0 doa\u00e7\u00e3o de \u00f3rg\u00e3os deste ano traz o slogan \u201cEspalhe Amor. Doe \u00d3rg\u00e3os\u201d. O objetivo \u00e9 mostrar a import\u00e2ncia de se falar mais sobre doa\u00e7\u00e3o para manter o tema em evid\u00eancia na sociedade. A campanha entra no ar nesta quinta-feira (27) ser\u00e1 veiculada em TV, r\u00e1dio, revista, outdoor e mobili\u00e1rio urbano, al\u00e9m de internet e rede sociais\/influenciadores digitais. A trilha sonora traz a interpreta\u00e7\u00e3o da cantora Kell Smith, que tamb\u00e9m deu voz \u00e0 campanha de 2017.<\/p>\n<p style=\"text-align: justify;\">Saiba mais em:\u00a0<a href=\"http:\/\/portalms.saude.gov.br\/noticias\/agencia-saude\/44442-brasil-aumenta-doacao-de-orgaos-e-bate-recorde-em-transplantes\">http:\/\/portalms.saude.gov.br\/noticias\/agencia-saude\/44442-brasil-aumenta-doacao-de-orgaos-e-bate-recorde-em-transplantes<\/a><\/p>\n<p style=\"text-align: justify;\">\n<p style=\"text-align: justify;\"><em>Fonte: Ag\u00eancia Sa\u00fade\u00a0<\/em><\/p>\n","protected":false},"excerpt":{"rendered":"<p>Entre janeiro e junho deste ano, foram 1.765 doadores efetivos, crescimento de 7% em rela\u00e7\u00e3o ao mesmo per\u00edodo de 2017. Este aumento impacta em crescimento nos transplantes de f\u00edgado, pulm\u00e3o e cora\u00e7\u00e3o, al\u00e9m de\u00a0medula \u00f3ssea\u00a0\u00a0 O Minist\u00e9rio da Sa\u00fade divulgou nesta quinta-feira (27), Dia Nacional de Incentivo \u00e0 Doa\u00e7\u00e3o de \u00d3rg\u00e3os, balan\u00e7o sobre a doa\u00e7\u00e3o [&hellip;]<\/p>\n","protected":false},"author":1,"featured_media":14219,"comment_status":"open","ping_status":"open","sticky":false,"template":"","format":"standard","meta":{"footnotes":""},"categories":[140],"tags":[],"class_list":["post-14218","post","type-post","status-publish","format-standard","has-post-thumbnail","hentry","category-noticias"],"yoast_head":"<!-- This site is optimized with the Yoast SEO plugin v26.9 - https:\/\/yoast.com\/product\/yoast-seo-wordpress\/ -->\n<title>Aumenta doa\u00e7\u00e3o de \u00f3rg\u00e3os e pa\u00eds bate recorde em transplantes - Federassantas<\/title>\n<meta name=\"robots\" content=\"index, follow, max-snippet:-1, max-image-preview:large, max-video-preview:-1\" \/>\n<link rel=\"canonical\" href=\"https:\/\/www.federassantas.org.br\/novosite\/aumenta-doacao-de-orgaos-e-pais-bate-recorde-em-transplantes\/\" \/>\n<meta property=\"og:locale\" content=\"pt_BR\" \/>\n<meta property=\"og:type\" content=\"article\" \/>\n<meta property=\"og:title\" content=\"Aumenta doa\u00e7\u00e3o de \u00f3rg\u00e3os e pa\u00eds bate recorde em transplantes - Federassantas\" \/>\n<meta property=\"og:description\" content=\"Entre janeiro e junho deste ano, foram 1.765 doadores efetivos, crescimento de 7% em rela\u00e7\u00e3o ao mesmo per\u00edodo de 2017. Este aumento impacta em crescimento nos transplantes de f\u00edgado, pulm\u00e3o e cora\u00e7\u00e3o, al\u00e9m de\u00a0medula \u00f3ssea\u00a0\u00a0 O Minist\u00e9rio da Sa\u00fade divulgou nesta quinta-feira (27), Dia Nacional de Incentivo \u00e0 Doa\u00e7\u00e3o de \u00d3rg\u00e3os, balan\u00e7o sobre a doa\u00e7\u00e3o [&hellip;]\" \/>\n<meta property=\"og:url\" content=\"https:\/\/www.federassantas.org.br\/novosite\/aumenta-doacao-de-orgaos-e-pais-bate-recorde-em-transplantes\/\" \/>\n<meta property=\"og:site_name\" content=\"Federassantas\" \/>\n<meta property=\"article:published_time\" content=\"2018-09-28T14:12:37+00:00\" \/>\n<meta name=\"author\" content=\"admin-federas\" \/>\n<meta name=\"twitter:card\" content=\"summary_large_image\" \/>\n<meta name=\"twitter:label1\" content=\"Escrito por\" \/>\n\t<meta name=\"twitter:data1\" content=\"admin-federas\" \/>\n\t<meta name=\"twitter:label2\" content=\"Est. tempo de leitura\" \/>\n\t<meta name=\"twitter:data2\" content=\"3 minutos\" \/>\n<script type=\"application\/ld+json\" class=\"yoast-schema-graph\">{\"@context\":\"https:\/\/schema.org\",\"@graph\":[{\"@type\":\"Article\",\"@id\":\"https:\/\/www.federassantas.org.br\/novosite\/aumenta-doacao-de-orgaos-e-pais-bate-recorde-em-transplantes\/#article\",\"isPartOf\":{\"@id\":\"https:\/\/www.federassantas.org.br\/novosite\/aumenta-doacao-de-orgaos-e-pais-bate-recorde-em-transplantes\/\"},\"author\":{\"name\":\"admin-federas\",\"@id\":\"https:\/\/www.federassantas.org.br\/novosite\/#\/schema\/person\/75fed98158349313fe56175f232f513c\"},\"headline\":\"Aumenta doa\u00e7\u00e3o de \u00f3rg\u00e3os e pa\u00eds bate recorde em transplantes\",\"datePublished\":\"2018-09-28T14:12:37+00:00\",\"mainEntityOfPage\":{\"@id\":\"https:\/\/www.federassantas.org.br\/novosite\/aumenta-doacao-de-orgaos-e-pais-bate-recorde-em-transplantes\/\"},\"wordCount\":617,\"commentCount\":0,\"publisher\":{\"@id\":\"https:\/\/www.federassantas.org.br\/novosite\/#organization\"},\"image\":{\"@id\":\"https:\/\/www.federassantas.org.br\/novosite\/aumenta-doacao-de-orgaos-e-pais-bate-recorde-em-transplantes\/#primaryimage\"},\"thumbnailUrl\":\"\",\"articleSection\":[\"Not\u00edcias\"],\"inLanguage\":\"pt-BR\",\"potentialAction\":[{\"@type\":\"CommentAction\",\"name\":\"Comment\",\"target\":[\"https:\/\/www.federassantas.org.br\/novosite\/aumenta-doacao-de-orgaos-e-pais-bate-recorde-em-transplantes\/#respond\"]}]},{\"@type\":\"WebPage\",\"@id\":\"https:\/\/www.federassantas.org.br\/novosite\/aumenta-doacao-de-orgaos-e-pais-bate-recorde-em-transplantes\/\",\"url\":\"https:\/\/www.federassantas.org.br\/novosite\/aumenta-doacao-de-orgaos-e-pais-bate-recorde-em-transplantes\/\",\"name\":\"Aumenta doa\u00e7\u00e3o de \u00f3rg\u00e3os e pa\u00eds bate recorde em transplantes - Federassantas\",\"isPartOf\":{\"@id\":\"https:\/\/www.federassantas.org.br\/novosite\/#website\"},\"primaryImageOfPage\":{\"@id\":\"https:\/\/www.federassantas.org.br\/novosite\/aumenta-doacao-de-orgaos-e-pais-bate-recorde-em-transplantes\/#primaryimage\"},\"image\":{\"@id\":\"https:\/\/www.federassantas.org.br\/novosite\/aumenta-doacao-de-orgaos-e-pais-bate-recorde-em-transplantes\/#primaryimage\"},\"thumbnailUrl\":\"\",\"datePublished\":\"2018-09-28T14:12:37+00:00\",\"breadcrumb\":{\"@id\":\"https:\/\/www.federassantas.org.br\/novosite\/aumenta-doacao-de-orgaos-e-pais-bate-recorde-em-transplantes\/#breadcrumb\"},\"inLanguage\":\"pt-BR\",\"potentialAction\":[{\"@type\":\"ReadAction\",\"target\":[\"https:\/\/www.federassantas.org.br\/novosite\/aumenta-doacao-de-orgaos-e-pais-bate-recorde-em-transplantes\/\"]}]},{\"@type\":\"ImageObject\",\"inLanguage\":\"pt-BR\",\"@id\":\"https:\/\/www.federassantas.org.br\/novosite\/aumenta-doacao-de-orgaos-e-pais-bate-recorde-em-transplantes\/#primaryimage\",\"url\":\"\",\"contentUrl\":\"\"},{\"@type\":\"BreadcrumbList\",\"@id\":\"https:\/\/www.federassantas.org.br\/novosite\/aumenta-doacao-de-orgaos-e-pais-bate-recorde-em-transplantes\/#breadcrumb\",\"itemListElement\":[{\"@type\":\"ListItem\",\"position\":1,\"name\":\"In\u00edcio\",\"item\":\"https:\/\/www.federassantas.org.br\/novosite\/\"},{\"@type\":\"ListItem\",\"position\":2,\"name\":\"Aumenta doa\u00e7\u00e3o de \u00f3rg\u00e3os e pa\u00eds bate recorde em transplantes\"}]},{\"@type\":\"WebSite\",\"@id\":\"https:\/\/www.federassantas.org.br\/novosite\/#website\",\"url\":\"https:\/\/www.federassantas.org.br\/novosite\/\",\"name\":\"Federassantas\",\"description\":\"Fed. das Santas Casas e Hospitais Filantr\u00f3picos de MG\",\"publisher\":{\"@id\":\"https:\/\/www.federassantas.org.br\/novosite\/#organization\"},\"potentialAction\":[{\"@type\":\"SearchAction\",\"target\":{\"@type\":\"EntryPoint\",\"urlTemplate\":\"https:\/\/www.federassantas.org.br\/novosite\/?s={search_term_string}\"},\"query-input\":{\"@type\":\"PropertyValueSpecification\",\"valueRequired\":true,\"valueName\":\"search_term_string\"}}],\"inLanguage\":\"pt-BR\"},{\"@type\":\"Organization\",\"@id\":\"https:\/\/www.federassantas.org.br\/novosite\/#organization\",\"name\":\"Federassantas\",\"url\":\"https:\/\/www.federassantas.org.br\/novosite\/\",\"logo\":{\"@type\":\"ImageObject\",\"inLanguage\":\"pt-BR\",\"@id\":\"https:\/\/www.federassantas.org.br\/novosite\/#\/schema\/logo\/image\/\",\"url\":\"https:\/\/www.federassantas.org.br\/novosite\/wp-content\/uploads\/2021\/12\/logo.png\",\"contentUrl\":\"https:\/\/www.federassantas.org.br\/novosite\/wp-content\/uploads\/2021\/12\/logo.png\",\"width\":243,\"height\":59,\"caption\":\"Federassantas\"},\"image\":{\"@id\":\"https:\/\/www.federassantas.org.br\/novosite\/#\/schema\/logo\/image\/\"}},{\"@type\":\"Person\",\"@id\":\"https:\/\/www.federassantas.org.br\/novosite\/#\/schema\/person\/75fed98158349313fe56175f232f513c\",\"name\":\"admin-federas\",\"image\":{\"@type\":\"ImageObject\",\"inLanguage\":\"pt-BR\",\"@id\":\"https:\/\/www.federassantas.org.br\/novosite\/#\/schema\/person\/image\/\",\"url\":\"https:\/\/secure.gravatar.com\/avatar\/2a02d7dda59fe8dc6b7ffd3f652e2efede5ccf0dd89dfdc8137c5517f3de8407?s=96&d=mm&r=g\",\"contentUrl\":\"https:\/\/secure.gravatar.com\/avatar\/2a02d7dda59fe8dc6b7ffd3f652e2efede5ccf0dd89dfdc8137c5517f3de8407?s=96&d=mm&r=g\",\"caption\":\"admin-federas\"},\"sameAs\":[\"https:\/\/www.federassantas.org.br\/novosite\/\"],\"url\":\"https:\/\/www.federassantas.org.br\/novosite\/author\/admin-federas\/\"}]}<\/script>\n<!-- \/ Yoast SEO plugin. -->","yoast_head_json":{"title":"Aumenta doa\u00e7\u00e3o de \u00f3rg\u00e3os e pa\u00eds bate recorde em transplantes - Federassantas","robots":{"index":"index","follow":"follow","max-snippet":"max-snippet:-1","max-image-preview":"max-image-preview:large","max-video-preview":"max-video-preview:-1"},"canonical":"https:\/\/www.federassantas.org.br\/novosite\/aumenta-doacao-de-orgaos-e-pais-bate-recorde-em-transplantes\/","og_locale":"pt_BR","og_type":"article","og_title":"Aumenta doa\u00e7\u00e3o de \u00f3rg\u00e3os e pa\u00eds bate recorde em transplantes - Federassantas","og_description":"Entre janeiro e junho deste ano, foram 1.765 doadores efetivos, crescimento de 7% em rela\u00e7\u00e3o ao mesmo per\u00edodo de 2017. Este aumento impacta em crescimento nos transplantes de f\u00edgado, pulm\u00e3o e cora\u00e7\u00e3o, al\u00e9m de\u00a0medula \u00f3ssea\u00a0\u00a0 O Minist\u00e9rio da Sa\u00fade divulgou nesta quinta-feira (27), Dia Nacional de Incentivo \u00e0 Doa\u00e7\u00e3o de \u00d3rg\u00e3os, balan\u00e7o sobre a doa\u00e7\u00e3o [&hellip;]","og_url":"https:\/\/www.federassantas.org.br\/novosite\/aumenta-doacao-de-orgaos-e-pais-bate-recorde-em-transplantes\/","og_site_name":"Federassantas","article_published_time":"2018-09-28T14:12:37+00:00","author":"admin-federas","twitter_card":"summary_large_image","twitter_misc":{"Escrito por":"admin-federas","Est. tempo de leitura":"3 minutos"},"schema":{"@context":"https:\/\/schema.org","@graph":[{"@type":"Article","@id":"https:\/\/www.federassantas.org.br\/novosite\/aumenta-doacao-de-orgaos-e-pais-bate-recorde-em-transplantes\/#article","isPartOf":{"@id":"https:\/\/www.federassantas.org.br\/novosite\/aumenta-doacao-de-orgaos-e-pais-bate-recorde-em-transplantes\/"},"author":{"name":"admin-federas","@id":"https:\/\/www.federassantas.org.br\/novosite\/#\/schema\/person\/75fed98158349313fe56175f232f513c"},"headline":"Aumenta doa\u00e7\u00e3o de \u00f3rg\u00e3os e pa\u00eds bate recorde em transplantes","datePublished":"2018-09-28T14:12:37+00:00","mainEntityOfPage":{"@id":"https:\/\/www.federassantas.org.br\/novosite\/aumenta-doacao-de-orgaos-e-pais-bate-recorde-em-transplantes\/"},"wordCount":617,"commentCount":0,"publisher":{"@id":"https:\/\/www.federassantas.org.br\/novosite\/#organization"},"image":{"@id":"https:\/\/www.federassantas.org.br\/novosite\/aumenta-doacao-de-orgaos-e-pais-bate-recorde-em-transplantes\/#primaryimage"},"thumbnailUrl":"","articleSection":["Not\u00edcias"],"inLanguage":"pt-BR","potentialAction":[{"@type":"CommentAction","name":"Comment","target":["https:\/\/www.federassantas.org.br\/novosite\/aumenta-doacao-de-orgaos-e-pais-bate-recorde-em-transplantes\/#respond"]}]},{"@type":"WebPage","@id":"https:\/\/www.federassantas.org.br\/novosite\/aumenta-doacao-de-orgaos-e-pais-bate-recorde-em-transplantes\/","url":"https:\/\/www.federassantas.org.br\/novosite\/aumenta-doacao-de-orgaos-e-pais-bate-recorde-em-transplantes\/","name":"Aumenta doa\u00e7\u00e3o de \u00f3rg\u00e3os e pa\u00eds bate recorde em transplantes - Federassantas","isPartOf":{"@id":"https:\/\/www.federassantas.org.br\/novosite\/#website"},"primaryImageOfPage":{"@id":"https:\/\/www.federassantas.org.br\/novosite\/aumenta-doacao-de-orgaos-e-pais-bate-recorde-em-transplantes\/#primaryimage"},"image":{"@id":"https:\/\/www.federassantas.org.br\/novosite\/aumenta-doacao-de-orgaos-e-pais-bate-recorde-em-transplantes\/#primaryimage"},"thumbnailUrl":"","datePublished":"2018-09-28T14:12:37+00:00","breadcrumb":{"@id":"https:\/\/www.federassantas.org.br\/novosite\/aumenta-doacao-de-orgaos-e-pais-bate-recorde-em-transplantes\/#breadcrumb"},"inLanguage":"pt-BR","potentialAction":[{"@type":"ReadAction","target":["https:\/\/www.federassantas.org.br\/novosite\/aumenta-doacao-de-orgaos-e-pais-bate-recorde-em-transplantes\/"]}]},{"@type":"ImageObject","inLanguage":"pt-BR","@id":"https:\/\/www.federassantas.org.br\/novosite\/aumenta-doacao-de-orgaos-e-pais-bate-recorde-em-transplantes\/#primaryimage","url":"","contentUrl":""},{"@type":"BreadcrumbList","@id":"https:\/\/www.federassantas.org.br\/novosite\/aumenta-doacao-de-orgaos-e-pais-bate-recorde-em-transplantes\/#breadcrumb","itemListElement":[{"@type":"ListItem","position":1,"name":"In\u00edcio","item":"https:\/\/www.federassantas.org.br\/novosite\/"},{"@type":"ListItem","position":2,"name":"Aumenta doa\u00e7\u00e3o de \u00f3rg\u00e3os e pa\u00eds bate recorde em transplantes"}]},{"@type":"WebSite","@id":"https:\/\/www.federassantas.org.br\/novosite\/#website","url":"https:\/\/www.federassantas.org.br\/novosite\/","name":"Federassantas","description":"Fed. das Santas Casas e Hospitais Filantr\u00f3picos de MG","publisher":{"@id":"https:\/\/www.federassantas.org.br\/novosite\/#organization"},"potentialAction":[{"@type":"SearchAction","target":{"@type":"EntryPoint","urlTemplate":"https:\/\/www.federassantas.org.br\/novosite\/?s={search_term_string}"},"query-input":{"@type":"PropertyValueSpecification","valueRequired":true,"valueName":"search_term_string"}}],"inLanguage":"pt-BR"},{"@type":"Organization","@id":"https:\/\/www.federassantas.org.br\/novosite\/#organization","name":"Federassantas","url":"https:\/\/www.federassantas.org.br\/novosite\/","logo":{"@type":"ImageObject","inLanguage":"pt-BR","@id":"https:\/\/www.federassantas.org.br\/novosite\/#\/schema\/logo\/image\/","url":"https:\/\/www.federassantas.org.br\/novosite\/wp-content\/uploads\/2021\/12\/logo.png","contentUrl":"https:\/\/www.federassantas.org.br\/novosite\/wp-content\/uploads\/2021\/12\/logo.png","width":243,"height":59,"caption":"Federassantas"},"image":{"@id":"https:\/\/www.federassantas.org.br\/novosite\/#\/schema\/logo\/image\/"}},{"@type":"Person","@id":"https:\/\/www.federassantas.org.br\/novosite\/#\/schema\/person\/75fed98158349313fe56175f232f513c","name":"admin-federas","image":{"@type":"ImageObject","inLanguage":"pt-BR","@id":"https:\/\/www.federassantas.org.br\/novosite\/#\/schema\/person\/image\/","url":"https:\/\/secure.gravatar.com\/avatar\/2a02d7dda59fe8dc6b7ffd3f652e2efede5ccf0dd89dfdc8137c5517f3de8407?s=96&d=mm&r=g","contentUrl":"https:\/\/secure.gravatar.com\/avatar\/2a02d7dda59fe8dc6b7ffd3f652e2efede5ccf0dd89dfdc8137c5517f3de8407?s=96&d=mm&r=g","caption":"admin-federas"},"sameAs":["https:\/\/www.federassantas.org.br\/novosite\/"],"url":"https:\/\/www.federassantas.org.br\/novosite\/author\/admin-federas\/"}]}},"_links":{"self":[{"href":"https:\/\/www.federassantas.org.br\/novosite\/wp-json\/wp\/v2\/posts\/14218","targetHints":{"allow":["GET"]}}],"collection":[{"href":"https:\/\/www.federassantas.org.br\/novosite\/wp-json\/wp\/v2\/posts"}],"about":[{"href":"https:\/\/www.federassantas.org.br\/novosite\/wp-json\/wp\/v2\/types\/post"}],"author":[{"embeddable":true,"href":"https:\/\/www.federassantas.org.br\/novosite\/wp-json\/wp\/v2\/users\/1"}],"replies":[{"embeddable":true,"href":"https:\/\/www.federassantas.org.br\/novosite\/wp-json\/wp\/v2\/comments?post=14218"}],"version-history":[{"count":0,"href":"https:\/\/www.federassantas.org.br\/novosite\/wp-json\/wp\/v2\/posts\/14218\/revisions"}],"wp:featuredmedia":[{"embeddable":true,"href":"https:\/\/www.federassantas.org.br\/novosite\/wp-json\/"}],"wp:attachment":[{"href":"https:\/\/www.federassantas.org.br\/novosite\/wp-json\/wp\/v2\/media?parent=14218"}],"wp:term":[{"taxonomy":"category","embeddable":true,"href":"https:\/\/www.federassantas.org.br\/novosite\/wp-json\/wp\/v2\/categories?post=14218"},{"taxonomy":"post_tag","embeddable":true,"href":"https:\/\/www.federassantas.org.br\/novosite\/wp-json\/wp\/v2\/tags?post=14218"}],"curies":[{"name":"wp","href":"https:\/\/api.w.org\/{rel}","templated":true}]}}