{"id":14221,"date":"2018-09-28T11:17:16","date_gmt":"2018-09-28T14:17:16","guid":{"rendered":"https:\/\/federasbackup.meltcomunicacao.com.br\/?p=14221"},"modified":"2018-09-28T11:17:16","modified_gmt":"2018-09-28T14:17:16","slug":"brasil-defende-acoes-para-reduzir-mortalidade-por-doencas-cronicas","status":"publish","type":"post","link":"https:\/\/www.federassantas.org.br\/novosite\/brasil-defende-acoes-para-reduzir-mortalidade-por-doencas-cronicas\/","title":{"rendered":"Brasil defende a\u00e7\u00f5es para reduzir mortalidade por doen\u00e7as cr\u00f4nicas"},"content":{"rendered":"<p style=\"text-align: justify;\"><em>Durante Assembleia Geral das Na\u00e7\u00f5es Unidas em Nova York (EUA), ministro da Sa\u00fade, Gilberto Occhi, destacou a preven\u00e7\u00e3o de doen\u00e7as e promo\u00e7\u00e3o da sa\u00fade para reduzir a mortalidade por Doen\u00e7as Cr\u00f4nicas N\u00e3o-Transmiss\u00edveis.\u00a0<\/em><\/p>\n<p style=\"text-align: justify;\">Priorizar a preven\u00e7\u00e3o de doen\u00e7as e promover a sa\u00fade para a reduzir a taxa de mortalidade por doen\u00e7as cr\u00f4nicas foi o que defendeu o ministro da Sa\u00fade, Gilberto Occhi, nesta quinta-feira (27), na abertura da 3\u00aa Reuni\u00e3o de Alto N\u00edvel sobre Preven\u00e7\u00e3o e Controle das Doen\u00e7as Cr\u00f4nicas N\u00e3o-Transmiss\u00edveis, na Assembleia Geral da ONU, em Nova York (EUA). As DCNTs s\u00e3o resultado de diversos fatores, determinantes sociais e condicionantes, al\u00e9m de fatores de risco individuais como tabagismo, consumo nocivo de \u00e1lcool, inatividade f\u00edsica e alimenta\u00e7\u00e3o n\u00e3o saud\u00e1vel.<\/p>\n<div style=\"text-align: justify;\">\u201cFortalecer os sistemas de sa\u00fade e aprimorar as a\u00e7\u00f5es de preven\u00e7\u00e3o e controle das doen\u00e7as cr\u00f4nicas \u00e9 fundamental n\u00e3o apenas para a sa\u00fade global, mas tamb\u00e9m para o desenvolvimento social, econ\u00f4mico e ambiental\u201d, disse, ressaltando a necessidade de a\u00e7\u00f5es para melhorar o acesso a medicamentos, vacinas e produtos m\u00e9dicos seguros, eficazes, a pre\u00e7os acess\u00edveis e de qualidade.<\/div>\n<div style=\"text-align: justify;\"><\/div>\n<div style=\"text-align: justify;\">As Doen\u00e7as Cr\u00f4nicas N\u00e3o-Transmiss\u00edveis (DCNTs) s\u00e3o doen\u00e7as multifatoriais, de longa dura\u00e7\u00e3o, que se desenvolvem no decorrer da vida. Respons\u00e1veis por 40 milh\u00f5es de mortes (70% de todas as mortes no mundo), s\u00e3o consideradas s\u00e9rio problema de sa\u00fade p\u00fablica. No Brasil, as DCNTs foram a causa de aproximadamente 72,6% das mortes em 2013. A meta brasileira \u00e9 reduzir em 30% at\u00e9 2030 a mortalidade prematura por doen\u00e7a cardiovascular, pulmonar cr\u00f4nica diabetes e c\u00e2ncer.<\/div>\n<p style=\"text-align: justify;\">Gilberto Occhi falou em nome da Iniciativa Pol\u00edtica Externa e Sa\u00fade Global (FPGH), formada por Brasil, Fran\u00e7a, Indon\u00e9sia, Noruega, Senegal, \u00c1frica do Sul e Tail\u00e2ndia. O ministro reafirmou o empenho em aperfei\u00e7oar respostas multissetoriais para a preven\u00e7\u00e3o de doen\u00e7as n\u00e3o-transmiss\u00edveis, refor\u00e7ando a import\u00e2ncia do esfor\u00e7o conjunto dos setores p\u00fablico, privado, sociedade civil, organiza\u00e7\u00f5es m\u00e9dicas e acad\u00eamicas \u201cque deve incidir sobre os determinantes sociais da sa\u00fade, em particular, sobre os quatros principais fatores de risco: tabagismo, inatividade f\u00edsica, dietas n\u00e3o saud\u00e1veis e uso nocivo de \u00e1lcool\u201d.<\/p>\n<h4 style=\"text-align: justify;\">DOEN\u00c7AS CR\u00d4NICAS E NUTRI\u00c7\u00c3O<\/h4>\n<p style=\"text-align: justify;\">O ministro da Sa\u00fade frisou que \u00e9 preciso avan\u00e7ar em medidas regulat\u00f3rias e abordar de forma transparentes a quest\u00e3o de poss\u00edveis conflitos de interesses em programas de nutri\u00e7\u00e3o e informou que, nesse sentido, a FPGH est\u00e1 colaborando com o instrumento em elabora\u00e7\u00e3o no \u00e2mbito da Organiza\u00e7\u00e3o Mundial da Sa\u00fade (OMS). Durante a presid\u00eancia brasileira na FPGH, o tema de trabalho \u00e9 a seguran\u00e7a alimentar e nutricional, bem como a promo\u00e7\u00e3o de dietas, estilos de vida e ambientes saud\u00e1veis.<\/p>\n<div style=\"text-align: justify;\">O Brasil \u00e9 um dos seis pa\u00edses que cumpriu a meta da OMS de organiza\u00e7\u00e3o de um sistema de indicadores para monitoramento e avalia\u00e7\u00e3o das DCNTs. O conjunto de a\u00e7\u00f5es do Governo Federal, com expans\u00e3o do acesso a servi\u00e7os de sa\u00fade, diagn\u00f3stico precoce e tratamento, al\u00e9m das a\u00e7\u00f5es de promo\u00e7\u00e3o da sa\u00fade, j\u00e1 impacta na queda de \u00f3bitos precoce por DCNTs. Dados do Sistema de Informa\u00e7\u00e3o sobre Mortalidade (SIM) do Minist\u00e9rio da Sa\u00fade mostram uma redu\u00e7\u00e3o anual de 4% na taxa de mortalidade prematura pelas principais doen\u00e7as cr\u00f4nicas, de 2000 a 2015.<\/div>\n<h4 style=\"text-align: justify;\"><strong>REUNI\u00d5ES DE ALTO N\u00cdVEL<\/strong><\/h4>\n<p style=\"text-align: justify;\">As Reuni\u00f5es de Alto N\u00edvel das Na\u00e7\u00f5es Unidas desempenham papel-chave no desenvolvimento das prioridades globais, mobiliza\u00e7\u00e3o de recursos e fortalecimento do comprometimento dos pa\u00edses. Historicamente, as c\u00fapulas t\u00eam promovido abordagem colaborativa e hol\u00edstica, com a\u00e7\u00e3o coordenada entre diversos atores estatais, n\u00e3o-governamentais e do setor privado.<\/p>\n<p style=\"text-align: justify;\">Saiba mais em:\u00a0<a href=\"http:\/\/portalms.saude.gov.br\/noticias\/agencia-saude\/44445-brasil-defende-acoes-para-reduzir-mortalidade-por-doencas-cronicas\">http:\/\/portalms.saude.gov.br\/noticias\/agencia-saude\/44445-brasil-defende-acoes-para-reduzir-mortalidade-por-doencas-cronicas<\/a><\/p>\n<p style=\"text-align: justify;\">\n<p style=\"text-align: justify;\"><em>Fonte: Ag\u00eancia Sa\u00fade<\/em><\/p>\n","protected":false},"excerpt":{"rendered":"<p>Durante Assembleia Geral das Na\u00e7\u00f5es Unidas em Nova York (EUA), ministro da Sa\u00fade, Gilberto Occhi, destacou a preven\u00e7\u00e3o de doen\u00e7as e promo\u00e7\u00e3o da sa\u00fade para reduzir a mortalidade por Doen\u00e7as Cr\u00f4nicas N\u00e3o-Transmiss\u00edveis.\u00a0 Priorizar a preven\u00e7\u00e3o de doen\u00e7as e promover a sa\u00fade para a reduzir a taxa de mortalidade por doen\u00e7as cr\u00f4nicas foi o que defendeu [&hellip;]<\/p>\n","protected":false},"author":1,"featured_media":14222,"comment_status":"open","ping_status":"open","sticky":false,"template":"","format":"standard","meta":{"footnotes":""},"categories":[140],"tags":[],"class_list":["post-14221","post","type-post","status-publish","format-standard","has-post-thumbnail","hentry","category-noticias"],"yoast_head":"<!-- This site is optimized with the Yoast SEO plugin v26.9 - https:\/\/yoast.com\/product\/yoast-seo-wordpress\/ -->\n<title>Brasil defende a\u00e7\u00f5es para reduzir mortalidade por doen\u00e7as cr\u00f4nicas - Federassantas<\/title>\n<meta name=\"robots\" content=\"index, follow, max-snippet:-1, max-image-preview:large, max-video-preview:-1\" \/>\n<link rel=\"canonical\" href=\"https:\/\/www.federassantas.org.br\/novosite\/brasil-defende-acoes-para-reduzir-mortalidade-por-doencas-cronicas\/\" \/>\n<meta property=\"og:locale\" content=\"pt_BR\" \/>\n<meta property=\"og:type\" content=\"article\" \/>\n<meta property=\"og:title\" content=\"Brasil defende a\u00e7\u00f5es para reduzir mortalidade por doen\u00e7as cr\u00f4nicas - Federassantas\" \/>\n<meta property=\"og:description\" content=\"Durante Assembleia Geral das Na\u00e7\u00f5es Unidas em Nova York (EUA), ministro da Sa\u00fade, Gilberto Occhi, destacou a preven\u00e7\u00e3o de doen\u00e7as e promo\u00e7\u00e3o da sa\u00fade para reduzir a mortalidade por Doen\u00e7as Cr\u00f4nicas N\u00e3o-Transmiss\u00edveis.\u00a0 Priorizar a preven\u00e7\u00e3o de doen\u00e7as e promover a sa\u00fade para a reduzir a taxa de mortalidade por doen\u00e7as cr\u00f4nicas foi o que defendeu [&hellip;]\" \/>\n<meta property=\"og:url\" content=\"https:\/\/www.federassantas.org.br\/novosite\/brasil-defende-acoes-para-reduzir-mortalidade-por-doencas-cronicas\/\" \/>\n<meta property=\"og:site_name\" content=\"Federassantas\" \/>\n<meta property=\"article:published_time\" content=\"2018-09-28T14:17:16+00:00\" \/>\n<meta name=\"author\" content=\"admin-federas\" \/>\n<meta name=\"twitter:card\" content=\"summary_large_image\" \/>\n<meta name=\"twitter:label1\" content=\"Escrito por\" \/>\n\t<meta name=\"twitter:data1\" content=\"admin-federas\" \/>\n\t<meta name=\"twitter:label2\" content=\"Est. tempo de leitura\" \/>\n\t<meta name=\"twitter:data2\" content=\"3 minutos\" \/>\n<script type=\"application\/ld+json\" class=\"yoast-schema-graph\">{\"@context\":\"https:\/\/schema.org\",\"@graph\":[{\"@type\":\"Article\",\"@id\":\"https:\/\/www.federassantas.org.br\/novosite\/brasil-defende-acoes-para-reduzir-mortalidade-por-doencas-cronicas\/#article\",\"isPartOf\":{\"@id\":\"https:\/\/www.federassantas.org.br\/novosite\/brasil-defende-acoes-para-reduzir-mortalidade-por-doencas-cronicas\/\"},\"author\":{\"name\":\"admin-federas\",\"@id\":\"https:\/\/www.federassantas.org.br\/novosite\/#\/schema\/person\/75fed98158349313fe56175f232f513c\"},\"headline\":\"Brasil defende a\u00e7\u00f5es para reduzir mortalidade por doen\u00e7as cr\u00f4nicas\",\"datePublished\":\"2018-09-28T14:17:16+00:00\",\"mainEntityOfPage\":{\"@id\":\"https:\/\/www.federassantas.org.br\/novosite\/brasil-defende-acoes-para-reduzir-mortalidade-por-doencas-cronicas\/\"},\"wordCount\":692,\"commentCount\":0,\"publisher\":{\"@id\":\"https:\/\/www.federassantas.org.br\/novosite\/#organization\"},\"image\":{\"@id\":\"https:\/\/www.federassantas.org.br\/novosite\/brasil-defende-acoes-para-reduzir-mortalidade-por-doencas-cronicas\/#primaryimage\"},\"thumbnailUrl\":\"\",\"articleSection\":[\"Not\u00edcias\"],\"inLanguage\":\"pt-BR\",\"potentialAction\":[{\"@type\":\"CommentAction\",\"name\":\"Comment\",\"target\":[\"https:\/\/www.federassantas.org.br\/novosite\/brasil-defende-acoes-para-reduzir-mortalidade-por-doencas-cronicas\/#respond\"]}]},{\"@type\":\"WebPage\",\"@id\":\"https:\/\/www.federassantas.org.br\/novosite\/brasil-defende-acoes-para-reduzir-mortalidade-por-doencas-cronicas\/\",\"url\":\"https:\/\/www.federassantas.org.br\/novosite\/brasil-defende-acoes-para-reduzir-mortalidade-por-doencas-cronicas\/\",\"name\":\"Brasil defende a\u00e7\u00f5es para reduzir mortalidade por doen\u00e7as cr\u00f4nicas - Federassantas\",\"isPartOf\":{\"@id\":\"https:\/\/www.federassantas.org.br\/novosite\/#website\"},\"primaryImageOfPage\":{\"@id\":\"https:\/\/www.federassantas.org.br\/novosite\/brasil-defende-acoes-para-reduzir-mortalidade-por-doencas-cronicas\/#primaryimage\"},\"image\":{\"@id\":\"https:\/\/www.federassantas.org.br\/novosite\/brasil-defende-acoes-para-reduzir-mortalidade-por-doencas-cronicas\/#primaryimage\"},\"thumbnailUrl\":\"\",\"datePublished\":\"2018-09-28T14:17:16+00:00\",\"breadcrumb\":{\"@id\":\"https:\/\/www.federassantas.org.br\/novosite\/brasil-defende-acoes-para-reduzir-mortalidade-por-doencas-cronicas\/#breadcrumb\"},\"inLanguage\":\"pt-BR\",\"potentialAction\":[{\"@type\":\"ReadAction\",\"target\":[\"https:\/\/www.federassantas.org.br\/novosite\/brasil-defende-acoes-para-reduzir-mortalidade-por-doencas-cronicas\/\"]}]},{\"@type\":\"ImageObject\",\"inLanguage\":\"pt-BR\",\"@id\":\"https:\/\/www.federassantas.org.br\/novosite\/brasil-defende-acoes-para-reduzir-mortalidade-por-doencas-cronicas\/#primaryimage\",\"url\":\"\",\"contentUrl\":\"\"},{\"@type\":\"BreadcrumbList\",\"@id\":\"https:\/\/www.federassantas.org.br\/novosite\/brasil-defende-acoes-para-reduzir-mortalidade-por-doencas-cronicas\/#breadcrumb\",\"itemListElement\":[{\"@type\":\"ListItem\",\"position\":1,\"name\":\"In\u00edcio\",\"item\":\"https:\/\/www.federassantas.org.br\/novosite\/\"},{\"@type\":\"ListItem\",\"position\":2,\"name\":\"Brasil defende a\u00e7\u00f5es para reduzir mortalidade por doen\u00e7as cr\u00f4nicas\"}]},{\"@type\":\"WebSite\",\"@id\":\"https:\/\/www.federassantas.org.br\/novosite\/#website\",\"url\":\"https:\/\/www.federassantas.org.br\/novosite\/\",\"name\":\"Federassantas\",\"description\":\"Fed. das Santas Casas e Hospitais Filantr\u00f3picos de MG\",\"publisher\":{\"@id\":\"https:\/\/www.federassantas.org.br\/novosite\/#organization\"},\"potentialAction\":[{\"@type\":\"SearchAction\",\"target\":{\"@type\":\"EntryPoint\",\"urlTemplate\":\"https:\/\/www.federassantas.org.br\/novosite\/?s={search_term_string}\"},\"query-input\":{\"@type\":\"PropertyValueSpecification\",\"valueRequired\":true,\"valueName\":\"search_term_string\"}}],\"inLanguage\":\"pt-BR\"},{\"@type\":\"Organization\",\"@id\":\"https:\/\/www.federassantas.org.br\/novosite\/#organization\",\"name\":\"Federassantas\",\"url\":\"https:\/\/www.federassantas.org.br\/novosite\/\",\"logo\":{\"@type\":\"ImageObject\",\"inLanguage\":\"pt-BR\",\"@id\":\"https:\/\/www.federassantas.org.br\/novosite\/#\/schema\/logo\/image\/\",\"url\":\"https:\/\/www.federassantas.org.br\/novosite\/wp-content\/uploads\/2021\/12\/logo.png\",\"contentUrl\":\"https:\/\/www.federassantas.org.br\/novosite\/wp-content\/uploads\/2021\/12\/logo.png\",\"width\":243,\"height\":59,\"caption\":\"Federassantas\"},\"image\":{\"@id\":\"https:\/\/www.federassantas.org.br\/novosite\/#\/schema\/logo\/image\/\"}},{\"@type\":\"Person\",\"@id\":\"https:\/\/www.federassantas.org.br\/novosite\/#\/schema\/person\/75fed98158349313fe56175f232f513c\",\"name\":\"admin-federas\",\"image\":{\"@type\":\"ImageObject\",\"inLanguage\":\"pt-BR\",\"@id\":\"https:\/\/www.federassantas.org.br\/novosite\/#\/schema\/person\/image\/\",\"url\":\"https:\/\/secure.gravatar.com\/avatar\/2a02d7dda59fe8dc6b7ffd3f652e2efede5ccf0dd89dfdc8137c5517f3de8407?s=96&d=mm&r=g\",\"contentUrl\":\"https:\/\/secure.gravatar.com\/avatar\/2a02d7dda59fe8dc6b7ffd3f652e2efede5ccf0dd89dfdc8137c5517f3de8407?s=96&d=mm&r=g\",\"caption\":\"admin-federas\"},\"sameAs\":[\"https:\/\/www.federassantas.org.br\/novosite\/\"],\"url\":\"https:\/\/www.federassantas.org.br\/novosite\/author\/admin-federas\/\"}]}<\/script>\n<!-- \/ Yoast SEO plugin. -->","yoast_head_json":{"title":"Brasil defende a\u00e7\u00f5es para reduzir mortalidade por doen\u00e7as cr\u00f4nicas - Federassantas","robots":{"index":"index","follow":"follow","max-snippet":"max-snippet:-1","max-image-preview":"max-image-preview:large","max-video-preview":"max-video-preview:-1"},"canonical":"https:\/\/www.federassantas.org.br\/novosite\/brasil-defende-acoes-para-reduzir-mortalidade-por-doencas-cronicas\/","og_locale":"pt_BR","og_type":"article","og_title":"Brasil defende a\u00e7\u00f5es para reduzir mortalidade por doen\u00e7as cr\u00f4nicas - Federassantas","og_description":"Durante Assembleia Geral das Na\u00e7\u00f5es Unidas em Nova York (EUA), ministro da Sa\u00fade, Gilberto Occhi, destacou a preven\u00e7\u00e3o de doen\u00e7as e promo\u00e7\u00e3o da sa\u00fade para reduzir a mortalidade por Doen\u00e7as Cr\u00f4nicas N\u00e3o-Transmiss\u00edveis.\u00a0 Priorizar a preven\u00e7\u00e3o de doen\u00e7as e promover a sa\u00fade para a reduzir a taxa de mortalidade por doen\u00e7as cr\u00f4nicas foi o que defendeu [&hellip;]","og_url":"https:\/\/www.federassantas.org.br\/novosite\/brasil-defende-acoes-para-reduzir-mortalidade-por-doencas-cronicas\/","og_site_name":"Federassantas","article_published_time":"2018-09-28T14:17:16+00:00","author":"admin-federas","twitter_card":"summary_large_image","twitter_misc":{"Escrito por":"admin-federas","Est. tempo de leitura":"3 minutos"},"schema":{"@context":"https:\/\/schema.org","@graph":[{"@type":"Article","@id":"https:\/\/www.federassantas.org.br\/novosite\/brasil-defende-acoes-para-reduzir-mortalidade-por-doencas-cronicas\/#article","isPartOf":{"@id":"https:\/\/www.federassantas.org.br\/novosite\/brasil-defende-acoes-para-reduzir-mortalidade-por-doencas-cronicas\/"},"author":{"name":"admin-federas","@id":"https:\/\/www.federassantas.org.br\/novosite\/#\/schema\/person\/75fed98158349313fe56175f232f513c"},"headline":"Brasil defende a\u00e7\u00f5es para reduzir mortalidade por doen\u00e7as cr\u00f4nicas","datePublished":"2018-09-28T14:17:16+00:00","mainEntityOfPage":{"@id":"https:\/\/www.federassantas.org.br\/novosite\/brasil-defende-acoes-para-reduzir-mortalidade-por-doencas-cronicas\/"},"wordCount":692,"commentCount":0,"publisher":{"@id":"https:\/\/www.federassantas.org.br\/novosite\/#organization"},"image":{"@id":"https:\/\/www.federassantas.org.br\/novosite\/brasil-defende-acoes-para-reduzir-mortalidade-por-doencas-cronicas\/#primaryimage"},"thumbnailUrl":"","articleSection":["Not\u00edcias"],"inLanguage":"pt-BR","potentialAction":[{"@type":"CommentAction","name":"Comment","target":["https:\/\/www.federassantas.org.br\/novosite\/brasil-defende-acoes-para-reduzir-mortalidade-por-doencas-cronicas\/#respond"]}]},{"@type":"WebPage","@id":"https:\/\/www.federassantas.org.br\/novosite\/brasil-defende-acoes-para-reduzir-mortalidade-por-doencas-cronicas\/","url":"https:\/\/www.federassantas.org.br\/novosite\/brasil-defende-acoes-para-reduzir-mortalidade-por-doencas-cronicas\/","name":"Brasil defende a\u00e7\u00f5es para reduzir mortalidade por doen\u00e7as cr\u00f4nicas - Federassantas","isPartOf":{"@id":"https:\/\/www.federassantas.org.br\/novosite\/#website"},"primaryImageOfPage":{"@id":"https:\/\/www.federassantas.org.br\/novosite\/brasil-defende-acoes-para-reduzir-mortalidade-por-doencas-cronicas\/#primaryimage"},"image":{"@id":"https:\/\/www.federassantas.org.br\/novosite\/brasil-defende-acoes-para-reduzir-mortalidade-por-doencas-cronicas\/#primaryimage"},"thumbnailUrl":"","datePublished":"2018-09-28T14:17:16+00:00","breadcrumb":{"@id":"https:\/\/www.federassantas.org.br\/novosite\/brasil-defende-acoes-para-reduzir-mortalidade-por-doencas-cronicas\/#breadcrumb"},"inLanguage":"pt-BR","potentialAction":[{"@type":"ReadAction","target":["https:\/\/www.federassantas.org.br\/novosite\/brasil-defende-acoes-para-reduzir-mortalidade-por-doencas-cronicas\/"]}]},{"@type":"ImageObject","inLanguage":"pt-BR","@id":"https:\/\/www.federassantas.org.br\/novosite\/brasil-defende-acoes-para-reduzir-mortalidade-por-doencas-cronicas\/#primaryimage","url":"","contentUrl":""},{"@type":"BreadcrumbList","@id":"https:\/\/www.federassantas.org.br\/novosite\/brasil-defende-acoes-para-reduzir-mortalidade-por-doencas-cronicas\/#breadcrumb","itemListElement":[{"@type":"ListItem","position":1,"name":"In\u00edcio","item":"https:\/\/www.federassantas.org.br\/novosite\/"},{"@type":"ListItem","position":2,"name":"Brasil defende a\u00e7\u00f5es para reduzir mortalidade por doen\u00e7as cr\u00f4nicas"}]},{"@type":"WebSite","@id":"https:\/\/www.federassantas.org.br\/novosite\/#website","url":"https:\/\/www.federassantas.org.br\/novosite\/","name":"Federassantas","description":"Fed. das Santas Casas e Hospitais Filantr\u00f3picos de MG","publisher":{"@id":"https:\/\/www.federassantas.org.br\/novosite\/#organization"},"potentialAction":[{"@type":"SearchAction","target":{"@type":"EntryPoint","urlTemplate":"https:\/\/www.federassantas.org.br\/novosite\/?s={search_term_string}"},"query-input":{"@type":"PropertyValueSpecification","valueRequired":true,"valueName":"search_term_string"}}],"inLanguage":"pt-BR"},{"@type":"Organization","@id":"https:\/\/www.federassantas.org.br\/novosite\/#organization","name":"Federassantas","url":"https:\/\/www.federassantas.org.br\/novosite\/","logo":{"@type":"ImageObject","inLanguage":"pt-BR","@id":"https:\/\/www.federassantas.org.br\/novosite\/#\/schema\/logo\/image\/","url":"https:\/\/www.federassantas.org.br\/novosite\/wp-content\/uploads\/2021\/12\/logo.png","contentUrl":"https:\/\/www.federassantas.org.br\/novosite\/wp-content\/uploads\/2021\/12\/logo.png","width":243,"height":59,"caption":"Federassantas"},"image":{"@id":"https:\/\/www.federassantas.org.br\/novosite\/#\/schema\/logo\/image\/"}},{"@type":"Person","@id":"https:\/\/www.federassantas.org.br\/novosite\/#\/schema\/person\/75fed98158349313fe56175f232f513c","name":"admin-federas","image":{"@type":"ImageObject","inLanguage":"pt-BR","@id":"https:\/\/www.federassantas.org.br\/novosite\/#\/schema\/person\/image\/","url":"https:\/\/secure.gravatar.com\/avatar\/2a02d7dda59fe8dc6b7ffd3f652e2efede5ccf0dd89dfdc8137c5517f3de8407?s=96&d=mm&r=g","contentUrl":"https:\/\/secure.gravatar.com\/avatar\/2a02d7dda59fe8dc6b7ffd3f652e2efede5ccf0dd89dfdc8137c5517f3de8407?s=96&d=mm&r=g","caption":"admin-federas"},"sameAs":["https:\/\/www.federassantas.org.br\/novosite\/"],"url":"https:\/\/www.federassantas.org.br\/novosite\/author\/admin-federas\/"}]}},"_links":{"self":[{"href":"https:\/\/www.federassantas.org.br\/novosite\/wp-json\/wp\/v2\/posts\/14221","targetHints":{"allow":["GET"]}}],"collection":[{"href":"https:\/\/www.federassantas.org.br\/novosite\/wp-json\/wp\/v2\/posts"}],"about":[{"href":"https:\/\/www.federassantas.org.br\/novosite\/wp-json\/wp\/v2\/types\/post"}],"author":[{"embeddable":true,"href":"https:\/\/www.federassantas.org.br\/novosite\/wp-json\/wp\/v2\/users\/1"}],"replies":[{"embeddable":true,"href":"https:\/\/www.federassantas.org.br\/novosite\/wp-json\/wp\/v2\/comments?post=14221"}],"version-history":[{"count":0,"href":"https:\/\/www.federassantas.org.br\/novosite\/wp-json\/wp\/v2\/posts\/14221\/revisions"}],"wp:featuredmedia":[{"embeddable":true,"href":"https:\/\/www.federassantas.org.br\/novosite\/wp-json\/"}],"wp:attachment":[{"href":"https:\/\/www.federassantas.org.br\/novosite\/wp-json\/wp\/v2\/media?parent=14221"}],"wp:term":[{"taxonomy":"category","embeddable":true,"href":"https:\/\/www.federassantas.org.br\/novosite\/wp-json\/wp\/v2\/categories?post=14221"},{"taxonomy":"post_tag","embeddable":true,"href":"https:\/\/www.federassantas.org.br\/novosite\/wp-json\/wp\/v2\/tags?post=14221"}],"curies":[{"name":"wp","href":"https:\/\/api.w.org\/{rel}","templated":true}]}}