{"id":14233,"date":"2018-10-01T13:09:29","date_gmt":"2018-10-01T16:09:29","guid":{"rendered":"https:\/\/federasbackup.meltcomunicacao.com.br\/?p=14233"},"modified":"2018-10-01T13:09:29","modified_gmt":"2018-10-01T16:09:29","slug":"o-que-a-populacao-espera-dos-candidatos-para-a-saude-em-minas-gerais","status":"publish","type":"post","link":"https:\/\/www.federassantas.org.br\/novosite\/o-que-a-populacao-espera-dos-candidatos-para-a-saude-em-minas-gerais\/","title":{"rendered":"O que a popula\u00e7\u00e3o espera dos candidatos para a sa\u00fade em Minas Gerais?"},"content":{"rendered":"<p>&nbsp;<\/p>\n<p style=\"text-align: justify;\">Na reta final para as elei\u00e7\u00f5es, a Federassantas divulga relatos das dificuldades de quem depende da rede p\u00fablica de sa\u00fade em Minas Gerais. Os depoimentos, que voc\u00ea confere abaixo, v\u00e3o ser encaminhados para os candidatos ao Governo do Estado. Confira:<\/p>\n<p><iframe title=\"Federassantas nas elei\u00e7\u00f5es 2018 - O que a popula\u00e7\u00e3o espera dos candidatos?\" width=\"800\" height=\"450\" src=\"https:\/\/www.youtube.com\/embed\/MLSjRhSLZzI?feature=oembed\" frameborder=\"0\" allow=\"accelerometer; autoplay; clipboard-write; encrypted-media; gyroscope; picture-in-picture\" allowfullscreen><\/iframe><\/p>\n<p style=\"text-align: justify;\">Ant\u00f4nia Batista \u00e9 trabalhadora rural e acompanha o marido em tratamento na Santa Casa de Belo Horizonte, h\u00e1 mais de dois anos. Como em V\u00e1rzea da Palma, onde ela mora, n\u00e3o existe tratamento oftalmol\u00f3gico pelo SUS para atender a popula\u00e7\u00e3o, ela precisa vir para a capital, ao menos uma vez no m\u00eas. Depois do atendimento, s\u00f3 consegue voltar pra casa, quando todos os passageiros da van terminam o atendimento. S\u00e3o horas de espera em uma pra\u00e7a, na regi\u00e3o hospitalar, muitas vezes com dor e sem dinheiro, ainda encontra dificuldades para conseguir alguns medicamentos na rede p\u00fablica.<\/p>\n<p><iframe title=\"Federassantas nas elei\u00e7\u00f5es 2018 - O que a popula\u00e7\u00e3o espera dos candidatos?\" width=\"800\" height=\"450\" src=\"https:\/\/www.youtube.com\/embed\/rvXYOoGIBaw?feature=oembed\" frameborder=\"0\" allow=\"accelerometer; autoplay; clipboard-write; encrypted-media; gyroscope; picture-in-picture\" allowfullscreen><\/iframe><\/p>\n<p>Adilson tamb\u00e9m vem do interior para acompanhamento m\u00e9dico ap\u00f3s uma cirurgia de transplante de rins. Ap\u00f3s anos gastando do pr\u00f3prio bolso com a compra de medicamentos caros, ele conta que foi necess\u00e1rio recorrer a justi\u00e7a para garantir seu direito ao tratamento pelo SUS.<\/p>\n<p><iframe title=\"Federassantas nas elei\u00e7\u00f5es 2018 - O que a popula\u00e7\u00e3o espera dos candidatos?\" width=\"800\" height=\"450\" src=\"https:\/\/www.youtube.com\/embed\/C7Rd4kG5V8U?feature=oembed\" frameborder=\"0\" allow=\"accelerometer; autoplay; clipboard-write; encrypted-media; gyroscope; picture-in-picture\" allowfullscreen><\/iframe><\/p>\n<p style=\"text-align: justify;\">A Dorot\u00e9ia desabafa sobre o descaso dos governantes com a sa\u00fade p\u00fablica. O marido dela acabou de receber o diagn\u00f3stico de c\u00e2ncer e muitos exames necess\u00e1rios para descobrir a doen\u00e7a, s\u00f3 foram feitos depois que a fam\u00edlia pagou por servi\u00e7os na rede particular. Ela cobra que os governantes tenham mais respeito e empenho para garantir o tratamento aos cidad\u00e3os que contribuem com seus impostos.<\/p>\n<p><iframe title=\"Federassantas nas elei\u00e7\u00f5es 2018 - O que a popula\u00e7\u00e3o espera dos candidatos?\" width=\"800\" height=\"450\" src=\"https:\/\/www.youtube.com\/embed\/ro-IzDUZ250?feature=oembed\" frameborder=\"0\" allow=\"accelerometer; autoplay; clipboard-write; encrypted-media; gyroscope; picture-in-picture\" allowfullscreen><\/iframe><\/p>\n<p style=\"text-align: justify;\">Poliani est\u00e1 em tratamento do c\u00e2ncer de mama, em um hospital filantr\u00f3pico de Minas. A preocupa\u00e7\u00e3o dela e de muitos pacientes \u00e9 que com a falta de repasses financeiros aos hospitais, alguns insumos usados no tratamentos e servi\u00e7os fundamentais como exames e cirurgias, por exemplo, sejam interrompidos ou atrasados, colocando em risco o atendimento.<\/p>\n","protected":false},"excerpt":{"rendered":"<p>&nbsp; Na reta final para as elei\u00e7\u00f5es, a Federassantas divulga relatos das dificuldades de quem depende da rede p\u00fablica de sa\u00fade em Minas Gerais. Os depoimentos, que voc\u00ea confere abaixo, v\u00e3o ser encaminhados para os candidatos ao Governo do Estado. Confira: Ant\u00f4nia Batista \u00e9 trabalhadora rural e acompanha o marido em tratamento na Santa Casa [&hellip;]<\/p>\n","protected":false},"author":1,"featured_media":24842,"comment_status":"open","ping_status":"open","sticky":false,"template":"","format":"standard","meta":{"footnotes":""},"categories":[140,143],"tags":[],"class_list":["post-14233","post","type-post","status-publish","format-standard","has-post-thumbnail","hentry","category-noticias","category-noticias-publicas"],"yoast_head":"<!-- This site is optimized with the Yoast SEO plugin v26.9 - https:\/\/yoast.com\/product\/yoast-seo-wordpress\/ -->\n<title>O que a popula\u00e7\u00e3o espera dos candidatos para a sa\u00fade em Minas Gerais? - Federassantas<\/title>\n<meta name=\"robots\" content=\"index, follow, max-snippet:-1, max-image-preview:large, max-video-preview:-1\" \/>\n<link rel=\"canonical\" href=\"https:\/\/www.federassantas.org.br\/novosite\/o-que-a-populacao-espera-dos-candidatos-para-a-saude-em-minas-gerais\/\" \/>\n<meta property=\"og:locale\" content=\"pt_BR\" \/>\n<meta property=\"og:type\" content=\"article\" \/>\n<meta property=\"og:title\" content=\"O que a popula\u00e7\u00e3o espera dos candidatos para a sa\u00fade em Minas Gerais? - Federassantas\" \/>\n<meta property=\"og:description\" content=\"&nbsp; Na reta final para as elei\u00e7\u00f5es, a Federassantas divulga relatos das dificuldades de quem depende da rede p\u00fablica de sa\u00fade em Minas Gerais. Os depoimentos, que voc\u00ea confere abaixo, v\u00e3o ser encaminhados para os candidatos ao Governo do Estado. Confira: Ant\u00f4nia Batista \u00e9 trabalhadora rural e acompanha o marido em tratamento na Santa Casa [&hellip;]\" \/>\n<meta property=\"og:url\" content=\"https:\/\/www.federassantas.org.br\/novosite\/o-que-a-populacao-espera-dos-candidatos-para-a-saude-em-minas-gerais\/\" \/>\n<meta property=\"og:site_name\" content=\"Federassantas\" \/>\n<meta property=\"article:published_time\" content=\"2018-10-01T16:09:29+00:00\" \/>\n<meta property=\"og:image\" content=\"https:\/\/www.federassantas.org.br\/novosite\/wp-content\/uploads\/2022\/09\/thumbnail-default.jpg\" \/>\n\t<meta property=\"og:image:width\" content=\"622\" \/>\n\t<meta property=\"og:image:height\" content=\"415\" \/>\n\t<meta property=\"og:image:type\" content=\"image\/jpeg\" \/>\n<meta name=\"author\" content=\"admin-federas\" \/>\n<meta name=\"twitter:card\" content=\"summary_large_image\" \/>\n<meta name=\"twitter:label1\" content=\"Escrito por\" \/>\n\t<meta name=\"twitter:data1\" content=\"admin-federas\" \/>\n\t<meta name=\"twitter:label2\" content=\"Est. tempo de leitura\" \/>\n\t<meta name=\"twitter:data2\" content=\"2 minutos\" \/>\n<script type=\"application\/ld+json\" class=\"yoast-schema-graph\">{\"@context\":\"https:\/\/schema.org\",\"@graph\":[{\"@type\":\"Article\",\"@id\":\"https:\/\/www.federassantas.org.br\/novosite\/o-que-a-populacao-espera-dos-candidatos-para-a-saude-em-minas-gerais\/#article\",\"isPartOf\":{\"@id\":\"https:\/\/www.federassantas.org.br\/novosite\/o-que-a-populacao-espera-dos-candidatos-para-a-saude-em-minas-gerais\/\"},\"author\":{\"name\":\"admin-federas\",\"@id\":\"https:\/\/www.federassantas.org.br\/novosite\/#\/schema\/person\/75fed98158349313fe56175f232f513c\"},\"headline\":\"O que a popula\u00e7\u00e3o espera dos candidatos para a sa\u00fade em Minas Gerais?\",\"datePublished\":\"2018-10-01T16:09:29+00:00\",\"mainEntityOfPage\":{\"@id\":\"https:\/\/www.federassantas.org.br\/novosite\/o-que-a-populacao-espera-dos-candidatos-para-a-saude-em-minas-gerais\/\"},\"wordCount\":372,\"commentCount\":0,\"publisher\":{\"@id\":\"https:\/\/www.federassantas.org.br\/novosite\/#organization\"},\"image\":{\"@id\":\"https:\/\/www.federassantas.org.br\/novosite\/o-que-a-populacao-espera-dos-candidatos-para-a-saude-em-minas-gerais\/#primaryimage\"},\"thumbnailUrl\":\"\",\"articleSection\":[\"Not\u00edcias\",\"Not\u00edcias P\u00fablicas\"],\"inLanguage\":\"pt-BR\",\"potentialAction\":[{\"@type\":\"CommentAction\",\"name\":\"Comment\",\"target\":[\"https:\/\/www.federassantas.org.br\/novosite\/o-que-a-populacao-espera-dos-candidatos-para-a-saude-em-minas-gerais\/#respond\"]}]},{\"@type\":\"WebPage\",\"@id\":\"https:\/\/www.federassantas.org.br\/novosite\/o-que-a-populacao-espera-dos-candidatos-para-a-saude-em-minas-gerais\/\",\"url\":\"https:\/\/www.federassantas.org.br\/novosite\/o-que-a-populacao-espera-dos-candidatos-para-a-saude-em-minas-gerais\/\",\"name\":\"O que a popula\u00e7\u00e3o espera dos candidatos para a sa\u00fade em Minas Gerais? - Federassantas\",\"isPartOf\":{\"@id\":\"https:\/\/www.federassantas.org.br\/novosite\/#website\"},\"primaryImageOfPage\":{\"@id\":\"https:\/\/www.federassantas.org.br\/novosite\/o-que-a-populacao-espera-dos-candidatos-para-a-saude-em-minas-gerais\/#primaryimage\"},\"image\":{\"@id\":\"https:\/\/www.federassantas.org.br\/novosite\/o-que-a-populacao-espera-dos-candidatos-para-a-saude-em-minas-gerais\/#primaryimage\"},\"thumbnailUrl\":\"\",\"datePublished\":\"2018-10-01T16:09:29+00:00\",\"breadcrumb\":{\"@id\":\"https:\/\/www.federassantas.org.br\/novosite\/o-que-a-populacao-espera-dos-candidatos-para-a-saude-em-minas-gerais\/#breadcrumb\"},\"inLanguage\":\"pt-BR\",\"potentialAction\":[{\"@type\":\"ReadAction\",\"target\":[\"https:\/\/www.federassantas.org.br\/novosite\/o-que-a-populacao-espera-dos-candidatos-para-a-saude-em-minas-gerais\/\"]}]},{\"@type\":\"ImageObject\",\"inLanguage\":\"pt-BR\",\"@id\":\"https:\/\/www.federassantas.org.br\/novosite\/o-que-a-populacao-espera-dos-candidatos-para-a-saude-em-minas-gerais\/#primaryimage\",\"url\":\"\",\"contentUrl\":\"\"},{\"@type\":\"BreadcrumbList\",\"@id\":\"https:\/\/www.federassantas.org.br\/novosite\/o-que-a-populacao-espera-dos-candidatos-para-a-saude-em-minas-gerais\/#breadcrumb\",\"itemListElement\":[{\"@type\":\"ListItem\",\"position\":1,\"name\":\"In\u00edcio\",\"item\":\"https:\/\/www.federassantas.org.br\/novosite\/\"},{\"@type\":\"ListItem\",\"position\":2,\"name\":\"O que a popula\u00e7\u00e3o espera dos candidatos para a sa\u00fade em Minas Gerais?\"}]},{\"@type\":\"WebSite\",\"@id\":\"https:\/\/www.federassantas.org.br\/novosite\/#website\",\"url\":\"https:\/\/www.federassantas.org.br\/novosite\/\",\"name\":\"Federassantas\",\"description\":\"Fed. das Santas Casas e Hospitais Filantr\u00f3picos de MG\",\"publisher\":{\"@id\":\"https:\/\/www.federassantas.org.br\/novosite\/#organization\"},\"potentialAction\":[{\"@type\":\"SearchAction\",\"target\":{\"@type\":\"EntryPoint\",\"urlTemplate\":\"https:\/\/www.federassantas.org.br\/novosite\/?s={search_term_string}\"},\"query-input\":{\"@type\":\"PropertyValueSpecification\",\"valueRequired\":true,\"valueName\":\"search_term_string\"}}],\"inLanguage\":\"pt-BR\"},{\"@type\":\"Organization\",\"@id\":\"https:\/\/www.federassantas.org.br\/novosite\/#organization\",\"name\":\"Federassantas\",\"url\":\"https:\/\/www.federassantas.org.br\/novosite\/\",\"logo\":{\"@type\":\"ImageObject\",\"inLanguage\":\"pt-BR\",\"@id\":\"https:\/\/www.federassantas.org.br\/novosite\/#\/schema\/logo\/image\/\",\"url\":\"https:\/\/www.federassantas.org.br\/novosite\/wp-content\/uploads\/2021\/12\/logo.png\",\"contentUrl\":\"https:\/\/www.federassantas.org.br\/novosite\/wp-content\/uploads\/2021\/12\/logo.png\",\"width\":243,\"height\":59,\"caption\":\"Federassantas\"},\"image\":{\"@id\":\"https:\/\/www.federassantas.org.br\/novosite\/#\/schema\/logo\/image\/\"}},{\"@type\":\"Person\",\"@id\":\"https:\/\/www.federassantas.org.br\/novosite\/#\/schema\/person\/75fed98158349313fe56175f232f513c\",\"name\":\"admin-federas\",\"image\":{\"@type\":\"ImageObject\",\"inLanguage\":\"pt-BR\",\"@id\":\"https:\/\/www.federassantas.org.br\/novosite\/#\/schema\/person\/image\/\",\"url\":\"https:\/\/secure.gravatar.com\/avatar\/2a02d7dda59fe8dc6b7ffd3f652e2efede5ccf0dd89dfdc8137c5517f3de8407?s=96&d=mm&r=g\",\"contentUrl\":\"https:\/\/secure.gravatar.com\/avatar\/2a02d7dda59fe8dc6b7ffd3f652e2efede5ccf0dd89dfdc8137c5517f3de8407?s=96&d=mm&r=g\",\"caption\":\"admin-federas\"},\"sameAs\":[\"https:\/\/www.federassantas.org.br\/novosite\/\"],\"url\":\"https:\/\/www.federassantas.org.br\/novosite\/author\/admin-federas\/\"}]}<\/script>\n<!-- \/ Yoast SEO plugin. -->","yoast_head_json":{"title":"O que a popula\u00e7\u00e3o espera dos candidatos para a sa\u00fade em Minas Gerais? - Federassantas","robots":{"index":"index","follow":"follow","max-snippet":"max-snippet:-1","max-image-preview":"max-image-preview:large","max-video-preview":"max-video-preview:-1"},"canonical":"https:\/\/www.federassantas.org.br\/novosite\/o-que-a-populacao-espera-dos-candidatos-para-a-saude-em-minas-gerais\/","og_locale":"pt_BR","og_type":"article","og_title":"O que a popula\u00e7\u00e3o espera dos candidatos para a sa\u00fade em Minas Gerais? - Federassantas","og_description":"&nbsp; Na reta final para as elei\u00e7\u00f5es, a Federassantas divulga relatos das dificuldades de quem depende da rede p\u00fablica de sa\u00fade em Minas Gerais. Os depoimentos, que voc\u00ea confere abaixo, v\u00e3o ser encaminhados para os candidatos ao Governo do Estado. Confira: Ant\u00f4nia Batista \u00e9 trabalhadora rural e acompanha o marido em tratamento na Santa Casa [&hellip;]","og_url":"https:\/\/www.federassantas.org.br\/novosite\/o-que-a-populacao-espera-dos-candidatos-para-a-saude-em-minas-gerais\/","og_site_name":"Federassantas","article_published_time":"2018-10-01T16:09:29+00:00","og_image":[{"width":622,"height":415,"url":"https:\/\/www.federassantas.org.br\/novosite\/wp-content\/uploads\/2022\/09\/thumbnail-default.jpg","type":"image\/jpeg"}],"author":"admin-federas","twitter_card":"summary_large_image","twitter_misc":{"Escrito por":"admin-federas","Est. tempo de leitura":"2 minutos"},"schema":{"@context":"https:\/\/schema.org","@graph":[{"@type":"Article","@id":"https:\/\/www.federassantas.org.br\/novosite\/o-que-a-populacao-espera-dos-candidatos-para-a-saude-em-minas-gerais\/#article","isPartOf":{"@id":"https:\/\/www.federassantas.org.br\/novosite\/o-que-a-populacao-espera-dos-candidatos-para-a-saude-em-minas-gerais\/"},"author":{"name":"admin-federas","@id":"https:\/\/www.federassantas.org.br\/novosite\/#\/schema\/person\/75fed98158349313fe56175f232f513c"},"headline":"O que a popula\u00e7\u00e3o espera dos candidatos para a sa\u00fade em Minas Gerais?","datePublished":"2018-10-01T16:09:29+00:00","mainEntityOfPage":{"@id":"https:\/\/www.federassantas.org.br\/novosite\/o-que-a-populacao-espera-dos-candidatos-para-a-saude-em-minas-gerais\/"},"wordCount":372,"commentCount":0,"publisher":{"@id":"https:\/\/www.federassantas.org.br\/novosite\/#organization"},"image":{"@id":"https:\/\/www.federassantas.org.br\/novosite\/o-que-a-populacao-espera-dos-candidatos-para-a-saude-em-minas-gerais\/#primaryimage"},"thumbnailUrl":"","articleSection":["Not\u00edcias","Not\u00edcias P\u00fablicas"],"inLanguage":"pt-BR","potentialAction":[{"@type":"CommentAction","name":"Comment","target":["https:\/\/www.federassantas.org.br\/novosite\/o-que-a-populacao-espera-dos-candidatos-para-a-saude-em-minas-gerais\/#respond"]}]},{"@type":"WebPage","@id":"https:\/\/www.federassantas.org.br\/novosite\/o-que-a-populacao-espera-dos-candidatos-para-a-saude-em-minas-gerais\/","url":"https:\/\/www.federassantas.org.br\/novosite\/o-que-a-populacao-espera-dos-candidatos-para-a-saude-em-minas-gerais\/","name":"O que a popula\u00e7\u00e3o espera dos candidatos para a sa\u00fade em Minas Gerais? - Federassantas","isPartOf":{"@id":"https:\/\/www.federassantas.org.br\/novosite\/#website"},"primaryImageOfPage":{"@id":"https:\/\/www.federassantas.org.br\/novosite\/o-que-a-populacao-espera-dos-candidatos-para-a-saude-em-minas-gerais\/#primaryimage"},"image":{"@id":"https:\/\/www.federassantas.org.br\/novosite\/o-que-a-populacao-espera-dos-candidatos-para-a-saude-em-minas-gerais\/#primaryimage"},"thumbnailUrl":"","datePublished":"2018-10-01T16:09:29+00:00","breadcrumb":{"@id":"https:\/\/www.federassantas.org.br\/novosite\/o-que-a-populacao-espera-dos-candidatos-para-a-saude-em-minas-gerais\/#breadcrumb"},"inLanguage":"pt-BR","potentialAction":[{"@type":"ReadAction","target":["https:\/\/www.federassantas.org.br\/novosite\/o-que-a-populacao-espera-dos-candidatos-para-a-saude-em-minas-gerais\/"]}]},{"@type":"ImageObject","inLanguage":"pt-BR","@id":"https:\/\/www.federassantas.org.br\/novosite\/o-que-a-populacao-espera-dos-candidatos-para-a-saude-em-minas-gerais\/#primaryimage","url":"","contentUrl":""},{"@type":"BreadcrumbList","@id":"https:\/\/www.federassantas.org.br\/novosite\/o-que-a-populacao-espera-dos-candidatos-para-a-saude-em-minas-gerais\/#breadcrumb","itemListElement":[{"@type":"ListItem","position":1,"name":"In\u00edcio","item":"https:\/\/www.federassantas.org.br\/novosite\/"},{"@type":"ListItem","position":2,"name":"O que a popula\u00e7\u00e3o espera dos candidatos para a sa\u00fade em Minas Gerais?"}]},{"@type":"WebSite","@id":"https:\/\/www.federassantas.org.br\/novosite\/#website","url":"https:\/\/www.federassantas.org.br\/novosite\/","name":"Federassantas","description":"Fed. das Santas Casas e Hospitais Filantr\u00f3picos de MG","publisher":{"@id":"https:\/\/www.federassantas.org.br\/novosite\/#organization"},"potentialAction":[{"@type":"SearchAction","target":{"@type":"EntryPoint","urlTemplate":"https:\/\/www.federassantas.org.br\/novosite\/?s={search_term_string}"},"query-input":{"@type":"PropertyValueSpecification","valueRequired":true,"valueName":"search_term_string"}}],"inLanguage":"pt-BR"},{"@type":"Organization","@id":"https:\/\/www.federassantas.org.br\/novosite\/#organization","name":"Federassantas","url":"https:\/\/www.federassantas.org.br\/novosite\/","logo":{"@type":"ImageObject","inLanguage":"pt-BR","@id":"https:\/\/www.federassantas.org.br\/novosite\/#\/schema\/logo\/image\/","url":"https:\/\/www.federassantas.org.br\/novosite\/wp-content\/uploads\/2021\/12\/logo.png","contentUrl":"https:\/\/www.federassantas.org.br\/novosite\/wp-content\/uploads\/2021\/12\/logo.png","width":243,"height":59,"caption":"Federassantas"},"image":{"@id":"https:\/\/www.federassantas.org.br\/novosite\/#\/schema\/logo\/image\/"}},{"@type":"Person","@id":"https:\/\/www.federassantas.org.br\/novosite\/#\/schema\/person\/75fed98158349313fe56175f232f513c","name":"admin-federas","image":{"@type":"ImageObject","inLanguage":"pt-BR","@id":"https:\/\/www.federassantas.org.br\/novosite\/#\/schema\/person\/image\/","url":"https:\/\/secure.gravatar.com\/avatar\/2a02d7dda59fe8dc6b7ffd3f652e2efede5ccf0dd89dfdc8137c5517f3de8407?s=96&d=mm&r=g","contentUrl":"https:\/\/secure.gravatar.com\/avatar\/2a02d7dda59fe8dc6b7ffd3f652e2efede5ccf0dd89dfdc8137c5517f3de8407?s=96&d=mm&r=g","caption":"admin-federas"},"sameAs":["https:\/\/www.federassantas.org.br\/novosite\/"],"url":"https:\/\/www.federassantas.org.br\/novosite\/author\/admin-federas\/"}]}},"_links":{"self":[{"href":"https:\/\/www.federassantas.org.br\/novosite\/wp-json\/wp\/v2\/posts\/14233","targetHints":{"allow":["GET"]}}],"collection":[{"href":"https:\/\/www.federassantas.org.br\/novosite\/wp-json\/wp\/v2\/posts"}],"about":[{"href":"https:\/\/www.federassantas.org.br\/novosite\/wp-json\/wp\/v2\/types\/post"}],"author":[{"embeddable":true,"href":"https:\/\/www.federassantas.org.br\/novosite\/wp-json\/wp\/v2\/users\/1"}],"replies":[{"embeddable":true,"href":"https:\/\/www.federassantas.org.br\/novosite\/wp-json\/wp\/v2\/comments?post=14233"}],"version-history":[{"count":0,"href":"https:\/\/www.federassantas.org.br\/novosite\/wp-json\/wp\/v2\/posts\/14233\/revisions"}],"wp:featuredmedia":[{"embeddable":true,"href":"https:\/\/www.federassantas.org.br\/novosite\/wp-json\/"}],"wp:attachment":[{"href":"https:\/\/www.federassantas.org.br\/novosite\/wp-json\/wp\/v2\/media?parent=14233"}],"wp:term":[{"taxonomy":"category","embeddable":true,"href":"https:\/\/www.federassantas.org.br\/novosite\/wp-json\/wp\/v2\/categories?post=14233"},{"taxonomy":"post_tag","embeddable":true,"href":"https:\/\/www.federassantas.org.br\/novosite\/wp-json\/wp\/v2\/tags?post=14233"}],"curies":[{"name":"wp","href":"https:\/\/api.w.org\/{rel}","templated":true}]}}