{"id":14255,"date":"2018-10-02T14:49:01","date_gmt":"2018-10-02T17:49:01","guid":{"rendered":"https:\/\/federasbackup.meltcomunicacao.com.br\/?p=14255"},"modified":"2018-10-02T14:49:01","modified_gmt":"2018-10-02T17:49:01","slug":"estudo-aponta-que-75-dos-idosos-usam-apenas-o-sus","status":"publish","type":"post","link":"https:\/\/www.federassantas.org.br\/novosite\/estudo-aponta-que-75-dos-idosos-usam-apenas-o-sus\/","title":{"rendered":"Estudo aponta que 75% dos idosos usam apenas o SUS"},"content":{"rendered":"<p style=\"text-align: justify;\"><em>Pela primeira vez, estudo tra\u00e7a o perfil da sa\u00fade do idoso, o uso dos servi\u00e7os de sa\u00fade, as limita\u00e7\u00f5es funcionais, as causas de hospitaliza\u00e7\u00f5es, entre outras condi\u00e7\u00f5es sociais que v\u00e3o permitir aprimorar as pol\u00edticas p\u00fablicas para esta popula\u00e7\u00e3o<\/em><\/p>\n<p style=\"text-align: justify;\">No Dia Nacional e Internacional do Idoso, celebrado nesta segunda-feira (1\u00ba), o Minist\u00e9rio da Sa\u00fade divulga estudo com dados in\u00e9ditos sobre o perfil de envelhecimento desta popula\u00e7\u00e3o no Brasil. O Estudo Longitudinal da Sa\u00fade dos Idosos Brasileiros (ELSI-Brasil) faz parte de uma rede internacional de grandes estudos longitudinais sobre o envelhecimento e traz informa\u00e7\u00f5es sobre como a popula\u00e7\u00e3o est\u00e1 envelhecendo e os principais determinantes sociais e de sa\u00fade. A ideia \u00e9 que esse estudo traga subs\u00eddios para a constru\u00e7\u00e3o e adequa\u00e7\u00e3o de novas pol\u00edticas p\u00fablicas para fortalecer a sa\u00fade do idoso.<\/p>\n<p style=\"text-align: justify;\">O Elsi- Brasil apontou que 75,3% dos idosos brasileiros dependem exclusivamente dos servi\u00e7os prestados no Sistema \u00danico de Sa\u00fade, sendo que 83,1% realizaram pelo menos uma consulta m\u00e9dica nos \u00faltimos 12 meses. Nesse per\u00edodo, foi identificado ainda 10,2% dos idosos foram hospitalizados uma ou mais vezes. Quase 40% dos idosos possuem uma doen\u00e7a cr\u00f4nica e 29,8% possuem duas ou mais como diabetes, hipertens\u00e3o ou artrite. Ou seja, ao todo, cerca de 70% dos idosos possuem alguma doen\u00e7a cr\u00f4nica.<\/p>\n<h4 style=\"text-align: justify;\">SA\u00daDE DO IDOSO<\/h4>\n<p style=\"text-align: justify;\">Atualmente, os idosos representam 14,3% dos brasileiros, ou seja, 29,3 milh\u00f5es de pessoas. E, em 2030, o n\u00famero de idosos deve superar o de crian\u00e7as e adolescentes de zero a quatorze anos. Em sete d\u00e9cadas, a m\u00e9dia de vida do brasileiro aumentou 30 anos saindo de 45,4 anos, em 1940, para 75,4 anos, em 2015. O envelhecimento da popula\u00e7\u00e3o tem impactos importantes na sa\u00fade, apontando para a import\u00e2ncia de organiza\u00e7\u00e3o da rede de aten\u00e7\u00e3o \u00e0 sa\u00fade para a oferta de cuidados longitudinais.<\/p>\n<p style=\"text-align: justify;\">As doen\u00e7as cr\u00f4nicas n\u00e3o transmiss\u00edveis atualmente afetam boa parte da popula\u00e7\u00e3o idosa. De acordo com pesquisas anteriores promovidas pelo Minist\u00e9rio da Sa\u00fade, 25,1% dos idosos tem diabetes, 18,7% s\u00e3o obesos, 57,1% tem hipertens\u00e3o e 66,8% tem excesso de peso. Tamb\u00e9m s\u00e3o respons\u00e1veis por mais de 70% das mortes do pa\u00eds.<\/p>\n<h4 style=\"text-align: justify;\"><strong>LINHA DE CUIDADO DO IDOSO<\/strong><\/h4>\n<p style=\"text-align: justify;\">O Minist\u00e9rio da Sa\u00fade lan\u00e7a pela primeira vez documento para orientar a implementa\u00e7\u00e3o de linha de cuidado integral \u00e0s pessoas idosas no SUS. O documento colocado em consulta p\u00fablica em 2017 e finalizado em 2018 contribui para a garantia do bem-estar desta popula\u00e7\u00e3o.&nbsp; O objetivo \u00e9 que o profissional de sa\u00fade deixe de olhar somente para o cuidado da doen\u00e7a e invista na necessidade dos idosos, a partir do diagn\u00f3stico de vulnerabilidades sociais, n\u00edvel de independ\u00eancia e autonomia e estilo de vida, considerando alimenta\u00e7\u00e3o, pr\u00e1tica de exerc\u00edcios e preven\u00e7\u00e3o de quedas, h\u00e1bitos de sa\u00fade e hist\u00f3rico cl\u00ednico.<\/p>\n<h4 style=\"text-align: justify;\"><strong>CADERNETA DA PESSOA IDOSA<\/strong><\/h4>\n<p style=\"text-align: justify;\">O Minist\u00e9rio da Sa\u00fade tamb\u00e9m oferta gratuitamente, a nova Caderneta de Sa\u00fade da Pessoa Idosa que, ap\u00f3s passar por atualiza\u00e7\u00e3o, permite conhecer as necessidades de sa\u00fade dessa popula\u00e7\u00e3o atendida na Aten\u00e7\u00e3o B\u00e1sica. As informa\u00e7\u00f5es contidas nesse documento passar\u00e3o a ser inseridas no Prontu\u00e1rio Eletr\u00f4nico.<\/p>\n<p style=\"text-align: justify;\">Pela Caderneta, \u00e9 poss\u00edvel identificar o comprometimento da capacidade funcional, condi\u00e7\u00f5es de sa\u00fade, h\u00e1bitos de vida, vulnerabilidades, al\u00e9m de apresentar orienta\u00e7\u00f5es para o autocuidado como alimenta\u00e7\u00e3o saud\u00e1vel, atividade f\u00edsica, preven\u00e7\u00e3o de quedas, sexualidade e armazenamento de medicamentos.&nbsp;Em 2017, foram distribu\u00eddas 3,9 milh\u00f5es de exemplares aos munic\u00edpios com um investimento de R$ 2,9 milh\u00f5es. Em 2018, mais 3 milh\u00f5es de unidades devem ser entregues.<\/p>\n<p style=\"text-align: justify;\">Tamb\u00e9m \u00e9 ofertado gratuitamente no Google play, pelo Minist\u00e9rio da Sa\u00fade, um aplicativo desenvolvido em parceria com a FIOCRUZ \/BsB chamado&nbsp;<em>Sa\u00fade da Pessoa Idosa.&nbsp;<\/em>Este aplicativo re\u00fane tr\u00eas ferramentas para ajudar na avalia\u00e7\u00e3o dos idosos identificando os mais vulner\u00e1veis.<\/p>\n<p style=\"text-align: justify;\">Saiba mais em:&nbsp;<a href=\"http:\/\/portalms.saude.gov.br\/noticias\/agencia-saude\/44451-estudo-aponta-que-75-dos-idosos-usam-apenas-o-sus\">http:\/\/portalms.saude.gov.br\/noticias\/agencia-saude\/44451-estudo-aponta-que-75-dos-idosos-usam-apenas-o-sus<\/a><\/p>\n<p style=\"text-align: justify;\">\n<p style=\"text-align: justify;\"><em>Fonte: Ag\u00eancia Sa\u00fade<\/em><\/p>\n","protected":false},"excerpt":{"rendered":"<p>Pela primeira vez, estudo tra\u00e7a o perfil da sa\u00fade do idoso, o uso dos servi\u00e7os de sa\u00fade, as limita\u00e7\u00f5es funcionais, as causas de hospitaliza\u00e7\u00f5es, entre outras condi\u00e7\u00f5es sociais que v\u00e3o permitir aprimorar as pol\u00edticas p\u00fablicas para esta popula\u00e7\u00e3o No Dia Nacional e Internacional do Idoso, celebrado nesta segunda-feira (1\u00ba), o Minist\u00e9rio da Sa\u00fade divulga estudo [&hellip;]<\/p>\n","protected":false},"author":1,"featured_media":14257,"comment_status":"open","ping_status":"open","sticky":false,"template":"","format":"standard","meta":{"footnotes":""},"categories":[140],"tags":[],"class_list":["post-14255","post","type-post","status-publish","format-standard","has-post-thumbnail","hentry","category-noticias"],"yoast_head":"<!-- This site is optimized with the Yoast SEO plugin v26.9 - https:\/\/yoast.com\/product\/yoast-seo-wordpress\/ -->\n<title>Estudo aponta que 75% dos idosos usam apenas o SUS - Federassantas<\/title>\n<meta name=\"robots\" content=\"index, follow, max-snippet:-1, max-image-preview:large, max-video-preview:-1\" \/>\n<link rel=\"canonical\" href=\"https:\/\/www.federassantas.org.br\/novosite\/estudo-aponta-que-75-dos-idosos-usam-apenas-o-sus\/\" \/>\n<meta property=\"og:locale\" content=\"pt_BR\" \/>\n<meta property=\"og:type\" content=\"article\" \/>\n<meta property=\"og:title\" content=\"Estudo aponta que 75% dos idosos usam apenas o SUS - Federassantas\" \/>\n<meta property=\"og:description\" content=\"Pela primeira vez, estudo tra\u00e7a o perfil da sa\u00fade do idoso, o uso dos servi\u00e7os de sa\u00fade, as limita\u00e7\u00f5es funcionais, as causas de hospitaliza\u00e7\u00f5es, entre outras condi\u00e7\u00f5es sociais que v\u00e3o permitir aprimorar as pol\u00edticas p\u00fablicas para esta popula\u00e7\u00e3o No Dia Nacional e Internacional do Idoso, celebrado nesta segunda-feira (1\u00ba), o Minist\u00e9rio da Sa\u00fade divulga estudo [&hellip;]\" \/>\n<meta property=\"og:url\" content=\"https:\/\/www.federassantas.org.br\/novosite\/estudo-aponta-que-75-dos-idosos-usam-apenas-o-sus\/\" \/>\n<meta property=\"og:site_name\" content=\"Federassantas\" \/>\n<meta property=\"article:published_time\" content=\"2018-10-02T17:49:01+00:00\" \/>\n<meta name=\"author\" content=\"admin-federas\" \/>\n<meta name=\"twitter:card\" content=\"summary_large_image\" \/>\n<meta name=\"twitter:label1\" content=\"Escrito por\" \/>\n\t<meta name=\"twitter:data1\" content=\"admin-federas\" \/>\n\t<meta name=\"twitter:label2\" content=\"Est. tempo de leitura\" \/>\n\t<meta name=\"twitter:data2\" content=\"4 minutos\" \/>\n<script type=\"application\/ld+json\" class=\"yoast-schema-graph\">{\"@context\":\"https:\/\/schema.org\",\"@graph\":[{\"@type\":\"Article\",\"@id\":\"https:\/\/www.federassantas.org.br\/novosite\/estudo-aponta-que-75-dos-idosos-usam-apenas-o-sus\/#article\",\"isPartOf\":{\"@id\":\"https:\/\/www.federassantas.org.br\/novosite\/estudo-aponta-que-75-dos-idosos-usam-apenas-o-sus\/\"},\"author\":{\"name\":\"admin-federas\",\"@id\":\"https:\/\/www.federassantas.org.br\/novosite\/#\/schema\/person\/75fed98158349313fe56175f232f513c\"},\"headline\":\"Estudo aponta que 75% dos idosos usam apenas o SUS\",\"datePublished\":\"2018-10-02T17:49:01+00:00\",\"mainEntityOfPage\":{\"@id\":\"https:\/\/www.federassantas.org.br\/novosite\/estudo-aponta-que-75-dos-idosos-usam-apenas-o-sus\/\"},\"wordCount\":709,\"commentCount\":0,\"publisher\":{\"@id\":\"https:\/\/www.federassantas.org.br\/novosite\/#organization\"},\"image\":{\"@id\":\"https:\/\/www.federassantas.org.br\/novosite\/estudo-aponta-que-75-dos-idosos-usam-apenas-o-sus\/#primaryimage\"},\"thumbnailUrl\":\"\",\"articleSection\":[\"Not\u00edcias\"],\"inLanguage\":\"pt-BR\",\"potentialAction\":[{\"@type\":\"CommentAction\",\"name\":\"Comment\",\"target\":[\"https:\/\/www.federassantas.org.br\/novosite\/estudo-aponta-que-75-dos-idosos-usam-apenas-o-sus\/#respond\"]}]},{\"@type\":\"WebPage\",\"@id\":\"https:\/\/www.federassantas.org.br\/novosite\/estudo-aponta-que-75-dos-idosos-usam-apenas-o-sus\/\",\"url\":\"https:\/\/www.federassantas.org.br\/novosite\/estudo-aponta-que-75-dos-idosos-usam-apenas-o-sus\/\",\"name\":\"Estudo aponta que 75% dos idosos usam apenas o SUS - Federassantas\",\"isPartOf\":{\"@id\":\"https:\/\/www.federassantas.org.br\/novosite\/#website\"},\"primaryImageOfPage\":{\"@id\":\"https:\/\/www.federassantas.org.br\/novosite\/estudo-aponta-que-75-dos-idosos-usam-apenas-o-sus\/#primaryimage\"},\"image\":{\"@id\":\"https:\/\/www.federassantas.org.br\/novosite\/estudo-aponta-que-75-dos-idosos-usam-apenas-o-sus\/#primaryimage\"},\"thumbnailUrl\":\"\",\"datePublished\":\"2018-10-02T17:49:01+00:00\",\"breadcrumb\":{\"@id\":\"https:\/\/www.federassantas.org.br\/novosite\/estudo-aponta-que-75-dos-idosos-usam-apenas-o-sus\/#breadcrumb\"},\"inLanguage\":\"pt-BR\",\"potentialAction\":[{\"@type\":\"ReadAction\",\"target\":[\"https:\/\/www.federassantas.org.br\/novosite\/estudo-aponta-que-75-dos-idosos-usam-apenas-o-sus\/\"]}]},{\"@type\":\"ImageObject\",\"inLanguage\":\"pt-BR\",\"@id\":\"https:\/\/www.federassantas.org.br\/novosite\/estudo-aponta-que-75-dos-idosos-usam-apenas-o-sus\/#primaryimage\",\"url\":\"\",\"contentUrl\":\"\"},{\"@type\":\"BreadcrumbList\",\"@id\":\"https:\/\/www.federassantas.org.br\/novosite\/estudo-aponta-que-75-dos-idosos-usam-apenas-o-sus\/#breadcrumb\",\"itemListElement\":[{\"@type\":\"ListItem\",\"position\":1,\"name\":\"In\u00edcio\",\"item\":\"https:\/\/www.federassantas.org.br\/novosite\/\"},{\"@type\":\"ListItem\",\"position\":2,\"name\":\"Estudo aponta que 75% dos idosos usam apenas o SUS\"}]},{\"@type\":\"WebSite\",\"@id\":\"https:\/\/www.federassantas.org.br\/novosite\/#website\",\"url\":\"https:\/\/www.federassantas.org.br\/novosite\/\",\"name\":\"Federassantas\",\"description\":\"Fed. das Santas Casas e Hospitais Filantr\u00f3picos de MG\",\"publisher\":{\"@id\":\"https:\/\/www.federassantas.org.br\/novosite\/#organization\"},\"potentialAction\":[{\"@type\":\"SearchAction\",\"target\":{\"@type\":\"EntryPoint\",\"urlTemplate\":\"https:\/\/www.federassantas.org.br\/novosite\/?s={search_term_string}\"},\"query-input\":{\"@type\":\"PropertyValueSpecification\",\"valueRequired\":true,\"valueName\":\"search_term_string\"}}],\"inLanguage\":\"pt-BR\"},{\"@type\":\"Organization\",\"@id\":\"https:\/\/www.federassantas.org.br\/novosite\/#organization\",\"name\":\"Federassantas\",\"url\":\"https:\/\/www.federassantas.org.br\/novosite\/\",\"logo\":{\"@type\":\"ImageObject\",\"inLanguage\":\"pt-BR\",\"@id\":\"https:\/\/www.federassantas.org.br\/novosite\/#\/schema\/logo\/image\/\",\"url\":\"https:\/\/www.federassantas.org.br\/novosite\/wp-content\/uploads\/2021\/12\/logo.png\",\"contentUrl\":\"https:\/\/www.federassantas.org.br\/novosite\/wp-content\/uploads\/2021\/12\/logo.png\",\"width\":243,\"height\":59,\"caption\":\"Federassantas\"},\"image\":{\"@id\":\"https:\/\/www.federassantas.org.br\/novosite\/#\/schema\/logo\/image\/\"}},{\"@type\":\"Person\",\"@id\":\"https:\/\/www.federassantas.org.br\/novosite\/#\/schema\/person\/75fed98158349313fe56175f232f513c\",\"name\":\"admin-federas\",\"image\":{\"@type\":\"ImageObject\",\"inLanguage\":\"pt-BR\",\"@id\":\"https:\/\/www.federassantas.org.br\/novosite\/#\/schema\/person\/image\/\",\"url\":\"https:\/\/secure.gravatar.com\/avatar\/2a02d7dda59fe8dc6b7ffd3f652e2efede5ccf0dd89dfdc8137c5517f3de8407?s=96&d=mm&r=g\",\"contentUrl\":\"https:\/\/secure.gravatar.com\/avatar\/2a02d7dda59fe8dc6b7ffd3f652e2efede5ccf0dd89dfdc8137c5517f3de8407?s=96&d=mm&r=g\",\"caption\":\"admin-federas\"},\"sameAs\":[\"https:\/\/www.federassantas.org.br\/novosite\/\"],\"url\":\"https:\/\/www.federassantas.org.br\/novosite\/author\/admin-federas\/\"}]}<\/script>\n<!-- \/ Yoast SEO plugin. -->","yoast_head_json":{"title":"Estudo aponta que 75% dos idosos usam apenas o SUS - Federassantas","robots":{"index":"index","follow":"follow","max-snippet":"max-snippet:-1","max-image-preview":"max-image-preview:large","max-video-preview":"max-video-preview:-1"},"canonical":"https:\/\/www.federassantas.org.br\/novosite\/estudo-aponta-que-75-dos-idosos-usam-apenas-o-sus\/","og_locale":"pt_BR","og_type":"article","og_title":"Estudo aponta que 75% dos idosos usam apenas o SUS - Federassantas","og_description":"Pela primeira vez, estudo tra\u00e7a o perfil da sa\u00fade do idoso, o uso dos servi\u00e7os de sa\u00fade, as limita\u00e7\u00f5es funcionais, as causas de hospitaliza\u00e7\u00f5es, entre outras condi\u00e7\u00f5es sociais que v\u00e3o permitir aprimorar as pol\u00edticas p\u00fablicas para esta popula\u00e7\u00e3o No Dia Nacional e Internacional do Idoso, celebrado nesta segunda-feira (1\u00ba), o Minist\u00e9rio da Sa\u00fade divulga estudo [&hellip;]","og_url":"https:\/\/www.federassantas.org.br\/novosite\/estudo-aponta-que-75-dos-idosos-usam-apenas-o-sus\/","og_site_name":"Federassantas","article_published_time":"2018-10-02T17:49:01+00:00","author":"admin-federas","twitter_card":"summary_large_image","twitter_misc":{"Escrito por":"admin-federas","Est. tempo de leitura":"4 minutos"},"schema":{"@context":"https:\/\/schema.org","@graph":[{"@type":"Article","@id":"https:\/\/www.federassantas.org.br\/novosite\/estudo-aponta-que-75-dos-idosos-usam-apenas-o-sus\/#article","isPartOf":{"@id":"https:\/\/www.federassantas.org.br\/novosite\/estudo-aponta-que-75-dos-idosos-usam-apenas-o-sus\/"},"author":{"name":"admin-federas","@id":"https:\/\/www.federassantas.org.br\/novosite\/#\/schema\/person\/75fed98158349313fe56175f232f513c"},"headline":"Estudo aponta que 75% dos idosos usam apenas o SUS","datePublished":"2018-10-02T17:49:01+00:00","mainEntityOfPage":{"@id":"https:\/\/www.federassantas.org.br\/novosite\/estudo-aponta-que-75-dos-idosos-usam-apenas-o-sus\/"},"wordCount":709,"commentCount":0,"publisher":{"@id":"https:\/\/www.federassantas.org.br\/novosite\/#organization"},"image":{"@id":"https:\/\/www.federassantas.org.br\/novosite\/estudo-aponta-que-75-dos-idosos-usam-apenas-o-sus\/#primaryimage"},"thumbnailUrl":"","articleSection":["Not\u00edcias"],"inLanguage":"pt-BR","potentialAction":[{"@type":"CommentAction","name":"Comment","target":["https:\/\/www.federassantas.org.br\/novosite\/estudo-aponta-que-75-dos-idosos-usam-apenas-o-sus\/#respond"]}]},{"@type":"WebPage","@id":"https:\/\/www.federassantas.org.br\/novosite\/estudo-aponta-que-75-dos-idosos-usam-apenas-o-sus\/","url":"https:\/\/www.federassantas.org.br\/novosite\/estudo-aponta-que-75-dos-idosos-usam-apenas-o-sus\/","name":"Estudo aponta que 75% dos idosos usam apenas o SUS - Federassantas","isPartOf":{"@id":"https:\/\/www.federassantas.org.br\/novosite\/#website"},"primaryImageOfPage":{"@id":"https:\/\/www.federassantas.org.br\/novosite\/estudo-aponta-que-75-dos-idosos-usam-apenas-o-sus\/#primaryimage"},"image":{"@id":"https:\/\/www.federassantas.org.br\/novosite\/estudo-aponta-que-75-dos-idosos-usam-apenas-o-sus\/#primaryimage"},"thumbnailUrl":"","datePublished":"2018-10-02T17:49:01+00:00","breadcrumb":{"@id":"https:\/\/www.federassantas.org.br\/novosite\/estudo-aponta-que-75-dos-idosos-usam-apenas-o-sus\/#breadcrumb"},"inLanguage":"pt-BR","potentialAction":[{"@type":"ReadAction","target":["https:\/\/www.federassantas.org.br\/novosite\/estudo-aponta-que-75-dos-idosos-usam-apenas-o-sus\/"]}]},{"@type":"ImageObject","inLanguage":"pt-BR","@id":"https:\/\/www.federassantas.org.br\/novosite\/estudo-aponta-que-75-dos-idosos-usam-apenas-o-sus\/#primaryimage","url":"","contentUrl":""},{"@type":"BreadcrumbList","@id":"https:\/\/www.federassantas.org.br\/novosite\/estudo-aponta-que-75-dos-idosos-usam-apenas-o-sus\/#breadcrumb","itemListElement":[{"@type":"ListItem","position":1,"name":"In\u00edcio","item":"https:\/\/www.federassantas.org.br\/novosite\/"},{"@type":"ListItem","position":2,"name":"Estudo aponta que 75% dos idosos usam apenas o SUS"}]},{"@type":"WebSite","@id":"https:\/\/www.federassantas.org.br\/novosite\/#website","url":"https:\/\/www.federassantas.org.br\/novosite\/","name":"Federassantas","description":"Fed. das Santas Casas e Hospitais Filantr\u00f3picos de MG","publisher":{"@id":"https:\/\/www.federassantas.org.br\/novosite\/#organization"},"potentialAction":[{"@type":"SearchAction","target":{"@type":"EntryPoint","urlTemplate":"https:\/\/www.federassantas.org.br\/novosite\/?s={search_term_string}"},"query-input":{"@type":"PropertyValueSpecification","valueRequired":true,"valueName":"search_term_string"}}],"inLanguage":"pt-BR"},{"@type":"Organization","@id":"https:\/\/www.federassantas.org.br\/novosite\/#organization","name":"Federassantas","url":"https:\/\/www.federassantas.org.br\/novosite\/","logo":{"@type":"ImageObject","inLanguage":"pt-BR","@id":"https:\/\/www.federassantas.org.br\/novosite\/#\/schema\/logo\/image\/","url":"https:\/\/www.federassantas.org.br\/novosite\/wp-content\/uploads\/2021\/12\/logo.png","contentUrl":"https:\/\/www.federassantas.org.br\/novosite\/wp-content\/uploads\/2021\/12\/logo.png","width":243,"height":59,"caption":"Federassantas"},"image":{"@id":"https:\/\/www.federassantas.org.br\/novosite\/#\/schema\/logo\/image\/"}},{"@type":"Person","@id":"https:\/\/www.federassantas.org.br\/novosite\/#\/schema\/person\/75fed98158349313fe56175f232f513c","name":"admin-federas","image":{"@type":"ImageObject","inLanguage":"pt-BR","@id":"https:\/\/www.federassantas.org.br\/novosite\/#\/schema\/person\/image\/","url":"https:\/\/secure.gravatar.com\/avatar\/2a02d7dda59fe8dc6b7ffd3f652e2efede5ccf0dd89dfdc8137c5517f3de8407?s=96&d=mm&r=g","contentUrl":"https:\/\/secure.gravatar.com\/avatar\/2a02d7dda59fe8dc6b7ffd3f652e2efede5ccf0dd89dfdc8137c5517f3de8407?s=96&d=mm&r=g","caption":"admin-federas"},"sameAs":["https:\/\/www.federassantas.org.br\/novosite\/"],"url":"https:\/\/www.federassantas.org.br\/novosite\/author\/admin-federas\/"}]}},"_links":{"self":[{"href":"https:\/\/www.federassantas.org.br\/novosite\/wp-json\/wp\/v2\/posts\/14255","targetHints":{"allow":["GET"]}}],"collection":[{"href":"https:\/\/www.federassantas.org.br\/novosite\/wp-json\/wp\/v2\/posts"}],"about":[{"href":"https:\/\/www.federassantas.org.br\/novosite\/wp-json\/wp\/v2\/types\/post"}],"author":[{"embeddable":true,"href":"https:\/\/www.federassantas.org.br\/novosite\/wp-json\/wp\/v2\/users\/1"}],"replies":[{"embeddable":true,"href":"https:\/\/www.federassantas.org.br\/novosite\/wp-json\/wp\/v2\/comments?post=14255"}],"version-history":[{"count":0,"href":"https:\/\/www.federassantas.org.br\/novosite\/wp-json\/wp\/v2\/posts\/14255\/revisions"}],"wp:featuredmedia":[{"embeddable":true,"href":"https:\/\/www.federassantas.org.br\/novosite\/wp-json\/"}],"wp:attachment":[{"href":"https:\/\/www.federassantas.org.br\/novosite\/wp-json\/wp\/v2\/media?parent=14255"}],"wp:term":[{"taxonomy":"category","embeddable":true,"href":"https:\/\/www.federassantas.org.br\/novosite\/wp-json\/wp\/v2\/categories?post=14255"},{"taxonomy":"post_tag","embeddable":true,"href":"https:\/\/www.federassantas.org.br\/novosite\/wp-json\/wp\/v2\/tags?post=14255"}],"curies":[{"name":"wp","href":"https:\/\/api.w.org\/{rel}","templated":true}]}}