{"id":14259,"date":"2018-10-02T14:56:29","date_gmt":"2018-10-02T17:56:29","guid":{"rendered":"https:\/\/federasbackup.meltcomunicacao.com.br\/?p=14259"},"modified":"2018-10-02T14:56:29","modified_gmt":"2018-10-02T17:56:29","slug":"saude-estuda-incluir-duas-novas-doses-no-calendario-de-vacinacao","status":"publish","type":"post","link":"https:\/\/www.federassantas.org.br\/novosite\/saude-estuda-incluir-duas-novas-doses-no-calendario-de-vacinacao\/","title":{"rendered":"Sa\u00fade estuda incluir duas novas doses no calend\u00e1rio de vacina\u00e7\u00e3o"},"content":{"rendered":"<p style=\"text-align: justify;\">O Minist\u00e9rio da Sa\u00fade estuda incluir duas novas doses no calend\u00e1rio de vacina\u00e7\u00e3o do pa\u00eds. Atualmente, o Programa Nacional de Imuniza\u00e7\u00f5es conta com um total de 19 doses. A previs\u00e3o \u00e9 de que, no pr\u00f3ximo ano, sejam inclu\u00eddas a vacina pneumo 13 para indiv\u00edduos imunodeprimidos \u2013 e que s\u00f3 ser\u00e1 feita em centros de refer\u00eancia para imunobiol\u00f3gicos especiais \u2013 e a vacina meningo ACWY para adolescentes de 12 e 13 anos.<\/p>\n<p style=\"text-align: justify;\">\u201cComo o Brasil \u00e9 muito grande, s\u00e3o milh\u00f5es de doses de vacina que se precisa para fazer essas novas introdu\u00e7\u00f5es. Est\u00e1 tendo toda uma negocia\u00e7\u00e3o para saber quais os laborat\u00f3rios que podem produzir e a disponibilidade de recursos. Tudo isso vai ser levado em conta na hora dessas introdu\u00e7\u00f5es\u201d, afirmou a coordenadora substituta do Programa Nacional de Imuniza\u00e7\u00f5es, Ana Goretti Maranh\u00e3o.<\/p>\n<p style=\"text-align: justify;\">De acordo com a Sociedade Brasileira de Imuniza\u00e7\u00f5es, a vacina pneumo 13 previne cerca de 90% de doen\u00e7as graves como pneumonia, meningite e otite, causadas por um total de 13 sorotipos de pneumococo. J\u00e1 a meningo ACWY protege contra meningites e infec\u00e7\u00f5es generalizadas, causadas pela bact\u00e9ria meningococo dos tipos A, C, W e Y.<\/p>\n<p style=\"text-align: justify;\">Saiba mais em:\u00a0<a href=\"https:\/\/www.hojeemdia.com.br\/primeiro-plano\/sa%C3%BAde-estuda-incluir-duas-novas-doses-no-calend%C3%A1rio-de-vacina%C3%A7%C3%A3o-1.660080\">https:\/\/www.hojeemdia.com.br\/primeiro-plano\/sa%C3%BAde-estuda-incluir-duas-novas-doses-no-calend%C3%A1rio-de-vacina%C3%A7%C3%A3o-1.660080<\/a><\/p>\n<p style=\"text-align: justify;\"><em>Fonte: Portal Hoje em Dia<\/em><\/p>\n","protected":false},"excerpt":{"rendered":"<p>O Minist\u00e9rio da Sa\u00fade estuda incluir duas novas doses no calend\u00e1rio de vacina\u00e7\u00e3o do pa\u00eds. Atualmente, o Programa Nacional de Imuniza\u00e7\u00f5es conta com um total de 19 doses. A previs\u00e3o \u00e9 de que, no pr\u00f3ximo ano, sejam inclu\u00eddas a vacina pneumo 13 para indiv\u00edduos imunodeprimidos \u2013 e que s\u00f3 ser\u00e1 feita em centros de refer\u00eancia [&hellip;]<\/p>\n","protected":false},"author":1,"featured_media":14260,"comment_status":"open","ping_status":"open","sticky":false,"template":"","format":"standard","meta":{"footnotes":""},"categories":[140],"tags":[],"class_list":["post-14259","post","type-post","status-publish","format-standard","has-post-thumbnail","hentry","category-noticias"],"yoast_head":"<!-- This site is optimized with the Yoast SEO plugin v26.9 - https:\/\/yoast.com\/product\/yoast-seo-wordpress\/ -->\n<title>Sa\u00fade estuda incluir duas novas doses no calend\u00e1rio de vacina\u00e7\u00e3o - Federassantas<\/title>\n<meta name=\"robots\" content=\"index, follow, max-snippet:-1, max-image-preview:large, max-video-preview:-1\" \/>\n<link rel=\"canonical\" href=\"https:\/\/www.federassantas.org.br\/novosite\/saude-estuda-incluir-duas-novas-doses-no-calendario-de-vacinacao\/\" \/>\n<meta property=\"og:locale\" content=\"pt_BR\" \/>\n<meta property=\"og:type\" content=\"article\" \/>\n<meta property=\"og:title\" content=\"Sa\u00fade estuda incluir duas novas doses no calend\u00e1rio de vacina\u00e7\u00e3o - Federassantas\" \/>\n<meta property=\"og:description\" content=\"O Minist\u00e9rio da Sa\u00fade estuda incluir duas novas doses no calend\u00e1rio de vacina\u00e7\u00e3o do pa\u00eds. Atualmente, o Programa Nacional de Imuniza\u00e7\u00f5es conta com um total de 19 doses. A previs\u00e3o \u00e9 de que, no pr\u00f3ximo ano, sejam inclu\u00eddas a vacina pneumo 13 para indiv\u00edduos imunodeprimidos \u2013 e que s\u00f3 ser\u00e1 feita em centros de refer\u00eancia [&hellip;]\" \/>\n<meta property=\"og:url\" content=\"https:\/\/www.federassantas.org.br\/novosite\/saude-estuda-incluir-duas-novas-doses-no-calendario-de-vacinacao\/\" \/>\n<meta property=\"og:site_name\" content=\"Federassantas\" \/>\n<meta property=\"article:published_time\" content=\"2018-10-02T17:56:29+00:00\" \/>\n<meta name=\"author\" content=\"admin-federas\" \/>\n<meta name=\"twitter:card\" content=\"summary_large_image\" \/>\n<meta name=\"twitter:label1\" content=\"Escrito por\" \/>\n\t<meta name=\"twitter:data1\" content=\"admin-federas\" \/>\n\t<meta name=\"twitter:label2\" content=\"Est. tempo de leitura\" \/>\n\t<meta name=\"twitter:data2\" content=\"1 minuto\" \/>\n<script type=\"application\/ld+json\" class=\"yoast-schema-graph\">{\"@context\":\"https:\/\/schema.org\",\"@graph\":[{\"@type\":\"Article\",\"@id\":\"https:\/\/www.federassantas.org.br\/novosite\/saude-estuda-incluir-duas-novas-doses-no-calendario-de-vacinacao\/#article\",\"isPartOf\":{\"@id\":\"https:\/\/www.federassantas.org.br\/novosite\/saude-estuda-incluir-duas-novas-doses-no-calendario-de-vacinacao\/\"},\"author\":{\"name\":\"admin-federas\",\"@id\":\"https:\/\/www.federassantas.org.br\/novosite\/#\/schema\/person\/75fed98158349313fe56175f232f513c\"},\"headline\":\"Sa\u00fade estuda incluir duas novas doses no calend\u00e1rio de vacina\u00e7\u00e3o\",\"datePublished\":\"2018-10-02T17:56:29+00:00\",\"mainEntityOfPage\":{\"@id\":\"https:\/\/www.federassantas.org.br\/novosite\/saude-estuda-incluir-duas-novas-doses-no-calendario-de-vacinacao\/\"},\"wordCount\":237,\"commentCount\":0,\"publisher\":{\"@id\":\"https:\/\/www.federassantas.org.br\/novosite\/#organization\"},\"image\":{\"@id\":\"https:\/\/www.federassantas.org.br\/novosite\/saude-estuda-incluir-duas-novas-doses-no-calendario-de-vacinacao\/#primaryimage\"},\"thumbnailUrl\":\"\",\"articleSection\":[\"Not\u00edcias\"],\"inLanguage\":\"pt-BR\",\"potentialAction\":[{\"@type\":\"CommentAction\",\"name\":\"Comment\",\"target\":[\"https:\/\/www.federassantas.org.br\/novosite\/saude-estuda-incluir-duas-novas-doses-no-calendario-de-vacinacao\/#respond\"]}]},{\"@type\":\"WebPage\",\"@id\":\"https:\/\/www.federassantas.org.br\/novosite\/saude-estuda-incluir-duas-novas-doses-no-calendario-de-vacinacao\/\",\"url\":\"https:\/\/www.federassantas.org.br\/novosite\/saude-estuda-incluir-duas-novas-doses-no-calendario-de-vacinacao\/\",\"name\":\"Sa\u00fade estuda incluir duas novas doses no calend\u00e1rio de vacina\u00e7\u00e3o - Federassantas\",\"isPartOf\":{\"@id\":\"https:\/\/www.federassantas.org.br\/novosite\/#website\"},\"primaryImageOfPage\":{\"@id\":\"https:\/\/www.federassantas.org.br\/novosite\/saude-estuda-incluir-duas-novas-doses-no-calendario-de-vacinacao\/#primaryimage\"},\"image\":{\"@id\":\"https:\/\/www.federassantas.org.br\/novosite\/saude-estuda-incluir-duas-novas-doses-no-calendario-de-vacinacao\/#primaryimage\"},\"thumbnailUrl\":\"\",\"datePublished\":\"2018-10-02T17:56:29+00:00\",\"breadcrumb\":{\"@id\":\"https:\/\/www.federassantas.org.br\/novosite\/saude-estuda-incluir-duas-novas-doses-no-calendario-de-vacinacao\/#breadcrumb\"},\"inLanguage\":\"pt-BR\",\"potentialAction\":[{\"@type\":\"ReadAction\",\"target\":[\"https:\/\/www.federassantas.org.br\/novosite\/saude-estuda-incluir-duas-novas-doses-no-calendario-de-vacinacao\/\"]}]},{\"@type\":\"ImageObject\",\"inLanguage\":\"pt-BR\",\"@id\":\"https:\/\/www.federassantas.org.br\/novosite\/saude-estuda-incluir-duas-novas-doses-no-calendario-de-vacinacao\/#primaryimage\",\"url\":\"\",\"contentUrl\":\"\"},{\"@type\":\"BreadcrumbList\",\"@id\":\"https:\/\/www.federassantas.org.br\/novosite\/saude-estuda-incluir-duas-novas-doses-no-calendario-de-vacinacao\/#breadcrumb\",\"itemListElement\":[{\"@type\":\"ListItem\",\"position\":1,\"name\":\"In\u00edcio\",\"item\":\"https:\/\/www.federassantas.org.br\/novosite\/\"},{\"@type\":\"ListItem\",\"position\":2,\"name\":\"Sa\u00fade estuda incluir duas novas doses no calend\u00e1rio de vacina\u00e7\u00e3o\"}]},{\"@type\":\"WebSite\",\"@id\":\"https:\/\/www.federassantas.org.br\/novosite\/#website\",\"url\":\"https:\/\/www.federassantas.org.br\/novosite\/\",\"name\":\"Federassantas\",\"description\":\"Fed. das Santas Casas e Hospitais Filantr\u00f3picos de MG\",\"publisher\":{\"@id\":\"https:\/\/www.federassantas.org.br\/novosite\/#organization\"},\"potentialAction\":[{\"@type\":\"SearchAction\",\"target\":{\"@type\":\"EntryPoint\",\"urlTemplate\":\"https:\/\/www.federassantas.org.br\/novosite\/?s={search_term_string}\"},\"query-input\":{\"@type\":\"PropertyValueSpecification\",\"valueRequired\":true,\"valueName\":\"search_term_string\"}}],\"inLanguage\":\"pt-BR\"},{\"@type\":\"Organization\",\"@id\":\"https:\/\/www.federassantas.org.br\/novosite\/#organization\",\"name\":\"Federassantas\",\"url\":\"https:\/\/www.federassantas.org.br\/novosite\/\",\"logo\":{\"@type\":\"ImageObject\",\"inLanguage\":\"pt-BR\",\"@id\":\"https:\/\/www.federassantas.org.br\/novosite\/#\/schema\/logo\/image\/\",\"url\":\"https:\/\/www.federassantas.org.br\/novosite\/wp-content\/uploads\/2021\/12\/logo.png\",\"contentUrl\":\"https:\/\/www.federassantas.org.br\/novosite\/wp-content\/uploads\/2021\/12\/logo.png\",\"width\":243,\"height\":59,\"caption\":\"Federassantas\"},\"image\":{\"@id\":\"https:\/\/www.federassantas.org.br\/novosite\/#\/schema\/logo\/image\/\"}},{\"@type\":\"Person\",\"@id\":\"https:\/\/www.federassantas.org.br\/novosite\/#\/schema\/person\/75fed98158349313fe56175f232f513c\",\"name\":\"admin-federas\",\"image\":{\"@type\":\"ImageObject\",\"inLanguage\":\"pt-BR\",\"@id\":\"https:\/\/www.federassantas.org.br\/novosite\/#\/schema\/person\/image\/\",\"url\":\"https:\/\/secure.gravatar.com\/avatar\/2a02d7dda59fe8dc6b7ffd3f652e2efede5ccf0dd89dfdc8137c5517f3de8407?s=96&d=mm&r=g\",\"contentUrl\":\"https:\/\/secure.gravatar.com\/avatar\/2a02d7dda59fe8dc6b7ffd3f652e2efede5ccf0dd89dfdc8137c5517f3de8407?s=96&d=mm&r=g\",\"caption\":\"admin-federas\"},\"sameAs\":[\"https:\/\/www.federassantas.org.br\/novosite\/\"],\"url\":\"https:\/\/www.federassantas.org.br\/novosite\/author\/admin-federas\/\"}]}<\/script>\n<!-- \/ Yoast SEO plugin. -->","yoast_head_json":{"title":"Sa\u00fade estuda incluir duas novas doses no calend\u00e1rio de vacina\u00e7\u00e3o - Federassantas","robots":{"index":"index","follow":"follow","max-snippet":"max-snippet:-1","max-image-preview":"max-image-preview:large","max-video-preview":"max-video-preview:-1"},"canonical":"https:\/\/www.federassantas.org.br\/novosite\/saude-estuda-incluir-duas-novas-doses-no-calendario-de-vacinacao\/","og_locale":"pt_BR","og_type":"article","og_title":"Sa\u00fade estuda incluir duas novas doses no calend\u00e1rio de vacina\u00e7\u00e3o - Federassantas","og_description":"O Minist\u00e9rio da Sa\u00fade estuda incluir duas novas doses no calend\u00e1rio de vacina\u00e7\u00e3o do pa\u00eds. Atualmente, o Programa Nacional de Imuniza\u00e7\u00f5es conta com um total de 19 doses. A previs\u00e3o \u00e9 de que, no pr\u00f3ximo ano, sejam inclu\u00eddas a vacina pneumo 13 para indiv\u00edduos imunodeprimidos \u2013 e que s\u00f3 ser\u00e1 feita em centros de refer\u00eancia [&hellip;]","og_url":"https:\/\/www.federassantas.org.br\/novosite\/saude-estuda-incluir-duas-novas-doses-no-calendario-de-vacinacao\/","og_site_name":"Federassantas","article_published_time":"2018-10-02T17:56:29+00:00","author":"admin-federas","twitter_card":"summary_large_image","twitter_misc":{"Escrito por":"admin-federas","Est. tempo de leitura":"1 minuto"},"schema":{"@context":"https:\/\/schema.org","@graph":[{"@type":"Article","@id":"https:\/\/www.federassantas.org.br\/novosite\/saude-estuda-incluir-duas-novas-doses-no-calendario-de-vacinacao\/#article","isPartOf":{"@id":"https:\/\/www.federassantas.org.br\/novosite\/saude-estuda-incluir-duas-novas-doses-no-calendario-de-vacinacao\/"},"author":{"name":"admin-federas","@id":"https:\/\/www.federassantas.org.br\/novosite\/#\/schema\/person\/75fed98158349313fe56175f232f513c"},"headline":"Sa\u00fade estuda incluir duas novas doses no calend\u00e1rio de vacina\u00e7\u00e3o","datePublished":"2018-10-02T17:56:29+00:00","mainEntityOfPage":{"@id":"https:\/\/www.federassantas.org.br\/novosite\/saude-estuda-incluir-duas-novas-doses-no-calendario-de-vacinacao\/"},"wordCount":237,"commentCount":0,"publisher":{"@id":"https:\/\/www.federassantas.org.br\/novosite\/#organization"},"image":{"@id":"https:\/\/www.federassantas.org.br\/novosite\/saude-estuda-incluir-duas-novas-doses-no-calendario-de-vacinacao\/#primaryimage"},"thumbnailUrl":"","articleSection":["Not\u00edcias"],"inLanguage":"pt-BR","potentialAction":[{"@type":"CommentAction","name":"Comment","target":["https:\/\/www.federassantas.org.br\/novosite\/saude-estuda-incluir-duas-novas-doses-no-calendario-de-vacinacao\/#respond"]}]},{"@type":"WebPage","@id":"https:\/\/www.federassantas.org.br\/novosite\/saude-estuda-incluir-duas-novas-doses-no-calendario-de-vacinacao\/","url":"https:\/\/www.federassantas.org.br\/novosite\/saude-estuda-incluir-duas-novas-doses-no-calendario-de-vacinacao\/","name":"Sa\u00fade estuda incluir duas novas doses no calend\u00e1rio de vacina\u00e7\u00e3o - Federassantas","isPartOf":{"@id":"https:\/\/www.federassantas.org.br\/novosite\/#website"},"primaryImageOfPage":{"@id":"https:\/\/www.federassantas.org.br\/novosite\/saude-estuda-incluir-duas-novas-doses-no-calendario-de-vacinacao\/#primaryimage"},"image":{"@id":"https:\/\/www.federassantas.org.br\/novosite\/saude-estuda-incluir-duas-novas-doses-no-calendario-de-vacinacao\/#primaryimage"},"thumbnailUrl":"","datePublished":"2018-10-02T17:56:29+00:00","breadcrumb":{"@id":"https:\/\/www.federassantas.org.br\/novosite\/saude-estuda-incluir-duas-novas-doses-no-calendario-de-vacinacao\/#breadcrumb"},"inLanguage":"pt-BR","potentialAction":[{"@type":"ReadAction","target":["https:\/\/www.federassantas.org.br\/novosite\/saude-estuda-incluir-duas-novas-doses-no-calendario-de-vacinacao\/"]}]},{"@type":"ImageObject","inLanguage":"pt-BR","@id":"https:\/\/www.federassantas.org.br\/novosite\/saude-estuda-incluir-duas-novas-doses-no-calendario-de-vacinacao\/#primaryimage","url":"","contentUrl":""},{"@type":"BreadcrumbList","@id":"https:\/\/www.federassantas.org.br\/novosite\/saude-estuda-incluir-duas-novas-doses-no-calendario-de-vacinacao\/#breadcrumb","itemListElement":[{"@type":"ListItem","position":1,"name":"In\u00edcio","item":"https:\/\/www.federassantas.org.br\/novosite\/"},{"@type":"ListItem","position":2,"name":"Sa\u00fade estuda incluir duas novas doses no calend\u00e1rio de vacina\u00e7\u00e3o"}]},{"@type":"WebSite","@id":"https:\/\/www.federassantas.org.br\/novosite\/#website","url":"https:\/\/www.federassantas.org.br\/novosite\/","name":"Federassantas","description":"Fed. das Santas Casas e Hospitais Filantr\u00f3picos de MG","publisher":{"@id":"https:\/\/www.federassantas.org.br\/novosite\/#organization"},"potentialAction":[{"@type":"SearchAction","target":{"@type":"EntryPoint","urlTemplate":"https:\/\/www.federassantas.org.br\/novosite\/?s={search_term_string}"},"query-input":{"@type":"PropertyValueSpecification","valueRequired":true,"valueName":"search_term_string"}}],"inLanguage":"pt-BR"},{"@type":"Organization","@id":"https:\/\/www.federassantas.org.br\/novosite\/#organization","name":"Federassantas","url":"https:\/\/www.federassantas.org.br\/novosite\/","logo":{"@type":"ImageObject","inLanguage":"pt-BR","@id":"https:\/\/www.federassantas.org.br\/novosite\/#\/schema\/logo\/image\/","url":"https:\/\/www.federassantas.org.br\/novosite\/wp-content\/uploads\/2021\/12\/logo.png","contentUrl":"https:\/\/www.federassantas.org.br\/novosite\/wp-content\/uploads\/2021\/12\/logo.png","width":243,"height":59,"caption":"Federassantas"},"image":{"@id":"https:\/\/www.federassantas.org.br\/novosite\/#\/schema\/logo\/image\/"}},{"@type":"Person","@id":"https:\/\/www.federassantas.org.br\/novosite\/#\/schema\/person\/75fed98158349313fe56175f232f513c","name":"admin-federas","image":{"@type":"ImageObject","inLanguage":"pt-BR","@id":"https:\/\/www.federassantas.org.br\/novosite\/#\/schema\/person\/image\/","url":"https:\/\/secure.gravatar.com\/avatar\/2a02d7dda59fe8dc6b7ffd3f652e2efede5ccf0dd89dfdc8137c5517f3de8407?s=96&d=mm&r=g","contentUrl":"https:\/\/secure.gravatar.com\/avatar\/2a02d7dda59fe8dc6b7ffd3f652e2efede5ccf0dd89dfdc8137c5517f3de8407?s=96&d=mm&r=g","caption":"admin-federas"},"sameAs":["https:\/\/www.federassantas.org.br\/novosite\/"],"url":"https:\/\/www.federassantas.org.br\/novosite\/author\/admin-federas\/"}]}},"_links":{"self":[{"href":"https:\/\/www.federassantas.org.br\/novosite\/wp-json\/wp\/v2\/posts\/14259","targetHints":{"allow":["GET"]}}],"collection":[{"href":"https:\/\/www.federassantas.org.br\/novosite\/wp-json\/wp\/v2\/posts"}],"about":[{"href":"https:\/\/www.federassantas.org.br\/novosite\/wp-json\/wp\/v2\/types\/post"}],"author":[{"embeddable":true,"href":"https:\/\/www.federassantas.org.br\/novosite\/wp-json\/wp\/v2\/users\/1"}],"replies":[{"embeddable":true,"href":"https:\/\/www.federassantas.org.br\/novosite\/wp-json\/wp\/v2\/comments?post=14259"}],"version-history":[{"count":0,"href":"https:\/\/www.federassantas.org.br\/novosite\/wp-json\/wp\/v2\/posts\/14259\/revisions"}],"wp:featuredmedia":[{"embeddable":true,"href":"https:\/\/www.federassantas.org.br\/novosite\/wp-json\/"}],"wp:attachment":[{"href":"https:\/\/www.federassantas.org.br\/novosite\/wp-json\/wp\/v2\/media?parent=14259"}],"wp:term":[{"taxonomy":"category","embeddable":true,"href":"https:\/\/www.federassantas.org.br\/novosite\/wp-json\/wp\/v2\/categories?post=14259"},{"taxonomy":"post_tag","embeddable":true,"href":"https:\/\/www.federassantas.org.br\/novosite\/wp-json\/wp\/v2\/tags?post=14259"}],"curies":[{"name":"wp","href":"https:\/\/api.w.org\/{rel}","templated":true}]}}