{"id":14275,"date":"2018-10-03T15:20:03","date_gmt":"2018-10-03T18:20:03","guid":{"rendered":"https:\/\/federasbackup.meltcomunicacao.com.br\/?p=14275"},"modified":"2018-10-03T15:20:03","modified_gmt":"2018-10-03T18:20:03","slug":"esperancas-da-imunoterapia-na-luta-contra-o-cancer","status":"publish","type":"post","link":"https:\/\/www.federassantas.org.br\/novosite\/esperancas-da-imunoterapia-na-luta-contra-o-cancer\/","title":{"rendered":"Esperan\u00e7as da imunoterapia na luta contra o c\u00e2ncer"},"content":{"rendered":"<p style=\"text-align: justify;\">A imunoterapia poder\u00e1 substituir um dia a quimioterapia na luta contra o c\u00e2ncer? Qualificada por alguns de revolu\u00e7\u00e3o e coroada nesta segunda-feira com o Pr\u00eamio Nobel de Medicina, esta t\u00e9cnica consiste em refor\u00e7ar as defesas do corpo ante a doen\u00e7a.<\/p>\n<p style=\"text-align: justify;\">O pr\u00eamio foi atribu\u00eddo a dois imunologistas, o americano James P. Allison e o japon\u00eas Tasuku Honjo, por terem descoberto como provocar uma resposta do organismo contra o c\u00e2ncer, neutralizando algumas mol\u00e9culas que lhe impedem de se defender.<\/p>\n<p style=\"text-align: justify;\">A imunoterapia &#8220;est\u00e1 em pleno auge, \u00e9 talvez a via mais importante descoberta recentemente para tratar o c\u00e2ncer&#8221;, afirma \u00e0 AFP o pesquisador franc\u00eas Pierre Golstein.<\/p>\n<p style=\"text-align: justify;\">&#8220;\u00c9 uma revolu\u00e7\u00e3o equivalente \u00e0 chegada dos antibi\u00f3ticos&#8221;, afirma Eric Vivier, pesquisador e diretor cient\u00edfico da Innate Pharma, empresa francesa de biotecnologia especializada na pesquisa deste tratamento.<\/p>\n<p style=\"text-align: justify;\">Esta t\u00e9cnica encontra-se em est\u00e1gio inicial e n\u00e3o funciona com todos os pacientes. Mas as expectativas s\u00e3o altas, de modo que a ind\u00fastria farmac\u00eautica est\u00e1 investindo maci\u00e7amente.<\/p>\n<p style=\"text-align: left;\">Saiba mais em:\u00a0 \u00a0<a href=\"https:\/\/www.em.com.br\/app\/noticia\/internacional\/2018\/10\/02\/interna_internacional,993476\/esperancas-da-imunoterapia-na-luta-contra-o-cancer.shtml\">https:\/\/www.em.com.br\/app\/noticia\/internacional\/2018\/10\/02\/interna_internacional,993476\/esperancas-da-imunoterapia-na-luta-contra-o-cancer.shtml<\/a><\/p>\n<p style=\"text-align: justify;\">\n<p style=\"text-align: justify;\"><em>Fonte: Jornal Estado de Minas\u00a0<\/em><\/p>\n<p style=\"text-align: justify;\">\n","protected":false},"excerpt":{"rendered":"<p>A imunoterapia poder\u00e1 substituir um dia a quimioterapia na luta contra o c\u00e2ncer? Qualificada por alguns de revolu\u00e7\u00e3o e coroada nesta segunda-feira com o Pr\u00eamio Nobel de Medicina, esta t\u00e9cnica consiste em refor\u00e7ar as defesas do corpo ante a doen\u00e7a. O pr\u00eamio foi atribu\u00eddo a dois imunologistas, o americano James P. Allison e o japon\u00eas [&hellip;]<\/p>\n","protected":false},"author":1,"featured_media":14276,"comment_status":"open","ping_status":"open","sticky":false,"template":"","format":"standard","meta":{"footnotes":""},"categories":[140],"tags":[],"class_list":["post-14275","post","type-post","status-publish","format-standard","has-post-thumbnail","hentry","category-noticias"],"yoast_head":"<!-- This site is optimized with the Yoast SEO plugin v26.9 - https:\/\/yoast.com\/product\/yoast-seo-wordpress\/ -->\n<title>Esperan\u00e7as da imunoterapia na luta contra o c\u00e2ncer - Federassantas<\/title>\n<meta name=\"robots\" content=\"index, follow, max-snippet:-1, max-image-preview:large, max-video-preview:-1\" \/>\n<link rel=\"canonical\" href=\"https:\/\/www.federassantas.org.br\/novosite\/esperancas-da-imunoterapia-na-luta-contra-o-cancer\/\" \/>\n<meta property=\"og:locale\" content=\"pt_BR\" \/>\n<meta property=\"og:type\" content=\"article\" \/>\n<meta property=\"og:title\" content=\"Esperan\u00e7as da imunoterapia na luta contra o c\u00e2ncer - Federassantas\" \/>\n<meta property=\"og:description\" content=\"A imunoterapia poder\u00e1 substituir um dia a quimioterapia na luta contra o c\u00e2ncer? Qualificada por alguns de revolu\u00e7\u00e3o e coroada nesta segunda-feira com o Pr\u00eamio Nobel de Medicina, esta t\u00e9cnica consiste em refor\u00e7ar as defesas do corpo ante a doen\u00e7a. O pr\u00eamio foi atribu\u00eddo a dois imunologistas, o americano James P. Allison e o japon\u00eas [&hellip;]\" \/>\n<meta property=\"og:url\" content=\"https:\/\/www.federassantas.org.br\/novosite\/esperancas-da-imunoterapia-na-luta-contra-o-cancer\/\" \/>\n<meta property=\"og:site_name\" content=\"Federassantas\" \/>\n<meta property=\"article:published_time\" content=\"2018-10-03T18:20:03+00:00\" \/>\n<meta name=\"author\" content=\"admin-federas\" \/>\n<meta name=\"twitter:card\" content=\"summary_large_image\" \/>\n<meta name=\"twitter:label1\" content=\"Escrito por\" \/>\n\t<meta name=\"twitter:data1\" content=\"admin-federas\" \/>\n\t<meta name=\"twitter:label2\" content=\"Est. tempo de leitura\" \/>\n\t<meta name=\"twitter:data2\" content=\"1 minuto\" \/>\n<script type=\"application\/ld+json\" class=\"yoast-schema-graph\">{\"@context\":\"https:\/\/schema.org\",\"@graph\":[{\"@type\":\"Article\",\"@id\":\"https:\/\/www.federassantas.org.br\/novosite\/esperancas-da-imunoterapia-na-luta-contra-o-cancer\/#article\",\"isPartOf\":{\"@id\":\"https:\/\/www.federassantas.org.br\/novosite\/esperancas-da-imunoterapia-na-luta-contra-o-cancer\/\"},\"author\":{\"name\":\"admin-federas\",\"@id\":\"https:\/\/www.federassantas.org.br\/novosite\/#\/schema\/person\/75fed98158349313fe56175f232f513c\"},\"headline\":\"Esperan\u00e7as da imunoterapia na luta contra o c\u00e2ncer\",\"datePublished\":\"2018-10-03T18:20:03+00:00\",\"mainEntityOfPage\":{\"@id\":\"https:\/\/www.federassantas.org.br\/novosite\/esperancas-da-imunoterapia-na-luta-contra-o-cancer\/\"},\"wordCount\":207,\"commentCount\":0,\"publisher\":{\"@id\":\"https:\/\/www.federassantas.org.br\/novosite\/#organization\"},\"image\":{\"@id\":\"https:\/\/www.federassantas.org.br\/novosite\/esperancas-da-imunoterapia-na-luta-contra-o-cancer\/#primaryimage\"},\"thumbnailUrl\":\"\",\"articleSection\":[\"Not\u00edcias\"],\"inLanguage\":\"pt-BR\",\"potentialAction\":[{\"@type\":\"CommentAction\",\"name\":\"Comment\",\"target\":[\"https:\/\/www.federassantas.org.br\/novosite\/esperancas-da-imunoterapia-na-luta-contra-o-cancer\/#respond\"]}]},{\"@type\":\"WebPage\",\"@id\":\"https:\/\/www.federassantas.org.br\/novosite\/esperancas-da-imunoterapia-na-luta-contra-o-cancer\/\",\"url\":\"https:\/\/www.federassantas.org.br\/novosite\/esperancas-da-imunoterapia-na-luta-contra-o-cancer\/\",\"name\":\"Esperan\u00e7as da imunoterapia na luta contra o c\u00e2ncer - Federassantas\",\"isPartOf\":{\"@id\":\"https:\/\/www.federassantas.org.br\/novosite\/#website\"},\"primaryImageOfPage\":{\"@id\":\"https:\/\/www.federassantas.org.br\/novosite\/esperancas-da-imunoterapia-na-luta-contra-o-cancer\/#primaryimage\"},\"image\":{\"@id\":\"https:\/\/www.federassantas.org.br\/novosite\/esperancas-da-imunoterapia-na-luta-contra-o-cancer\/#primaryimage\"},\"thumbnailUrl\":\"\",\"datePublished\":\"2018-10-03T18:20:03+00:00\",\"breadcrumb\":{\"@id\":\"https:\/\/www.federassantas.org.br\/novosite\/esperancas-da-imunoterapia-na-luta-contra-o-cancer\/#breadcrumb\"},\"inLanguage\":\"pt-BR\",\"potentialAction\":[{\"@type\":\"ReadAction\",\"target\":[\"https:\/\/www.federassantas.org.br\/novosite\/esperancas-da-imunoterapia-na-luta-contra-o-cancer\/\"]}]},{\"@type\":\"ImageObject\",\"inLanguage\":\"pt-BR\",\"@id\":\"https:\/\/www.federassantas.org.br\/novosite\/esperancas-da-imunoterapia-na-luta-contra-o-cancer\/#primaryimage\",\"url\":\"\",\"contentUrl\":\"\"},{\"@type\":\"BreadcrumbList\",\"@id\":\"https:\/\/www.federassantas.org.br\/novosite\/esperancas-da-imunoterapia-na-luta-contra-o-cancer\/#breadcrumb\",\"itemListElement\":[{\"@type\":\"ListItem\",\"position\":1,\"name\":\"In\u00edcio\",\"item\":\"https:\/\/www.federassantas.org.br\/novosite\/\"},{\"@type\":\"ListItem\",\"position\":2,\"name\":\"Esperan\u00e7as da imunoterapia na luta contra o c\u00e2ncer\"}]},{\"@type\":\"WebSite\",\"@id\":\"https:\/\/www.federassantas.org.br\/novosite\/#website\",\"url\":\"https:\/\/www.federassantas.org.br\/novosite\/\",\"name\":\"Federassantas\",\"description\":\"Fed. das Santas Casas e Hospitais Filantr\u00f3picos de MG\",\"publisher\":{\"@id\":\"https:\/\/www.federassantas.org.br\/novosite\/#organization\"},\"potentialAction\":[{\"@type\":\"SearchAction\",\"target\":{\"@type\":\"EntryPoint\",\"urlTemplate\":\"https:\/\/www.federassantas.org.br\/novosite\/?s={search_term_string}\"},\"query-input\":{\"@type\":\"PropertyValueSpecification\",\"valueRequired\":true,\"valueName\":\"search_term_string\"}}],\"inLanguage\":\"pt-BR\"},{\"@type\":\"Organization\",\"@id\":\"https:\/\/www.federassantas.org.br\/novosite\/#organization\",\"name\":\"Federassantas\",\"url\":\"https:\/\/www.federassantas.org.br\/novosite\/\",\"logo\":{\"@type\":\"ImageObject\",\"inLanguage\":\"pt-BR\",\"@id\":\"https:\/\/www.federassantas.org.br\/novosite\/#\/schema\/logo\/image\/\",\"url\":\"https:\/\/www.federassantas.org.br\/novosite\/wp-content\/uploads\/2021\/12\/logo.png\",\"contentUrl\":\"https:\/\/www.federassantas.org.br\/novosite\/wp-content\/uploads\/2021\/12\/logo.png\",\"width\":243,\"height\":59,\"caption\":\"Federassantas\"},\"image\":{\"@id\":\"https:\/\/www.federassantas.org.br\/novosite\/#\/schema\/logo\/image\/\"}},{\"@type\":\"Person\",\"@id\":\"https:\/\/www.federassantas.org.br\/novosite\/#\/schema\/person\/75fed98158349313fe56175f232f513c\",\"name\":\"admin-federas\",\"image\":{\"@type\":\"ImageObject\",\"inLanguage\":\"pt-BR\",\"@id\":\"https:\/\/www.federassantas.org.br\/novosite\/#\/schema\/person\/image\/\",\"url\":\"https:\/\/secure.gravatar.com\/avatar\/2a02d7dda59fe8dc6b7ffd3f652e2efede5ccf0dd89dfdc8137c5517f3de8407?s=96&d=mm&r=g\",\"contentUrl\":\"https:\/\/secure.gravatar.com\/avatar\/2a02d7dda59fe8dc6b7ffd3f652e2efede5ccf0dd89dfdc8137c5517f3de8407?s=96&d=mm&r=g\",\"caption\":\"admin-federas\"},\"sameAs\":[\"https:\/\/www.federassantas.org.br\/novosite\/\"],\"url\":\"https:\/\/www.federassantas.org.br\/novosite\/author\/admin-federas\/\"}]}<\/script>\n<!-- \/ Yoast SEO plugin. -->","yoast_head_json":{"title":"Esperan\u00e7as da imunoterapia na luta contra o c\u00e2ncer - Federassantas","robots":{"index":"index","follow":"follow","max-snippet":"max-snippet:-1","max-image-preview":"max-image-preview:large","max-video-preview":"max-video-preview:-1"},"canonical":"https:\/\/www.federassantas.org.br\/novosite\/esperancas-da-imunoterapia-na-luta-contra-o-cancer\/","og_locale":"pt_BR","og_type":"article","og_title":"Esperan\u00e7as da imunoterapia na luta contra o c\u00e2ncer - Federassantas","og_description":"A imunoterapia poder\u00e1 substituir um dia a quimioterapia na luta contra o c\u00e2ncer? Qualificada por alguns de revolu\u00e7\u00e3o e coroada nesta segunda-feira com o Pr\u00eamio Nobel de Medicina, esta t\u00e9cnica consiste em refor\u00e7ar as defesas do corpo ante a doen\u00e7a. O pr\u00eamio foi atribu\u00eddo a dois imunologistas, o americano James P. Allison e o japon\u00eas [&hellip;]","og_url":"https:\/\/www.federassantas.org.br\/novosite\/esperancas-da-imunoterapia-na-luta-contra-o-cancer\/","og_site_name":"Federassantas","article_published_time":"2018-10-03T18:20:03+00:00","author":"admin-federas","twitter_card":"summary_large_image","twitter_misc":{"Escrito por":"admin-federas","Est. tempo de leitura":"1 minuto"},"schema":{"@context":"https:\/\/schema.org","@graph":[{"@type":"Article","@id":"https:\/\/www.federassantas.org.br\/novosite\/esperancas-da-imunoterapia-na-luta-contra-o-cancer\/#article","isPartOf":{"@id":"https:\/\/www.federassantas.org.br\/novosite\/esperancas-da-imunoterapia-na-luta-contra-o-cancer\/"},"author":{"name":"admin-federas","@id":"https:\/\/www.federassantas.org.br\/novosite\/#\/schema\/person\/75fed98158349313fe56175f232f513c"},"headline":"Esperan\u00e7as da imunoterapia na luta contra o c\u00e2ncer","datePublished":"2018-10-03T18:20:03+00:00","mainEntityOfPage":{"@id":"https:\/\/www.federassantas.org.br\/novosite\/esperancas-da-imunoterapia-na-luta-contra-o-cancer\/"},"wordCount":207,"commentCount":0,"publisher":{"@id":"https:\/\/www.federassantas.org.br\/novosite\/#organization"},"image":{"@id":"https:\/\/www.federassantas.org.br\/novosite\/esperancas-da-imunoterapia-na-luta-contra-o-cancer\/#primaryimage"},"thumbnailUrl":"","articleSection":["Not\u00edcias"],"inLanguage":"pt-BR","potentialAction":[{"@type":"CommentAction","name":"Comment","target":["https:\/\/www.federassantas.org.br\/novosite\/esperancas-da-imunoterapia-na-luta-contra-o-cancer\/#respond"]}]},{"@type":"WebPage","@id":"https:\/\/www.federassantas.org.br\/novosite\/esperancas-da-imunoterapia-na-luta-contra-o-cancer\/","url":"https:\/\/www.federassantas.org.br\/novosite\/esperancas-da-imunoterapia-na-luta-contra-o-cancer\/","name":"Esperan\u00e7as da imunoterapia na luta contra o c\u00e2ncer - Federassantas","isPartOf":{"@id":"https:\/\/www.federassantas.org.br\/novosite\/#website"},"primaryImageOfPage":{"@id":"https:\/\/www.federassantas.org.br\/novosite\/esperancas-da-imunoterapia-na-luta-contra-o-cancer\/#primaryimage"},"image":{"@id":"https:\/\/www.federassantas.org.br\/novosite\/esperancas-da-imunoterapia-na-luta-contra-o-cancer\/#primaryimage"},"thumbnailUrl":"","datePublished":"2018-10-03T18:20:03+00:00","breadcrumb":{"@id":"https:\/\/www.federassantas.org.br\/novosite\/esperancas-da-imunoterapia-na-luta-contra-o-cancer\/#breadcrumb"},"inLanguage":"pt-BR","potentialAction":[{"@type":"ReadAction","target":["https:\/\/www.federassantas.org.br\/novosite\/esperancas-da-imunoterapia-na-luta-contra-o-cancer\/"]}]},{"@type":"ImageObject","inLanguage":"pt-BR","@id":"https:\/\/www.federassantas.org.br\/novosite\/esperancas-da-imunoterapia-na-luta-contra-o-cancer\/#primaryimage","url":"","contentUrl":""},{"@type":"BreadcrumbList","@id":"https:\/\/www.federassantas.org.br\/novosite\/esperancas-da-imunoterapia-na-luta-contra-o-cancer\/#breadcrumb","itemListElement":[{"@type":"ListItem","position":1,"name":"In\u00edcio","item":"https:\/\/www.federassantas.org.br\/novosite\/"},{"@type":"ListItem","position":2,"name":"Esperan\u00e7as da imunoterapia na luta contra o c\u00e2ncer"}]},{"@type":"WebSite","@id":"https:\/\/www.federassantas.org.br\/novosite\/#website","url":"https:\/\/www.federassantas.org.br\/novosite\/","name":"Federassantas","description":"Fed. das Santas Casas e Hospitais Filantr\u00f3picos de MG","publisher":{"@id":"https:\/\/www.federassantas.org.br\/novosite\/#organization"},"potentialAction":[{"@type":"SearchAction","target":{"@type":"EntryPoint","urlTemplate":"https:\/\/www.federassantas.org.br\/novosite\/?s={search_term_string}"},"query-input":{"@type":"PropertyValueSpecification","valueRequired":true,"valueName":"search_term_string"}}],"inLanguage":"pt-BR"},{"@type":"Organization","@id":"https:\/\/www.federassantas.org.br\/novosite\/#organization","name":"Federassantas","url":"https:\/\/www.federassantas.org.br\/novosite\/","logo":{"@type":"ImageObject","inLanguage":"pt-BR","@id":"https:\/\/www.federassantas.org.br\/novosite\/#\/schema\/logo\/image\/","url":"https:\/\/www.federassantas.org.br\/novosite\/wp-content\/uploads\/2021\/12\/logo.png","contentUrl":"https:\/\/www.federassantas.org.br\/novosite\/wp-content\/uploads\/2021\/12\/logo.png","width":243,"height":59,"caption":"Federassantas"},"image":{"@id":"https:\/\/www.federassantas.org.br\/novosite\/#\/schema\/logo\/image\/"}},{"@type":"Person","@id":"https:\/\/www.federassantas.org.br\/novosite\/#\/schema\/person\/75fed98158349313fe56175f232f513c","name":"admin-federas","image":{"@type":"ImageObject","inLanguage":"pt-BR","@id":"https:\/\/www.federassantas.org.br\/novosite\/#\/schema\/person\/image\/","url":"https:\/\/secure.gravatar.com\/avatar\/2a02d7dda59fe8dc6b7ffd3f652e2efede5ccf0dd89dfdc8137c5517f3de8407?s=96&d=mm&r=g","contentUrl":"https:\/\/secure.gravatar.com\/avatar\/2a02d7dda59fe8dc6b7ffd3f652e2efede5ccf0dd89dfdc8137c5517f3de8407?s=96&d=mm&r=g","caption":"admin-federas"},"sameAs":["https:\/\/www.federassantas.org.br\/novosite\/"],"url":"https:\/\/www.federassantas.org.br\/novosite\/author\/admin-federas\/"}]}},"_links":{"self":[{"href":"https:\/\/www.federassantas.org.br\/novosite\/wp-json\/wp\/v2\/posts\/14275","targetHints":{"allow":["GET"]}}],"collection":[{"href":"https:\/\/www.federassantas.org.br\/novosite\/wp-json\/wp\/v2\/posts"}],"about":[{"href":"https:\/\/www.federassantas.org.br\/novosite\/wp-json\/wp\/v2\/types\/post"}],"author":[{"embeddable":true,"href":"https:\/\/www.federassantas.org.br\/novosite\/wp-json\/wp\/v2\/users\/1"}],"replies":[{"embeddable":true,"href":"https:\/\/www.federassantas.org.br\/novosite\/wp-json\/wp\/v2\/comments?post=14275"}],"version-history":[{"count":0,"href":"https:\/\/www.federassantas.org.br\/novosite\/wp-json\/wp\/v2\/posts\/14275\/revisions"}],"wp:featuredmedia":[{"embeddable":true,"href":"https:\/\/www.federassantas.org.br\/novosite\/wp-json\/"}],"wp:attachment":[{"href":"https:\/\/www.federassantas.org.br\/novosite\/wp-json\/wp\/v2\/media?parent=14275"}],"wp:term":[{"taxonomy":"category","embeddable":true,"href":"https:\/\/www.federassantas.org.br\/novosite\/wp-json\/wp\/v2\/categories?post=14275"},{"taxonomy":"post_tag","embeddable":true,"href":"https:\/\/www.federassantas.org.br\/novosite\/wp-json\/wp\/v2\/tags?post=14275"}],"curies":[{"name":"wp","href":"https:\/\/api.w.org\/{rel}","templated":true}]}}