{"id":14313,"date":"2018-10-04T14:14:29","date_gmt":"2018-10-04T17:14:29","guid":{"rendered":"https:\/\/federasbackup.meltcomunicacao.com.br\/?p=14313"},"modified":"2018-10-04T14:14:29","modified_gmt":"2018-10-04T17:14:29","slug":"santa-casa-de-montes-claros-tera-mais-leitos-para-atendimentos-do-sus","status":"publish","type":"post","link":"https:\/\/www.federassantas.org.br\/novosite\/santa-casa-de-montes-claros-tera-mais-leitos-para-atendimentos-do-sus\/","title":{"rendered":"Santa Casa de Montes Claros ter\u00e1 mais leitos para atendimentos do SUS"},"content":{"rendered":"<p style=\"text-align: justify;\"><em>Recursos, no total de R$ 2,2 milh\u00f5es, s\u00e3o destinados para a habilita\u00e7\u00e3o de 20 leitos integrais a pacientes com AVC, no\u00a0<\/em><em>Hospital Santa Casa de Montes Claros<\/em><\/p>\n<p style=\"text-align: justify;\">O munic\u00edpio de Montes Claros, localizado no norte de Minas Gerais, passa a contar com o refor\u00e7o de R$ 2.2 milh\u00f5es, anual, para a habilita\u00e7\u00e3o de 20 leitos integrais com um Centro de Atendimento de Urg\u00eancia, Tipo III, voltado para aten\u00e7\u00e3o aos pacientes com AVC, pelo Sistema \u00danico de Sa\u00fade (SUS). Os leitos ser\u00e3o habilitados no Hospital Santa Casa de Montes Claros, que tem uma popula\u00e7\u00e3o de\u00a0mais de 404 mil habitantes. A portaria que autoriza o repasse est\u00e1 dispon\u00edvel no\u00a0<a href=\"http:\/\/pesquisa.in.gov.br\/imprensa\/jsp\/visualiza\/index.jsp?data=28\/09\/2018&amp;jornal=515&amp;pagina=84&amp;totalArquivos=235\" target=\"_blank\" rel=\"noopener\">Di\u00e1rio Oficial da Uni\u00e3o<\/a>\u00a0(D.O.U).<\/p>\n<p style=\"text-align: justify;\">A Santa Casa \u00e9 gerida pela Irmandade Nossa Senhora das Merc\u00eas de Montes Claros. Com a integra\u00e7\u00e3o \u00e0 Linha de Cuidado do AVC, passa a ser refer\u00eancia para o tratamento de pacientes com AVC que demandarem maior complexidade nos cuidados, no estado de Minas Gerais.<\/p>\n<p style=\"text-align: justify;\">A unidade possui gest\u00e3o municipal e realiza tanto atendimentos pelo SUS, como particulares e conveniados. \u00c9 um dos maiores hospitais da regi\u00e3o norte de Minas Gerais, realiza mais de 100 mil procedimentos. Responde por 42% das interna\u00e7\u00f5es (5.986) do munic\u00edpio de Montes Claros e 9% dos atendimentos ambulatoriais (265.594). Atualmente, possui 392 leitos SUS (37% do total do munic\u00edpio) e 36 leitos de UTI.<\/p>\n<p style=\"text-align: justify;\">A Santa Casa oferece atendimento ininterrupto de urg\u00eancia e emerg\u00eancia 24h, pelo SUS, no Pronto Socorro, com profissionais de plant\u00e3o nas seguintes especialidades m\u00e9dicas: Cardiologia, Neurologia, Cl\u00ednica M\u00e9dica, Pediatria, Cirurgia Geral, Ginecologia e Obstetr\u00edcia e Ortopedia. A Santa Casa de Montes Claros tamb\u00e9m faz atendimento especializado em oncologia. Responde por 40% das cirurgias oncol\u00f3gicas (770), 46% dos procedimentos de quimioterapia (13.082) e 50% dos procedimentos de radioterapia (80.694) realizados em Montes Claros.<\/p>\n<p style=\"text-align: justify;\">Saiba mais em:\u00a0<a href=\"http:\/\/portalms.saude.gov.br\/noticias\/agencia-saude\/44455-montes-claros-mg-tera-mais-leitos-para-atendimentos-do-sus\">http:\/\/portalms.saude.gov.br\/noticias\/agencia-saude\/44455-montes-claros-mg-tera-mais-leitos-para-atendimentos-do-sus<\/a><\/p>\n<p style=\"text-align: justify;\">\n<p style=\"text-align: justify;\"><em>Fonte: Ag\u00eancia Sa\u00fade<\/em><\/p>\n","protected":false},"excerpt":{"rendered":"<p>Recursos, no total de R$ 2,2 milh\u00f5es, s\u00e3o destinados para a habilita\u00e7\u00e3o de 20 leitos integrais a pacientes com AVC, no\u00a0Hospital Santa Casa de Montes Claros O munic\u00edpio de Montes Claros, localizado no norte de Minas Gerais, passa a contar com o refor\u00e7o de R$ 2.2 milh\u00f5es, anual, para a habilita\u00e7\u00e3o de 20 leitos integrais [&hellip;]<\/p>\n","protected":false},"author":1,"featured_media":14314,"comment_status":"open","ping_status":"open","sticky":false,"template":"","format":"standard","meta":{"footnotes":""},"categories":[140,139],"tags":[],"class_list":["post-14313","post","type-post","status-publish","format-standard","has-post-thumbnail","hentry","category-noticias","category-noticias-filiados"],"yoast_head":"<!-- This site is optimized with the Yoast SEO plugin v26.9 - https:\/\/yoast.com\/product\/yoast-seo-wordpress\/ -->\n<title>Santa Casa de Montes Claros ter\u00e1 mais leitos para atendimentos do SUS - Federassantas<\/title>\n<meta name=\"robots\" content=\"index, follow, max-snippet:-1, max-image-preview:large, max-video-preview:-1\" \/>\n<link rel=\"canonical\" href=\"https:\/\/www.federassantas.org.br\/novosite\/santa-casa-de-montes-claros-tera-mais-leitos-para-atendimentos-do-sus\/\" \/>\n<meta property=\"og:locale\" content=\"pt_BR\" \/>\n<meta property=\"og:type\" content=\"article\" \/>\n<meta property=\"og:title\" content=\"Santa Casa de Montes Claros ter\u00e1 mais leitos para atendimentos do SUS - Federassantas\" \/>\n<meta property=\"og:description\" content=\"Recursos, no total de R$ 2,2 milh\u00f5es, s\u00e3o destinados para a habilita\u00e7\u00e3o de 20 leitos integrais a pacientes com AVC, no\u00a0Hospital Santa Casa de Montes Claros O munic\u00edpio de Montes Claros, localizado no norte de Minas Gerais, passa a contar com o refor\u00e7o de R$ 2.2 milh\u00f5es, anual, para a habilita\u00e7\u00e3o de 20 leitos integrais [&hellip;]\" \/>\n<meta property=\"og:url\" content=\"https:\/\/www.federassantas.org.br\/novosite\/santa-casa-de-montes-claros-tera-mais-leitos-para-atendimentos-do-sus\/\" \/>\n<meta property=\"og:site_name\" content=\"Federassantas\" \/>\n<meta property=\"article:published_time\" content=\"2018-10-04T17:14:29+00:00\" \/>\n<meta property=\"og:image\" content=\"https:\/\/www.federassantas.org.br\/novosite\/wp-content\/uploads\/2018\/10\/ANEXO-10.jpg\" \/>\n\t<meta property=\"og:image:width\" content=\"600\" \/>\n\t<meta property=\"og:image:height\" content=\"344\" \/>\n\t<meta property=\"og:image:type\" content=\"image\/jpeg\" \/>\n<meta name=\"author\" content=\"admin-federas\" \/>\n<meta name=\"twitter:card\" content=\"summary_large_image\" \/>\n<meta name=\"twitter:label1\" content=\"Escrito por\" \/>\n\t<meta name=\"twitter:data1\" content=\"admin-federas\" \/>\n\t<meta name=\"twitter:label2\" content=\"Est. tempo de leitura\" \/>\n\t<meta name=\"twitter:data2\" content=\"2 minutos\" \/>\n<script type=\"application\/ld+json\" class=\"yoast-schema-graph\">{\"@context\":\"https:\/\/schema.org\",\"@graph\":[{\"@type\":\"Article\",\"@id\":\"https:\/\/www.federassantas.org.br\/novosite\/santa-casa-de-montes-claros-tera-mais-leitos-para-atendimentos-do-sus\/#article\",\"isPartOf\":{\"@id\":\"https:\/\/www.federassantas.org.br\/novosite\/santa-casa-de-montes-claros-tera-mais-leitos-para-atendimentos-do-sus\/\"},\"author\":{\"name\":\"admin-federas\",\"@id\":\"https:\/\/www.federassantas.org.br\/novosite\/#\/schema\/person\/75fed98158349313fe56175f232f513c\"},\"headline\":\"Santa Casa de Montes Claros ter\u00e1 mais leitos para atendimentos do SUS\",\"datePublished\":\"2018-10-04T17:14:29+00:00\",\"mainEntityOfPage\":{\"@id\":\"https:\/\/www.federassantas.org.br\/novosite\/santa-casa-de-montes-claros-tera-mais-leitos-para-atendimentos-do-sus\/\"},\"wordCount\":334,\"commentCount\":0,\"publisher\":{\"@id\":\"https:\/\/www.federassantas.org.br\/novosite\/#organization\"},\"image\":{\"@id\":\"https:\/\/www.federassantas.org.br\/novosite\/santa-casa-de-montes-claros-tera-mais-leitos-para-atendimentos-do-sus\/#primaryimage\"},\"thumbnailUrl\":\"https:\/\/www.federassantas.org.br\/novosite\/wp-content\/uploads\/2018\/10\/ANEXO-10.jpg\",\"articleSection\":[\"Not\u00edcias\",\"Not\u00edcias filiados\"],\"inLanguage\":\"pt-BR\",\"potentialAction\":[{\"@type\":\"CommentAction\",\"name\":\"Comment\",\"target\":[\"https:\/\/www.federassantas.org.br\/novosite\/santa-casa-de-montes-claros-tera-mais-leitos-para-atendimentos-do-sus\/#respond\"]}]},{\"@type\":\"WebPage\",\"@id\":\"https:\/\/www.federassantas.org.br\/novosite\/santa-casa-de-montes-claros-tera-mais-leitos-para-atendimentos-do-sus\/\",\"url\":\"https:\/\/www.federassantas.org.br\/novosite\/santa-casa-de-montes-claros-tera-mais-leitos-para-atendimentos-do-sus\/\",\"name\":\"Santa Casa de Montes Claros ter\u00e1 mais leitos para atendimentos do SUS - Federassantas\",\"isPartOf\":{\"@id\":\"https:\/\/www.federassantas.org.br\/novosite\/#website\"},\"primaryImageOfPage\":{\"@id\":\"https:\/\/www.federassantas.org.br\/novosite\/santa-casa-de-montes-claros-tera-mais-leitos-para-atendimentos-do-sus\/#primaryimage\"},\"image\":{\"@id\":\"https:\/\/www.federassantas.org.br\/novosite\/santa-casa-de-montes-claros-tera-mais-leitos-para-atendimentos-do-sus\/#primaryimage\"},\"thumbnailUrl\":\"https:\/\/www.federassantas.org.br\/novosite\/wp-content\/uploads\/2018\/10\/ANEXO-10.jpg\",\"datePublished\":\"2018-10-04T17:14:29+00:00\",\"breadcrumb\":{\"@id\":\"https:\/\/www.federassantas.org.br\/novosite\/santa-casa-de-montes-claros-tera-mais-leitos-para-atendimentos-do-sus\/#breadcrumb\"},\"inLanguage\":\"pt-BR\",\"potentialAction\":[{\"@type\":\"ReadAction\",\"target\":[\"https:\/\/www.federassantas.org.br\/novosite\/santa-casa-de-montes-claros-tera-mais-leitos-para-atendimentos-do-sus\/\"]}]},{\"@type\":\"ImageObject\",\"inLanguage\":\"pt-BR\",\"@id\":\"https:\/\/www.federassantas.org.br\/novosite\/santa-casa-de-montes-claros-tera-mais-leitos-para-atendimentos-do-sus\/#primaryimage\",\"url\":\"https:\/\/www.federassantas.org.br\/novosite\/wp-content\/uploads\/2018\/10\/ANEXO-10.jpg\",\"contentUrl\":\"https:\/\/www.federassantas.org.br\/novosite\/wp-content\/uploads\/2018\/10\/ANEXO-10.jpg\",\"width\":600,\"height\":344},{\"@type\":\"BreadcrumbList\",\"@id\":\"https:\/\/www.federassantas.org.br\/novosite\/santa-casa-de-montes-claros-tera-mais-leitos-para-atendimentos-do-sus\/#breadcrumb\",\"itemListElement\":[{\"@type\":\"ListItem\",\"position\":1,\"name\":\"In\u00edcio\",\"item\":\"https:\/\/www.federassantas.org.br\/novosite\/\"},{\"@type\":\"ListItem\",\"position\":2,\"name\":\"Santa Casa de Montes Claros ter\u00e1 mais leitos para atendimentos do SUS\"}]},{\"@type\":\"WebSite\",\"@id\":\"https:\/\/www.federassantas.org.br\/novosite\/#website\",\"url\":\"https:\/\/www.federassantas.org.br\/novosite\/\",\"name\":\"Federassantas\",\"description\":\"Fed. das Santas Casas e Hospitais Filantr\u00f3picos de MG\",\"publisher\":{\"@id\":\"https:\/\/www.federassantas.org.br\/novosite\/#organization\"},\"potentialAction\":[{\"@type\":\"SearchAction\",\"target\":{\"@type\":\"EntryPoint\",\"urlTemplate\":\"https:\/\/www.federassantas.org.br\/novosite\/?s={search_term_string}\"},\"query-input\":{\"@type\":\"PropertyValueSpecification\",\"valueRequired\":true,\"valueName\":\"search_term_string\"}}],\"inLanguage\":\"pt-BR\"},{\"@type\":\"Organization\",\"@id\":\"https:\/\/www.federassantas.org.br\/novosite\/#organization\",\"name\":\"Federassantas\",\"url\":\"https:\/\/www.federassantas.org.br\/novosite\/\",\"logo\":{\"@type\":\"ImageObject\",\"inLanguage\":\"pt-BR\",\"@id\":\"https:\/\/www.federassantas.org.br\/novosite\/#\/schema\/logo\/image\/\",\"url\":\"https:\/\/www.federassantas.org.br\/novosite\/wp-content\/uploads\/2021\/12\/logo.png\",\"contentUrl\":\"https:\/\/www.federassantas.org.br\/novosite\/wp-content\/uploads\/2021\/12\/logo.png\",\"width\":243,\"height\":59,\"caption\":\"Federassantas\"},\"image\":{\"@id\":\"https:\/\/www.federassantas.org.br\/novosite\/#\/schema\/logo\/image\/\"}},{\"@type\":\"Person\",\"@id\":\"https:\/\/www.federassantas.org.br\/novosite\/#\/schema\/person\/75fed98158349313fe56175f232f513c\",\"name\":\"admin-federas\",\"image\":{\"@type\":\"ImageObject\",\"inLanguage\":\"pt-BR\",\"@id\":\"https:\/\/www.federassantas.org.br\/novosite\/#\/schema\/person\/image\/\",\"url\":\"https:\/\/secure.gravatar.com\/avatar\/2a02d7dda59fe8dc6b7ffd3f652e2efede5ccf0dd89dfdc8137c5517f3de8407?s=96&d=mm&r=g\",\"contentUrl\":\"https:\/\/secure.gravatar.com\/avatar\/2a02d7dda59fe8dc6b7ffd3f652e2efede5ccf0dd89dfdc8137c5517f3de8407?s=96&d=mm&r=g\",\"caption\":\"admin-federas\"},\"sameAs\":[\"https:\/\/www.federassantas.org.br\/novosite\/\"],\"url\":\"https:\/\/www.federassantas.org.br\/novosite\/author\/admin-federas\/\"}]}<\/script>\n<!-- \/ Yoast SEO plugin. -->","yoast_head_json":{"title":"Santa Casa de Montes Claros ter\u00e1 mais leitos para atendimentos do SUS - Federassantas","robots":{"index":"index","follow":"follow","max-snippet":"max-snippet:-1","max-image-preview":"max-image-preview:large","max-video-preview":"max-video-preview:-1"},"canonical":"https:\/\/www.federassantas.org.br\/novosite\/santa-casa-de-montes-claros-tera-mais-leitos-para-atendimentos-do-sus\/","og_locale":"pt_BR","og_type":"article","og_title":"Santa Casa de Montes Claros ter\u00e1 mais leitos para atendimentos do SUS - Federassantas","og_description":"Recursos, no total de R$ 2,2 milh\u00f5es, s\u00e3o destinados para a habilita\u00e7\u00e3o de 20 leitos integrais a pacientes com AVC, no\u00a0Hospital Santa Casa de Montes Claros O munic\u00edpio de Montes Claros, localizado no norte de Minas Gerais, passa a contar com o refor\u00e7o de R$ 2.2 milh\u00f5es, anual, para a habilita\u00e7\u00e3o de 20 leitos integrais [&hellip;]","og_url":"https:\/\/www.federassantas.org.br\/novosite\/santa-casa-de-montes-claros-tera-mais-leitos-para-atendimentos-do-sus\/","og_site_name":"Federassantas","article_published_time":"2018-10-04T17:14:29+00:00","og_image":[{"width":600,"height":344,"url":"https:\/\/www.federassantas.org.br\/novosite\/wp-content\/uploads\/2018\/10\/ANEXO-10.jpg","type":"image\/jpeg"}],"author":"admin-federas","twitter_card":"summary_large_image","twitter_misc":{"Escrito por":"admin-federas","Est. tempo de leitura":"2 minutos"},"schema":{"@context":"https:\/\/schema.org","@graph":[{"@type":"Article","@id":"https:\/\/www.federassantas.org.br\/novosite\/santa-casa-de-montes-claros-tera-mais-leitos-para-atendimentos-do-sus\/#article","isPartOf":{"@id":"https:\/\/www.federassantas.org.br\/novosite\/santa-casa-de-montes-claros-tera-mais-leitos-para-atendimentos-do-sus\/"},"author":{"name":"admin-federas","@id":"https:\/\/www.federassantas.org.br\/novosite\/#\/schema\/person\/75fed98158349313fe56175f232f513c"},"headline":"Santa Casa de Montes Claros ter\u00e1 mais leitos para atendimentos do SUS","datePublished":"2018-10-04T17:14:29+00:00","mainEntityOfPage":{"@id":"https:\/\/www.federassantas.org.br\/novosite\/santa-casa-de-montes-claros-tera-mais-leitos-para-atendimentos-do-sus\/"},"wordCount":334,"commentCount":0,"publisher":{"@id":"https:\/\/www.federassantas.org.br\/novosite\/#organization"},"image":{"@id":"https:\/\/www.federassantas.org.br\/novosite\/santa-casa-de-montes-claros-tera-mais-leitos-para-atendimentos-do-sus\/#primaryimage"},"thumbnailUrl":"https:\/\/www.federassantas.org.br\/novosite\/wp-content\/uploads\/2018\/10\/ANEXO-10.jpg","articleSection":["Not\u00edcias","Not\u00edcias filiados"],"inLanguage":"pt-BR","potentialAction":[{"@type":"CommentAction","name":"Comment","target":["https:\/\/www.federassantas.org.br\/novosite\/santa-casa-de-montes-claros-tera-mais-leitos-para-atendimentos-do-sus\/#respond"]}]},{"@type":"WebPage","@id":"https:\/\/www.federassantas.org.br\/novosite\/santa-casa-de-montes-claros-tera-mais-leitos-para-atendimentos-do-sus\/","url":"https:\/\/www.federassantas.org.br\/novosite\/santa-casa-de-montes-claros-tera-mais-leitos-para-atendimentos-do-sus\/","name":"Santa Casa de Montes Claros ter\u00e1 mais leitos para atendimentos do SUS - Federassantas","isPartOf":{"@id":"https:\/\/www.federassantas.org.br\/novosite\/#website"},"primaryImageOfPage":{"@id":"https:\/\/www.federassantas.org.br\/novosite\/santa-casa-de-montes-claros-tera-mais-leitos-para-atendimentos-do-sus\/#primaryimage"},"image":{"@id":"https:\/\/www.federassantas.org.br\/novosite\/santa-casa-de-montes-claros-tera-mais-leitos-para-atendimentos-do-sus\/#primaryimage"},"thumbnailUrl":"https:\/\/www.federassantas.org.br\/novosite\/wp-content\/uploads\/2018\/10\/ANEXO-10.jpg","datePublished":"2018-10-04T17:14:29+00:00","breadcrumb":{"@id":"https:\/\/www.federassantas.org.br\/novosite\/santa-casa-de-montes-claros-tera-mais-leitos-para-atendimentos-do-sus\/#breadcrumb"},"inLanguage":"pt-BR","potentialAction":[{"@type":"ReadAction","target":["https:\/\/www.federassantas.org.br\/novosite\/santa-casa-de-montes-claros-tera-mais-leitos-para-atendimentos-do-sus\/"]}]},{"@type":"ImageObject","inLanguage":"pt-BR","@id":"https:\/\/www.federassantas.org.br\/novosite\/santa-casa-de-montes-claros-tera-mais-leitos-para-atendimentos-do-sus\/#primaryimage","url":"https:\/\/www.federassantas.org.br\/novosite\/wp-content\/uploads\/2018\/10\/ANEXO-10.jpg","contentUrl":"https:\/\/www.federassantas.org.br\/novosite\/wp-content\/uploads\/2018\/10\/ANEXO-10.jpg","width":600,"height":344},{"@type":"BreadcrumbList","@id":"https:\/\/www.federassantas.org.br\/novosite\/santa-casa-de-montes-claros-tera-mais-leitos-para-atendimentos-do-sus\/#breadcrumb","itemListElement":[{"@type":"ListItem","position":1,"name":"In\u00edcio","item":"https:\/\/www.federassantas.org.br\/novosite\/"},{"@type":"ListItem","position":2,"name":"Santa Casa de Montes Claros ter\u00e1 mais leitos para atendimentos do SUS"}]},{"@type":"WebSite","@id":"https:\/\/www.federassantas.org.br\/novosite\/#website","url":"https:\/\/www.federassantas.org.br\/novosite\/","name":"Federassantas","description":"Fed. das Santas Casas e Hospitais Filantr\u00f3picos de MG","publisher":{"@id":"https:\/\/www.federassantas.org.br\/novosite\/#organization"},"potentialAction":[{"@type":"SearchAction","target":{"@type":"EntryPoint","urlTemplate":"https:\/\/www.federassantas.org.br\/novosite\/?s={search_term_string}"},"query-input":{"@type":"PropertyValueSpecification","valueRequired":true,"valueName":"search_term_string"}}],"inLanguage":"pt-BR"},{"@type":"Organization","@id":"https:\/\/www.federassantas.org.br\/novosite\/#organization","name":"Federassantas","url":"https:\/\/www.federassantas.org.br\/novosite\/","logo":{"@type":"ImageObject","inLanguage":"pt-BR","@id":"https:\/\/www.federassantas.org.br\/novosite\/#\/schema\/logo\/image\/","url":"https:\/\/www.federassantas.org.br\/novosite\/wp-content\/uploads\/2021\/12\/logo.png","contentUrl":"https:\/\/www.federassantas.org.br\/novosite\/wp-content\/uploads\/2021\/12\/logo.png","width":243,"height":59,"caption":"Federassantas"},"image":{"@id":"https:\/\/www.federassantas.org.br\/novosite\/#\/schema\/logo\/image\/"}},{"@type":"Person","@id":"https:\/\/www.federassantas.org.br\/novosite\/#\/schema\/person\/75fed98158349313fe56175f232f513c","name":"admin-federas","image":{"@type":"ImageObject","inLanguage":"pt-BR","@id":"https:\/\/www.federassantas.org.br\/novosite\/#\/schema\/person\/image\/","url":"https:\/\/secure.gravatar.com\/avatar\/2a02d7dda59fe8dc6b7ffd3f652e2efede5ccf0dd89dfdc8137c5517f3de8407?s=96&d=mm&r=g","contentUrl":"https:\/\/secure.gravatar.com\/avatar\/2a02d7dda59fe8dc6b7ffd3f652e2efede5ccf0dd89dfdc8137c5517f3de8407?s=96&d=mm&r=g","caption":"admin-federas"},"sameAs":["https:\/\/www.federassantas.org.br\/novosite\/"],"url":"https:\/\/www.federassantas.org.br\/novosite\/author\/admin-federas\/"}]}},"_links":{"self":[{"href":"https:\/\/www.federassantas.org.br\/novosite\/wp-json\/wp\/v2\/posts\/14313","targetHints":{"allow":["GET"]}}],"collection":[{"href":"https:\/\/www.federassantas.org.br\/novosite\/wp-json\/wp\/v2\/posts"}],"about":[{"href":"https:\/\/www.federassantas.org.br\/novosite\/wp-json\/wp\/v2\/types\/post"}],"author":[{"embeddable":true,"href":"https:\/\/www.federassantas.org.br\/novosite\/wp-json\/wp\/v2\/users\/1"}],"replies":[{"embeddable":true,"href":"https:\/\/www.federassantas.org.br\/novosite\/wp-json\/wp\/v2\/comments?post=14313"}],"version-history":[{"count":0,"href":"https:\/\/www.federassantas.org.br\/novosite\/wp-json\/wp\/v2\/posts\/14313\/revisions"}],"wp:featuredmedia":[{"embeddable":true,"href":"https:\/\/www.federassantas.org.br\/novosite\/wp-json\/wp\/v2\/media\/14314"}],"wp:attachment":[{"href":"https:\/\/www.federassantas.org.br\/novosite\/wp-json\/wp\/v2\/media?parent=14313"}],"wp:term":[{"taxonomy":"category","embeddable":true,"href":"https:\/\/www.federassantas.org.br\/novosite\/wp-json\/wp\/v2\/categories?post=14313"},{"taxonomy":"post_tag","embeddable":true,"href":"https:\/\/www.federassantas.org.br\/novosite\/wp-json\/wp\/v2\/tags?post=14313"}],"curies":[{"name":"wp","href":"https:\/\/api.w.org\/{rel}","templated":true}]}}