{"id":14351,"date":"2018-10-05T17:11:32","date_gmt":"2018-10-05T20:11:32","guid":{"rendered":"https:\/\/federasbackup.meltcomunicacao.com.br\/?p=14351"},"modified":"2018-10-05T17:11:32","modified_gmt":"2018-10-05T20:11:32","slug":"atraso-na-oferta-de-remedio-pelo-sus-prejudica-pelo-menos-312-mil-pacientes","status":"publish","type":"post","link":"https:\/\/www.federassantas.org.br\/novosite\/atraso-na-oferta-de-remedio-pelo-sus-prejudica-pelo-menos-312-mil-pacientes\/","title":{"rendered":"Atraso na oferta de rem\u00e9dio pelo SUS prejudica pelo menos 312 mil pacientes"},"content":{"rendered":"<p style=\"text-align: justify;\">Incorporado no Sistema \u00danico de Sa\u00fade (SUS) no ano passado para controlar convuls\u00f5es de beb\u00eas com s\u00edndrome cong\u00eanita de zika e para tratar pacientes com epilepsia, o medicamento levetiracetam ainda n\u00e3o \u00e9 encontrado na rede p\u00fablica. O atraso na oferta \u00e9 atribu\u00eddo a uma falta de entendimento entre governo federal e secretarias de sa\u00fade sobre quem pagar\u00e1 a conta da aquisi\u00e7\u00e3o do rem\u00e9dio.<\/p>\n<p>&#8220;Enquanto uma decis\u00e3o n\u00e3o vem, o que vemos \u00e9 uma legi\u00e3o de pacientes esperando, que poderia ser beneficiada com tratamento ou protegida de efeitos colaterais de drogas atualmente utilizadas. \u00c9 muito frustrante&#8221;, afirma a professora de Neurologia da Universidade Estadual de Campinas (Unicamp), Clarissa Yasuda.<\/p>\n<p>A estimativa \u00e9 de que o medicamento poderia ser usado por pelo menos 312 mil pacientes brasileiros. O levetiracetam j\u00e1 \u00e9 indicado h\u00e1 anos na Europa e vendido em farm\u00e1cias no Brasil.<\/p>\n<p style=\"text-align: justify;\">Maria Luiza Manreza, coordenadora do Departamento Cient\u00edfico de Epilepsia da Academia Brasileira de Neurologia, afirma que uma das principais indica\u00e7\u00f5es do rem\u00e9dio \u00e9 para mulheres com o problema em idade f\u00e9rtil ou que est\u00e3o gr\u00e1vidas. &#8220;Estudos mostram que rem\u00e9dios usados para controlar as crises t\u00eam efeitos negativos na forma\u00e7\u00e3o do feto. E um deles, o valproato, por exemplo, tem efeitos ainda mais nocivos. Com isso, n\u00e3o temos ferramentas para tratar essas pacientes&#8221;, resume Maria Luiza.<\/p>\n<p><b>Risco menor<\/b><\/p>\n<p>No caso de crian\u00e7as, o uso do levetiracetam reduz o risco de efeitos colaterais na capacidade cognitiva. Enquanto a droga n\u00e3o \u00e9 adotada no SUS, beb\u00eas com s\u00edndrome cong\u00eanita recebem nos postos p\u00fablicos o carbamazepina, que \u00e9 indicada para o tratamento de crises convulsivas e de doen\u00e7as neurol\u00f3gicas e psiqui\u00e1tricas, e o \u00e1cido valpr\u00f3ico.<\/p>\n<p style=\"text-align: justify;\">Saiba mais em:\u00a0<a href=\"https:\/\/www.hojeemdia.com.br\/primeiro-plano\/atraso-na-oferta-de-rem%C3%A9dio-pelo-sus-prejudica-pelo-menos-312-mil-pacientes-1.661247\">https:\/\/www.hojeemdia.com.br\/primeiro-plano\/atraso-na-oferta-de-rem%C3%A9dio-pelo-sus-prejudica-pelo-menos-312-mil-pacientes-1.661247<\/a><\/p>\n<p style=\"text-align: justify;\"><em>Fonte: Portal Hoje em Dia<\/em><\/p>\n","protected":false},"excerpt":{"rendered":"<p>Incorporado no Sistema \u00danico de Sa\u00fade (SUS) no ano passado para controlar convuls\u00f5es de beb\u00eas com s\u00edndrome cong\u00eanita de zika e para tratar pacientes com epilepsia, o medicamento levetiracetam ainda n\u00e3o \u00e9 encontrado na rede p\u00fablica. O atraso na oferta \u00e9 atribu\u00eddo a uma falta de entendimento entre governo federal e secretarias de sa\u00fade sobre [&hellip;]<\/p>\n","protected":false},"author":1,"featured_media":14352,"comment_status":"open","ping_status":"open","sticky":false,"template":"","format":"standard","meta":{"footnotes":""},"categories":[140,143],"tags":[],"class_list":["post-14351","post","type-post","status-publish","format-standard","has-post-thumbnail","hentry","category-noticias","category-noticias-publicas"],"yoast_head":"<!-- This site is optimized with the Yoast SEO plugin v26.9 - https:\/\/yoast.com\/product\/yoast-seo-wordpress\/ -->\n<title>Atraso na oferta de rem\u00e9dio pelo SUS prejudica pelo menos 312 mil pacientes - Federassantas<\/title>\n<meta name=\"robots\" content=\"index, follow, max-snippet:-1, max-image-preview:large, max-video-preview:-1\" \/>\n<link rel=\"canonical\" href=\"https:\/\/www.federassantas.org.br\/novosite\/atraso-na-oferta-de-remedio-pelo-sus-prejudica-pelo-menos-312-mil-pacientes\/\" \/>\n<meta property=\"og:locale\" content=\"pt_BR\" \/>\n<meta property=\"og:type\" content=\"article\" \/>\n<meta property=\"og:title\" content=\"Atraso na oferta de rem\u00e9dio pelo SUS prejudica pelo menos 312 mil pacientes - Federassantas\" \/>\n<meta property=\"og:description\" content=\"Incorporado no Sistema \u00danico de Sa\u00fade (SUS) no ano passado para controlar convuls\u00f5es de beb\u00eas com s\u00edndrome cong\u00eanita de zika e para tratar pacientes com epilepsia, o medicamento levetiracetam ainda n\u00e3o \u00e9 encontrado na rede p\u00fablica. O atraso na oferta \u00e9 atribu\u00eddo a uma falta de entendimento entre governo federal e secretarias de sa\u00fade sobre [&hellip;]\" \/>\n<meta property=\"og:url\" content=\"https:\/\/www.federassantas.org.br\/novosite\/atraso-na-oferta-de-remedio-pelo-sus-prejudica-pelo-menos-312-mil-pacientes\/\" \/>\n<meta property=\"og:site_name\" content=\"Federassantas\" \/>\n<meta property=\"article:published_time\" content=\"2018-10-05T20:11:32+00:00\" \/>\n<meta name=\"author\" content=\"admin-federas\" \/>\n<meta name=\"twitter:card\" content=\"summary_large_image\" \/>\n<meta name=\"twitter:label1\" content=\"Escrito por\" \/>\n\t<meta name=\"twitter:data1\" content=\"admin-federas\" \/>\n\t<meta name=\"twitter:label2\" content=\"Est. tempo de leitura\" \/>\n\t<meta name=\"twitter:data2\" content=\"2 minutos\" \/>\n<script type=\"application\/ld+json\" class=\"yoast-schema-graph\">{\"@context\":\"https:\/\/schema.org\",\"@graph\":[{\"@type\":\"Article\",\"@id\":\"https:\/\/www.federassantas.org.br\/novosite\/atraso-na-oferta-de-remedio-pelo-sus-prejudica-pelo-menos-312-mil-pacientes\/#article\",\"isPartOf\":{\"@id\":\"https:\/\/www.federassantas.org.br\/novosite\/atraso-na-oferta-de-remedio-pelo-sus-prejudica-pelo-menos-312-mil-pacientes\/\"},\"author\":{\"name\":\"admin-federas\",\"@id\":\"https:\/\/www.federassantas.org.br\/novosite\/#\/schema\/person\/75fed98158349313fe56175f232f513c\"},\"headline\":\"Atraso na oferta de rem\u00e9dio pelo SUS prejudica pelo menos 312 mil pacientes\",\"datePublished\":\"2018-10-05T20:11:32+00:00\",\"mainEntityOfPage\":{\"@id\":\"https:\/\/www.federassantas.org.br\/novosite\/atraso-na-oferta-de-remedio-pelo-sus-prejudica-pelo-menos-312-mil-pacientes\/\"},\"wordCount\":328,\"commentCount\":0,\"publisher\":{\"@id\":\"https:\/\/www.federassantas.org.br\/novosite\/#organization\"},\"image\":{\"@id\":\"https:\/\/www.federassantas.org.br\/novosite\/atraso-na-oferta-de-remedio-pelo-sus-prejudica-pelo-menos-312-mil-pacientes\/#primaryimage\"},\"thumbnailUrl\":\"\",\"articleSection\":[\"Not\u00edcias\",\"Not\u00edcias P\u00fablicas\"],\"inLanguage\":\"pt-BR\",\"potentialAction\":[{\"@type\":\"CommentAction\",\"name\":\"Comment\",\"target\":[\"https:\/\/www.federassantas.org.br\/novosite\/atraso-na-oferta-de-remedio-pelo-sus-prejudica-pelo-menos-312-mil-pacientes\/#respond\"]}]},{\"@type\":\"WebPage\",\"@id\":\"https:\/\/www.federassantas.org.br\/novosite\/atraso-na-oferta-de-remedio-pelo-sus-prejudica-pelo-menos-312-mil-pacientes\/\",\"url\":\"https:\/\/www.federassantas.org.br\/novosite\/atraso-na-oferta-de-remedio-pelo-sus-prejudica-pelo-menos-312-mil-pacientes\/\",\"name\":\"Atraso na oferta de rem\u00e9dio pelo SUS prejudica pelo menos 312 mil pacientes - Federassantas\",\"isPartOf\":{\"@id\":\"https:\/\/www.federassantas.org.br\/novosite\/#website\"},\"primaryImageOfPage\":{\"@id\":\"https:\/\/www.federassantas.org.br\/novosite\/atraso-na-oferta-de-remedio-pelo-sus-prejudica-pelo-menos-312-mil-pacientes\/#primaryimage\"},\"image\":{\"@id\":\"https:\/\/www.federassantas.org.br\/novosite\/atraso-na-oferta-de-remedio-pelo-sus-prejudica-pelo-menos-312-mil-pacientes\/#primaryimage\"},\"thumbnailUrl\":\"\",\"datePublished\":\"2018-10-05T20:11:32+00:00\",\"breadcrumb\":{\"@id\":\"https:\/\/www.federassantas.org.br\/novosite\/atraso-na-oferta-de-remedio-pelo-sus-prejudica-pelo-menos-312-mil-pacientes\/#breadcrumb\"},\"inLanguage\":\"pt-BR\",\"potentialAction\":[{\"@type\":\"ReadAction\",\"target\":[\"https:\/\/www.federassantas.org.br\/novosite\/atraso-na-oferta-de-remedio-pelo-sus-prejudica-pelo-menos-312-mil-pacientes\/\"]}]},{\"@type\":\"ImageObject\",\"inLanguage\":\"pt-BR\",\"@id\":\"https:\/\/www.federassantas.org.br\/novosite\/atraso-na-oferta-de-remedio-pelo-sus-prejudica-pelo-menos-312-mil-pacientes\/#primaryimage\",\"url\":\"\",\"contentUrl\":\"\"},{\"@type\":\"BreadcrumbList\",\"@id\":\"https:\/\/www.federassantas.org.br\/novosite\/atraso-na-oferta-de-remedio-pelo-sus-prejudica-pelo-menos-312-mil-pacientes\/#breadcrumb\",\"itemListElement\":[{\"@type\":\"ListItem\",\"position\":1,\"name\":\"In\u00edcio\",\"item\":\"https:\/\/www.federassantas.org.br\/novosite\/\"},{\"@type\":\"ListItem\",\"position\":2,\"name\":\"Atraso na oferta de rem\u00e9dio pelo SUS prejudica pelo menos 312 mil pacientes\"}]},{\"@type\":\"WebSite\",\"@id\":\"https:\/\/www.federassantas.org.br\/novosite\/#website\",\"url\":\"https:\/\/www.federassantas.org.br\/novosite\/\",\"name\":\"Federassantas\",\"description\":\"Fed. das Santas Casas e Hospitais Filantr\u00f3picos de MG\",\"publisher\":{\"@id\":\"https:\/\/www.federassantas.org.br\/novosite\/#organization\"},\"potentialAction\":[{\"@type\":\"SearchAction\",\"target\":{\"@type\":\"EntryPoint\",\"urlTemplate\":\"https:\/\/www.federassantas.org.br\/novosite\/?s={search_term_string}\"},\"query-input\":{\"@type\":\"PropertyValueSpecification\",\"valueRequired\":true,\"valueName\":\"search_term_string\"}}],\"inLanguage\":\"pt-BR\"},{\"@type\":\"Organization\",\"@id\":\"https:\/\/www.federassantas.org.br\/novosite\/#organization\",\"name\":\"Federassantas\",\"url\":\"https:\/\/www.federassantas.org.br\/novosite\/\",\"logo\":{\"@type\":\"ImageObject\",\"inLanguage\":\"pt-BR\",\"@id\":\"https:\/\/www.federassantas.org.br\/novosite\/#\/schema\/logo\/image\/\",\"url\":\"https:\/\/www.federassantas.org.br\/novosite\/wp-content\/uploads\/2021\/12\/logo.png\",\"contentUrl\":\"https:\/\/www.federassantas.org.br\/novosite\/wp-content\/uploads\/2021\/12\/logo.png\",\"width\":243,\"height\":59,\"caption\":\"Federassantas\"},\"image\":{\"@id\":\"https:\/\/www.federassantas.org.br\/novosite\/#\/schema\/logo\/image\/\"}},{\"@type\":\"Person\",\"@id\":\"https:\/\/www.federassantas.org.br\/novosite\/#\/schema\/person\/75fed98158349313fe56175f232f513c\",\"name\":\"admin-federas\",\"image\":{\"@type\":\"ImageObject\",\"inLanguage\":\"pt-BR\",\"@id\":\"https:\/\/www.federassantas.org.br\/novosite\/#\/schema\/person\/image\/\",\"url\":\"https:\/\/secure.gravatar.com\/avatar\/2a02d7dda59fe8dc6b7ffd3f652e2efede5ccf0dd89dfdc8137c5517f3de8407?s=96&d=mm&r=g\",\"contentUrl\":\"https:\/\/secure.gravatar.com\/avatar\/2a02d7dda59fe8dc6b7ffd3f652e2efede5ccf0dd89dfdc8137c5517f3de8407?s=96&d=mm&r=g\",\"caption\":\"admin-federas\"},\"sameAs\":[\"https:\/\/www.federassantas.org.br\/novosite\/\"],\"url\":\"https:\/\/www.federassantas.org.br\/novosite\/author\/admin-federas\/\"}]}<\/script>\n<!-- \/ Yoast SEO plugin. -->","yoast_head_json":{"title":"Atraso na oferta de rem\u00e9dio pelo SUS prejudica pelo menos 312 mil pacientes - Federassantas","robots":{"index":"index","follow":"follow","max-snippet":"max-snippet:-1","max-image-preview":"max-image-preview:large","max-video-preview":"max-video-preview:-1"},"canonical":"https:\/\/www.federassantas.org.br\/novosite\/atraso-na-oferta-de-remedio-pelo-sus-prejudica-pelo-menos-312-mil-pacientes\/","og_locale":"pt_BR","og_type":"article","og_title":"Atraso na oferta de rem\u00e9dio pelo SUS prejudica pelo menos 312 mil pacientes - Federassantas","og_description":"Incorporado no Sistema \u00danico de Sa\u00fade (SUS) no ano passado para controlar convuls\u00f5es de beb\u00eas com s\u00edndrome cong\u00eanita de zika e para tratar pacientes com epilepsia, o medicamento levetiracetam ainda n\u00e3o \u00e9 encontrado na rede p\u00fablica. O atraso na oferta \u00e9 atribu\u00eddo a uma falta de entendimento entre governo federal e secretarias de sa\u00fade sobre [&hellip;]","og_url":"https:\/\/www.federassantas.org.br\/novosite\/atraso-na-oferta-de-remedio-pelo-sus-prejudica-pelo-menos-312-mil-pacientes\/","og_site_name":"Federassantas","article_published_time":"2018-10-05T20:11:32+00:00","author":"admin-federas","twitter_card":"summary_large_image","twitter_misc":{"Escrito por":"admin-federas","Est. tempo de leitura":"2 minutos"},"schema":{"@context":"https:\/\/schema.org","@graph":[{"@type":"Article","@id":"https:\/\/www.federassantas.org.br\/novosite\/atraso-na-oferta-de-remedio-pelo-sus-prejudica-pelo-menos-312-mil-pacientes\/#article","isPartOf":{"@id":"https:\/\/www.federassantas.org.br\/novosite\/atraso-na-oferta-de-remedio-pelo-sus-prejudica-pelo-menos-312-mil-pacientes\/"},"author":{"name":"admin-federas","@id":"https:\/\/www.federassantas.org.br\/novosite\/#\/schema\/person\/75fed98158349313fe56175f232f513c"},"headline":"Atraso na oferta de rem\u00e9dio pelo SUS prejudica pelo menos 312 mil pacientes","datePublished":"2018-10-05T20:11:32+00:00","mainEntityOfPage":{"@id":"https:\/\/www.federassantas.org.br\/novosite\/atraso-na-oferta-de-remedio-pelo-sus-prejudica-pelo-menos-312-mil-pacientes\/"},"wordCount":328,"commentCount":0,"publisher":{"@id":"https:\/\/www.federassantas.org.br\/novosite\/#organization"},"image":{"@id":"https:\/\/www.federassantas.org.br\/novosite\/atraso-na-oferta-de-remedio-pelo-sus-prejudica-pelo-menos-312-mil-pacientes\/#primaryimage"},"thumbnailUrl":"","articleSection":["Not\u00edcias","Not\u00edcias P\u00fablicas"],"inLanguage":"pt-BR","potentialAction":[{"@type":"CommentAction","name":"Comment","target":["https:\/\/www.federassantas.org.br\/novosite\/atraso-na-oferta-de-remedio-pelo-sus-prejudica-pelo-menos-312-mil-pacientes\/#respond"]}]},{"@type":"WebPage","@id":"https:\/\/www.federassantas.org.br\/novosite\/atraso-na-oferta-de-remedio-pelo-sus-prejudica-pelo-menos-312-mil-pacientes\/","url":"https:\/\/www.federassantas.org.br\/novosite\/atraso-na-oferta-de-remedio-pelo-sus-prejudica-pelo-menos-312-mil-pacientes\/","name":"Atraso na oferta de rem\u00e9dio pelo SUS prejudica pelo menos 312 mil pacientes - Federassantas","isPartOf":{"@id":"https:\/\/www.federassantas.org.br\/novosite\/#website"},"primaryImageOfPage":{"@id":"https:\/\/www.federassantas.org.br\/novosite\/atraso-na-oferta-de-remedio-pelo-sus-prejudica-pelo-menos-312-mil-pacientes\/#primaryimage"},"image":{"@id":"https:\/\/www.federassantas.org.br\/novosite\/atraso-na-oferta-de-remedio-pelo-sus-prejudica-pelo-menos-312-mil-pacientes\/#primaryimage"},"thumbnailUrl":"","datePublished":"2018-10-05T20:11:32+00:00","breadcrumb":{"@id":"https:\/\/www.federassantas.org.br\/novosite\/atraso-na-oferta-de-remedio-pelo-sus-prejudica-pelo-menos-312-mil-pacientes\/#breadcrumb"},"inLanguage":"pt-BR","potentialAction":[{"@type":"ReadAction","target":["https:\/\/www.federassantas.org.br\/novosite\/atraso-na-oferta-de-remedio-pelo-sus-prejudica-pelo-menos-312-mil-pacientes\/"]}]},{"@type":"ImageObject","inLanguage":"pt-BR","@id":"https:\/\/www.federassantas.org.br\/novosite\/atraso-na-oferta-de-remedio-pelo-sus-prejudica-pelo-menos-312-mil-pacientes\/#primaryimage","url":"","contentUrl":""},{"@type":"BreadcrumbList","@id":"https:\/\/www.federassantas.org.br\/novosite\/atraso-na-oferta-de-remedio-pelo-sus-prejudica-pelo-menos-312-mil-pacientes\/#breadcrumb","itemListElement":[{"@type":"ListItem","position":1,"name":"In\u00edcio","item":"https:\/\/www.federassantas.org.br\/novosite\/"},{"@type":"ListItem","position":2,"name":"Atraso na oferta de rem\u00e9dio pelo SUS prejudica pelo menos 312 mil pacientes"}]},{"@type":"WebSite","@id":"https:\/\/www.federassantas.org.br\/novosite\/#website","url":"https:\/\/www.federassantas.org.br\/novosite\/","name":"Federassantas","description":"Fed. das Santas Casas e Hospitais Filantr\u00f3picos de MG","publisher":{"@id":"https:\/\/www.federassantas.org.br\/novosite\/#organization"},"potentialAction":[{"@type":"SearchAction","target":{"@type":"EntryPoint","urlTemplate":"https:\/\/www.federassantas.org.br\/novosite\/?s={search_term_string}"},"query-input":{"@type":"PropertyValueSpecification","valueRequired":true,"valueName":"search_term_string"}}],"inLanguage":"pt-BR"},{"@type":"Organization","@id":"https:\/\/www.federassantas.org.br\/novosite\/#organization","name":"Federassantas","url":"https:\/\/www.federassantas.org.br\/novosite\/","logo":{"@type":"ImageObject","inLanguage":"pt-BR","@id":"https:\/\/www.federassantas.org.br\/novosite\/#\/schema\/logo\/image\/","url":"https:\/\/www.federassantas.org.br\/novosite\/wp-content\/uploads\/2021\/12\/logo.png","contentUrl":"https:\/\/www.federassantas.org.br\/novosite\/wp-content\/uploads\/2021\/12\/logo.png","width":243,"height":59,"caption":"Federassantas"},"image":{"@id":"https:\/\/www.federassantas.org.br\/novosite\/#\/schema\/logo\/image\/"}},{"@type":"Person","@id":"https:\/\/www.federassantas.org.br\/novosite\/#\/schema\/person\/75fed98158349313fe56175f232f513c","name":"admin-federas","image":{"@type":"ImageObject","inLanguage":"pt-BR","@id":"https:\/\/www.federassantas.org.br\/novosite\/#\/schema\/person\/image\/","url":"https:\/\/secure.gravatar.com\/avatar\/2a02d7dda59fe8dc6b7ffd3f652e2efede5ccf0dd89dfdc8137c5517f3de8407?s=96&d=mm&r=g","contentUrl":"https:\/\/secure.gravatar.com\/avatar\/2a02d7dda59fe8dc6b7ffd3f652e2efede5ccf0dd89dfdc8137c5517f3de8407?s=96&d=mm&r=g","caption":"admin-federas"},"sameAs":["https:\/\/www.federassantas.org.br\/novosite\/"],"url":"https:\/\/www.federassantas.org.br\/novosite\/author\/admin-federas\/"}]}},"_links":{"self":[{"href":"https:\/\/www.federassantas.org.br\/novosite\/wp-json\/wp\/v2\/posts\/14351","targetHints":{"allow":["GET"]}}],"collection":[{"href":"https:\/\/www.federassantas.org.br\/novosite\/wp-json\/wp\/v2\/posts"}],"about":[{"href":"https:\/\/www.federassantas.org.br\/novosite\/wp-json\/wp\/v2\/types\/post"}],"author":[{"embeddable":true,"href":"https:\/\/www.federassantas.org.br\/novosite\/wp-json\/wp\/v2\/users\/1"}],"replies":[{"embeddable":true,"href":"https:\/\/www.federassantas.org.br\/novosite\/wp-json\/wp\/v2\/comments?post=14351"}],"version-history":[{"count":0,"href":"https:\/\/www.federassantas.org.br\/novosite\/wp-json\/wp\/v2\/posts\/14351\/revisions"}],"wp:featuredmedia":[{"embeddable":true,"href":"https:\/\/www.federassantas.org.br\/novosite\/wp-json\/"}],"wp:attachment":[{"href":"https:\/\/www.federassantas.org.br\/novosite\/wp-json\/wp\/v2\/media?parent=14351"}],"wp:term":[{"taxonomy":"category","embeddable":true,"href":"https:\/\/www.federassantas.org.br\/novosite\/wp-json\/wp\/v2\/categories?post=14351"},{"taxonomy":"post_tag","embeddable":true,"href":"https:\/\/www.federassantas.org.br\/novosite\/wp-json\/wp\/v2\/tags?post=14351"}],"curies":[{"name":"wp","href":"https:\/\/api.w.org\/{rel}","templated":true}]}}