{"id":14358,"date":"2018-10-08T18:01:47","date_gmt":"2018-10-08T21:01:47","guid":{"rendered":"https:\/\/federasbackup.meltcomunicacao.com.br\/?p=14358"},"modified":"2018-10-08T18:01:47","modified_gmt":"2018-10-08T21:01:47","slug":"outubro-rosa-conheca-5-direitos-do-inss-para-mulheres-com-cancer-de-mama","status":"publish","type":"post","link":"https:\/\/www.federassantas.org.br\/novosite\/outubro-rosa-conheca-5-direitos-do-inss-para-mulheres-com-cancer-de-mama\/","title":{"rendered":"Outubro Rosa: Conhe\u00e7a 5 Direitos Do INSS Para Mulheres Com C\u00e2ncer De Mama"},"content":{"rendered":"<p style=\"text-align: justify;\">O c\u00e2ncer de mama \u00e9 o segundo tipo de tumor\u00a0mais frequente no mundo. De acordo com\u00a0dados do\u00a0Instituto Nacional do C\u00e2ncer (INCA), s\u00e3o esperados cerca de 60 mil novos casos da doen\u00e7a no Brasil em 2018. O que poucas pessoas sabem \u00e9 que as pacientes diagnosticadas com a condi\u00e7\u00e3o e que contribu\u00edram com o INSS possuem direitos e podem entrar com pedido para solicitar seus\u00a0benef\u00edcios.<\/p>\n<p dir=\"ltr\" style=\"text-align: justify;\"><span id=\"m_-6654379165319322763m_8926505458617396262gmail-docs-internal-guid-ae0e2081-7fff-f056-8878-0c7504cb69a4\">Durante o m\u00eas de Outubro, data criada para conscientiza\u00e7\u00e3o do combate \u00e0 doen\u00e7a, o especialista refor\u00e7a os 5 principais direitos do INSS para mulheres que est\u00e3o na luta contra o c\u00e2ncer de mama.<\/span><\/p>\n<p dir=\"ltr\" style=\"text-align: justify;\"><strong><span id=\"m_-6654379165319322763m_8926505458617396262gmail-docs-internal-guid-ae0e2081-7fff-f056-8878-0c7504cb69a4\">Aux\u00edlio-doen\u00e7a\u00a0<\/span><\/strong><\/p>\n<p dir=\"ltr\" style=\"text-align: justify;\"><span id=\"m_-6654379165319322763m_8926505458617396262gmail-docs-internal-guid-ae0e2081-7fff-f056-8878-0c7504cb69a4\">Para as pacientes impossibilitadas de trabalhar temporariamente, o aux\u00edlio-doen\u00e7a \u00e9 um benef\u00edcio assegurado.\u00a0<\/span><\/p>\n<p dir=\"ltr\" style=\"text-align: justify;\"><strong><span id=\"m_-6654379165319322763m_8926505458617396262gmail-docs-internal-guid-ae0e2081-7fff-f056-8878-0c7504cb69a4\">Aposentadoria por invalidez\u00a0\u00a0<\/span><\/strong><\/p>\n<p dir=\"ltr\" style=\"text-align: justify;\"><span id=\"m_-6654379165319322763m_8926505458617396262gmail-docs-internal-guid-ae0e2081-7fff-f056-8878-0c7504cb69a4\">J\u00e1 para as pacientes que passam pela cirurgia de retirada das mamas e que ficam impossibilitadas de trabalhar de forma permanente, sem possibilidade de reabilita\u00e7\u00e3o, \u00e9 poss\u00edvel solicitar a aposentadoria por invalidez.<\/span><\/p>\n<p dir=\"ltr\" style=\"text-align: justify;\"><span id=\"m_-6654379165319322763m_8926505458617396262gmail-docs-internal-guid-ae0e2081-7fff-f056-8878-0c7504cb69a4\"><strong>Saque do FGTS e PIS<\/strong><\/span><\/p>\n<p dir=\"ltr\" style=\"text-align: justify;\"><span id=\"m_-6654379165319322763m_8926505458617396262gmail-docs-internal-guid-ae0e2081-7fff-f056-8878-0c7504cb69a4\">Portadores do c\u00e2ncer de mama, ou pessoas que tenham uma dependente com a doen\u00e7a, tamb\u00e9m podem resgatar a quantia dispon\u00edvel no FGTS (Fundo de Garantia por Tempo de Servi\u00e7o) e nas quotas do PIS\/PASEP.<\/span><\/p>\n<p dir=\"ltr\" style=\"text-align: justify;\"><strong><span id=\"m_-6654379165319322763m_8926505458617396262gmail-docs-internal-guid-ae0e2081-7fff-f056-8878-0c7504cb69a4\">Aux\u00edlio acompanhante\u00a0<\/span><\/strong><\/p>\n<p dir=\"ltr\" style=\"text-align: justify;\"><span id=\"m_-6654379165319322763m_8926505458617396262gmail-docs-internal-guid-ae0e2081-7fff-f056-8878-0c7504cb69a4\">Al\u00e9m dos benef\u00edcios acima, a segurada que necessita comprovadamente de um cuidador\u00a0pode solicitar tamb\u00e9m\u00a0o adicional (majora\u00e7\u00e3o) de sua aposentadoria para auxiliar no custeio do acompanhante.<\/span><\/p>\n<p dir=\"ltr\" style=\"text-align: justify;\"><span id=\"m_-6654379165319322763m_8926505458617396262gmail-docs-internal-guid-ae0e2081-7fff-f056-8878-0c7504cb69a4\"><strong>Isen\u00e7\u00e3o de IR<\/strong><\/span><\/p>\n<p dir=\"ltr\" style=\"text-align: justify;\"><span id=\"m_-6654379165319322763m_8926505458617396262gmail-docs-internal-guid-ae0e2081-7fff-f056-8878-0c7504cb69a4\">A gravidade do c\u00e2ncer de mama tamb\u00e9m isenta, por lei, as seguradas \u00a0portadoras da doen\u00e7a de arcar com o Imposto de Renda, mesmo em caso de pacientes que j\u00e1 recebam benef\u00edcios da Previd\u00eancia Social.<\/span><\/p>\n<p dir=\"ltr\" style=\"text-align: justify;\"><strong><span id=\"m_-6654379165319322763m_8926505458617396262gmail-docs-internal-guid-ae0e2081-7fff-f056-8878-0c7504cb69a4\">Como entrar com o pedido do benef\u00edcio?\u00a0\u00a0<\/span><\/strong><\/p>\n<p dir=\"ltr\" style=\"text-align: justify;\"><span id=\"m_-6654379165319322763m_8926505458617396262gmail-docs-internal-guid-ae0e2081-7fff-f056-8878-0c7504cb69a4\">Para requerer todos os aux\u00edlios, a\u00a0paciente\u00a0precisar\u00e1 passar por um exame de per\u00edcia no Instituto Nacional do Seguro Social (INSS). Por ser um processo burocr\u00e1tico e levar em considera\u00e7\u00e3o todas as situa\u00e7\u00f5es emocionais que cercam pessoa diagnosticada com c\u00e2ncer de mama, \u00e9 indicado contar com a ajuda de um\u00a0profissional.<\/span><\/p>\n<p dir=\"ltr\" style=\"text-align: justify;\">Leia na \u00edntegra em:\u00a0<a href=\"https:\/\/maisminas.org\/outubro-rosa-cancer-de-mama\/\">https:\/\/maisminas.org\/outubro-rosa-cancer-de-mama\/<\/a><\/p>\n<p dir=\"ltr\" style=\"text-align: justify;\">\n<p dir=\"ltr\" style=\"text-align: justify;\"><em>Fonte: Mais Minas\u00a0<\/em><\/p>\n","protected":false},"excerpt":{"rendered":"<p>O c\u00e2ncer de mama \u00e9 o segundo tipo de tumor\u00a0mais frequente no mundo. De acordo com\u00a0dados do\u00a0Instituto Nacional do C\u00e2ncer (INCA), s\u00e3o esperados cerca de 60 mil novos casos da doen\u00e7a no Brasil em 2018. O que poucas pessoas sabem \u00e9 que as pacientes diagnosticadas com a condi\u00e7\u00e3o e que contribu\u00edram com o INSS possuem [&hellip;]<\/p>\n","protected":false},"author":1,"featured_media":14359,"comment_status":"open","ping_status":"open","sticky":false,"template":"","format":"standard","meta":{"footnotes":""},"categories":[140],"tags":[],"class_list":["post-14358","post","type-post","status-publish","format-standard","has-post-thumbnail","hentry","category-noticias"],"yoast_head":"<!-- This site is optimized with the Yoast SEO plugin v26.9 - https:\/\/yoast.com\/product\/yoast-seo-wordpress\/ -->\n<title>Outubro Rosa: Conhe\u00e7a 5 Direitos Do INSS Para Mulheres Com C\u00e2ncer De Mama - Federassantas<\/title>\n<meta name=\"robots\" content=\"index, follow, max-snippet:-1, max-image-preview:large, max-video-preview:-1\" \/>\n<link rel=\"canonical\" href=\"https:\/\/www.federassantas.org.br\/novosite\/outubro-rosa-conheca-5-direitos-do-inss-para-mulheres-com-cancer-de-mama\/\" \/>\n<meta property=\"og:locale\" content=\"pt_BR\" \/>\n<meta property=\"og:type\" content=\"article\" \/>\n<meta property=\"og:title\" content=\"Outubro Rosa: Conhe\u00e7a 5 Direitos Do INSS Para Mulheres Com C\u00e2ncer De Mama - Federassantas\" \/>\n<meta property=\"og:description\" content=\"O c\u00e2ncer de mama \u00e9 o segundo tipo de tumor\u00a0mais frequente no mundo. De acordo com\u00a0dados do\u00a0Instituto Nacional do C\u00e2ncer (INCA), s\u00e3o esperados cerca de 60 mil novos casos da doen\u00e7a no Brasil em 2018. O que poucas pessoas sabem \u00e9 que as pacientes diagnosticadas com a condi\u00e7\u00e3o e que contribu\u00edram com o INSS possuem [&hellip;]\" \/>\n<meta property=\"og:url\" content=\"https:\/\/www.federassantas.org.br\/novosite\/outubro-rosa-conheca-5-direitos-do-inss-para-mulheres-com-cancer-de-mama\/\" \/>\n<meta property=\"og:site_name\" content=\"Federassantas\" \/>\n<meta property=\"article:published_time\" content=\"2018-10-08T21:01:47+00:00\" \/>\n<meta name=\"author\" content=\"admin-federas\" \/>\n<meta name=\"twitter:card\" content=\"summary_large_image\" \/>\n<meta name=\"twitter:label1\" content=\"Escrito por\" \/>\n\t<meta name=\"twitter:data1\" content=\"admin-federas\" \/>\n\t<meta name=\"twitter:label2\" content=\"Est. tempo de leitura\" \/>\n\t<meta name=\"twitter:data2\" content=\"2 minutos\" \/>\n<script type=\"application\/ld+json\" class=\"yoast-schema-graph\">{\"@context\":\"https:\/\/schema.org\",\"@graph\":[{\"@type\":\"Article\",\"@id\":\"https:\/\/www.federassantas.org.br\/novosite\/outubro-rosa-conheca-5-direitos-do-inss-para-mulheres-com-cancer-de-mama\/#article\",\"isPartOf\":{\"@id\":\"https:\/\/www.federassantas.org.br\/novosite\/outubro-rosa-conheca-5-direitos-do-inss-para-mulheres-com-cancer-de-mama\/\"},\"author\":{\"name\":\"admin-federas\",\"@id\":\"https:\/\/www.federassantas.org.br\/novosite\/#\/schema\/person\/75fed98158349313fe56175f232f513c\"},\"headline\":\"Outubro Rosa: Conhe\u00e7a 5 Direitos Do INSS Para Mulheres Com C\u00e2ncer De Mama\",\"datePublished\":\"2018-10-08T21:01:47+00:00\",\"mainEntityOfPage\":{\"@id\":\"https:\/\/www.federassantas.org.br\/novosite\/outubro-rosa-conheca-5-direitos-do-inss-para-mulheres-com-cancer-de-mama\/\"},\"wordCount\":373,\"commentCount\":0,\"publisher\":{\"@id\":\"https:\/\/www.federassantas.org.br\/novosite\/#organization\"},\"image\":{\"@id\":\"https:\/\/www.federassantas.org.br\/novosite\/outubro-rosa-conheca-5-direitos-do-inss-para-mulheres-com-cancer-de-mama\/#primaryimage\"},\"thumbnailUrl\":\"\",\"articleSection\":[\"Not\u00edcias\"],\"inLanguage\":\"pt-BR\",\"potentialAction\":[{\"@type\":\"CommentAction\",\"name\":\"Comment\",\"target\":[\"https:\/\/www.federassantas.org.br\/novosite\/outubro-rosa-conheca-5-direitos-do-inss-para-mulheres-com-cancer-de-mama\/#respond\"]}]},{\"@type\":\"WebPage\",\"@id\":\"https:\/\/www.federassantas.org.br\/novosite\/outubro-rosa-conheca-5-direitos-do-inss-para-mulheres-com-cancer-de-mama\/\",\"url\":\"https:\/\/www.federassantas.org.br\/novosite\/outubro-rosa-conheca-5-direitos-do-inss-para-mulheres-com-cancer-de-mama\/\",\"name\":\"Outubro Rosa: Conhe\u00e7a 5 Direitos Do INSS Para Mulheres Com C\u00e2ncer De Mama - Federassantas\",\"isPartOf\":{\"@id\":\"https:\/\/www.federassantas.org.br\/novosite\/#website\"},\"primaryImageOfPage\":{\"@id\":\"https:\/\/www.federassantas.org.br\/novosite\/outubro-rosa-conheca-5-direitos-do-inss-para-mulheres-com-cancer-de-mama\/#primaryimage\"},\"image\":{\"@id\":\"https:\/\/www.federassantas.org.br\/novosite\/outubro-rosa-conheca-5-direitos-do-inss-para-mulheres-com-cancer-de-mama\/#primaryimage\"},\"thumbnailUrl\":\"\",\"datePublished\":\"2018-10-08T21:01:47+00:00\",\"breadcrumb\":{\"@id\":\"https:\/\/www.federassantas.org.br\/novosite\/outubro-rosa-conheca-5-direitos-do-inss-para-mulheres-com-cancer-de-mama\/#breadcrumb\"},\"inLanguage\":\"pt-BR\",\"potentialAction\":[{\"@type\":\"ReadAction\",\"target\":[\"https:\/\/www.federassantas.org.br\/novosite\/outubro-rosa-conheca-5-direitos-do-inss-para-mulheres-com-cancer-de-mama\/\"]}]},{\"@type\":\"ImageObject\",\"inLanguage\":\"pt-BR\",\"@id\":\"https:\/\/www.federassantas.org.br\/novosite\/outubro-rosa-conheca-5-direitos-do-inss-para-mulheres-com-cancer-de-mama\/#primaryimage\",\"url\":\"\",\"contentUrl\":\"\"},{\"@type\":\"BreadcrumbList\",\"@id\":\"https:\/\/www.federassantas.org.br\/novosite\/outubro-rosa-conheca-5-direitos-do-inss-para-mulheres-com-cancer-de-mama\/#breadcrumb\",\"itemListElement\":[{\"@type\":\"ListItem\",\"position\":1,\"name\":\"In\u00edcio\",\"item\":\"https:\/\/www.federassantas.org.br\/novosite\/\"},{\"@type\":\"ListItem\",\"position\":2,\"name\":\"Outubro Rosa: Conhe\u00e7a 5 Direitos Do INSS Para Mulheres Com C\u00e2ncer De Mama\"}]},{\"@type\":\"WebSite\",\"@id\":\"https:\/\/www.federassantas.org.br\/novosite\/#website\",\"url\":\"https:\/\/www.federassantas.org.br\/novosite\/\",\"name\":\"Federassantas\",\"description\":\"Fed. das Santas Casas e Hospitais Filantr\u00f3picos de MG\",\"publisher\":{\"@id\":\"https:\/\/www.federassantas.org.br\/novosite\/#organization\"},\"potentialAction\":[{\"@type\":\"SearchAction\",\"target\":{\"@type\":\"EntryPoint\",\"urlTemplate\":\"https:\/\/www.federassantas.org.br\/novosite\/?s={search_term_string}\"},\"query-input\":{\"@type\":\"PropertyValueSpecification\",\"valueRequired\":true,\"valueName\":\"search_term_string\"}}],\"inLanguage\":\"pt-BR\"},{\"@type\":\"Organization\",\"@id\":\"https:\/\/www.federassantas.org.br\/novosite\/#organization\",\"name\":\"Federassantas\",\"url\":\"https:\/\/www.federassantas.org.br\/novosite\/\",\"logo\":{\"@type\":\"ImageObject\",\"inLanguage\":\"pt-BR\",\"@id\":\"https:\/\/www.federassantas.org.br\/novosite\/#\/schema\/logo\/image\/\",\"url\":\"https:\/\/www.federassantas.org.br\/novosite\/wp-content\/uploads\/2021\/12\/logo.png\",\"contentUrl\":\"https:\/\/www.federassantas.org.br\/novosite\/wp-content\/uploads\/2021\/12\/logo.png\",\"width\":243,\"height\":59,\"caption\":\"Federassantas\"},\"image\":{\"@id\":\"https:\/\/www.federassantas.org.br\/novosite\/#\/schema\/logo\/image\/\"}},{\"@type\":\"Person\",\"@id\":\"https:\/\/www.federassantas.org.br\/novosite\/#\/schema\/person\/75fed98158349313fe56175f232f513c\",\"name\":\"admin-federas\",\"image\":{\"@type\":\"ImageObject\",\"inLanguage\":\"pt-BR\",\"@id\":\"https:\/\/www.federassantas.org.br\/novosite\/#\/schema\/person\/image\/\",\"url\":\"https:\/\/secure.gravatar.com\/avatar\/2a02d7dda59fe8dc6b7ffd3f652e2efede5ccf0dd89dfdc8137c5517f3de8407?s=96&d=mm&r=g\",\"contentUrl\":\"https:\/\/secure.gravatar.com\/avatar\/2a02d7dda59fe8dc6b7ffd3f652e2efede5ccf0dd89dfdc8137c5517f3de8407?s=96&d=mm&r=g\",\"caption\":\"admin-federas\"},\"sameAs\":[\"https:\/\/www.federassantas.org.br\/novosite\/\"],\"url\":\"https:\/\/www.federassantas.org.br\/novosite\/author\/admin-federas\/\"}]}<\/script>\n<!-- \/ Yoast SEO plugin. -->","yoast_head_json":{"title":"Outubro Rosa: Conhe\u00e7a 5 Direitos Do INSS Para Mulheres Com C\u00e2ncer De Mama - Federassantas","robots":{"index":"index","follow":"follow","max-snippet":"max-snippet:-1","max-image-preview":"max-image-preview:large","max-video-preview":"max-video-preview:-1"},"canonical":"https:\/\/www.federassantas.org.br\/novosite\/outubro-rosa-conheca-5-direitos-do-inss-para-mulheres-com-cancer-de-mama\/","og_locale":"pt_BR","og_type":"article","og_title":"Outubro Rosa: Conhe\u00e7a 5 Direitos Do INSS Para Mulheres Com C\u00e2ncer De Mama - Federassantas","og_description":"O c\u00e2ncer de mama \u00e9 o segundo tipo de tumor\u00a0mais frequente no mundo. De acordo com\u00a0dados do\u00a0Instituto Nacional do C\u00e2ncer (INCA), s\u00e3o esperados cerca de 60 mil novos casos da doen\u00e7a no Brasil em 2018. O que poucas pessoas sabem \u00e9 que as pacientes diagnosticadas com a condi\u00e7\u00e3o e que contribu\u00edram com o INSS possuem [&hellip;]","og_url":"https:\/\/www.federassantas.org.br\/novosite\/outubro-rosa-conheca-5-direitos-do-inss-para-mulheres-com-cancer-de-mama\/","og_site_name":"Federassantas","article_published_time":"2018-10-08T21:01:47+00:00","author":"admin-federas","twitter_card":"summary_large_image","twitter_misc":{"Escrito por":"admin-federas","Est. tempo de leitura":"2 minutos"},"schema":{"@context":"https:\/\/schema.org","@graph":[{"@type":"Article","@id":"https:\/\/www.federassantas.org.br\/novosite\/outubro-rosa-conheca-5-direitos-do-inss-para-mulheres-com-cancer-de-mama\/#article","isPartOf":{"@id":"https:\/\/www.federassantas.org.br\/novosite\/outubro-rosa-conheca-5-direitos-do-inss-para-mulheres-com-cancer-de-mama\/"},"author":{"name":"admin-federas","@id":"https:\/\/www.federassantas.org.br\/novosite\/#\/schema\/person\/75fed98158349313fe56175f232f513c"},"headline":"Outubro Rosa: Conhe\u00e7a 5 Direitos Do INSS Para Mulheres Com C\u00e2ncer De Mama","datePublished":"2018-10-08T21:01:47+00:00","mainEntityOfPage":{"@id":"https:\/\/www.federassantas.org.br\/novosite\/outubro-rosa-conheca-5-direitos-do-inss-para-mulheres-com-cancer-de-mama\/"},"wordCount":373,"commentCount":0,"publisher":{"@id":"https:\/\/www.federassantas.org.br\/novosite\/#organization"},"image":{"@id":"https:\/\/www.federassantas.org.br\/novosite\/outubro-rosa-conheca-5-direitos-do-inss-para-mulheres-com-cancer-de-mama\/#primaryimage"},"thumbnailUrl":"","articleSection":["Not\u00edcias"],"inLanguage":"pt-BR","potentialAction":[{"@type":"CommentAction","name":"Comment","target":["https:\/\/www.federassantas.org.br\/novosite\/outubro-rosa-conheca-5-direitos-do-inss-para-mulheres-com-cancer-de-mama\/#respond"]}]},{"@type":"WebPage","@id":"https:\/\/www.federassantas.org.br\/novosite\/outubro-rosa-conheca-5-direitos-do-inss-para-mulheres-com-cancer-de-mama\/","url":"https:\/\/www.federassantas.org.br\/novosite\/outubro-rosa-conheca-5-direitos-do-inss-para-mulheres-com-cancer-de-mama\/","name":"Outubro Rosa: Conhe\u00e7a 5 Direitos Do INSS Para Mulheres Com C\u00e2ncer De Mama - Federassantas","isPartOf":{"@id":"https:\/\/www.federassantas.org.br\/novosite\/#website"},"primaryImageOfPage":{"@id":"https:\/\/www.federassantas.org.br\/novosite\/outubro-rosa-conheca-5-direitos-do-inss-para-mulheres-com-cancer-de-mama\/#primaryimage"},"image":{"@id":"https:\/\/www.federassantas.org.br\/novosite\/outubro-rosa-conheca-5-direitos-do-inss-para-mulheres-com-cancer-de-mama\/#primaryimage"},"thumbnailUrl":"","datePublished":"2018-10-08T21:01:47+00:00","breadcrumb":{"@id":"https:\/\/www.federassantas.org.br\/novosite\/outubro-rosa-conheca-5-direitos-do-inss-para-mulheres-com-cancer-de-mama\/#breadcrumb"},"inLanguage":"pt-BR","potentialAction":[{"@type":"ReadAction","target":["https:\/\/www.federassantas.org.br\/novosite\/outubro-rosa-conheca-5-direitos-do-inss-para-mulheres-com-cancer-de-mama\/"]}]},{"@type":"ImageObject","inLanguage":"pt-BR","@id":"https:\/\/www.federassantas.org.br\/novosite\/outubro-rosa-conheca-5-direitos-do-inss-para-mulheres-com-cancer-de-mama\/#primaryimage","url":"","contentUrl":""},{"@type":"BreadcrumbList","@id":"https:\/\/www.federassantas.org.br\/novosite\/outubro-rosa-conheca-5-direitos-do-inss-para-mulheres-com-cancer-de-mama\/#breadcrumb","itemListElement":[{"@type":"ListItem","position":1,"name":"In\u00edcio","item":"https:\/\/www.federassantas.org.br\/novosite\/"},{"@type":"ListItem","position":2,"name":"Outubro Rosa: Conhe\u00e7a 5 Direitos Do INSS Para Mulheres Com C\u00e2ncer De Mama"}]},{"@type":"WebSite","@id":"https:\/\/www.federassantas.org.br\/novosite\/#website","url":"https:\/\/www.federassantas.org.br\/novosite\/","name":"Federassantas","description":"Fed. das Santas Casas e Hospitais Filantr\u00f3picos de MG","publisher":{"@id":"https:\/\/www.federassantas.org.br\/novosite\/#organization"},"potentialAction":[{"@type":"SearchAction","target":{"@type":"EntryPoint","urlTemplate":"https:\/\/www.federassantas.org.br\/novosite\/?s={search_term_string}"},"query-input":{"@type":"PropertyValueSpecification","valueRequired":true,"valueName":"search_term_string"}}],"inLanguage":"pt-BR"},{"@type":"Organization","@id":"https:\/\/www.federassantas.org.br\/novosite\/#organization","name":"Federassantas","url":"https:\/\/www.federassantas.org.br\/novosite\/","logo":{"@type":"ImageObject","inLanguage":"pt-BR","@id":"https:\/\/www.federassantas.org.br\/novosite\/#\/schema\/logo\/image\/","url":"https:\/\/www.federassantas.org.br\/novosite\/wp-content\/uploads\/2021\/12\/logo.png","contentUrl":"https:\/\/www.federassantas.org.br\/novosite\/wp-content\/uploads\/2021\/12\/logo.png","width":243,"height":59,"caption":"Federassantas"},"image":{"@id":"https:\/\/www.federassantas.org.br\/novosite\/#\/schema\/logo\/image\/"}},{"@type":"Person","@id":"https:\/\/www.federassantas.org.br\/novosite\/#\/schema\/person\/75fed98158349313fe56175f232f513c","name":"admin-federas","image":{"@type":"ImageObject","inLanguage":"pt-BR","@id":"https:\/\/www.federassantas.org.br\/novosite\/#\/schema\/person\/image\/","url":"https:\/\/secure.gravatar.com\/avatar\/2a02d7dda59fe8dc6b7ffd3f652e2efede5ccf0dd89dfdc8137c5517f3de8407?s=96&d=mm&r=g","contentUrl":"https:\/\/secure.gravatar.com\/avatar\/2a02d7dda59fe8dc6b7ffd3f652e2efede5ccf0dd89dfdc8137c5517f3de8407?s=96&d=mm&r=g","caption":"admin-federas"},"sameAs":["https:\/\/www.federassantas.org.br\/novosite\/"],"url":"https:\/\/www.federassantas.org.br\/novosite\/author\/admin-federas\/"}]}},"_links":{"self":[{"href":"https:\/\/www.federassantas.org.br\/novosite\/wp-json\/wp\/v2\/posts\/14358","targetHints":{"allow":["GET"]}}],"collection":[{"href":"https:\/\/www.federassantas.org.br\/novosite\/wp-json\/wp\/v2\/posts"}],"about":[{"href":"https:\/\/www.federassantas.org.br\/novosite\/wp-json\/wp\/v2\/types\/post"}],"author":[{"embeddable":true,"href":"https:\/\/www.federassantas.org.br\/novosite\/wp-json\/wp\/v2\/users\/1"}],"replies":[{"embeddable":true,"href":"https:\/\/www.federassantas.org.br\/novosite\/wp-json\/wp\/v2\/comments?post=14358"}],"version-history":[{"count":0,"href":"https:\/\/www.federassantas.org.br\/novosite\/wp-json\/wp\/v2\/posts\/14358\/revisions"}],"wp:featuredmedia":[{"embeddable":true,"href":"https:\/\/www.federassantas.org.br\/novosite\/wp-json\/"}],"wp:attachment":[{"href":"https:\/\/www.federassantas.org.br\/novosite\/wp-json\/wp\/v2\/media?parent=14358"}],"wp:term":[{"taxonomy":"category","embeddable":true,"href":"https:\/\/www.federassantas.org.br\/novosite\/wp-json\/wp\/v2\/categories?post=14358"},{"taxonomy":"post_tag","embeddable":true,"href":"https:\/\/www.federassantas.org.br\/novosite\/wp-json\/wp\/v2\/tags?post=14358"}],"curies":[{"name":"wp","href":"https:\/\/api.w.org\/{rel}","templated":true}]}}