{"id":14365,"date":"2018-10-09T14:33:05","date_gmt":"2018-10-09T17:33:05","guid":{"rendered":"https:\/\/federasbackup.meltcomunicacao.com.br\/?p=14365"},"modified":"2018-10-09T14:33:05","modified_gmt":"2018-10-09T17:33:05","slug":"simposio-discute-a-atencao-domiciliar-no-pais","status":"publish","type":"post","link":"https:\/\/www.federassantas.org.br\/novosite\/simposio-discute-a-atencao-domiciliar-no-pais\/","title":{"rendered":"Simp\u00f3sio discute a Aten\u00e7\u00e3o Domiciliar no pa\u00eds"},"content":{"rendered":"<p style=\"text-align: justify;\"><em>XVI Simp\u00f3sio Brasileiro de Aten\u00e7\u00e3o Domiciliar aconteceu de 4 a 6 de outubro em S\u00e3o Paulo.<\/em><\/p>\n<p style=\"text-align: justify;\">O secret\u00e1rio da SAS Francisco de Assis Figueiredo representou o Minist\u00e9rio da Sa\u00fade no maior simp\u00f3sio de Aten\u00e7\u00e3o Domiciliar no Brasil na \u00faltima sexta-feira dia 5 de outubro, onde apresentou os n\u00fameros do programa Melhor em Casa e falou sobre a Aten\u00e7\u00e3o Domiciliar na gest\u00e3o de sa\u00fade populacional no Sistema \u00danico de Sa\u00fade (SUS). O Secret\u00e1rio comp\u00f4s o painel: \u201cAten\u00e7\u00e3o Domiciliar na Gest\u00e3o de Sa\u00fade Populacional e Inova\u00e7\u00e3o do Sistema de Sa\u00fade\u201d, junto com o doutor Marco Inzitari Diretor de Sa\u00fade Pesquisa e Ensino do espanhol Parc Sanitari Pele Virgili que falou sobre o Sistema de Sa\u00fade Catal\u00e3o e do doutor Sidney Klajner Diretor Presidente da Sociedade Beneficente Israelita Albert Einstein que apresentou solu\u00e7\u00f5es em busca de melhores resultados diante do envelhecimento populacional.<\/p>\n<p style=\"text-align: justify;\">A aten\u00e7\u00e3o domiciliar \u00e9 respons\u00e1vel pelos cuidados realizados por profissionais de sa\u00fade na casa das pessoas para promover a reabilita\u00e7\u00e3o, tratamento e preven\u00e7\u00e3o a quem precisam de cuidados por per\u00edodos variados. O benef\u00edcio est\u00e1 na vantagem do paciente em receber cuidado em casa saindo do ambiente hospitalar, as evidencias cientificas confirmam a melhora mais r\u00e1pida e mais satisfa\u00e7\u00e3o em quem pode receber o cuidado no conforto de casa. No SUS atualmente existem 1034 equipes do Melhor em Casa em 25 estados presente em 381 munic\u00edpios. Cada equipe \u00e9 refer\u00eancia para 100 mil habitantes. Na sua palestra o secret\u00e1rio Francisco ressaltou o grande impacto da aten\u00e7\u00e3o Domiciliar quando ela est\u00e1 integrada a rede local de sa\u00fade, \u201ccom o gradual processo de envelhecimento da popula\u00e7\u00e3o precisamos utilizar as novas tecnologias para impactar os sistemas de sa\u00fade para darmos conta dessa realidade. O cuidado feito na casa das pessoas e uma gest\u00e3o qualificada ajuda o sistema como um todo entregando cuidado e satisfa\u00e7\u00e3o para a popula\u00e7\u00e3o\u201d. Veja a integra da apresenta\u00e7\u00e3o do Secret\u00e1rio clicando no\u00a0<a href=\"http:\/\/portalms.saude.gov.br\/images\/pdf\/2018\/outubro\/08\/atencao-domiciliar.pdf\" target=\"_blank\" rel=\"noopener\">link<\/a>.<\/p>\n<p>Mais informa\u00e7\u00f5es em:\u00a0<a href=\"http:\/\/portalms.saude.gov.br\/noticias\/sas\/44484-simposio-discute-a-atencao-domiciliar-no-pais\">http:\/\/portalms.saude.gov.br\/noticias\/sas\/44484-simposio-discute-a-atencao-domiciliar-no-pais<\/a><\/p>\n<p>&nbsp;<\/p>\n<p><em>Fonte: Minist\u00e9rio da Sa\u00fade<\/em><\/p>\n","protected":false},"excerpt":{"rendered":"<p>XVI Simp\u00f3sio Brasileiro de Aten\u00e7\u00e3o Domiciliar aconteceu de 4 a 6 de outubro em S\u00e3o Paulo. O secret\u00e1rio da SAS Francisco de Assis Figueiredo representou o Minist\u00e9rio da Sa\u00fade no maior simp\u00f3sio de Aten\u00e7\u00e3o Domiciliar no Brasil na \u00faltima sexta-feira dia 5 de outubro, onde apresentou os n\u00fameros do programa Melhor em Casa e falou [&hellip;]<\/p>\n","protected":false},"author":1,"featured_media":14366,"comment_status":"open","ping_status":"open","sticky":false,"template":"","format":"standard","meta":{"footnotes":""},"categories":[140],"tags":[],"class_list":["post-14365","post","type-post","status-publish","format-standard","has-post-thumbnail","hentry","category-noticias"],"yoast_head":"<!-- This site is optimized with the Yoast SEO plugin v26.9 - https:\/\/yoast.com\/product\/yoast-seo-wordpress\/ -->\n<title>Simp\u00f3sio discute a Aten\u00e7\u00e3o Domiciliar no pa\u00eds - Federassantas<\/title>\n<meta name=\"robots\" content=\"index, follow, max-snippet:-1, max-image-preview:large, max-video-preview:-1\" \/>\n<link rel=\"canonical\" href=\"https:\/\/www.federassantas.org.br\/novosite\/simposio-discute-a-atencao-domiciliar-no-pais\/\" \/>\n<meta property=\"og:locale\" content=\"pt_BR\" \/>\n<meta property=\"og:type\" content=\"article\" \/>\n<meta property=\"og:title\" content=\"Simp\u00f3sio discute a Aten\u00e7\u00e3o Domiciliar no pa\u00eds - Federassantas\" \/>\n<meta property=\"og:description\" content=\"XVI Simp\u00f3sio Brasileiro de Aten\u00e7\u00e3o Domiciliar aconteceu de 4 a 6 de outubro em S\u00e3o Paulo. O secret\u00e1rio da SAS Francisco de Assis Figueiredo representou o Minist\u00e9rio da Sa\u00fade no maior simp\u00f3sio de Aten\u00e7\u00e3o Domiciliar no Brasil na \u00faltima sexta-feira dia 5 de outubro, onde apresentou os n\u00fameros do programa Melhor em Casa e falou [&hellip;]\" \/>\n<meta property=\"og:url\" content=\"https:\/\/www.federassantas.org.br\/novosite\/simposio-discute-a-atencao-domiciliar-no-pais\/\" \/>\n<meta property=\"og:site_name\" content=\"Federassantas\" \/>\n<meta property=\"article:published_time\" content=\"2018-10-09T17:33:05+00:00\" \/>\n<meta name=\"author\" content=\"admin-federas\" \/>\n<meta name=\"twitter:card\" content=\"summary_large_image\" \/>\n<meta name=\"twitter:label1\" content=\"Escrito por\" \/>\n\t<meta name=\"twitter:data1\" content=\"admin-federas\" \/>\n\t<meta name=\"twitter:label2\" content=\"Est. tempo de leitura\" \/>\n\t<meta name=\"twitter:data2\" content=\"2 minutos\" \/>\n<script type=\"application\/ld+json\" class=\"yoast-schema-graph\">{\"@context\":\"https:\/\/schema.org\",\"@graph\":[{\"@type\":\"Article\",\"@id\":\"https:\/\/www.federassantas.org.br\/novosite\/simposio-discute-a-atencao-domiciliar-no-pais\/#article\",\"isPartOf\":{\"@id\":\"https:\/\/www.federassantas.org.br\/novosite\/simposio-discute-a-atencao-domiciliar-no-pais\/\"},\"author\":{\"name\":\"admin-federas\",\"@id\":\"https:\/\/www.federassantas.org.br\/novosite\/#\/schema\/person\/75fed98158349313fe56175f232f513c\"},\"headline\":\"Simp\u00f3sio discute a Aten\u00e7\u00e3o Domiciliar no pa\u00eds\",\"datePublished\":\"2018-10-09T17:33:05+00:00\",\"mainEntityOfPage\":{\"@id\":\"https:\/\/www.federassantas.org.br\/novosite\/simposio-discute-a-atencao-domiciliar-no-pais\/\"},\"wordCount\":377,\"commentCount\":0,\"publisher\":{\"@id\":\"https:\/\/www.federassantas.org.br\/novosite\/#organization\"},\"image\":{\"@id\":\"https:\/\/www.federassantas.org.br\/novosite\/simposio-discute-a-atencao-domiciliar-no-pais\/#primaryimage\"},\"thumbnailUrl\":\"\",\"articleSection\":[\"Not\u00edcias\"],\"inLanguage\":\"pt-BR\",\"potentialAction\":[{\"@type\":\"CommentAction\",\"name\":\"Comment\",\"target\":[\"https:\/\/www.federassantas.org.br\/novosite\/simposio-discute-a-atencao-domiciliar-no-pais\/#respond\"]}]},{\"@type\":\"WebPage\",\"@id\":\"https:\/\/www.federassantas.org.br\/novosite\/simposio-discute-a-atencao-domiciliar-no-pais\/\",\"url\":\"https:\/\/www.federassantas.org.br\/novosite\/simposio-discute-a-atencao-domiciliar-no-pais\/\",\"name\":\"Simp\u00f3sio discute a Aten\u00e7\u00e3o Domiciliar no pa\u00eds - Federassantas\",\"isPartOf\":{\"@id\":\"https:\/\/www.federassantas.org.br\/novosite\/#website\"},\"primaryImageOfPage\":{\"@id\":\"https:\/\/www.federassantas.org.br\/novosite\/simposio-discute-a-atencao-domiciliar-no-pais\/#primaryimage\"},\"image\":{\"@id\":\"https:\/\/www.federassantas.org.br\/novosite\/simposio-discute-a-atencao-domiciliar-no-pais\/#primaryimage\"},\"thumbnailUrl\":\"\",\"datePublished\":\"2018-10-09T17:33:05+00:00\",\"breadcrumb\":{\"@id\":\"https:\/\/www.federassantas.org.br\/novosite\/simposio-discute-a-atencao-domiciliar-no-pais\/#breadcrumb\"},\"inLanguage\":\"pt-BR\",\"potentialAction\":[{\"@type\":\"ReadAction\",\"target\":[\"https:\/\/www.federassantas.org.br\/novosite\/simposio-discute-a-atencao-domiciliar-no-pais\/\"]}]},{\"@type\":\"ImageObject\",\"inLanguage\":\"pt-BR\",\"@id\":\"https:\/\/www.federassantas.org.br\/novosite\/simposio-discute-a-atencao-domiciliar-no-pais\/#primaryimage\",\"url\":\"\",\"contentUrl\":\"\"},{\"@type\":\"BreadcrumbList\",\"@id\":\"https:\/\/www.federassantas.org.br\/novosite\/simposio-discute-a-atencao-domiciliar-no-pais\/#breadcrumb\",\"itemListElement\":[{\"@type\":\"ListItem\",\"position\":1,\"name\":\"In\u00edcio\",\"item\":\"https:\/\/www.federassantas.org.br\/novosite\/\"},{\"@type\":\"ListItem\",\"position\":2,\"name\":\"Simp\u00f3sio discute a Aten\u00e7\u00e3o Domiciliar no pa\u00eds\"}]},{\"@type\":\"WebSite\",\"@id\":\"https:\/\/www.federassantas.org.br\/novosite\/#website\",\"url\":\"https:\/\/www.federassantas.org.br\/novosite\/\",\"name\":\"Federassantas\",\"description\":\"Fed. das Santas Casas e Hospitais Filantr\u00f3picos de MG\",\"publisher\":{\"@id\":\"https:\/\/www.federassantas.org.br\/novosite\/#organization\"},\"potentialAction\":[{\"@type\":\"SearchAction\",\"target\":{\"@type\":\"EntryPoint\",\"urlTemplate\":\"https:\/\/www.federassantas.org.br\/novosite\/?s={search_term_string}\"},\"query-input\":{\"@type\":\"PropertyValueSpecification\",\"valueRequired\":true,\"valueName\":\"search_term_string\"}}],\"inLanguage\":\"pt-BR\"},{\"@type\":\"Organization\",\"@id\":\"https:\/\/www.federassantas.org.br\/novosite\/#organization\",\"name\":\"Federassantas\",\"url\":\"https:\/\/www.federassantas.org.br\/novosite\/\",\"logo\":{\"@type\":\"ImageObject\",\"inLanguage\":\"pt-BR\",\"@id\":\"https:\/\/www.federassantas.org.br\/novosite\/#\/schema\/logo\/image\/\",\"url\":\"https:\/\/www.federassantas.org.br\/novosite\/wp-content\/uploads\/2021\/12\/logo.png\",\"contentUrl\":\"https:\/\/www.federassantas.org.br\/novosite\/wp-content\/uploads\/2021\/12\/logo.png\",\"width\":243,\"height\":59,\"caption\":\"Federassantas\"},\"image\":{\"@id\":\"https:\/\/www.federassantas.org.br\/novosite\/#\/schema\/logo\/image\/\"}},{\"@type\":\"Person\",\"@id\":\"https:\/\/www.federassantas.org.br\/novosite\/#\/schema\/person\/75fed98158349313fe56175f232f513c\",\"name\":\"admin-federas\",\"image\":{\"@type\":\"ImageObject\",\"inLanguage\":\"pt-BR\",\"@id\":\"https:\/\/www.federassantas.org.br\/novosite\/#\/schema\/person\/image\/\",\"url\":\"https:\/\/secure.gravatar.com\/avatar\/2a02d7dda59fe8dc6b7ffd3f652e2efede5ccf0dd89dfdc8137c5517f3de8407?s=96&d=mm&r=g\",\"contentUrl\":\"https:\/\/secure.gravatar.com\/avatar\/2a02d7dda59fe8dc6b7ffd3f652e2efede5ccf0dd89dfdc8137c5517f3de8407?s=96&d=mm&r=g\",\"caption\":\"admin-federas\"},\"sameAs\":[\"https:\/\/www.federassantas.org.br\/novosite\/\"],\"url\":\"https:\/\/www.federassantas.org.br\/novosite\/author\/admin-federas\/\"}]}<\/script>\n<!-- \/ Yoast SEO plugin. -->","yoast_head_json":{"title":"Simp\u00f3sio discute a Aten\u00e7\u00e3o Domiciliar no pa\u00eds - Federassantas","robots":{"index":"index","follow":"follow","max-snippet":"max-snippet:-1","max-image-preview":"max-image-preview:large","max-video-preview":"max-video-preview:-1"},"canonical":"https:\/\/www.federassantas.org.br\/novosite\/simposio-discute-a-atencao-domiciliar-no-pais\/","og_locale":"pt_BR","og_type":"article","og_title":"Simp\u00f3sio discute a Aten\u00e7\u00e3o Domiciliar no pa\u00eds - Federassantas","og_description":"XVI Simp\u00f3sio Brasileiro de Aten\u00e7\u00e3o Domiciliar aconteceu de 4 a 6 de outubro em S\u00e3o Paulo. O secret\u00e1rio da SAS Francisco de Assis Figueiredo representou o Minist\u00e9rio da Sa\u00fade no maior simp\u00f3sio de Aten\u00e7\u00e3o Domiciliar no Brasil na \u00faltima sexta-feira dia 5 de outubro, onde apresentou os n\u00fameros do programa Melhor em Casa e falou [&hellip;]","og_url":"https:\/\/www.federassantas.org.br\/novosite\/simposio-discute-a-atencao-domiciliar-no-pais\/","og_site_name":"Federassantas","article_published_time":"2018-10-09T17:33:05+00:00","author":"admin-federas","twitter_card":"summary_large_image","twitter_misc":{"Escrito por":"admin-federas","Est. tempo de leitura":"2 minutos"},"schema":{"@context":"https:\/\/schema.org","@graph":[{"@type":"Article","@id":"https:\/\/www.federassantas.org.br\/novosite\/simposio-discute-a-atencao-domiciliar-no-pais\/#article","isPartOf":{"@id":"https:\/\/www.federassantas.org.br\/novosite\/simposio-discute-a-atencao-domiciliar-no-pais\/"},"author":{"name":"admin-federas","@id":"https:\/\/www.federassantas.org.br\/novosite\/#\/schema\/person\/75fed98158349313fe56175f232f513c"},"headline":"Simp\u00f3sio discute a Aten\u00e7\u00e3o Domiciliar no pa\u00eds","datePublished":"2018-10-09T17:33:05+00:00","mainEntityOfPage":{"@id":"https:\/\/www.federassantas.org.br\/novosite\/simposio-discute-a-atencao-domiciliar-no-pais\/"},"wordCount":377,"commentCount":0,"publisher":{"@id":"https:\/\/www.federassantas.org.br\/novosite\/#organization"},"image":{"@id":"https:\/\/www.federassantas.org.br\/novosite\/simposio-discute-a-atencao-domiciliar-no-pais\/#primaryimage"},"thumbnailUrl":"","articleSection":["Not\u00edcias"],"inLanguage":"pt-BR","potentialAction":[{"@type":"CommentAction","name":"Comment","target":["https:\/\/www.federassantas.org.br\/novosite\/simposio-discute-a-atencao-domiciliar-no-pais\/#respond"]}]},{"@type":"WebPage","@id":"https:\/\/www.federassantas.org.br\/novosite\/simposio-discute-a-atencao-domiciliar-no-pais\/","url":"https:\/\/www.federassantas.org.br\/novosite\/simposio-discute-a-atencao-domiciliar-no-pais\/","name":"Simp\u00f3sio discute a Aten\u00e7\u00e3o Domiciliar no pa\u00eds - Federassantas","isPartOf":{"@id":"https:\/\/www.federassantas.org.br\/novosite\/#website"},"primaryImageOfPage":{"@id":"https:\/\/www.federassantas.org.br\/novosite\/simposio-discute-a-atencao-domiciliar-no-pais\/#primaryimage"},"image":{"@id":"https:\/\/www.federassantas.org.br\/novosite\/simposio-discute-a-atencao-domiciliar-no-pais\/#primaryimage"},"thumbnailUrl":"","datePublished":"2018-10-09T17:33:05+00:00","breadcrumb":{"@id":"https:\/\/www.federassantas.org.br\/novosite\/simposio-discute-a-atencao-domiciliar-no-pais\/#breadcrumb"},"inLanguage":"pt-BR","potentialAction":[{"@type":"ReadAction","target":["https:\/\/www.federassantas.org.br\/novosite\/simposio-discute-a-atencao-domiciliar-no-pais\/"]}]},{"@type":"ImageObject","inLanguage":"pt-BR","@id":"https:\/\/www.federassantas.org.br\/novosite\/simposio-discute-a-atencao-domiciliar-no-pais\/#primaryimage","url":"","contentUrl":""},{"@type":"BreadcrumbList","@id":"https:\/\/www.federassantas.org.br\/novosite\/simposio-discute-a-atencao-domiciliar-no-pais\/#breadcrumb","itemListElement":[{"@type":"ListItem","position":1,"name":"In\u00edcio","item":"https:\/\/www.federassantas.org.br\/novosite\/"},{"@type":"ListItem","position":2,"name":"Simp\u00f3sio discute a Aten\u00e7\u00e3o Domiciliar no pa\u00eds"}]},{"@type":"WebSite","@id":"https:\/\/www.federassantas.org.br\/novosite\/#website","url":"https:\/\/www.federassantas.org.br\/novosite\/","name":"Federassantas","description":"Fed. das Santas Casas e Hospitais Filantr\u00f3picos de MG","publisher":{"@id":"https:\/\/www.federassantas.org.br\/novosite\/#organization"},"potentialAction":[{"@type":"SearchAction","target":{"@type":"EntryPoint","urlTemplate":"https:\/\/www.federassantas.org.br\/novosite\/?s={search_term_string}"},"query-input":{"@type":"PropertyValueSpecification","valueRequired":true,"valueName":"search_term_string"}}],"inLanguage":"pt-BR"},{"@type":"Organization","@id":"https:\/\/www.federassantas.org.br\/novosite\/#organization","name":"Federassantas","url":"https:\/\/www.federassantas.org.br\/novosite\/","logo":{"@type":"ImageObject","inLanguage":"pt-BR","@id":"https:\/\/www.federassantas.org.br\/novosite\/#\/schema\/logo\/image\/","url":"https:\/\/www.federassantas.org.br\/novosite\/wp-content\/uploads\/2021\/12\/logo.png","contentUrl":"https:\/\/www.federassantas.org.br\/novosite\/wp-content\/uploads\/2021\/12\/logo.png","width":243,"height":59,"caption":"Federassantas"},"image":{"@id":"https:\/\/www.federassantas.org.br\/novosite\/#\/schema\/logo\/image\/"}},{"@type":"Person","@id":"https:\/\/www.federassantas.org.br\/novosite\/#\/schema\/person\/75fed98158349313fe56175f232f513c","name":"admin-federas","image":{"@type":"ImageObject","inLanguage":"pt-BR","@id":"https:\/\/www.federassantas.org.br\/novosite\/#\/schema\/person\/image\/","url":"https:\/\/secure.gravatar.com\/avatar\/2a02d7dda59fe8dc6b7ffd3f652e2efede5ccf0dd89dfdc8137c5517f3de8407?s=96&d=mm&r=g","contentUrl":"https:\/\/secure.gravatar.com\/avatar\/2a02d7dda59fe8dc6b7ffd3f652e2efede5ccf0dd89dfdc8137c5517f3de8407?s=96&d=mm&r=g","caption":"admin-federas"},"sameAs":["https:\/\/www.federassantas.org.br\/novosite\/"],"url":"https:\/\/www.federassantas.org.br\/novosite\/author\/admin-federas\/"}]}},"_links":{"self":[{"href":"https:\/\/www.federassantas.org.br\/novosite\/wp-json\/wp\/v2\/posts\/14365","targetHints":{"allow":["GET"]}}],"collection":[{"href":"https:\/\/www.federassantas.org.br\/novosite\/wp-json\/wp\/v2\/posts"}],"about":[{"href":"https:\/\/www.federassantas.org.br\/novosite\/wp-json\/wp\/v2\/types\/post"}],"author":[{"embeddable":true,"href":"https:\/\/www.federassantas.org.br\/novosite\/wp-json\/wp\/v2\/users\/1"}],"replies":[{"embeddable":true,"href":"https:\/\/www.federassantas.org.br\/novosite\/wp-json\/wp\/v2\/comments?post=14365"}],"version-history":[{"count":0,"href":"https:\/\/www.federassantas.org.br\/novosite\/wp-json\/wp\/v2\/posts\/14365\/revisions"}],"wp:featuredmedia":[{"embeddable":true,"href":"https:\/\/www.federassantas.org.br\/novosite\/wp-json\/"}],"wp:attachment":[{"href":"https:\/\/www.federassantas.org.br\/novosite\/wp-json\/wp\/v2\/media?parent=14365"}],"wp:term":[{"taxonomy":"category","embeddable":true,"href":"https:\/\/www.federassantas.org.br\/novosite\/wp-json\/wp\/v2\/categories?post=14365"},{"taxonomy":"post_tag","embeddable":true,"href":"https:\/\/www.federassantas.org.br\/novosite\/wp-json\/wp\/v2\/tags?post=14365"}],"curies":[{"name":"wp","href":"https:\/\/api.w.org\/{rel}","templated":true}]}}