{"id":14377,"date":"2018-10-09T17:43:08","date_gmt":"2018-10-09T20:43:08","guid":{"rendered":"https:\/\/federasbackup.meltcomunicacao.com.br\/?p=14377"},"modified":"2018-10-09T17:43:08","modified_gmt":"2018-10-09T20:43:08","slug":"primeiro-modulo-do-proags-reune-dezenas-de-participantes-na-regional-central","status":"publish","type":"post","link":"https:\/\/www.federassantas.org.br\/novosite\/primeiro-modulo-do-proags-reune-dezenas-de-participantes-na-regional-central\/","title":{"rendered":"Primeiro m\u00f3dulo do PROAGS re\u00fane dezenas de participantes na Regional Central"},"content":{"rendered":"<p style=\"text-align: justify;\">A Federassantas realizou ontem, 08\/10, o evento de inaugura\u00e7\u00e3o do primeiro m\u00f3dulo do <strong>PROAGS \u2013 <\/strong>Programa de Atualiza\u00e7\u00e3o para Gestores de Sa\u00fade, na Regional Central. Representantes de mais de 20 institui\u00e7\u00f5es filantr\u00f3picas, e de diferentes cidades da regi\u00e3o metropolitana, participam do encontro.<\/p>\n<p style=\"text-align: justify;\">Luis Santin, consultor e diretor comercial, foi o palestrante do primeiro m\u00f3dulo \u201cGest\u00e3o Estrat\u00e9gica: planejamento, seu desdobramento e an\u00e1lise cr\u00edtica\u201d. Segundo ele, as institui\u00e7\u00f5es filantr\u00f3picas j\u00e1 sofrem com a falta de financiamento adequado e, por esse motivo, \u00e9 fundamental que os gestores desses hospitais conhe\u00e7am bem as ferramentas de uma <strong>gest\u00e3o estrat\u00e9gica<\/strong>.<\/p>\n<p style=\"text-align: justify;\">Durante sua palestra, Santin destacou que <em>estrat\u00e9gia<\/em> \u00e9 um conjunto de a\u00e7\u00f5es que o gestor do hospital deve fazer para atingir determinados objetivos, baseado nos recursos que possui. Para o consultor, uma estrat\u00e9gia importante que deve ser adotada pelos gestores, \u00e9 ter conhecimento do mercado e dos concorrentes, ou seja, olhar para fora do hospital. Ele afirmou que \u00e9 necess\u00e1rio tamb\u00e9m ter o cuidado de olhar para dentro do hospital, analisando os pontos fortes e fracos; amea\u00e7as e oportunidades que a institui\u00e7\u00e3o possui.<\/p>\n<p style=\"text-align: justify;\">Um dos pontos destacados pelo palestrante foi a diferen\u00e7a entre <em>planejamento estrat\u00e9gico<\/em> e <em>gest\u00e3o estrat\u00e9gica<\/em>. Segundo ele, a segunda ferramenta \u00e9 que coloca em pr\u00e1tica as a\u00e7\u00f5es para atingir os objetivos pactuados no planejamento.<\/p>\n<p style=\"text-align: justify;\">De acordo com Santin, apresentar este m\u00f3dulo \u00e9 de grande valia pois \u201choje em dia, a gest\u00e3o est\u00e1 deixada de lado, e a preocupa\u00e7\u00e3o de \u201capagar inc\u00eandios\u201d \u00e9 mais relevante do que pr\u00f3pria gest\u00e3o\u201d, afirmou.<\/p>\n<p style=\"text-align: justify;\">O palestrante destaca que para aqueles gestores que j\u00e1 trabalham com a gest\u00e3o estrat\u00e9gica, o m\u00f3dulo \u00e9 interessante para \u201cpensar mais estrategicamente no neg\u00f3cio que o hospital oferece; e para aqueles que ainda n\u00e3o utilizam a t\u00e9cnica, \u201ch\u00e1 uma necessidade de buscar esse conhecimento mais detalhado para conseguir melhorar a vida do hospital\u201d. De acordo com o consultor, a melhoria de custos, receitas, gest\u00e3o de pessoas, dentre outros indicadores, \u00e9 refletida na percep\u00e7\u00e3o do cliente e na melhoria do atendimento.<\/p>\n<p>Confira todos os detalhes do programa no link <a href=\"https:\/\/bit.ly\/2xkpT58\">https:\/\/bit.ly\/2xkpT58<\/a><\/p>\n<p>O pr\u00f3ximo encontro do PROAGS ser\u00e1 realizado amanh\u00e3 (10\/10), na regional Zona da Mata!<\/p>\n<figure id=\"attachment_14380\" aria-describedby=\"caption-attachment-14380\" style=\"width: 443px\" class=\"wp-caption alignnone\"><img fetchpriority=\"high\" decoding=\"async\" class=\" wp-image-14380\" src=\"http:\/\/federasbackup.meltcomunicacao.com.br\/wp-content\/uploads\/2018\/10\/20181008_100137-300x225.jpg\" alt=\"\" width=\"443\" height=\"332\" \/><figcaption id=\"caption-attachment-14380\" class=\"wp-caption-text\">Luis Santin, palestrante do primeiro m\u00f3dulo<\/figcaption><\/figure>\n<p><img decoding=\"async\" class=\"alignnone  wp-image-14379\" src=\"http:\/\/federasbackup.meltcomunicacao.com.br\/wp-content\/uploads\/2018\/10\/20181008_095006-300x105.jpg\" alt=\"\" width=\"748\" height=\"262\" \/><\/p>\n","protected":false},"excerpt":{"rendered":"<p>A Federassantas realizou ontem, 08\/10, o evento de inaugura\u00e7\u00e3o do primeiro m\u00f3dulo do PROAGS \u2013 Programa de Atualiza\u00e7\u00e3o para Gestores de Sa\u00fade, na Regional Central. Representantes de mais de 20 institui\u00e7\u00f5es filantr\u00f3picas, e de diferentes cidades da regi\u00e3o metropolitana, participam do encontro. Luis Santin, consultor e diretor comercial, foi o palestrante do primeiro m\u00f3dulo \u201cGest\u00e3o [&hellip;]<\/p>\n","protected":false},"author":1,"featured_media":14378,"comment_status":"open","ping_status":"open","sticky":false,"template":"","format":"standard","meta":{"footnotes":""},"categories":[140,141],"tags":[],"class_list":["post-14377","post","type-post","status-publish","format-standard","has-post-thumbnail","hentry","category-noticias","category-noticias-federassantas"],"yoast_head":"<!-- This site is optimized with the Yoast SEO plugin v26.9 - https:\/\/yoast.com\/product\/yoast-seo-wordpress\/ -->\n<title>Primeiro m\u00f3dulo do PROAGS re\u00fane dezenas de participantes na Regional Central - Federassantas<\/title>\n<meta name=\"robots\" content=\"index, follow, max-snippet:-1, max-image-preview:large, max-video-preview:-1\" \/>\n<link rel=\"canonical\" href=\"https:\/\/www.federassantas.org.br\/novosite\/primeiro-modulo-do-proags-reune-dezenas-de-participantes-na-regional-central\/\" \/>\n<meta property=\"og:locale\" content=\"pt_BR\" \/>\n<meta property=\"og:type\" content=\"article\" \/>\n<meta property=\"og:title\" content=\"Primeiro m\u00f3dulo do PROAGS re\u00fane dezenas de participantes na Regional Central - Federassantas\" \/>\n<meta property=\"og:description\" content=\"A Federassantas realizou ontem, 08\/10, o evento de inaugura\u00e7\u00e3o do primeiro m\u00f3dulo do PROAGS \u2013 Programa de Atualiza\u00e7\u00e3o para Gestores de Sa\u00fade, na Regional Central. Representantes de mais de 20 institui\u00e7\u00f5es filantr\u00f3picas, e de diferentes cidades da regi\u00e3o metropolitana, participam do encontro. Luis Santin, consultor e diretor comercial, foi o palestrante do primeiro m\u00f3dulo \u201cGest\u00e3o [&hellip;]\" \/>\n<meta property=\"og:url\" content=\"https:\/\/www.federassantas.org.br\/novosite\/primeiro-modulo-do-proags-reune-dezenas-de-participantes-na-regional-central\/\" \/>\n<meta property=\"og:site_name\" content=\"Federassantas\" \/>\n<meta property=\"article:published_time\" content=\"2018-10-09T20:43:08+00:00\" \/>\n<meta name=\"author\" content=\"admin-federas\" \/>\n<meta name=\"twitter:card\" content=\"summary_large_image\" \/>\n<meta name=\"twitter:label1\" content=\"Escrito por\" \/>\n\t<meta name=\"twitter:data1\" content=\"admin-federas\" \/>\n\t<meta name=\"twitter:label2\" content=\"Est. tempo de leitura\" \/>\n\t<meta name=\"twitter:data2\" content=\"2 minutos\" \/>\n<script type=\"application\/ld+json\" class=\"yoast-schema-graph\">{\"@context\":\"https:\/\/schema.org\",\"@graph\":[{\"@type\":\"Article\",\"@id\":\"https:\/\/www.federassantas.org.br\/novosite\/primeiro-modulo-do-proags-reune-dezenas-de-participantes-na-regional-central\/#article\",\"isPartOf\":{\"@id\":\"https:\/\/www.federassantas.org.br\/novosite\/primeiro-modulo-do-proags-reune-dezenas-de-participantes-na-regional-central\/\"},\"author\":{\"name\":\"admin-federas\",\"@id\":\"https:\/\/www.federassantas.org.br\/novosite\/#\/schema\/person\/75fed98158349313fe56175f232f513c\"},\"headline\":\"Primeiro m\u00f3dulo do PROAGS re\u00fane dezenas de participantes na Regional Central\",\"datePublished\":\"2018-10-09T20:43:08+00:00\",\"mainEntityOfPage\":{\"@id\":\"https:\/\/www.federassantas.org.br\/novosite\/primeiro-modulo-do-proags-reune-dezenas-de-participantes-na-regional-central\/\"},\"wordCount\":411,\"commentCount\":0,\"publisher\":{\"@id\":\"https:\/\/www.federassantas.org.br\/novosite\/#organization\"},\"image\":{\"@id\":\"https:\/\/www.federassantas.org.br\/novosite\/primeiro-modulo-do-proags-reune-dezenas-de-participantes-na-regional-central\/#primaryimage\"},\"thumbnailUrl\":\"\",\"articleSection\":[\"Not\u00edcias\",\"Not\u00edcias Federassantas\"],\"inLanguage\":\"pt-BR\",\"potentialAction\":[{\"@type\":\"CommentAction\",\"name\":\"Comment\",\"target\":[\"https:\/\/www.federassantas.org.br\/novosite\/primeiro-modulo-do-proags-reune-dezenas-de-participantes-na-regional-central\/#respond\"]}]},{\"@type\":\"WebPage\",\"@id\":\"https:\/\/www.federassantas.org.br\/novosite\/primeiro-modulo-do-proags-reune-dezenas-de-participantes-na-regional-central\/\",\"url\":\"https:\/\/www.federassantas.org.br\/novosite\/primeiro-modulo-do-proags-reune-dezenas-de-participantes-na-regional-central\/\",\"name\":\"Primeiro m\u00f3dulo do PROAGS re\u00fane dezenas de participantes na Regional Central - Federassantas\",\"isPartOf\":{\"@id\":\"https:\/\/www.federassantas.org.br\/novosite\/#website\"},\"primaryImageOfPage\":{\"@id\":\"https:\/\/www.federassantas.org.br\/novosite\/primeiro-modulo-do-proags-reune-dezenas-de-participantes-na-regional-central\/#primaryimage\"},\"image\":{\"@id\":\"https:\/\/www.federassantas.org.br\/novosite\/primeiro-modulo-do-proags-reune-dezenas-de-participantes-na-regional-central\/#primaryimage\"},\"thumbnailUrl\":\"\",\"datePublished\":\"2018-10-09T20:43:08+00:00\",\"breadcrumb\":{\"@id\":\"https:\/\/www.federassantas.org.br\/novosite\/primeiro-modulo-do-proags-reune-dezenas-de-participantes-na-regional-central\/#breadcrumb\"},\"inLanguage\":\"pt-BR\",\"potentialAction\":[{\"@type\":\"ReadAction\",\"target\":[\"https:\/\/www.federassantas.org.br\/novosite\/primeiro-modulo-do-proags-reune-dezenas-de-participantes-na-regional-central\/\"]}]},{\"@type\":\"ImageObject\",\"inLanguage\":\"pt-BR\",\"@id\":\"https:\/\/www.federassantas.org.br\/novosite\/primeiro-modulo-do-proags-reune-dezenas-de-participantes-na-regional-central\/#primaryimage\",\"url\":\"\",\"contentUrl\":\"\"},{\"@type\":\"BreadcrumbList\",\"@id\":\"https:\/\/www.federassantas.org.br\/novosite\/primeiro-modulo-do-proags-reune-dezenas-de-participantes-na-regional-central\/#breadcrumb\",\"itemListElement\":[{\"@type\":\"ListItem\",\"position\":1,\"name\":\"In\u00edcio\",\"item\":\"https:\/\/www.federassantas.org.br\/novosite\/\"},{\"@type\":\"ListItem\",\"position\":2,\"name\":\"Primeiro m\u00f3dulo do PROAGS re\u00fane dezenas de participantes na Regional Central\"}]},{\"@type\":\"WebSite\",\"@id\":\"https:\/\/www.federassantas.org.br\/novosite\/#website\",\"url\":\"https:\/\/www.federassantas.org.br\/novosite\/\",\"name\":\"Federassantas\",\"description\":\"Fed. das Santas Casas e Hospitais Filantr\u00f3picos de MG\",\"publisher\":{\"@id\":\"https:\/\/www.federassantas.org.br\/novosite\/#organization\"},\"potentialAction\":[{\"@type\":\"SearchAction\",\"target\":{\"@type\":\"EntryPoint\",\"urlTemplate\":\"https:\/\/www.federassantas.org.br\/novosite\/?s={search_term_string}\"},\"query-input\":{\"@type\":\"PropertyValueSpecification\",\"valueRequired\":true,\"valueName\":\"search_term_string\"}}],\"inLanguage\":\"pt-BR\"},{\"@type\":\"Organization\",\"@id\":\"https:\/\/www.federassantas.org.br\/novosite\/#organization\",\"name\":\"Federassantas\",\"url\":\"https:\/\/www.federassantas.org.br\/novosite\/\",\"logo\":{\"@type\":\"ImageObject\",\"inLanguage\":\"pt-BR\",\"@id\":\"https:\/\/www.federassantas.org.br\/novosite\/#\/schema\/logo\/image\/\",\"url\":\"https:\/\/www.federassantas.org.br\/novosite\/wp-content\/uploads\/2021\/12\/logo.png\",\"contentUrl\":\"https:\/\/www.federassantas.org.br\/novosite\/wp-content\/uploads\/2021\/12\/logo.png\",\"width\":243,\"height\":59,\"caption\":\"Federassantas\"},\"image\":{\"@id\":\"https:\/\/www.federassantas.org.br\/novosite\/#\/schema\/logo\/image\/\"}},{\"@type\":\"Person\",\"@id\":\"https:\/\/www.federassantas.org.br\/novosite\/#\/schema\/person\/75fed98158349313fe56175f232f513c\",\"name\":\"admin-federas\",\"image\":{\"@type\":\"ImageObject\",\"inLanguage\":\"pt-BR\",\"@id\":\"https:\/\/www.federassantas.org.br\/novosite\/#\/schema\/person\/image\/\",\"url\":\"https:\/\/secure.gravatar.com\/avatar\/2a02d7dda59fe8dc6b7ffd3f652e2efede5ccf0dd89dfdc8137c5517f3de8407?s=96&d=mm&r=g\",\"contentUrl\":\"https:\/\/secure.gravatar.com\/avatar\/2a02d7dda59fe8dc6b7ffd3f652e2efede5ccf0dd89dfdc8137c5517f3de8407?s=96&d=mm&r=g\",\"caption\":\"admin-federas\"},\"sameAs\":[\"https:\/\/www.federassantas.org.br\/novosite\/\"],\"url\":\"https:\/\/www.federassantas.org.br\/novosite\/author\/admin-federas\/\"}]}<\/script>\n<!-- \/ Yoast SEO plugin. -->","yoast_head_json":{"title":"Primeiro m\u00f3dulo do PROAGS re\u00fane dezenas de participantes na Regional Central - Federassantas","robots":{"index":"index","follow":"follow","max-snippet":"max-snippet:-1","max-image-preview":"max-image-preview:large","max-video-preview":"max-video-preview:-1"},"canonical":"https:\/\/www.federassantas.org.br\/novosite\/primeiro-modulo-do-proags-reune-dezenas-de-participantes-na-regional-central\/","og_locale":"pt_BR","og_type":"article","og_title":"Primeiro m\u00f3dulo do PROAGS re\u00fane dezenas de participantes na Regional Central - Federassantas","og_description":"A Federassantas realizou ontem, 08\/10, o evento de inaugura\u00e7\u00e3o do primeiro m\u00f3dulo do PROAGS \u2013 Programa de Atualiza\u00e7\u00e3o para Gestores de Sa\u00fade, na Regional Central. Representantes de mais de 20 institui\u00e7\u00f5es filantr\u00f3picas, e de diferentes cidades da regi\u00e3o metropolitana, participam do encontro. Luis Santin, consultor e diretor comercial, foi o palestrante do primeiro m\u00f3dulo \u201cGest\u00e3o [&hellip;]","og_url":"https:\/\/www.federassantas.org.br\/novosite\/primeiro-modulo-do-proags-reune-dezenas-de-participantes-na-regional-central\/","og_site_name":"Federassantas","article_published_time":"2018-10-09T20:43:08+00:00","author":"admin-federas","twitter_card":"summary_large_image","twitter_misc":{"Escrito por":"admin-federas","Est. tempo de leitura":"2 minutos"},"schema":{"@context":"https:\/\/schema.org","@graph":[{"@type":"Article","@id":"https:\/\/www.federassantas.org.br\/novosite\/primeiro-modulo-do-proags-reune-dezenas-de-participantes-na-regional-central\/#article","isPartOf":{"@id":"https:\/\/www.federassantas.org.br\/novosite\/primeiro-modulo-do-proags-reune-dezenas-de-participantes-na-regional-central\/"},"author":{"name":"admin-federas","@id":"https:\/\/www.federassantas.org.br\/novosite\/#\/schema\/person\/75fed98158349313fe56175f232f513c"},"headline":"Primeiro m\u00f3dulo do PROAGS re\u00fane dezenas de participantes na Regional Central","datePublished":"2018-10-09T20:43:08+00:00","mainEntityOfPage":{"@id":"https:\/\/www.federassantas.org.br\/novosite\/primeiro-modulo-do-proags-reune-dezenas-de-participantes-na-regional-central\/"},"wordCount":411,"commentCount":0,"publisher":{"@id":"https:\/\/www.federassantas.org.br\/novosite\/#organization"},"image":{"@id":"https:\/\/www.federassantas.org.br\/novosite\/primeiro-modulo-do-proags-reune-dezenas-de-participantes-na-regional-central\/#primaryimage"},"thumbnailUrl":"","articleSection":["Not\u00edcias","Not\u00edcias Federassantas"],"inLanguage":"pt-BR","potentialAction":[{"@type":"CommentAction","name":"Comment","target":["https:\/\/www.federassantas.org.br\/novosite\/primeiro-modulo-do-proags-reune-dezenas-de-participantes-na-regional-central\/#respond"]}]},{"@type":"WebPage","@id":"https:\/\/www.federassantas.org.br\/novosite\/primeiro-modulo-do-proags-reune-dezenas-de-participantes-na-regional-central\/","url":"https:\/\/www.federassantas.org.br\/novosite\/primeiro-modulo-do-proags-reune-dezenas-de-participantes-na-regional-central\/","name":"Primeiro m\u00f3dulo do PROAGS re\u00fane dezenas de participantes na Regional Central - Federassantas","isPartOf":{"@id":"https:\/\/www.federassantas.org.br\/novosite\/#website"},"primaryImageOfPage":{"@id":"https:\/\/www.federassantas.org.br\/novosite\/primeiro-modulo-do-proags-reune-dezenas-de-participantes-na-regional-central\/#primaryimage"},"image":{"@id":"https:\/\/www.federassantas.org.br\/novosite\/primeiro-modulo-do-proags-reune-dezenas-de-participantes-na-regional-central\/#primaryimage"},"thumbnailUrl":"","datePublished":"2018-10-09T20:43:08+00:00","breadcrumb":{"@id":"https:\/\/www.federassantas.org.br\/novosite\/primeiro-modulo-do-proags-reune-dezenas-de-participantes-na-regional-central\/#breadcrumb"},"inLanguage":"pt-BR","potentialAction":[{"@type":"ReadAction","target":["https:\/\/www.federassantas.org.br\/novosite\/primeiro-modulo-do-proags-reune-dezenas-de-participantes-na-regional-central\/"]}]},{"@type":"ImageObject","inLanguage":"pt-BR","@id":"https:\/\/www.federassantas.org.br\/novosite\/primeiro-modulo-do-proags-reune-dezenas-de-participantes-na-regional-central\/#primaryimage","url":"","contentUrl":""},{"@type":"BreadcrumbList","@id":"https:\/\/www.federassantas.org.br\/novosite\/primeiro-modulo-do-proags-reune-dezenas-de-participantes-na-regional-central\/#breadcrumb","itemListElement":[{"@type":"ListItem","position":1,"name":"In\u00edcio","item":"https:\/\/www.federassantas.org.br\/novosite\/"},{"@type":"ListItem","position":2,"name":"Primeiro m\u00f3dulo do PROAGS re\u00fane dezenas de participantes na Regional Central"}]},{"@type":"WebSite","@id":"https:\/\/www.federassantas.org.br\/novosite\/#website","url":"https:\/\/www.federassantas.org.br\/novosite\/","name":"Federassantas","description":"Fed. das Santas Casas e Hospitais Filantr\u00f3picos de MG","publisher":{"@id":"https:\/\/www.federassantas.org.br\/novosite\/#organization"},"potentialAction":[{"@type":"SearchAction","target":{"@type":"EntryPoint","urlTemplate":"https:\/\/www.federassantas.org.br\/novosite\/?s={search_term_string}"},"query-input":{"@type":"PropertyValueSpecification","valueRequired":true,"valueName":"search_term_string"}}],"inLanguage":"pt-BR"},{"@type":"Organization","@id":"https:\/\/www.federassantas.org.br\/novosite\/#organization","name":"Federassantas","url":"https:\/\/www.federassantas.org.br\/novosite\/","logo":{"@type":"ImageObject","inLanguage":"pt-BR","@id":"https:\/\/www.federassantas.org.br\/novosite\/#\/schema\/logo\/image\/","url":"https:\/\/www.federassantas.org.br\/novosite\/wp-content\/uploads\/2021\/12\/logo.png","contentUrl":"https:\/\/www.federassantas.org.br\/novosite\/wp-content\/uploads\/2021\/12\/logo.png","width":243,"height":59,"caption":"Federassantas"},"image":{"@id":"https:\/\/www.federassantas.org.br\/novosite\/#\/schema\/logo\/image\/"}},{"@type":"Person","@id":"https:\/\/www.federassantas.org.br\/novosite\/#\/schema\/person\/75fed98158349313fe56175f232f513c","name":"admin-federas","image":{"@type":"ImageObject","inLanguage":"pt-BR","@id":"https:\/\/www.federassantas.org.br\/novosite\/#\/schema\/person\/image\/","url":"https:\/\/secure.gravatar.com\/avatar\/2a02d7dda59fe8dc6b7ffd3f652e2efede5ccf0dd89dfdc8137c5517f3de8407?s=96&d=mm&r=g","contentUrl":"https:\/\/secure.gravatar.com\/avatar\/2a02d7dda59fe8dc6b7ffd3f652e2efede5ccf0dd89dfdc8137c5517f3de8407?s=96&d=mm&r=g","caption":"admin-federas"},"sameAs":["https:\/\/www.federassantas.org.br\/novosite\/"],"url":"https:\/\/www.federassantas.org.br\/novosite\/author\/admin-federas\/"}]}},"_links":{"self":[{"href":"https:\/\/www.federassantas.org.br\/novosite\/wp-json\/wp\/v2\/posts\/14377","targetHints":{"allow":["GET"]}}],"collection":[{"href":"https:\/\/www.federassantas.org.br\/novosite\/wp-json\/wp\/v2\/posts"}],"about":[{"href":"https:\/\/www.federassantas.org.br\/novosite\/wp-json\/wp\/v2\/types\/post"}],"author":[{"embeddable":true,"href":"https:\/\/www.federassantas.org.br\/novosite\/wp-json\/wp\/v2\/users\/1"}],"replies":[{"embeddable":true,"href":"https:\/\/www.federassantas.org.br\/novosite\/wp-json\/wp\/v2\/comments?post=14377"}],"version-history":[{"count":0,"href":"https:\/\/www.federassantas.org.br\/novosite\/wp-json\/wp\/v2\/posts\/14377\/revisions"}],"wp:featuredmedia":[{"embeddable":true,"href":"https:\/\/www.federassantas.org.br\/novosite\/wp-json\/"}],"wp:attachment":[{"href":"https:\/\/www.federassantas.org.br\/novosite\/wp-json\/wp\/v2\/media?parent=14377"}],"wp:term":[{"taxonomy":"category","embeddable":true,"href":"https:\/\/www.federassantas.org.br\/novosite\/wp-json\/wp\/v2\/categories?post=14377"},{"taxonomy":"post_tag","embeddable":true,"href":"https:\/\/www.federassantas.org.br\/novosite\/wp-json\/wp\/v2\/tags?post=14377"}],"curies":[{"name":"wp","href":"https:\/\/api.w.org\/{rel}","templated":true}]}}