{"id":14387,"date":"2018-10-10T15:27:13","date_gmt":"2018-10-10T18:27:13","guid":{"rendered":"https:\/\/federasbackup.meltcomunicacao.com.br\/?p=14387"},"modified":"2018-10-10T15:27:13","modified_gmt":"2018-10-10T18:27:13","slug":"cec-federassantas-nova-identidade-novas-propostas","status":"publish","type":"post","link":"https:\/\/www.federassantas.org.br\/novosite\/cec-federassantas-nova-identidade-novas-propostas\/","title":{"rendered":"CEC Federassantas &#8211; nova identidade, novas propostas!"},"content":{"rendered":"<p style=\"text-align: justify;\">A partir de agora, toda vez que voc\u00ea ver essa marca, vai encontrar cursos e treinamento de qualidade, com excel\u00eancia na capacita\u00e7\u00e3o em sa\u00fade!<\/p>\n<p style=\"text-align: justify;\">O CEC \u2013 Centro de Educa\u00e7\u00e3o Continuada, \u00e9 uma importante unidade de ensino da Federasssantas, criada com o objetivo de oferecer programas de capacita\u00e7\u00e3o e atualiza\u00e7\u00e3o profissional para os colaboradores dos nossos hospitais.<\/p>\n<p style=\"text-align: justify;\">S\u00e3o mais de 10 anos de exist\u00eancia em treinamentos para profissionais de v\u00e1rias \u00e1reas e n\u00edveis de atua\u00e7\u00e3o. O objetivo \u00e9 oferecer conhecimento com foco em resultados e aplica\u00e7\u00e3o pr\u00e1tica!<\/p>\n<p style=\"text-align: justify;\">V\u00e1rios produtos s\u00e3o oferecidos pelo Centro de Educa\u00e7\u00e3o Continuada, como cursos de curta dura\u00e7\u00e3o, palestras, workshops, programas modulares e, inclusive, curso de p\u00f3s-gradua\u00e7\u00e3o com foco em gest\u00e3o hospitalar, ministrado por professores da UFMG.<\/p>\n<p>O CEC oferece cursos na \u00e1reas de Gest\u00e3o, Enfermagem, Financeiro, Hotelaria Hospitalar, Jur\u00eddico, Capta\u00e7\u00e3o de recursos, Suprimentos, Inform\u00e1tica, Certifica\u00e7\u00e3o de Filantropia e muito mais!<\/p>\n<p style=\"text-align: justify;\">Para oferecer esta variedade de produtos, a Federassantas atua em parceria com instrutores que, muitas vezes, s\u00e3o colaboradores de institui\u00e7\u00f5es filantr\u00f3picas e que t\u00eam grande conhecimento da \u00e1rea.<\/p>\n<p style=\"text-align: justify;\">Em 2017, uma das principais inova\u00e7\u00f5es do CEC Federassantas foi a extens\u00e3o e a amplia\u00e7\u00e3o para as &nbsp;sete regionais da Federa\u00e7\u00e3o em Minas.<\/p>\n<p>Confira nossa <a href=\"https:\/\/federasbackup.meltcomunicacao.com.br\/agenda-cursos\/\">agenda do m\u00eas<\/a>, participe dos nossos cursos e seja um profissional capacitado e pronto para atuar no mercado!<\/p>\n","protected":false},"excerpt":{"rendered":"<p>A partir de agora, toda vez que voc\u00ea ver essa marca, vai encontrar cursos e treinamento de qualidade, com excel\u00eancia na capacita\u00e7\u00e3o em sa\u00fade! O CEC \u2013 Centro de Educa\u00e7\u00e3o Continuada, \u00e9 uma importante unidade de ensino da Federasssantas, criada com o objetivo de oferecer programas de capacita\u00e7\u00e3o e atualiza\u00e7\u00e3o profissional para os colaboradores dos [&hellip;]<\/p>\n","protected":false},"author":1,"featured_media":14388,"comment_status":"open","ping_status":"open","sticky":false,"template":"","format":"standard","meta":{"footnotes":""},"categories":[140,141],"tags":[],"class_list":["post-14387","post","type-post","status-publish","format-standard","has-post-thumbnail","hentry","category-noticias","category-noticias-federassantas"],"yoast_head":"<!-- This site is optimized with the Yoast SEO plugin v26.9 - https:\/\/yoast.com\/product\/yoast-seo-wordpress\/ -->\n<title>CEC Federassantas - nova identidade, novas propostas! - Federassantas<\/title>\n<meta name=\"robots\" content=\"index, follow, max-snippet:-1, max-image-preview:large, max-video-preview:-1\" \/>\n<link rel=\"canonical\" href=\"https:\/\/www.federassantas.org.br\/novosite\/cec-federassantas-nova-identidade-novas-propostas\/\" \/>\n<meta property=\"og:locale\" content=\"pt_BR\" \/>\n<meta property=\"og:type\" content=\"article\" \/>\n<meta property=\"og:title\" content=\"CEC Federassantas - nova identidade, novas propostas! - Federassantas\" \/>\n<meta property=\"og:description\" content=\"A partir de agora, toda vez que voc\u00ea ver essa marca, vai encontrar cursos e treinamento de qualidade, com excel\u00eancia na capacita\u00e7\u00e3o em sa\u00fade! O CEC \u2013 Centro de Educa\u00e7\u00e3o Continuada, \u00e9 uma importante unidade de ensino da Federasssantas, criada com o objetivo de oferecer programas de capacita\u00e7\u00e3o e atualiza\u00e7\u00e3o profissional para os colaboradores dos [&hellip;]\" \/>\n<meta property=\"og:url\" content=\"https:\/\/www.federassantas.org.br\/novosite\/cec-federassantas-nova-identidade-novas-propostas\/\" \/>\n<meta property=\"og:site_name\" content=\"Federassantas\" \/>\n<meta property=\"article:published_time\" content=\"2018-10-10T18:27:13+00:00\" \/>\n<meta name=\"author\" content=\"admin-federas\" \/>\n<meta name=\"twitter:card\" content=\"summary_large_image\" \/>\n<meta name=\"twitter:label1\" content=\"Escrito por\" \/>\n\t<meta name=\"twitter:data1\" content=\"admin-federas\" \/>\n\t<meta name=\"twitter:label2\" content=\"Est. tempo de leitura\" \/>\n\t<meta name=\"twitter:data2\" content=\"1 minuto\" \/>\n<script type=\"application\/ld+json\" class=\"yoast-schema-graph\">{\"@context\":\"https:\/\/schema.org\",\"@graph\":[{\"@type\":\"Article\",\"@id\":\"https:\/\/www.federassantas.org.br\/novosite\/cec-federassantas-nova-identidade-novas-propostas\/#article\",\"isPartOf\":{\"@id\":\"https:\/\/www.federassantas.org.br\/novosite\/cec-federassantas-nova-identidade-novas-propostas\/\"},\"author\":{\"name\":\"admin-federas\",\"@id\":\"https:\/\/www.federassantas.org.br\/novosite\/#\/schema\/person\/75fed98158349313fe56175f232f513c\"},\"headline\":\"CEC Federassantas &#8211; nova identidade, novas propostas!\",\"datePublished\":\"2018-10-10T18:27:13+00:00\",\"mainEntityOfPage\":{\"@id\":\"https:\/\/www.federassantas.org.br\/novosite\/cec-federassantas-nova-identidade-novas-propostas\/\"},\"wordCount\":252,\"commentCount\":0,\"publisher\":{\"@id\":\"https:\/\/www.federassantas.org.br\/novosite\/#organization\"},\"image\":{\"@id\":\"https:\/\/www.federassantas.org.br\/novosite\/cec-federassantas-nova-identidade-novas-propostas\/#primaryimage\"},\"thumbnailUrl\":\"\",\"articleSection\":[\"Not\u00edcias\",\"Not\u00edcias Federassantas\"],\"inLanguage\":\"pt-BR\",\"potentialAction\":[{\"@type\":\"CommentAction\",\"name\":\"Comment\",\"target\":[\"https:\/\/www.federassantas.org.br\/novosite\/cec-federassantas-nova-identidade-novas-propostas\/#respond\"]}]},{\"@type\":\"WebPage\",\"@id\":\"https:\/\/www.federassantas.org.br\/novosite\/cec-federassantas-nova-identidade-novas-propostas\/\",\"url\":\"https:\/\/www.federassantas.org.br\/novosite\/cec-federassantas-nova-identidade-novas-propostas\/\",\"name\":\"CEC Federassantas - nova identidade, novas propostas! - Federassantas\",\"isPartOf\":{\"@id\":\"https:\/\/www.federassantas.org.br\/novosite\/#website\"},\"primaryImageOfPage\":{\"@id\":\"https:\/\/www.federassantas.org.br\/novosite\/cec-federassantas-nova-identidade-novas-propostas\/#primaryimage\"},\"image\":{\"@id\":\"https:\/\/www.federassantas.org.br\/novosite\/cec-federassantas-nova-identidade-novas-propostas\/#primaryimage\"},\"thumbnailUrl\":\"\",\"datePublished\":\"2018-10-10T18:27:13+00:00\",\"breadcrumb\":{\"@id\":\"https:\/\/www.federassantas.org.br\/novosite\/cec-federassantas-nova-identidade-novas-propostas\/#breadcrumb\"},\"inLanguage\":\"pt-BR\",\"potentialAction\":[{\"@type\":\"ReadAction\",\"target\":[\"https:\/\/www.federassantas.org.br\/novosite\/cec-federassantas-nova-identidade-novas-propostas\/\"]}]},{\"@type\":\"ImageObject\",\"inLanguage\":\"pt-BR\",\"@id\":\"https:\/\/www.federassantas.org.br\/novosite\/cec-federassantas-nova-identidade-novas-propostas\/#primaryimage\",\"url\":\"\",\"contentUrl\":\"\"},{\"@type\":\"BreadcrumbList\",\"@id\":\"https:\/\/www.federassantas.org.br\/novosite\/cec-federassantas-nova-identidade-novas-propostas\/#breadcrumb\",\"itemListElement\":[{\"@type\":\"ListItem\",\"position\":1,\"name\":\"In\u00edcio\",\"item\":\"https:\/\/www.federassantas.org.br\/novosite\/\"},{\"@type\":\"ListItem\",\"position\":2,\"name\":\"CEC Federassantas &#8211; nova identidade, novas propostas!\"}]},{\"@type\":\"WebSite\",\"@id\":\"https:\/\/www.federassantas.org.br\/novosite\/#website\",\"url\":\"https:\/\/www.federassantas.org.br\/novosite\/\",\"name\":\"Federassantas\",\"description\":\"Fed. das Santas Casas e Hospitais Filantr\u00f3picos de MG\",\"publisher\":{\"@id\":\"https:\/\/www.federassantas.org.br\/novosite\/#organization\"},\"potentialAction\":[{\"@type\":\"SearchAction\",\"target\":{\"@type\":\"EntryPoint\",\"urlTemplate\":\"https:\/\/www.federassantas.org.br\/novosite\/?s={search_term_string}\"},\"query-input\":{\"@type\":\"PropertyValueSpecification\",\"valueRequired\":true,\"valueName\":\"search_term_string\"}}],\"inLanguage\":\"pt-BR\"},{\"@type\":\"Organization\",\"@id\":\"https:\/\/www.federassantas.org.br\/novosite\/#organization\",\"name\":\"Federassantas\",\"url\":\"https:\/\/www.federassantas.org.br\/novosite\/\",\"logo\":{\"@type\":\"ImageObject\",\"inLanguage\":\"pt-BR\",\"@id\":\"https:\/\/www.federassantas.org.br\/novosite\/#\/schema\/logo\/image\/\",\"url\":\"https:\/\/www.federassantas.org.br\/novosite\/wp-content\/uploads\/2021\/12\/logo.png\",\"contentUrl\":\"https:\/\/www.federassantas.org.br\/novosite\/wp-content\/uploads\/2021\/12\/logo.png\",\"width\":243,\"height\":59,\"caption\":\"Federassantas\"},\"image\":{\"@id\":\"https:\/\/www.federassantas.org.br\/novosite\/#\/schema\/logo\/image\/\"}},{\"@type\":\"Person\",\"@id\":\"https:\/\/www.federassantas.org.br\/novosite\/#\/schema\/person\/75fed98158349313fe56175f232f513c\",\"name\":\"admin-federas\",\"image\":{\"@type\":\"ImageObject\",\"inLanguage\":\"pt-BR\",\"@id\":\"https:\/\/www.federassantas.org.br\/novosite\/#\/schema\/person\/image\/\",\"url\":\"https:\/\/secure.gravatar.com\/avatar\/2a02d7dda59fe8dc6b7ffd3f652e2efede5ccf0dd89dfdc8137c5517f3de8407?s=96&d=mm&r=g\",\"contentUrl\":\"https:\/\/secure.gravatar.com\/avatar\/2a02d7dda59fe8dc6b7ffd3f652e2efede5ccf0dd89dfdc8137c5517f3de8407?s=96&d=mm&r=g\",\"caption\":\"admin-federas\"},\"sameAs\":[\"https:\/\/www.federassantas.org.br\/novosite\/\"],\"url\":\"https:\/\/www.federassantas.org.br\/novosite\/author\/admin-federas\/\"}]}<\/script>\n<!-- \/ Yoast SEO plugin. -->","yoast_head_json":{"title":"CEC Federassantas - nova identidade, novas propostas! - Federassantas","robots":{"index":"index","follow":"follow","max-snippet":"max-snippet:-1","max-image-preview":"max-image-preview:large","max-video-preview":"max-video-preview:-1"},"canonical":"https:\/\/www.federassantas.org.br\/novosite\/cec-federassantas-nova-identidade-novas-propostas\/","og_locale":"pt_BR","og_type":"article","og_title":"CEC Federassantas - nova identidade, novas propostas! - Federassantas","og_description":"A partir de agora, toda vez que voc\u00ea ver essa marca, vai encontrar cursos e treinamento de qualidade, com excel\u00eancia na capacita\u00e7\u00e3o em sa\u00fade! O CEC \u2013 Centro de Educa\u00e7\u00e3o Continuada, \u00e9 uma importante unidade de ensino da Federasssantas, criada com o objetivo de oferecer programas de capacita\u00e7\u00e3o e atualiza\u00e7\u00e3o profissional para os colaboradores dos [&hellip;]","og_url":"https:\/\/www.federassantas.org.br\/novosite\/cec-federassantas-nova-identidade-novas-propostas\/","og_site_name":"Federassantas","article_published_time":"2018-10-10T18:27:13+00:00","author":"admin-federas","twitter_card":"summary_large_image","twitter_misc":{"Escrito por":"admin-federas","Est. tempo de leitura":"1 minuto"},"schema":{"@context":"https:\/\/schema.org","@graph":[{"@type":"Article","@id":"https:\/\/www.federassantas.org.br\/novosite\/cec-federassantas-nova-identidade-novas-propostas\/#article","isPartOf":{"@id":"https:\/\/www.federassantas.org.br\/novosite\/cec-federassantas-nova-identidade-novas-propostas\/"},"author":{"name":"admin-federas","@id":"https:\/\/www.federassantas.org.br\/novosite\/#\/schema\/person\/75fed98158349313fe56175f232f513c"},"headline":"CEC Federassantas &#8211; nova identidade, novas propostas!","datePublished":"2018-10-10T18:27:13+00:00","mainEntityOfPage":{"@id":"https:\/\/www.federassantas.org.br\/novosite\/cec-federassantas-nova-identidade-novas-propostas\/"},"wordCount":252,"commentCount":0,"publisher":{"@id":"https:\/\/www.federassantas.org.br\/novosite\/#organization"},"image":{"@id":"https:\/\/www.federassantas.org.br\/novosite\/cec-federassantas-nova-identidade-novas-propostas\/#primaryimage"},"thumbnailUrl":"","articleSection":["Not\u00edcias","Not\u00edcias Federassantas"],"inLanguage":"pt-BR","potentialAction":[{"@type":"CommentAction","name":"Comment","target":["https:\/\/www.federassantas.org.br\/novosite\/cec-federassantas-nova-identidade-novas-propostas\/#respond"]}]},{"@type":"WebPage","@id":"https:\/\/www.federassantas.org.br\/novosite\/cec-federassantas-nova-identidade-novas-propostas\/","url":"https:\/\/www.federassantas.org.br\/novosite\/cec-federassantas-nova-identidade-novas-propostas\/","name":"CEC Federassantas - nova identidade, novas propostas! - Federassantas","isPartOf":{"@id":"https:\/\/www.federassantas.org.br\/novosite\/#website"},"primaryImageOfPage":{"@id":"https:\/\/www.federassantas.org.br\/novosite\/cec-federassantas-nova-identidade-novas-propostas\/#primaryimage"},"image":{"@id":"https:\/\/www.federassantas.org.br\/novosite\/cec-federassantas-nova-identidade-novas-propostas\/#primaryimage"},"thumbnailUrl":"","datePublished":"2018-10-10T18:27:13+00:00","breadcrumb":{"@id":"https:\/\/www.federassantas.org.br\/novosite\/cec-federassantas-nova-identidade-novas-propostas\/#breadcrumb"},"inLanguage":"pt-BR","potentialAction":[{"@type":"ReadAction","target":["https:\/\/www.federassantas.org.br\/novosite\/cec-federassantas-nova-identidade-novas-propostas\/"]}]},{"@type":"ImageObject","inLanguage":"pt-BR","@id":"https:\/\/www.federassantas.org.br\/novosite\/cec-federassantas-nova-identidade-novas-propostas\/#primaryimage","url":"","contentUrl":""},{"@type":"BreadcrumbList","@id":"https:\/\/www.federassantas.org.br\/novosite\/cec-federassantas-nova-identidade-novas-propostas\/#breadcrumb","itemListElement":[{"@type":"ListItem","position":1,"name":"In\u00edcio","item":"https:\/\/www.federassantas.org.br\/novosite\/"},{"@type":"ListItem","position":2,"name":"CEC Federassantas &#8211; nova identidade, novas propostas!"}]},{"@type":"WebSite","@id":"https:\/\/www.federassantas.org.br\/novosite\/#website","url":"https:\/\/www.federassantas.org.br\/novosite\/","name":"Federassantas","description":"Fed. das Santas Casas e Hospitais Filantr\u00f3picos de MG","publisher":{"@id":"https:\/\/www.federassantas.org.br\/novosite\/#organization"},"potentialAction":[{"@type":"SearchAction","target":{"@type":"EntryPoint","urlTemplate":"https:\/\/www.federassantas.org.br\/novosite\/?s={search_term_string}"},"query-input":{"@type":"PropertyValueSpecification","valueRequired":true,"valueName":"search_term_string"}}],"inLanguage":"pt-BR"},{"@type":"Organization","@id":"https:\/\/www.federassantas.org.br\/novosite\/#organization","name":"Federassantas","url":"https:\/\/www.federassantas.org.br\/novosite\/","logo":{"@type":"ImageObject","inLanguage":"pt-BR","@id":"https:\/\/www.federassantas.org.br\/novosite\/#\/schema\/logo\/image\/","url":"https:\/\/www.federassantas.org.br\/novosite\/wp-content\/uploads\/2021\/12\/logo.png","contentUrl":"https:\/\/www.federassantas.org.br\/novosite\/wp-content\/uploads\/2021\/12\/logo.png","width":243,"height":59,"caption":"Federassantas"},"image":{"@id":"https:\/\/www.federassantas.org.br\/novosite\/#\/schema\/logo\/image\/"}},{"@type":"Person","@id":"https:\/\/www.federassantas.org.br\/novosite\/#\/schema\/person\/75fed98158349313fe56175f232f513c","name":"admin-federas","image":{"@type":"ImageObject","inLanguage":"pt-BR","@id":"https:\/\/www.federassantas.org.br\/novosite\/#\/schema\/person\/image\/","url":"https:\/\/secure.gravatar.com\/avatar\/2a02d7dda59fe8dc6b7ffd3f652e2efede5ccf0dd89dfdc8137c5517f3de8407?s=96&d=mm&r=g","contentUrl":"https:\/\/secure.gravatar.com\/avatar\/2a02d7dda59fe8dc6b7ffd3f652e2efede5ccf0dd89dfdc8137c5517f3de8407?s=96&d=mm&r=g","caption":"admin-federas"},"sameAs":["https:\/\/www.federassantas.org.br\/novosite\/"],"url":"https:\/\/www.federassantas.org.br\/novosite\/author\/admin-federas\/"}]}},"_links":{"self":[{"href":"https:\/\/www.federassantas.org.br\/novosite\/wp-json\/wp\/v2\/posts\/14387","targetHints":{"allow":["GET"]}}],"collection":[{"href":"https:\/\/www.federassantas.org.br\/novosite\/wp-json\/wp\/v2\/posts"}],"about":[{"href":"https:\/\/www.federassantas.org.br\/novosite\/wp-json\/wp\/v2\/types\/post"}],"author":[{"embeddable":true,"href":"https:\/\/www.federassantas.org.br\/novosite\/wp-json\/wp\/v2\/users\/1"}],"replies":[{"embeddable":true,"href":"https:\/\/www.federassantas.org.br\/novosite\/wp-json\/wp\/v2\/comments?post=14387"}],"version-history":[{"count":0,"href":"https:\/\/www.federassantas.org.br\/novosite\/wp-json\/wp\/v2\/posts\/14387\/revisions"}],"wp:featuredmedia":[{"embeddable":true,"href":"https:\/\/www.federassantas.org.br\/novosite\/wp-json\/"}],"wp:attachment":[{"href":"https:\/\/www.federassantas.org.br\/novosite\/wp-json\/wp\/v2\/media?parent=14387"}],"wp:term":[{"taxonomy":"category","embeddable":true,"href":"https:\/\/www.federassantas.org.br\/novosite\/wp-json\/wp\/v2\/categories?post=14387"},{"taxonomy":"post_tag","embeddable":true,"href":"https:\/\/www.federassantas.org.br\/novosite\/wp-json\/wp\/v2\/tags?post=14387"}],"curies":[{"name":"wp","href":"https:\/\/api.w.org\/{rel}","templated":true}]}}