{"id":14418,"date":"2018-10-11T14:28:21","date_gmt":"2018-10-11T17:28:21","guid":{"rendered":"https:\/\/federasbackup.meltcomunicacao.com.br\/?p=14418"},"modified":"2018-10-11T14:28:21","modified_gmt":"2018-10-11T17:28:21","slug":"fator-rh","status":"publish","type":"post","link":"https:\/\/www.federassantas.org.br\/novosite\/fator-rh\/","title":{"rendered":"Fator RH"},"content":{"rendered":"<p style=\"text-align: justify;\"><img decoding=\"async\" class=\"alignnone wp-image-14419\" src=\"http:\/\/federasbackup.meltcomunicacao.com.br\/wp-content\/uploads\/2018\/10\/fator25anos-300px-1-300x165.png\" alt=\"\" width=\"178\" height=\"98\" \/><\/p>\n<p><a href=\"https:\/\/www.youtube.com\/watch?v=gfMuWIfw01s&#038;feature=youtu.be\">https:\/\/www.youtube.com\/watch?v=gfMuWIfw01s&amp;feature=youtu.be<\/a><\/p>\n<p>&nbsp;<\/p>\n<p><strong>Contatos:<\/strong><\/p>\n<p>Rua Cajaiba, 190 &#8211; S\u00e3o Paulo\/SP<br \/>\nCEP 05025-000<\/p>\n<p>11 3864-8161 \/ 11 3864-1100<br \/>\n<a href=\"http:\/\/www.fatorrh.com.br\/\">http:\/\/www.fatorrh.com.br\/<\/a><\/p>\n<p>&nbsp;<\/p>\n<p style=\"text-align: justify;\">A FATOR RH nasceu em 1996 a partir do sonho de 4 administradores hospitalares que, atuando a quase uma d\u00e9cada como gestores hospitalares, consultores e educadores, resolveram se dedicar \u00e0quilo que realmente refletia sua miss\u00e3o pessoal:<\/p>\n<p style=\"text-align: justify;\"><strong>Contribuir para desenvolver e lapidar Talentos!<\/strong><\/p>\n<p style=\"text-align: justify;\">Desde ent\u00e3o, a FATOR RH vem desenvolvendo projetos inovadores em:<\/p>\n<p style=\"text-align: justify;\"><strong><u>Gest\u00e3o Estrat\u00e9gica de Pessoas <\/u><\/strong><\/p>\n<p style=\"text-align: justify;\">Implanta\u00e7\u00e3o do modelo de Compet\u00eancias e suas ferramentas, seguindo os requisitos das principais certifica\u00e7\u00f5es de qualidade, nacionais e internacionais.<\/p>\n<p style=\"text-align: justify;\"><strong><u>Gest\u00e3o Empresarial<\/u><\/strong><\/p>\n<p style=\"text-align: justify;\">Levantamento de processos, n\u00edvel de satisfa\u00e7\u00e3o, redimensionamento de quadro de pessoal e outros projetos, com foco em Resultados e Pessoas.<\/p>\n<p style=\"text-align: justify;\"><strong><u>Educa\u00e7\u00e3o Empresarial<\/u><\/strong><\/p>\n<p style=\"text-align: justify;\">Palestras, cursos, workshops e jogos empresariais com metodologia l\u00fadica e de aplica\u00e7\u00e3o imediata, formatada especialmente para os desafios e particularidades da \u00e1rea da sa\u00fade.<\/p>\n<p style=\"text-align: justify;\"><strong><u>Nossa miss\u00e3o<\/u><\/strong><\/p>\n<p style=\"text-align: justify;\">\u201cContribuir com institui\u00e7\u00f5es na \u00e1rea da sa\u00fade por meio de cursos, gest\u00e3o de pessoas por compet\u00eancia e consultoria, agregando valores para o aprimoramento e sucesso de nossos clientes\u201d.<\/p>\n<p style=\"text-align: justify;\">\n","protected":false},"excerpt":{"rendered":"<p>&nbsp; Contatos: Rua Cajaiba, 190 &#8211; S\u00e3o Paulo\/SP CEP 05025-000 11 3864-8161 \/ 11 3864-1100 http:\/\/www.fatorrh.com.br\/ &nbsp; A FATOR RH nasceu em 1996 a partir do sonho de 4 administradores hospitalares que, atuando a quase uma d\u00e9cada como gestores hospitalares, consultores e educadores, resolveram se dedicar \u00e0quilo que realmente refletia sua miss\u00e3o pessoal: Contribuir para [&hellip;]<\/p>\n","protected":false},"author":1,"featured_media":24842,"comment_status":"open","ping_status":"open","sticky":false,"template":"","format":"standard","meta":{"footnotes":""},"categories":[140],"tags":[],"class_list":["post-14418","post","type-post","status-publish","format-standard","has-post-thumbnail","hentry","category-noticias"],"yoast_head":"<!-- This site is optimized with the Yoast SEO plugin v26.9 - https:\/\/yoast.com\/product\/yoast-seo-wordpress\/ -->\n<title>Fator RH - Federassantas<\/title>\n<meta name=\"robots\" content=\"index, follow, max-snippet:-1, max-image-preview:large, max-video-preview:-1\" \/>\n<link rel=\"canonical\" href=\"https:\/\/www.federassantas.org.br\/novosite\/fator-rh\/\" \/>\n<meta property=\"og:locale\" content=\"pt_BR\" \/>\n<meta property=\"og:type\" content=\"article\" \/>\n<meta property=\"og:title\" content=\"Fator RH - Federassantas\" \/>\n<meta property=\"og:description\" content=\"&nbsp; Contatos: Rua Cajaiba, 190 &#8211; S\u00e3o Paulo\/SP CEP 05025-000 11 3864-8161 \/ 11 3864-1100 http:\/\/www.fatorrh.com.br\/ &nbsp; A FATOR RH nasceu em 1996 a partir do sonho de 4 administradores hospitalares que, atuando a quase uma d\u00e9cada como gestores hospitalares, consultores e educadores, resolveram se dedicar \u00e0quilo que realmente refletia sua miss\u00e3o pessoal: Contribuir para [&hellip;]\" \/>\n<meta property=\"og:url\" content=\"https:\/\/www.federassantas.org.br\/novosite\/fator-rh\/\" \/>\n<meta property=\"og:site_name\" content=\"Federassantas\" \/>\n<meta property=\"article:published_time\" content=\"2018-10-11T17:28:21+00:00\" \/>\n<meta property=\"og:image\" content=\"https:\/\/www.federassantas.org.br\/novosite\/wp-content\/uploads\/2022\/09\/thumbnail-default.jpg\" \/>\n\t<meta property=\"og:image:width\" content=\"622\" \/>\n\t<meta property=\"og:image:height\" content=\"415\" \/>\n\t<meta property=\"og:image:type\" content=\"image\/jpeg\" \/>\n<meta name=\"author\" content=\"admin-federas\" \/>\n<meta name=\"twitter:card\" content=\"summary_large_image\" \/>\n<meta name=\"twitter:label1\" content=\"Escrito por\" \/>\n\t<meta name=\"twitter:data1\" content=\"admin-federas\" \/>\n\t<meta name=\"twitter:label2\" content=\"Est. tempo de leitura\" \/>\n\t<meta name=\"twitter:data2\" content=\"1 minuto\" \/>\n<script type=\"application\/ld+json\" class=\"yoast-schema-graph\">{\"@context\":\"https:\/\/schema.org\",\"@graph\":[{\"@type\":\"Article\",\"@id\":\"https:\/\/www.federassantas.org.br\/novosite\/fator-rh\/#article\",\"isPartOf\":{\"@id\":\"https:\/\/www.federassantas.org.br\/novosite\/fator-rh\/\"},\"author\":{\"name\":\"admin-federas\",\"@id\":\"https:\/\/www.federassantas.org.br\/novosite\/#\/schema\/person\/75fed98158349313fe56175f232f513c\"},\"headline\":\"Fator RH\",\"datePublished\":\"2018-10-11T17:28:21+00:00\",\"mainEntityOfPage\":{\"@id\":\"https:\/\/www.federassantas.org.br\/novosite\/fator-rh\/\"},\"wordCount\":205,\"commentCount\":0,\"publisher\":{\"@id\":\"https:\/\/www.federassantas.org.br\/novosite\/#organization\"},\"image\":{\"@id\":\"https:\/\/www.federassantas.org.br\/novosite\/fator-rh\/#primaryimage\"},\"thumbnailUrl\":\"\",\"articleSection\":[\"Not\u00edcias\"],\"inLanguage\":\"pt-BR\",\"potentialAction\":[{\"@type\":\"CommentAction\",\"name\":\"Comment\",\"target\":[\"https:\/\/www.federassantas.org.br\/novosite\/fator-rh\/#respond\"]}]},{\"@type\":\"WebPage\",\"@id\":\"https:\/\/www.federassantas.org.br\/novosite\/fator-rh\/\",\"url\":\"https:\/\/www.federassantas.org.br\/novosite\/fator-rh\/\",\"name\":\"Fator RH - Federassantas\",\"isPartOf\":{\"@id\":\"https:\/\/www.federassantas.org.br\/novosite\/#website\"},\"primaryImageOfPage\":{\"@id\":\"https:\/\/www.federassantas.org.br\/novosite\/fator-rh\/#primaryimage\"},\"image\":{\"@id\":\"https:\/\/www.federassantas.org.br\/novosite\/fator-rh\/#primaryimage\"},\"thumbnailUrl\":\"\",\"datePublished\":\"2018-10-11T17:28:21+00:00\",\"breadcrumb\":{\"@id\":\"https:\/\/www.federassantas.org.br\/novosite\/fator-rh\/#breadcrumb\"},\"inLanguage\":\"pt-BR\",\"potentialAction\":[{\"@type\":\"ReadAction\",\"target\":[\"https:\/\/www.federassantas.org.br\/novosite\/fator-rh\/\"]}]},{\"@type\":\"ImageObject\",\"inLanguage\":\"pt-BR\",\"@id\":\"https:\/\/www.federassantas.org.br\/novosite\/fator-rh\/#primaryimage\",\"url\":\"\",\"contentUrl\":\"\"},{\"@type\":\"BreadcrumbList\",\"@id\":\"https:\/\/www.federassantas.org.br\/novosite\/fator-rh\/#breadcrumb\",\"itemListElement\":[{\"@type\":\"ListItem\",\"position\":1,\"name\":\"In\u00edcio\",\"item\":\"https:\/\/www.federassantas.org.br\/novosite\/\"},{\"@type\":\"ListItem\",\"position\":2,\"name\":\"Fator RH\"}]},{\"@type\":\"WebSite\",\"@id\":\"https:\/\/www.federassantas.org.br\/novosite\/#website\",\"url\":\"https:\/\/www.federassantas.org.br\/novosite\/\",\"name\":\"Federassantas\",\"description\":\"Fed. das Santas Casas e Hospitais Filantr\u00f3picos de MG\",\"publisher\":{\"@id\":\"https:\/\/www.federassantas.org.br\/novosite\/#organization\"},\"potentialAction\":[{\"@type\":\"SearchAction\",\"target\":{\"@type\":\"EntryPoint\",\"urlTemplate\":\"https:\/\/www.federassantas.org.br\/novosite\/?s={search_term_string}\"},\"query-input\":{\"@type\":\"PropertyValueSpecification\",\"valueRequired\":true,\"valueName\":\"search_term_string\"}}],\"inLanguage\":\"pt-BR\"},{\"@type\":\"Organization\",\"@id\":\"https:\/\/www.federassantas.org.br\/novosite\/#organization\",\"name\":\"Federassantas\",\"url\":\"https:\/\/www.federassantas.org.br\/novosite\/\",\"logo\":{\"@type\":\"ImageObject\",\"inLanguage\":\"pt-BR\",\"@id\":\"https:\/\/www.federassantas.org.br\/novosite\/#\/schema\/logo\/image\/\",\"url\":\"https:\/\/www.federassantas.org.br\/novosite\/wp-content\/uploads\/2021\/12\/logo.png\",\"contentUrl\":\"https:\/\/www.federassantas.org.br\/novosite\/wp-content\/uploads\/2021\/12\/logo.png\",\"width\":243,\"height\":59,\"caption\":\"Federassantas\"},\"image\":{\"@id\":\"https:\/\/www.federassantas.org.br\/novosite\/#\/schema\/logo\/image\/\"}},{\"@type\":\"Person\",\"@id\":\"https:\/\/www.federassantas.org.br\/novosite\/#\/schema\/person\/75fed98158349313fe56175f232f513c\",\"name\":\"admin-federas\",\"image\":{\"@type\":\"ImageObject\",\"inLanguage\":\"pt-BR\",\"@id\":\"https:\/\/www.federassantas.org.br\/novosite\/#\/schema\/person\/image\/\",\"url\":\"https:\/\/secure.gravatar.com\/avatar\/2a02d7dda59fe8dc6b7ffd3f652e2efede5ccf0dd89dfdc8137c5517f3de8407?s=96&d=mm&r=g\",\"contentUrl\":\"https:\/\/secure.gravatar.com\/avatar\/2a02d7dda59fe8dc6b7ffd3f652e2efede5ccf0dd89dfdc8137c5517f3de8407?s=96&d=mm&r=g\",\"caption\":\"admin-federas\"},\"sameAs\":[\"https:\/\/www.federassantas.org.br\/novosite\/\"],\"url\":\"https:\/\/www.federassantas.org.br\/novosite\/author\/admin-federas\/\"}]}<\/script>\n<!-- \/ Yoast SEO plugin. -->","yoast_head_json":{"title":"Fator RH - Federassantas","robots":{"index":"index","follow":"follow","max-snippet":"max-snippet:-1","max-image-preview":"max-image-preview:large","max-video-preview":"max-video-preview:-1"},"canonical":"https:\/\/www.federassantas.org.br\/novosite\/fator-rh\/","og_locale":"pt_BR","og_type":"article","og_title":"Fator RH - Federassantas","og_description":"&nbsp; Contatos: Rua Cajaiba, 190 &#8211; S\u00e3o Paulo\/SP CEP 05025-000 11 3864-8161 \/ 11 3864-1100 http:\/\/www.fatorrh.com.br\/ &nbsp; A FATOR RH nasceu em 1996 a partir do sonho de 4 administradores hospitalares que, atuando a quase uma d\u00e9cada como gestores hospitalares, consultores e educadores, resolveram se dedicar \u00e0quilo que realmente refletia sua miss\u00e3o pessoal: Contribuir para [&hellip;]","og_url":"https:\/\/www.federassantas.org.br\/novosite\/fator-rh\/","og_site_name":"Federassantas","article_published_time":"2018-10-11T17:28:21+00:00","og_image":[{"width":622,"height":415,"url":"https:\/\/www.federassantas.org.br\/novosite\/wp-content\/uploads\/2022\/09\/thumbnail-default.jpg","type":"image\/jpeg"}],"author":"admin-federas","twitter_card":"summary_large_image","twitter_misc":{"Escrito por":"admin-federas","Est. tempo de leitura":"1 minuto"},"schema":{"@context":"https:\/\/schema.org","@graph":[{"@type":"Article","@id":"https:\/\/www.federassantas.org.br\/novosite\/fator-rh\/#article","isPartOf":{"@id":"https:\/\/www.federassantas.org.br\/novosite\/fator-rh\/"},"author":{"name":"admin-federas","@id":"https:\/\/www.federassantas.org.br\/novosite\/#\/schema\/person\/75fed98158349313fe56175f232f513c"},"headline":"Fator RH","datePublished":"2018-10-11T17:28:21+00:00","mainEntityOfPage":{"@id":"https:\/\/www.federassantas.org.br\/novosite\/fator-rh\/"},"wordCount":205,"commentCount":0,"publisher":{"@id":"https:\/\/www.federassantas.org.br\/novosite\/#organization"},"image":{"@id":"https:\/\/www.federassantas.org.br\/novosite\/fator-rh\/#primaryimage"},"thumbnailUrl":"","articleSection":["Not\u00edcias"],"inLanguage":"pt-BR","potentialAction":[{"@type":"CommentAction","name":"Comment","target":["https:\/\/www.federassantas.org.br\/novosite\/fator-rh\/#respond"]}]},{"@type":"WebPage","@id":"https:\/\/www.federassantas.org.br\/novosite\/fator-rh\/","url":"https:\/\/www.federassantas.org.br\/novosite\/fator-rh\/","name":"Fator RH - Federassantas","isPartOf":{"@id":"https:\/\/www.federassantas.org.br\/novosite\/#website"},"primaryImageOfPage":{"@id":"https:\/\/www.federassantas.org.br\/novosite\/fator-rh\/#primaryimage"},"image":{"@id":"https:\/\/www.federassantas.org.br\/novosite\/fator-rh\/#primaryimage"},"thumbnailUrl":"","datePublished":"2018-10-11T17:28:21+00:00","breadcrumb":{"@id":"https:\/\/www.federassantas.org.br\/novosite\/fator-rh\/#breadcrumb"},"inLanguage":"pt-BR","potentialAction":[{"@type":"ReadAction","target":["https:\/\/www.federassantas.org.br\/novosite\/fator-rh\/"]}]},{"@type":"ImageObject","inLanguage":"pt-BR","@id":"https:\/\/www.federassantas.org.br\/novosite\/fator-rh\/#primaryimage","url":"","contentUrl":""},{"@type":"BreadcrumbList","@id":"https:\/\/www.federassantas.org.br\/novosite\/fator-rh\/#breadcrumb","itemListElement":[{"@type":"ListItem","position":1,"name":"In\u00edcio","item":"https:\/\/www.federassantas.org.br\/novosite\/"},{"@type":"ListItem","position":2,"name":"Fator RH"}]},{"@type":"WebSite","@id":"https:\/\/www.federassantas.org.br\/novosite\/#website","url":"https:\/\/www.federassantas.org.br\/novosite\/","name":"Federassantas","description":"Fed. das Santas Casas e Hospitais Filantr\u00f3picos de MG","publisher":{"@id":"https:\/\/www.federassantas.org.br\/novosite\/#organization"},"potentialAction":[{"@type":"SearchAction","target":{"@type":"EntryPoint","urlTemplate":"https:\/\/www.federassantas.org.br\/novosite\/?s={search_term_string}"},"query-input":{"@type":"PropertyValueSpecification","valueRequired":true,"valueName":"search_term_string"}}],"inLanguage":"pt-BR"},{"@type":"Organization","@id":"https:\/\/www.federassantas.org.br\/novosite\/#organization","name":"Federassantas","url":"https:\/\/www.federassantas.org.br\/novosite\/","logo":{"@type":"ImageObject","inLanguage":"pt-BR","@id":"https:\/\/www.federassantas.org.br\/novosite\/#\/schema\/logo\/image\/","url":"https:\/\/www.federassantas.org.br\/novosite\/wp-content\/uploads\/2021\/12\/logo.png","contentUrl":"https:\/\/www.federassantas.org.br\/novosite\/wp-content\/uploads\/2021\/12\/logo.png","width":243,"height":59,"caption":"Federassantas"},"image":{"@id":"https:\/\/www.federassantas.org.br\/novosite\/#\/schema\/logo\/image\/"}},{"@type":"Person","@id":"https:\/\/www.federassantas.org.br\/novosite\/#\/schema\/person\/75fed98158349313fe56175f232f513c","name":"admin-federas","image":{"@type":"ImageObject","inLanguage":"pt-BR","@id":"https:\/\/www.federassantas.org.br\/novosite\/#\/schema\/person\/image\/","url":"https:\/\/secure.gravatar.com\/avatar\/2a02d7dda59fe8dc6b7ffd3f652e2efede5ccf0dd89dfdc8137c5517f3de8407?s=96&d=mm&r=g","contentUrl":"https:\/\/secure.gravatar.com\/avatar\/2a02d7dda59fe8dc6b7ffd3f652e2efede5ccf0dd89dfdc8137c5517f3de8407?s=96&d=mm&r=g","caption":"admin-federas"},"sameAs":["https:\/\/www.federassantas.org.br\/novosite\/"],"url":"https:\/\/www.federassantas.org.br\/novosite\/author\/admin-federas\/"}]}},"_links":{"self":[{"href":"https:\/\/www.federassantas.org.br\/novosite\/wp-json\/wp\/v2\/posts\/14418","targetHints":{"allow":["GET"]}}],"collection":[{"href":"https:\/\/www.federassantas.org.br\/novosite\/wp-json\/wp\/v2\/posts"}],"about":[{"href":"https:\/\/www.federassantas.org.br\/novosite\/wp-json\/wp\/v2\/types\/post"}],"author":[{"embeddable":true,"href":"https:\/\/www.federassantas.org.br\/novosite\/wp-json\/wp\/v2\/users\/1"}],"replies":[{"embeddable":true,"href":"https:\/\/www.federassantas.org.br\/novosite\/wp-json\/wp\/v2\/comments?post=14418"}],"version-history":[{"count":0,"href":"https:\/\/www.federassantas.org.br\/novosite\/wp-json\/wp\/v2\/posts\/14418\/revisions"}],"wp:featuredmedia":[{"embeddable":true,"href":"https:\/\/www.federassantas.org.br\/novosite\/wp-json\/"}],"wp:attachment":[{"href":"https:\/\/www.federassantas.org.br\/novosite\/wp-json\/wp\/v2\/media?parent=14418"}],"wp:term":[{"taxonomy":"category","embeddable":true,"href":"https:\/\/www.federassantas.org.br\/novosite\/wp-json\/wp\/v2\/categories?post=14418"},{"taxonomy":"post_tag","embeddable":true,"href":"https:\/\/www.federassantas.org.br\/novosite\/wp-json\/wp\/v2\/tags?post=14418"}],"curies":[{"name":"wp","href":"https:\/\/api.w.org\/{rel}","templated":true}]}}