{"id":14427,"date":"2018-10-15T15:18:10","date_gmt":"2018-10-15T18:18:10","guid":{"rendered":"https:\/\/federasbackup.meltcomunicacao.com.br\/?p=14427"},"modified":"2018-10-15T15:18:10","modified_gmt":"2018-10-15T18:18:10","slug":"hospitais-podem-ser-obrigados-a-contratar-interpretes-de-libras","status":"publish","type":"post","link":"https:\/\/www.federassantas.org.br\/novosite\/hospitais-podem-ser-obrigados-a-contratar-interpretes-de-libras\/","title":{"rendered":"Hospitais podem ser obrigados a contratar int\u00e9rpretes de Libras"},"content":{"rendered":"<p>A Comiss\u00e3o de Direitos Humanos e Legisla\u00e7\u00e3o Participativa (CDH) aprovou o projeto que obriga as institui\u00e7\u00f5es de atendimento \u00e0 sa\u00fade, publicas ou privadas, de contratarem int\u00e9rpretes de Libras visando o atendimento \u00e0s pessoas com defici\u00eancia auditiva (<a class=\"external-link\" href=\"http:\/\/www25.senado.leg.br\/web\/atividade\/materias\/-\/materia\/131721\">PLS 465\/2017<\/a>). O projeto, da\u00a0senadora K\u00e1tia Abreu (PDT-TO), segue agora para a\u00a0an\u00e1lise da CCJ.<\/p>\n<p>\u2014 Para receber o tratamento de sa\u00fade em igualdade de condi\u00e7\u00f5es com os demais brasileiros, a pessoa com defici\u00eancia precisa poder se comunicar. E \u00e9 s\u00f3 isto que este projeto concebe, de modo at\u00e9 singelo \u2014 afirmou\u00a0o senador Paulo Rocha.<\/p>\n<p>Leia na \u00edntegra em:\u00a0<a href=\"https:\/\/www12.senado.leg.br\/noticias\/materias\/2018\/10\/10\/hospitais-podem-ser-obrigados-a-contratar-interpretes-de-libras\">https:\/\/www12.senado.leg.br\/noticias\/materias\/2018\/10\/10\/hospitais-podem-ser-obrigados-a-contratar-interpretes-de-libras<\/a><\/p>\n<p>&nbsp;<\/p>\n<p>Fonte: Ag\u00eancia Senado<\/p>\n","protected":false},"excerpt":{"rendered":"<p>A Comiss\u00e3o de Direitos Humanos e Legisla\u00e7\u00e3o Participativa (CDH) aprovou o projeto que obriga as institui\u00e7\u00f5es de atendimento \u00e0 sa\u00fade, publicas ou privadas, de contratarem int\u00e9rpretes de Libras visando o atendimento \u00e0s pessoas com defici\u00eancia auditiva (PLS 465\/2017). O projeto, da\u00a0senadora K\u00e1tia Abreu (PDT-TO), segue agora para a\u00a0an\u00e1lise da CCJ. \u2014 Para receber o tratamento [&hellip;]<\/p>\n","protected":false},"author":1,"featured_media":14428,"comment_status":"open","ping_status":"open","sticky":false,"template":"","format":"standard","meta":{"footnotes":""},"categories":[140],"tags":[],"class_list":["post-14427","post","type-post","status-publish","format-standard","has-post-thumbnail","hentry","category-noticias"],"yoast_head":"<!-- This site is optimized with the Yoast SEO plugin v26.9 - https:\/\/yoast.com\/product\/yoast-seo-wordpress\/ -->\n<title>Hospitais podem ser obrigados a contratar int\u00e9rpretes de Libras - Federassantas<\/title>\n<meta name=\"robots\" content=\"index, follow, max-snippet:-1, max-image-preview:large, max-video-preview:-1\" \/>\n<link rel=\"canonical\" href=\"https:\/\/www.federassantas.org.br\/novosite\/hospitais-podem-ser-obrigados-a-contratar-interpretes-de-libras\/\" \/>\n<meta property=\"og:locale\" content=\"pt_BR\" \/>\n<meta property=\"og:type\" content=\"article\" \/>\n<meta property=\"og:title\" content=\"Hospitais podem ser obrigados a contratar int\u00e9rpretes de Libras - Federassantas\" \/>\n<meta property=\"og:description\" content=\"A Comiss\u00e3o de Direitos Humanos e Legisla\u00e7\u00e3o Participativa (CDH) aprovou o projeto que obriga as institui\u00e7\u00f5es de atendimento \u00e0 sa\u00fade, publicas ou privadas, de contratarem int\u00e9rpretes de Libras visando o atendimento \u00e0s pessoas com defici\u00eancia auditiva (PLS 465\/2017). O projeto, da\u00a0senadora K\u00e1tia Abreu (PDT-TO), segue agora para a\u00a0an\u00e1lise da CCJ. \u2014 Para receber o tratamento [&hellip;]\" \/>\n<meta property=\"og:url\" content=\"https:\/\/www.federassantas.org.br\/novosite\/hospitais-podem-ser-obrigados-a-contratar-interpretes-de-libras\/\" \/>\n<meta property=\"og:site_name\" content=\"Federassantas\" \/>\n<meta property=\"article:published_time\" content=\"2018-10-15T18:18:10+00:00\" \/>\n<meta name=\"author\" content=\"admin-federas\" \/>\n<meta name=\"twitter:card\" content=\"summary_large_image\" \/>\n<meta name=\"twitter:label1\" content=\"Escrito por\" \/>\n\t<meta name=\"twitter:data1\" content=\"admin-federas\" \/>\n\t<meta name=\"twitter:label2\" content=\"Est. tempo de leitura\" \/>\n\t<meta name=\"twitter:data2\" content=\"1 minuto\" \/>\n<script type=\"application\/ld+json\" class=\"yoast-schema-graph\">{\"@context\":\"https:\/\/schema.org\",\"@graph\":[{\"@type\":\"Article\",\"@id\":\"https:\/\/www.federassantas.org.br\/novosite\/hospitais-podem-ser-obrigados-a-contratar-interpretes-de-libras\/#article\",\"isPartOf\":{\"@id\":\"https:\/\/www.federassantas.org.br\/novosite\/hospitais-podem-ser-obrigados-a-contratar-interpretes-de-libras\/\"},\"author\":{\"name\":\"admin-federas\",\"@id\":\"https:\/\/www.federassantas.org.br\/novosite\/#\/schema\/person\/75fed98158349313fe56175f232f513c\"},\"headline\":\"Hospitais podem ser obrigados a contratar int\u00e9rpretes de Libras\",\"datePublished\":\"2018-10-15T18:18:10+00:00\",\"mainEntityOfPage\":{\"@id\":\"https:\/\/www.federassantas.org.br\/novosite\/hospitais-podem-ser-obrigados-a-contratar-interpretes-de-libras\/\"},\"wordCount\":126,\"commentCount\":0,\"publisher\":{\"@id\":\"https:\/\/www.federassantas.org.br\/novosite\/#organization\"},\"image\":{\"@id\":\"https:\/\/www.federassantas.org.br\/novosite\/hospitais-podem-ser-obrigados-a-contratar-interpretes-de-libras\/#primaryimage\"},\"thumbnailUrl\":\"\",\"articleSection\":[\"Not\u00edcias\"],\"inLanguage\":\"pt-BR\",\"potentialAction\":[{\"@type\":\"CommentAction\",\"name\":\"Comment\",\"target\":[\"https:\/\/www.federassantas.org.br\/novosite\/hospitais-podem-ser-obrigados-a-contratar-interpretes-de-libras\/#respond\"]}]},{\"@type\":\"WebPage\",\"@id\":\"https:\/\/www.federassantas.org.br\/novosite\/hospitais-podem-ser-obrigados-a-contratar-interpretes-de-libras\/\",\"url\":\"https:\/\/www.federassantas.org.br\/novosite\/hospitais-podem-ser-obrigados-a-contratar-interpretes-de-libras\/\",\"name\":\"Hospitais podem ser obrigados a contratar int\u00e9rpretes de Libras - Federassantas\",\"isPartOf\":{\"@id\":\"https:\/\/www.federassantas.org.br\/novosite\/#website\"},\"primaryImageOfPage\":{\"@id\":\"https:\/\/www.federassantas.org.br\/novosite\/hospitais-podem-ser-obrigados-a-contratar-interpretes-de-libras\/#primaryimage\"},\"image\":{\"@id\":\"https:\/\/www.federassantas.org.br\/novosite\/hospitais-podem-ser-obrigados-a-contratar-interpretes-de-libras\/#primaryimage\"},\"thumbnailUrl\":\"\",\"datePublished\":\"2018-10-15T18:18:10+00:00\",\"breadcrumb\":{\"@id\":\"https:\/\/www.federassantas.org.br\/novosite\/hospitais-podem-ser-obrigados-a-contratar-interpretes-de-libras\/#breadcrumb\"},\"inLanguage\":\"pt-BR\",\"potentialAction\":[{\"@type\":\"ReadAction\",\"target\":[\"https:\/\/www.federassantas.org.br\/novosite\/hospitais-podem-ser-obrigados-a-contratar-interpretes-de-libras\/\"]}]},{\"@type\":\"ImageObject\",\"inLanguage\":\"pt-BR\",\"@id\":\"https:\/\/www.federassantas.org.br\/novosite\/hospitais-podem-ser-obrigados-a-contratar-interpretes-de-libras\/#primaryimage\",\"url\":\"\",\"contentUrl\":\"\"},{\"@type\":\"BreadcrumbList\",\"@id\":\"https:\/\/www.federassantas.org.br\/novosite\/hospitais-podem-ser-obrigados-a-contratar-interpretes-de-libras\/#breadcrumb\",\"itemListElement\":[{\"@type\":\"ListItem\",\"position\":1,\"name\":\"In\u00edcio\",\"item\":\"https:\/\/www.federassantas.org.br\/novosite\/\"},{\"@type\":\"ListItem\",\"position\":2,\"name\":\"Hospitais podem ser obrigados a contratar int\u00e9rpretes de Libras\"}]},{\"@type\":\"WebSite\",\"@id\":\"https:\/\/www.federassantas.org.br\/novosite\/#website\",\"url\":\"https:\/\/www.federassantas.org.br\/novosite\/\",\"name\":\"Federassantas\",\"description\":\"Fed. das Santas Casas e Hospitais Filantr\u00f3picos de MG\",\"publisher\":{\"@id\":\"https:\/\/www.federassantas.org.br\/novosite\/#organization\"},\"potentialAction\":[{\"@type\":\"SearchAction\",\"target\":{\"@type\":\"EntryPoint\",\"urlTemplate\":\"https:\/\/www.federassantas.org.br\/novosite\/?s={search_term_string}\"},\"query-input\":{\"@type\":\"PropertyValueSpecification\",\"valueRequired\":true,\"valueName\":\"search_term_string\"}}],\"inLanguage\":\"pt-BR\"},{\"@type\":\"Organization\",\"@id\":\"https:\/\/www.federassantas.org.br\/novosite\/#organization\",\"name\":\"Federassantas\",\"url\":\"https:\/\/www.federassantas.org.br\/novosite\/\",\"logo\":{\"@type\":\"ImageObject\",\"inLanguage\":\"pt-BR\",\"@id\":\"https:\/\/www.federassantas.org.br\/novosite\/#\/schema\/logo\/image\/\",\"url\":\"https:\/\/www.federassantas.org.br\/novosite\/wp-content\/uploads\/2021\/12\/logo.png\",\"contentUrl\":\"https:\/\/www.federassantas.org.br\/novosite\/wp-content\/uploads\/2021\/12\/logo.png\",\"width\":243,\"height\":59,\"caption\":\"Federassantas\"},\"image\":{\"@id\":\"https:\/\/www.federassantas.org.br\/novosite\/#\/schema\/logo\/image\/\"}},{\"@type\":\"Person\",\"@id\":\"https:\/\/www.federassantas.org.br\/novosite\/#\/schema\/person\/75fed98158349313fe56175f232f513c\",\"name\":\"admin-federas\",\"image\":{\"@type\":\"ImageObject\",\"inLanguage\":\"pt-BR\",\"@id\":\"https:\/\/www.federassantas.org.br\/novosite\/#\/schema\/person\/image\/\",\"url\":\"https:\/\/secure.gravatar.com\/avatar\/2a02d7dda59fe8dc6b7ffd3f652e2efede5ccf0dd89dfdc8137c5517f3de8407?s=96&d=mm&r=g\",\"contentUrl\":\"https:\/\/secure.gravatar.com\/avatar\/2a02d7dda59fe8dc6b7ffd3f652e2efede5ccf0dd89dfdc8137c5517f3de8407?s=96&d=mm&r=g\",\"caption\":\"admin-federas\"},\"sameAs\":[\"https:\/\/www.federassantas.org.br\/novosite\/\"],\"url\":\"https:\/\/www.federassantas.org.br\/novosite\/author\/admin-federas\/\"}]}<\/script>\n<!-- \/ Yoast SEO plugin. -->","yoast_head_json":{"title":"Hospitais podem ser obrigados a contratar int\u00e9rpretes de Libras - Federassantas","robots":{"index":"index","follow":"follow","max-snippet":"max-snippet:-1","max-image-preview":"max-image-preview:large","max-video-preview":"max-video-preview:-1"},"canonical":"https:\/\/www.federassantas.org.br\/novosite\/hospitais-podem-ser-obrigados-a-contratar-interpretes-de-libras\/","og_locale":"pt_BR","og_type":"article","og_title":"Hospitais podem ser obrigados a contratar int\u00e9rpretes de Libras - Federassantas","og_description":"A Comiss\u00e3o de Direitos Humanos e Legisla\u00e7\u00e3o Participativa (CDH) aprovou o projeto que obriga as institui\u00e7\u00f5es de atendimento \u00e0 sa\u00fade, publicas ou privadas, de contratarem int\u00e9rpretes de Libras visando o atendimento \u00e0s pessoas com defici\u00eancia auditiva (PLS 465\/2017). O projeto, da\u00a0senadora K\u00e1tia Abreu (PDT-TO), segue agora para a\u00a0an\u00e1lise da CCJ. \u2014 Para receber o tratamento [&hellip;]","og_url":"https:\/\/www.federassantas.org.br\/novosite\/hospitais-podem-ser-obrigados-a-contratar-interpretes-de-libras\/","og_site_name":"Federassantas","article_published_time":"2018-10-15T18:18:10+00:00","author":"admin-federas","twitter_card":"summary_large_image","twitter_misc":{"Escrito por":"admin-federas","Est. tempo de leitura":"1 minuto"},"schema":{"@context":"https:\/\/schema.org","@graph":[{"@type":"Article","@id":"https:\/\/www.federassantas.org.br\/novosite\/hospitais-podem-ser-obrigados-a-contratar-interpretes-de-libras\/#article","isPartOf":{"@id":"https:\/\/www.federassantas.org.br\/novosite\/hospitais-podem-ser-obrigados-a-contratar-interpretes-de-libras\/"},"author":{"name":"admin-federas","@id":"https:\/\/www.federassantas.org.br\/novosite\/#\/schema\/person\/75fed98158349313fe56175f232f513c"},"headline":"Hospitais podem ser obrigados a contratar int\u00e9rpretes de Libras","datePublished":"2018-10-15T18:18:10+00:00","mainEntityOfPage":{"@id":"https:\/\/www.federassantas.org.br\/novosite\/hospitais-podem-ser-obrigados-a-contratar-interpretes-de-libras\/"},"wordCount":126,"commentCount":0,"publisher":{"@id":"https:\/\/www.federassantas.org.br\/novosite\/#organization"},"image":{"@id":"https:\/\/www.federassantas.org.br\/novosite\/hospitais-podem-ser-obrigados-a-contratar-interpretes-de-libras\/#primaryimage"},"thumbnailUrl":"","articleSection":["Not\u00edcias"],"inLanguage":"pt-BR","potentialAction":[{"@type":"CommentAction","name":"Comment","target":["https:\/\/www.federassantas.org.br\/novosite\/hospitais-podem-ser-obrigados-a-contratar-interpretes-de-libras\/#respond"]}]},{"@type":"WebPage","@id":"https:\/\/www.federassantas.org.br\/novosite\/hospitais-podem-ser-obrigados-a-contratar-interpretes-de-libras\/","url":"https:\/\/www.federassantas.org.br\/novosite\/hospitais-podem-ser-obrigados-a-contratar-interpretes-de-libras\/","name":"Hospitais podem ser obrigados a contratar int\u00e9rpretes de Libras - Federassantas","isPartOf":{"@id":"https:\/\/www.federassantas.org.br\/novosite\/#website"},"primaryImageOfPage":{"@id":"https:\/\/www.federassantas.org.br\/novosite\/hospitais-podem-ser-obrigados-a-contratar-interpretes-de-libras\/#primaryimage"},"image":{"@id":"https:\/\/www.federassantas.org.br\/novosite\/hospitais-podem-ser-obrigados-a-contratar-interpretes-de-libras\/#primaryimage"},"thumbnailUrl":"","datePublished":"2018-10-15T18:18:10+00:00","breadcrumb":{"@id":"https:\/\/www.federassantas.org.br\/novosite\/hospitais-podem-ser-obrigados-a-contratar-interpretes-de-libras\/#breadcrumb"},"inLanguage":"pt-BR","potentialAction":[{"@type":"ReadAction","target":["https:\/\/www.federassantas.org.br\/novosite\/hospitais-podem-ser-obrigados-a-contratar-interpretes-de-libras\/"]}]},{"@type":"ImageObject","inLanguage":"pt-BR","@id":"https:\/\/www.federassantas.org.br\/novosite\/hospitais-podem-ser-obrigados-a-contratar-interpretes-de-libras\/#primaryimage","url":"","contentUrl":""},{"@type":"BreadcrumbList","@id":"https:\/\/www.federassantas.org.br\/novosite\/hospitais-podem-ser-obrigados-a-contratar-interpretes-de-libras\/#breadcrumb","itemListElement":[{"@type":"ListItem","position":1,"name":"In\u00edcio","item":"https:\/\/www.federassantas.org.br\/novosite\/"},{"@type":"ListItem","position":2,"name":"Hospitais podem ser obrigados a contratar int\u00e9rpretes de Libras"}]},{"@type":"WebSite","@id":"https:\/\/www.federassantas.org.br\/novosite\/#website","url":"https:\/\/www.federassantas.org.br\/novosite\/","name":"Federassantas","description":"Fed. das Santas Casas e Hospitais Filantr\u00f3picos de MG","publisher":{"@id":"https:\/\/www.federassantas.org.br\/novosite\/#organization"},"potentialAction":[{"@type":"SearchAction","target":{"@type":"EntryPoint","urlTemplate":"https:\/\/www.federassantas.org.br\/novosite\/?s={search_term_string}"},"query-input":{"@type":"PropertyValueSpecification","valueRequired":true,"valueName":"search_term_string"}}],"inLanguage":"pt-BR"},{"@type":"Organization","@id":"https:\/\/www.federassantas.org.br\/novosite\/#organization","name":"Federassantas","url":"https:\/\/www.federassantas.org.br\/novosite\/","logo":{"@type":"ImageObject","inLanguage":"pt-BR","@id":"https:\/\/www.federassantas.org.br\/novosite\/#\/schema\/logo\/image\/","url":"https:\/\/www.federassantas.org.br\/novosite\/wp-content\/uploads\/2021\/12\/logo.png","contentUrl":"https:\/\/www.federassantas.org.br\/novosite\/wp-content\/uploads\/2021\/12\/logo.png","width":243,"height":59,"caption":"Federassantas"},"image":{"@id":"https:\/\/www.federassantas.org.br\/novosite\/#\/schema\/logo\/image\/"}},{"@type":"Person","@id":"https:\/\/www.federassantas.org.br\/novosite\/#\/schema\/person\/75fed98158349313fe56175f232f513c","name":"admin-federas","image":{"@type":"ImageObject","inLanguage":"pt-BR","@id":"https:\/\/www.federassantas.org.br\/novosite\/#\/schema\/person\/image\/","url":"https:\/\/secure.gravatar.com\/avatar\/2a02d7dda59fe8dc6b7ffd3f652e2efede5ccf0dd89dfdc8137c5517f3de8407?s=96&d=mm&r=g","contentUrl":"https:\/\/secure.gravatar.com\/avatar\/2a02d7dda59fe8dc6b7ffd3f652e2efede5ccf0dd89dfdc8137c5517f3de8407?s=96&d=mm&r=g","caption":"admin-federas"},"sameAs":["https:\/\/www.federassantas.org.br\/novosite\/"],"url":"https:\/\/www.federassantas.org.br\/novosite\/author\/admin-federas\/"}]}},"_links":{"self":[{"href":"https:\/\/www.federassantas.org.br\/novosite\/wp-json\/wp\/v2\/posts\/14427","targetHints":{"allow":["GET"]}}],"collection":[{"href":"https:\/\/www.federassantas.org.br\/novosite\/wp-json\/wp\/v2\/posts"}],"about":[{"href":"https:\/\/www.federassantas.org.br\/novosite\/wp-json\/wp\/v2\/types\/post"}],"author":[{"embeddable":true,"href":"https:\/\/www.federassantas.org.br\/novosite\/wp-json\/wp\/v2\/users\/1"}],"replies":[{"embeddable":true,"href":"https:\/\/www.federassantas.org.br\/novosite\/wp-json\/wp\/v2\/comments?post=14427"}],"version-history":[{"count":0,"href":"https:\/\/www.federassantas.org.br\/novosite\/wp-json\/wp\/v2\/posts\/14427\/revisions"}],"wp:featuredmedia":[{"embeddable":true,"href":"https:\/\/www.federassantas.org.br\/novosite\/wp-json\/"}],"wp:attachment":[{"href":"https:\/\/www.federassantas.org.br\/novosite\/wp-json\/wp\/v2\/media?parent=14427"}],"wp:term":[{"taxonomy":"category","embeddable":true,"href":"https:\/\/www.federassantas.org.br\/novosite\/wp-json\/wp\/v2\/categories?post=14427"},{"taxonomy":"post_tag","embeddable":true,"href":"https:\/\/www.federassantas.org.br\/novosite\/wp-json\/wp\/v2\/tags?post=14427"}],"curies":[{"name":"wp","href":"https:\/\/api.w.org\/{rel}","templated":true}]}}