{"id":14435,"date":"2018-10-15T16:30:35","date_gmt":"2018-10-15T19:30:35","guid":{"rendered":"https:\/\/federasbackup.meltcomunicacao.com.br\/?p=14435"},"modified":"2018-10-15T16:30:35","modified_gmt":"2018-10-15T19:30:35","slug":"saude-da-mulher-e-destaque-em-congresso-internacional","status":"publish","type":"post","link":"https:\/\/www.federassantas.org.br\/novosite\/saude-da-mulher-e-destaque-em-congresso-internacional\/","title":{"rendered":"Sa\u00fade da mulher \u00e9 destaque em congresso internacional"},"content":{"rendered":"<p style=\"text-align: justify;\"><em>O XXII Congresso Mundial de Ginecologia e Obstetr\u00edcia FIGO re\u00fane m\u00e9dicos de v\u00e1rias especialidades, durante uma semana, para debater a\u00e7\u00f5es e pol\u00edticas p\u00fablicas relacionadas \u00e0 sa\u00fade da mulher em todo o mundo<\/em><\/p>\n<p style=\"text-align: justify;\">O ministro da Sa\u00fade, Gilberto Occhi, participou, neste domingo (14), da abertura do XXII Congresso Mundial de Ginecologia e Obstetr\u00edcia &#8211; FIGO, no Rio de Janeiro (RJ). O evento, que segue at\u00e9 a pr\u00f3xima sexta-feira (19), \u00e9 um dos maiores eventos globais sobre sa\u00fade materna e infantil. S\u00e3o esperados cerca de 15 mil m\u00e9dicos, como obstetras, ginecologistas entre outros profissionais da sa\u00fade. Durante uma semana, ser\u00e3o debatidos todos os aspectos da sa\u00fade da mulher no mundo, abrangendo a pr\u00e1tica di\u00e1ria da asist\u00eancia m\u00e9dicas e os mais recentes avan\u00e7os e pr\u00e1ticas de gest\u00e3o e cuidado com a sa\u00fade da mulher.<\/p>\n<p style=\"text-align: justify;\">&#8220;No Brasil, a preocupa\u00e7\u00e3o com os direitos e sa\u00fade da mulher busca observar as diversas necessidades neste setor. Avan\u00e7amos na legisla\u00e7\u00e3o de combate a viol\u00eancia contra a mulher, nos direitos relacionados ao trabalho, como a licen\u00e7a maternidade, o que inclui o homem, e no apoio durante as todas as etapas da gesta\u00e7\u00e3o, como o direito ao acompanhante durante o parto&#8221;, destacou o ministro da Sa\u00fade, Gilberto Occhi.<\/p>\n<p style=\"text-align: justify;\">O Congresso Mundial de Ginecologia e Obstetr\u00edcia \u00e9 um espa\u00e7o para promo\u00e7\u00e3o do conhecimento em quest\u00f5es espec\u00edficas da sa\u00fade das mulheres e ocorre a cada tr\u00eas anos em um pa\u00eds diferente. Ap\u00f3s 15 anos, o evento retorna \u00e0 Am\u00e9rica Latina &#8211; o \u00faltimo ocorreu no Chile, em 2003.<\/p>\n<p style=\"text-align: justify;\">\n<h4 style=\"text-align: justify;\">Sa\u00fade da Mulher<\/h4>\n<p style=\"text-align: justify;\">O Sistema \u00danico de Sa\u00fade (SUS) disponibiliza \u00e0s mulheres brasileiras cuidado integral e humanizado, com acolhimento oportuno e efetivo nos resultados de promo\u00e7\u00e3o da sa\u00fade, preven\u00e7\u00e3o da doen\u00e7a, diagn\u00f3stico precoce e tratamento durante todo o seu ciclo de vida, proporcionando mais qualidade de vida e redu\u00e7\u00e3o de mortes por causas preven\u00edveis.<\/p>\n<p style=\"text-align: justify;\">Esse cuidado \u00e9 iniciado desde os primeiros momentos de vida e crescimento. O SUS oferta todas as vacinas recomendadas pela Organiza\u00e7\u00e3o Mundial de Sa\u00fade e, j\u00e1 no in\u00edcio da adolesc\u00eancia e visando \u00e0 preven\u00e7\u00e3o de infec\u00e7\u00f5es com transmiss\u00e3o sexual e do c\u00e2ncer de colo de \u00fatero, \u00e9 ofertada a vacina contra HPV para meninas de 9 a 14 anos. O Brasil foi o primeiro pa\u00eds da Am\u00e9rica do Sul a disponibilizar tamb\u00e9m para meninos, de 11 a 14 anos, no Programa Nacional de Imuniza\u00e7\u00e3o.<\/p>\n<p style=\"text-align: justify;\">Al\u00e9m disso, no que diz respeito \u00e0 sa\u00fade sexual e reprodutiva, o SUS disponibiliza nove tipos de m\u00e9todos contraceptivos. Desde o ano passado, foi ampliado o acesso ao DIU no per\u00edodo p\u00f3s-parto e p\u00f3s-abortamento nas maternidades p\u00fablicas.<\/p>\n<p style=\"text-align: justify;\">Quando a mulher opta pela maternidade, o SUS garante o acompanhamento da gestante desde a confirma\u00e7\u00e3o de gravidez, consultas do pr\u00e9-natal, incluindo o pr\u00e9-natal do homem, exames e o parto, com foco na humaniza\u00e7\u00e3o do atendimento \u00e0 mulher e sua fam\u00edlia, at\u00e9 a aten\u00e7\u00e3o puerperal e aconselhamento para o planejamento reprodutivo.<\/p>\n<h4 style=\"text-align: justify;\"><strong>REDE CEGONHA<\/strong><\/h4>\n<p style=\"text-align: justify;\">Desde 2011, a estrat\u00e9gia Rede Cegonha visa a reorganiza\u00e7\u00e3o da rede e redu\u00e7\u00e3o da mortalidade materna e infantil, na busca de garantir mais acesso, acolhimento e qualidade na aten\u00e7\u00e3o ao parto e nascimento. Atualmente 5.488 munic\u00edpios implementaram a estrat\u00e9gia que tem a mulher como protagonista deste processo. Esta a\u00e7\u00e3o tem contribu\u00eddo na redu\u00e7\u00e3o das taxas de ces\u00e1rea no Brasil, em queda desde 2015.<\/p>\n<p style=\"text-align: justify;\">A redu\u00e7\u00e3o das taxas de mortalidade materna e neonatal tamb\u00e9m \u00e9 um compromisso assumido pelo Brasil. Ainda dentro da Rede Cegonha, foram implantados iniciativa como o Projeto Zero Morte Materna por Hemorragia e o Projeto de Aprimoramento e Inova\u00e7\u00e3o no Cuidado e Ensino em Obstetr\u00edcia e Neonatalogia (APICE ON) com o objetivo de qualificar o manejo de emerg\u00eancias obst\u00e9tricas e de fortalecimento das pr\u00e1ticas obst\u00e9tricas e neonatais fundamentadas em evid\u00eancias cient\u00edficas na aten\u00e7\u00e3o ao parto e nascimento em 97 hospitais de ensino, potenciais multiplicadores do processo.<\/p>\n<p style=\"text-align: justify;\">Neste ano, tamb\u00e9m est\u00e1 em curso a implementa\u00e7\u00e3o do projeto Parto Cuidadoso como um importante instrumento de monitoramento e avalia\u00e7\u00e3o das boas pr\u00e1ticas nas maternidades e que permitir\u00e1 a profissionais de sa\u00fade e gestores do SUS monitorar, avaliar e comparar indicadores de qualidade do cuidado ao parto e nascimento, incluindo as taxas de ces\u00e1rea.<\/p>\n<p>Leia mais em:\u00a0<a href=\"http:\/\/portalms.saude.gov.br\/noticias\/agencia-saude\/44498-saude-da-mulher-e-destaque-em-congresso-internacional\">http:\/\/portalms.saude.gov.br\/noticias\/agencia-saude\/44498-saude-da-mulher-e-destaque-em-congresso-internacional<\/a><\/p>\n<p style=\"text-align: justify;\"><em>\u00a0Fonte: Ag\u00eancia Sa\u00fade<\/em><\/p>\n","protected":false},"excerpt":{"rendered":"<p>O XXII Congresso Mundial de Ginecologia e Obstetr\u00edcia FIGO re\u00fane m\u00e9dicos de v\u00e1rias especialidades, durante uma semana, para debater a\u00e7\u00f5es e pol\u00edticas p\u00fablicas relacionadas \u00e0 sa\u00fade da mulher em todo o mundo O ministro da Sa\u00fade, Gilberto Occhi, participou, neste domingo (14), da abertura do XXII Congresso Mundial de Ginecologia e Obstetr\u00edcia &#8211; FIGO, no [&hellip;]<\/p>\n","protected":false},"author":1,"featured_media":14436,"comment_status":"open","ping_status":"open","sticky":false,"template":"","format":"standard","meta":{"footnotes":""},"categories":[140],"tags":[],"class_list":["post-14435","post","type-post","status-publish","format-standard","has-post-thumbnail","hentry","category-noticias"],"yoast_head":"<!-- This site is optimized with the Yoast SEO plugin v26.9 - https:\/\/yoast.com\/product\/yoast-seo-wordpress\/ -->\n<title>Sa\u00fade da mulher \u00e9 destaque em congresso internacional - Federassantas<\/title>\n<meta name=\"robots\" content=\"index, follow, max-snippet:-1, max-image-preview:large, max-video-preview:-1\" \/>\n<link rel=\"canonical\" href=\"https:\/\/www.federassantas.org.br\/novosite\/saude-da-mulher-e-destaque-em-congresso-internacional\/\" \/>\n<meta property=\"og:locale\" content=\"pt_BR\" \/>\n<meta property=\"og:type\" content=\"article\" \/>\n<meta property=\"og:title\" content=\"Sa\u00fade da mulher \u00e9 destaque em congresso internacional - Federassantas\" \/>\n<meta property=\"og:description\" content=\"O XXII Congresso Mundial de Ginecologia e Obstetr\u00edcia FIGO re\u00fane m\u00e9dicos de v\u00e1rias especialidades, durante uma semana, para debater a\u00e7\u00f5es e pol\u00edticas p\u00fablicas relacionadas \u00e0 sa\u00fade da mulher em todo o mundo O ministro da Sa\u00fade, Gilberto Occhi, participou, neste domingo (14), da abertura do XXII Congresso Mundial de Ginecologia e Obstetr\u00edcia &#8211; FIGO, no [&hellip;]\" \/>\n<meta property=\"og:url\" content=\"https:\/\/www.federassantas.org.br\/novosite\/saude-da-mulher-e-destaque-em-congresso-internacional\/\" \/>\n<meta property=\"og:site_name\" content=\"Federassantas\" \/>\n<meta property=\"article:published_time\" content=\"2018-10-15T19:30:35+00:00\" \/>\n<meta name=\"author\" content=\"admin-federas\" \/>\n<meta name=\"twitter:card\" content=\"summary_large_image\" \/>\n<meta name=\"twitter:label1\" content=\"Escrito por\" \/>\n\t<meta name=\"twitter:data1\" content=\"admin-federas\" \/>\n\t<meta name=\"twitter:label2\" content=\"Est. tempo de leitura\" \/>\n\t<meta name=\"twitter:data2\" content=\"4 minutos\" \/>\n<script type=\"application\/ld+json\" class=\"yoast-schema-graph\">{\"@context\":\"https:\/\/schema.org\",\"@graph\":[{\"@type\":\"Article\",\"@id\":\"https:\/\/www.federassantas.org.br\/novosite\/saude-da-mulher-e-destaque-em-congresso-internacional\/#article\",\"isPartOf\":{\"@id\":\"https:\/\/www.federassantas.org.br\/novosite\/saude-da-mulher-e-destaque-em-congresso-internacional\/\"},\"author\":{\"name\":\"admin-federas\",\"@id\":\"https:\/\/www.federassantas.org.br\/novosite\/#\/schema\/person\/75fed98158349313fe56175f232f513c\"},\"headline\":\"Sa\u00fade da mulher \u00e9 destaque em congresso internacional\",\"datePublished\":\"2018-10-15T19:30:35+00:00\",\"mainEntityOfPage\":{\"@id\":\"https:\/\/www.federassantas.org.br\/novosite\/saude-da-mulher-e-destaque-em-congresso-internacional\/\"},\"wordCount\":782,\"commentCount\":0,\"publisher\":{\"@id\":\"https:\/\/www.federassantas.org.br\/novosite\/#organization\"},\"image\":{\"@id\":\"https:\/\/www.federassantas.org.br\/novosite\/saude-da-mulher-e-destaque-em-congresso-internacional\/#primaryimage\"},\"thumbnailUrl\":\"\",\"articleSection\":[\"Not\u00edcias\"],\"inLanguage\":\"pt-BR\",\"potentialAction\":[{\"@type\":\"CommentAction\",\"name\":\"Comment\",\"target\":[\"https:\/\/www.federassantas.org.br\/novosite\/saude-da-mulher-e-destaque-em-congresso-internacional\/#respond\"]}]},{\"@type\":\"WebPage\",\"@id\":\"https:\/\/www.federassantas.org.br\/novosite\/saude-da-mulher-e-destaque-em-congresso-internacional\/\",\"url\":\"https:\/\/www.federassantas.org.br\/novosite\/saude-da-mulher-e-destaque-em-congresso-internacional\/\",\"name\":\"Sa\u00fade da mulher \u00e9 destaque em congresso internacional - Federassantas\",\"isPartOf\":{\"@id\":\"https:\/\/www.federassantas.org.br\/novosite\/#website\"},\"primaryImageOfPage\":{\"@id\":\"https:\/\/www.federassantas.org.br\/novosite\/saude-da-mulher-e-destaque-em-congresso-internacional\/#primaryimage\"},\"image\":{\"@id\":\"https:\/\/www.federassantas.org.br\/novosite\/saude-da-mulher-e-destaque-em-congresso-internacional\/#primaryimage\"},\"thumbnailUrl\":\"\",\"datePublished\":\"2018-10-15T19:30:35+00:00\",\"breadcrumb\":{\"@id\":\"https:\/\/www.federassantas.org.br\/novosite\/saude-da-mulher-e-destaque-em-congresso-internacional\/#breadcrumb\"},\"inLanguage\":\"pt-BR\",\"potentialAction\":[{\"@type\":\"ReadAction\",\"target\":[\"https:\/\/www.federassantas.org.br\/novosite\/saude-da-mulher-e-destaque-em-congresso-internacional\/\"]}]},{\"@type\":\"ImageObject\",\"inLanguage\":\"pt-BR\",\"@id\":\"https:\/\/www.federassantas.org.br\/novosite\/saude-da-mulher-e-destaque-em-congresso-internacional\/#primaryimage\",\"url\":\"\",\"contentUrl\":\"\"},{\"@type\":\"BreadcrumbList\",\"@id\":\"https:\/\/www.federassantas.org.br\/novosite\/saude-da-mulher-e-destaque-em-congresso-internacional\/#breadcrumb\",\"itemListElement\":[{\"@type\":\"ListItem\",\"position\":1,\"name\":\"In\u00edcio\",\"item\":\"https:\/\/www.federassantas.org.br\/novosite\/\"},{\"@type\":\"ListItem\",\"position\":2,\"name\":\"Sa\u00fade da mulher \u00e9 destaque em congresso internacional\"}]},{\"@type\":\"WebSite\",\"@id\":\"https:\/\/www.federassantas.org.br\/novosite\/#website\",\"url\":\"https:\/\/www.federassantas.org.br\/novosite\/\",\"name\":\"Federassantas\",\"description\":\"Fed. das Santas Casas e Hospitais Filantr\u00f3picos de MG\",\"publisher\":{\"@id\":\"https:\/\/www.federassantas.org.br\/novosite\/#organization\"},\"potentialAction\":[{\"@type\":\"SearchAction\",\"target\":{\"@type\":\"EntryPoint\",\"urlTemplate\":\"https:\/\/www.federassantas.org.br\/novosite\/?s={search_term_string}\"},\"query-input\":{\"@type\":\"PropertyValueSpecification\",\"valueRequired\":true,\"valueName\":\"search_term_string\"}}],\"inLanguage\":\"pt-BR\"},{\"@type\":\"Organization\",\"@id\":\"https:\/\/www.federassantas.org.br\/novosite\/#organization\",\"name\":\"Federassantas\",\"url\":\"https:\/\/www.federassantas.org.br\/novosite\/\",\"logo\":{\"@type\":\"ImageObject\",\"inLanguage\":\"pt-BR\",\"@id\":\"https:\/\/www.federassantas.org.br\/novosite\/#\/schema\/logo\/image\/\",\"url\":\"https:\/\/www.federassantas.org.br\/novosite\/wp-content\/uploads\/2021\/12\/logo.png\",\"contentUrl\":\"https:\/\/www.federassantas.org.br\/novosite\/wp-content\/uploads\/2021\/12\/logo.png\",\"width\":243,\"height\":59,\"caption\":\"Federassantas\"},\"image\":{\"@id\":\"https:\/\/www.federassantas.org.br\/novosite\/#\/schema\/logo\/image\/\"}},{\"@type\":\"Person\",\"@id\":\"https:\/\/www.federassantas.org.br\/novosite\/#\/schema\/person\/75fed98158349313fe56175f232f513c\",\"name\":\"admin-federas\",\"image\":{\"@type\":\"ImageObject\",\"inLanguage\":\"pt-BR\",\"@id\":\"https:\/\/www.federassantas.org.br\/novosite\/#\/schema\/person\/image\/\",\"url\":\"https:\/\/secure.gravatar.com\/avatar\/2a02d7dda59fe8dc6b7ffd3f652e2efede5ccf0dd89dfdc8137c5517f3de8407?s=96&d=mm&r=g\",\"contentUrl\":\"https:\/\/secure.gravatar.com\/avatar\/2a02d7dda59fe8dc6b7ffd3f652e2efede5ccf0dd89dfdc8137c5517f3de8407?s=96&d=mm&r=g\",\"caption\":\"admin-federas\"},\"sameAs\":[\"https:\/\/www.federassantas.org.br\/novosite\/\"],\"url\":\"https:\/\/www.federassantas.org.br\/novosite\/author\/admin-federas\/\"}]}<\/script>\n<!-- \/ Yoast SEO plugin. -->","yoast_head_json":{"title":"Sa\u00fade da mulher \u00e9 destaque em congresso internacional - Federassantas","robots":{"index":"index","follow":"follow","max-snippet":"max-snippet:-1","max-image-preview":"max-image-preview:large","max-video-preview":"max-video-preview:-1"},"canonical":"https:\/\/www.federassantas.org.br\/novosite\/saude-da-mulher-e-destaque-em-congresso-internacional\/","og_locale":"pt_BR","og_type":"article","og_title":"Sa\u00fade da mulher \u00e9 destaque em congresso internacional - Federassantas","og_description":"O XXII Congresso Mundial de Ginecologia e Obstetr\u00edcia FIGO re\u00fane m\u00e9dicos de v\u00e1rias especialidades, durante uma semana, para debater a\u00e7\u00f5es e pol\u00edticas p\u00fablicas relacionadas \u00e0 sa\u00fade da mulher em todo o mundo O ministro da Sa\u00fade, Gilberto Occhi, participou, neste domingo (14), da abertura do XXII Congresso Mundial de Ginecologia e Obstetr\u00edcia &#8211; FIGO, no [&hellip;]","og_url":"https:\/\/www.federassantas.org.br\/novosite\/saude-da-mulher-e-destaque-em-congresso-internacional\/","og_site_name":"Federassantas","article_published_time":"2018-10-15T19:30:35+00:00","author":"admin-federas","twitter_card":"summary_large_image","twitter_misc":{"Escrito por":"admin-federas","Est. tempo de leitura":"4 minutos"},"schema":{"@context":"https:\/\/schema.org","@graph":[{"@type":"Article","@id":"https:\/\/www.federassantas.org.br\/novosite\/saude-da-mulher-e-destaque-em-congresso-internacional\/#article","isPartOf":{"@id":"https:\/\/www.federassantas.org.br\/novosite\/saude-da-mulher-e-destaque-em-congresso-internacional\/"},"author":{"name":"admin-federas","@id":"https:\/\/www.federassantas.org.br\/novosite\/#\/schema\/person\/75fed98158349313fe56175f232f513c"},"headline":"Sa\u00fade da mulher \u00e9 destaque em congresso internacional","datePublished":"2018-10-15T19:30:35+00:00","mainEntityOfPage":{"@id":"https:\/\/www.federassantas.org.br\/novosite\/saude-da-mulher-e-destaque-em-congresso-internacional\/"},"wordCount":782,"commentCount":0,"publisher":{"@id":"https:\/\/www.federassantas.org.br\/novosite\/#organization"},"image":{"@id":"https:\/\/www.federassantas.org.br\/novosite\/saude-da-mulher-e-destaque-em-congresso-internacional\/#primaryimage"},"thumbnailUrl":"","articleSection":["Not\u00edcias"],"inLanguage":"pt-BR","potentialAction":[{"@type":"CommentAction","name":"Comment","target":["https:\/\/www.federassantas.org.br\/novosite\/saude-da-mulher-e-destaque-em-congresso-internacional\/#respond"]}]},{"@type":"WebPage","@id":"https:\/\/www.federassantas.org.br\/novosite\/saude-da-mulher-e-destaque-em-congresso-internacional\/","url":"https:\/\/www.federassantas.org.br\/novosite\/saude-da-mulher-e-destaque-em-congresso-internacional\/","name":"Sa\u00fade da mulher \u00e9 destaque em congresso internacional - Federassantas","isPartOf":{"@id":"https:\/\/www.federassantas.org.br\/novosite\/#website"},"primaryImageOfPage":{"@id":"https:\/\/www.federassantas.org.br\/novosite\/saude-da-mulher-e-destaque-em-congresso-internacional\/#primaryimage"},"image":{"@id":"https:\/\/www.federassantas.org.br\/novosite\/saude-da-mulher-e-destaque-em-congresso-internacional\/#primaryimage"},"thumbnailUrl":"","datePublished":"2018-10-15T19:30:35+00:00","breadcrumb":{"@id":"https:\/\/www.federassantas.org.br\/novosite\/saude-da-mulher-e-destaque-em-congresso-internacional\/#breadcrumb"},"inLanguage":"pt-BR","potentialAction":[{"@type":"ReadAction","target":["https:\/\/www.federassantas.org.br\/novosite\/saude-da-mulher-e-destaque-em-congresso-internacional\/"]}]},{"@type":"ImageObject","inLanguage":"pt-BR","@id":"https:\/\/www.federassantas.org.br\/novosite\/saude-da-mulher-e-destaque-em-congresso-internacional\/#primaryimage","url":"","contentUrl":""},{"@type":"BreadcrumbList","@id":"https:\/\/www.federassantas.org.br\/novosite\/saude-da-mulher-e-destaque-em-congresso-internacional\/#breadcrumb","itemListElement":[{"@type":"ListItem","position":1,"name":"In\u00edcio","item":"https:\/\/www.federassantas.org.br\/novosite\/"},{"@type":"ListItem","position":2,"name":"Sa\u00fade da mulher \u00e9 destaque em congresso internacional"}]},{"@type":"WebSite","@id":"https:\/\/www.federassantas.org.br\/novosite\/#website","url":"https:\/\/www.federassantas.org.br\/novosite\/","name":"Federassantas","description":"Fed. das Santas Casas e Hospitais Filantr\u00f3picos de MG","publisher":{"@id":"https:\/\/www.federassantas.org.br\/novosite\/#organization"},"potentialAction":[{"@type":"SearchAction","target":{"@type":"EntryPoint","urlTemplate":"https:\/\/www.federassantas.org.br\/novosite\/?s={search_term_string}"},"query-input":{"@type":"PropertyValueSpecification","valueRequired":true,"valueName":"search_term_string"}}],"inLanguage":"pt-BR"},{"@type":"Organization","@id":"https:\/\/www.federassantas.org.br\/novosite\/#organization","name":"Federassantas","url":"https:\/\/www.federassantas.org.br\/novosite\/","logo":{"@type":"ImageObject","inLanguage":"pt-BR","@id":"https:\/\/www.federassantas.org.br\/novosite\/#\/schema\/logo\/image\/","url":"https:\/\/www.federassantas.org.br\/novosite\/wp-content\/uploads\/2021\/12\/logo.png","contentUrl":"https:\/\/www.federassantas.org.br\/novosite\/wp-content\/uploads\/2021\/12\/logo.png","width":243,"height":59,"caption":"Federassantas"},"image":{"@id":"https:\/\/www.federassantas.org.br\/novosite\/#\/schema\/logo\/image\/"}},{"@type":"Person","@id":"https:\/\/www.federassantas.org.br\/novosite\/#\/schema\/person\/75fed98158349313fe56175f232f513c","name":"admin-federas","image":{"@type":"ImageObject","inLanguage":"pt-BR","@id":"https:\/\/www.federassantas.org.br\/novosite\/#\/schema\/person\/image\/","url":"https:\/\/secure.gravatar.com\/avatar\/2a02d7dda59fe8dc6b7ffd3f652e2efede5ccf0dd89dfdc8137c5517f3de8407?s=96&d=mm&r=g","contentUrl":"https:\/\/secure.gravatar.com\/avatar\/2a02d7dda59fe8dc6b7ffd3f652e2efede5ccf0dd89dfdc8137c5517f3de8407?s=96&d=mm&r=g","caption":"admin-federas"},"sameAs":["https:\/\/www.federassantas.org.br\/novosite\/"],"url":"https:\/\/www.federassantas.org.br\/novosite\/author\/admin-federas\/"}]}},"_links":{"self":[{"href":"https:\/\/www.federassantas.org.br\/novosite\/wp-json\/wp\/v2\/posts\/14435","targetHints":{"allow":["GET"]}}],"collection":[{"href":"https:\/\/www.federassantas.org.br\/novosite\/wp-json\/wp\/v2\/posts"}],"about":[{"href":"https:\/\/www.federassantas.org.br\/novosite\/wp-json\/wp\/v2\/types\/post"}],"author":[{"embeddable":true,"href":"https:\/\/www.federassantas.org.br\/novosite\/wp-json\/wp\/v2\/users\/1"}],"replies":[{"embeddable":true,"href":"https:\/\/www.federassantas.org.br\/novosite\/wp-json\/wp\/v2\/comments?post=14435"}],"version-history":[{"count":0,"href":"https:\/\/www.federassantas.org.br\/novosite\/wp-json\/wp\/v2\/posts\/14435\/revisions"}],"wp:featuredmedia":[{"embeddable":true,"href":"https:\/\/www.federassantas.org.br\/novosite\/wp-json\/"}],"wp:attachment":[{"href":"https:\/\/www.federassantas.org.br\/novosite\/wp-json\/wp\/v2\/media?parent=14435"}],"wp:term":[{"taxonomy":"category","embeddable":true,"href":"https:\/\/www.federassantas.org.br\/novosite\/wp-json\/wp\/v2\/categories?post=14435"},{"taxonomy":"post_tag","embeddable":true,"href":"https:\/\/www.federassantas.org.br\/novosite\/wp-json\/wp\/v2\/tags?post=14435"}],"curies":[{"name":"wp","href":"https:\/\/api.w.org\/{rel}","templated":true}]}}