{"id":14461,"date":"2018-11-01T11:42:05","date_gmt":"2018-11-01T14:42:05","guid":{"rendered":"https:\/\/federasbackup.meltcomunicacao.com.br\/?p=14461"},"modified":"2018-11-01T11:42:05","modified_gmt":"2018-11-01T14:42:05","slug":"encontro-federassantas-2018-2","status":"publish","type":"post","link":"https:\/\/www.federassantas.org.br\/novosite\/encontro-federassantas-2018-2\/","title":{"rendered":"Encontro Federassantas 2018"},"content":{"rendered":"<p style=\"text-align: justify;\">Est\u00e3o abertas as inscri\u00e7\u00f5es para o <strong>ENCONTRO FEDERASSANTAS 2018!<br \/>\n<\/strong>Nosso evento acontecer\u00e1 nos dias <strong>21 e 22 de novembro<\/strong> na Serraria Souza Pinto (Belo Horizonte).<\/p>\n<p>Repetindo o modelo de parceria do ano anterior, o encontro ser\u00e1 realizado junto \u00e0 maior feira de neg\u00f3cios de Minas Gerais &#8211;\u00a0<a href=\"http:\/\/expohospitalbrasil.com.br\/\">E<\/a><a href=\"http:\/\/expohospitalbrasil.com.br\/\">xpo-Hospital Brasil<\/a>.\u00a0Com o tema central \u201cBenchmarking, boas pr\u00e1ticas e relacionamento: segredos de sucesso!\u201d, o Encontro Federassantas 2018 prop\u00f5e a atualiza\u00e7\u00e3o de conhecimentos atrav\u00e9s de experi\u00eancias bem-sucedidas, que poder\u00e3o ser aplicadas no dia a dia das institui\u00e7\u00f5es.<\/p>\n<p style=\"text-align: justify;\">A programa\u00e7\u00e3o ser\u00e1 composta por palestras , cases e minicursos, de renomados convidados do setor de sa\u00fade, proporcionando aos dirigentes dos hospitais filantr\u00f3picos a oportunidade de atualiza\u00e7\u00e3o e aquisi\u00e7\u00e3o de conhecimento.\u00a0O evento proporcionar\u00e1 tamb\u00e9m uma oportunidade de networking e momentos de confraterniza\u00e7\u00e3o entre os participantes.<\/p>\n<p><strong><em>N\u00e3o perca a oportunidade de atualizar e adquirir conhecimentos em gest\u00e3o hospitalar!\u00a0<\/em><\/strong><br \/>\n<strong><em>Participe do\u00a0Encontro Federassantas 2018, invista em melhorias e resultados para o seu hospital!<\/em><\/strong><\/p>\n<p style=\"text-align: justify;\">Confira a programa\u00e7\u00e3o completa e fa\u00e7a j\u00e1 sua inscri\u00e7\u00e3o no site <strong><a href=\"https:\/\/bit.ly\/2BXzcLx\">https:\/\/bit.ly\/2BXzcLx<\/a><\/strong><\/p>\n","protected":false},"excerpt":{"rendered":"<p>Est\u00e3o abertas as inscri\u00e7\u00f5es para o ENCONTRO FEDERASSANTAS 2018! Nosso evento acontecer\u00e1 nos dias 21 e 22 de novembro na Serraria Souza Pinto (Belo Horizonte). Repetindo o modelo de parceria do ano anterior, o encontro ser\u00e1 realizado junto \u00e0 maior feira de neg\u00f3cios de Minas Gerais &#8211;\u00a0Expo-Hospital Brasil.\u00a0Com o tema central \u201cBenchmarking, boas pr\u00e1ticas e [&hellip;]<\/p>\n","protected":false},"author":1,"featured_media":14325,"comment_status":"open","ping_status":"open","sticky":false,"template":"","format":"standard","meta":{"footnotes":""},"categories":[177,140],"tags":[],"class_list":["post-14461","post","type-post","status-publish","format-standard","has-post-thumbnail","hentry","category-eventos","category-noticias"],"yoast_head":"<!-- This site is optimized with the Yoast SEO plugin v26.9 - https:\/\/yoast.com\/product\/yoast-seo-wordpress\/ -->\n<title>Encontro Federassantas 2018 - Federassantas<\/title>\n<meta name=\"robots\" content=\"index, follow, max-snippet:-1, max-image-preview:large, max-video-preview:-1\" \/>\n<link rel=\"canonical\" href=\"https:\/\/www.federassantas.org.br\/novosite\/encontro-federassantas-2018-2\/\" \/>\n<meta property=\"og:locale\" content=\"pt_BR\" \/>\n<meta property=\"og:type\" content=\"article\" \/>\n<meta property=\"og:title\" content=\"Encontro Federassantas 2018 - Federassantas\" \/>\n<meta property=\"og:description\" content=\"Est\u00e3o abertas as inscri\u00e7\u00f5es para o ENCONTRO FEDERASSANTAS 2018! Nosso evento acontecer\u00e1 nos dias 21 e 22 de novembro na Serraria Souza Pinto (Belo Horizonte). Repetindo o modelo de parceria do ano anterior, o encontro ser\u00e1 realizado junto \u00e0 maior feira de neg\u00f3cios de Minas Gerais &#8211;\u00a0Expo-Hospital Brasil.\u00a0Com o tema central \u201cBenchmarking, boas pr\u00e1ticas e [&hellip;]\" \/>\n<meta property=\"og:url\" content=\"https:\/\/www.federassantas.org.br\/novosite\/encontro-federassantas-2018-2\/\" \/>\n<meta property=\"og:site_name\" content=\"Federassantas\" \/>\n<meta property=\"article:published_time\" content=\"2018-11-01T14:42:05+00:00\" \/>\n<meta name=\"author\" content=\"admin-federas\" \/>\n<meta name=\"twitter:card\" content=\"summary_large_image\" \/>\n<meta name=\"twitter:label1\" content=\"Escrito por\" \/>\n\t<meta name=\"twitter:data1\" content=\"admin-federas\" \/>\n\t<meta name=\"twitter:label2\" content=\"Est. tempo de leitura\" \/>\n\t<meta name=\"twitter:data2\" content=\"1 minuto\" \/>\n<script type=\"application\/ld+json\" class=\"yoast-schema-graph\">{\"@context\":\"https:\/\/schema.org\",\"@graph\":[{\"@type\":\"Article\",\"@id\":\"https:\/\/www.federassantas.org.br\/novosite\/encontro-federassantas-2018-2\/#article\",\"isPartOf\":{\"@id\":\"https:\/\/www.federassantas.org.br\/novosite\/encontro-federassantas-2018-2\/\"},\"author\":{\"name\":\"admin-federas\",\"@id\":\"https:\/\/www.federassantas.org.br\/novosite\/#\/schema\/person\/75fed98158349313fe56175f232f513c\"},\"headline\":\"Encontro Federassantas 2018\",\"datePublished\":\"2018-11-01T14:42:05+00:00\",\"mainEntityOfPage\":{\"@id\":\"https:\/\/www.federassantas.org.br\/novosite\/encontro-federassantas-2018-2\/\"},\"wordCount\":189,\"commentCount\":0,\"publisher\":{\"@id\":\"https:\/\/www.federassantas.org.br\/novosite\/#organization\"},\"image\":{\"@id\":\"https:\/\/www.federassantas.org.br\/novosite\/encontro-federassantas-2018-2\/#primaryimage\"},\"thumbnailUrl\":\"\",\"articleSection\":[\"Eventos\",\"Not\u00edcias\"],\"inLanguage\":\"pt-BR\",\"potentialAction\":[{\"@type\":\"CommentAction\",\"name\":\"Comment\",\"target\":[\"https:\/\/www.federassantas.org.br\/novosite\/encontro-federassantas-2018-2\/#respond\"]}]},{\"@type\":\"WebPage\",\"@id\":\"https:\/\/www.federassantas.org.br\/novosite\/encontro-federassantas-2018-2\/\",\"url\":\"https:\/\/www.federassantas.org.br\/novosite\/encontro-federassantas-2018-2\/\",\"name\":\"Encontro Federassantas 2018 - Federassantas\",\"isPartOf\":{\"@id\":\"https:\/\/www.federassantas.org.br\/novosite\/#website\"},\"primaryImageOfPage\":{\"@id\":\"https:\/\/www.federassantas.org.br\/novosite\/encontro-federassantas-2018-2\/#primaryimage\"},\"image\":{\"@id\":\"https:\/\/www.federassantas.org.br\/novosite\/encontro-federassantas-2018-2\/#primaryimage\"},\"thumbnailUrl\":\"\",\"datePublished\":\"2018-11-01T14:42:05+00:00\",\"breadcrumb\":{\"@id\":\"https:\/\/www.federassantas.org.br\/novosite\/encontro-federassantas-2018-2\/#breadcrumb\"},\"inLanguage\":\"pt-BR\",\"potentialAction\":[{\"@type\":\"ReadAction\",\"target\":[\"https:\/\/www.federassantas.org.br\/novosite\/encontro-federassantas-2018-2\/\"]}]},{\"@type\":\"ImageObject\",\"inLanguage\":\"pt-BR\",\"@id\":\"https:\/\/www.federassantas.org.br\/novosite\/encontro-federassantas-2018-2\/#primaryimage\",\"url\":\"\",\"contentUrl\":\"\"},{\"@type\":\"BreadcrumbList\",\"@id\":\"https:\/\/www.federassantas.org.br\/novosite\/encontro-federassantas-2018-2\/#breadcrumb\",\"itemListElement\":[{\"@type\":\"ListItem\",\"position\":1,\"name\":\"In\u00edcio\",\"item\":\"https:\/\/www.federassantas.org.br\/novosite\/\"},{\"@type\":\"ListItem\",\"position\":2,\"name\":\"Encontro Federassantas 2018\"}]},{\"@type\":\"WebSite\",\"@id\":\"https:\/\/www.federassantas.org.br\/novosite\/#website\",\"url\":\"https:\/\/www.federassantas.org.br\/novosite\/\",\"name\":\"Federassantas\",\"description\":\"Fed. das Santas Casas e Hospitais Filantr\u00f3picos de MG\",\"publisher\":{\"@id\":\"https:\/\/www.federassantas.org.br\/novosite\/#organization\"},\"potentialAction\":[{\"@type\":\"SearchAction\",\"target\":{\"@type\":\"EntryPoint\",\"urlTemplate\":\"https:\/\/www.federassantas.org.br\/novosite\/?s={search_term_string}\"},\"query-input\":{\"@type\":\"PropertyValueSpecification\",\"valueRequired\":true,\"valueName\":\"search_term_string\"}}],\"inLanguage\":\"pt-BR\"},{\"@type\":\"Organization\",\"@id\":\"https:\/\/www.federassantas.org.br\/novosite\/#organization\",\"name\":\"Federassantas\",\"url\":\"https:\/\/www.federassantas.org.br\/novosite\/\",\"logo\":{\"@type\":\"ImageObject\",\"inLanguage\":\"pt-BR\",\"@id\":\"https:\/\/www.federassantas.org.br\/novosite\/#\/schema\/logo\/image\/\",\"url\":\"https:\/\/www.federassantas.org.br\/novosite\/wp-content\/uploads\/2021\/12\/logo.png\",\"contentUrl\":\"https:\/\/www.federassantas.org.br\/novosite\/wp-content\/uploads\/2021\/12\/logo.png\",\"width\":243,\"height\":59,\"caption\":\"Federassantas\"},\"image\":{\"@id\":\"https:\/\/www.federassantas.org.br\/novosite\/#\/schema\/logo\/image\/\"}},{\"@type\":\"Person\",\"@id\":\"https:\/\/www.federassantas.org.br\/novosite\/#\/schema\/person\/75fed98158349313fe56175f232f513c\",\"name\":\"admin-federas\",\"image\":{\"@type\":\"ImageObject\",\"inLanguage\":\"pt-BR\",\"@id\":\"https:\/\/www.federassantas.org.br\/novosite\/#\/schema\/person\/image\/\",\"url\":\"https:\/\/secure.gravatar.com\/avatar\/2a02d7dda59fe8dc6b7ffd3f652e2efede5ccf0dd89dfdc8137c5517f3de8407?s=96&d=mm&r=g\",\"contentUrl\":\"https:\/\/secure.gravatar.com\/avatar\/2a02d7dda59fe8dc6b7ffd3f652e2efede5ccf0dd89dfdc8137c5517f3de8407?s=96&d=mm&r=g\",\"caption\":\"admin-federas\"},\"sameAs\":[\"https:\/\/www.federassantas.org.br\/novosite\/\"],\"url\":\"https:\/\/www.federassantas.org.br\/novosite\/author\/admin-federas\/\"}]}<\/script>\n<!-- \/ Yoast SEO plugin. -->","yoast_head_json":{"title":"Encontro Federassantas 2018 - Federassantas","robots":{"index":"index","follow":"follow","max-snippet":"max-snippet:-1","max-image-preview":"max-image-preview:large","max-video-preview":"max-video-preview:-1"},"canonical":"https:\/\/www.federassantas.org.br\/novosite\/encontro-federassantas-2018-2\/","og_locale":"pt_BR","og_type":"article","og_title":"Encontro Federassantas 2018 - Federassantas","og_description":"Est\u00e3o abertas as inscri\u00e7\u00f5es para o ENCONTRO FEDERASSANTAS 2018! Nosso evento acontecer\u00e1 nos dias 21 e 22 de novembro na Serraria Souza Pinto (Belo Horizonte). Repetindo o modelo de parceria do ano anterior, o encontro ser\u00e1 realizado junto \u00e0 maior feira de neg\u00f3cios de Minas Gerais &#8211;\u00a0Expo-Hospital Brasil.\u00a0Com o tema central \u201cBenchmarking, boas pr\u00e1ticas e [&hellip;]","og_url":"https:\/\/www.federassantas.org.br\/novosite\/encontro-federassantas-2018-2\/","og_site_name":"Federassantas","article_published_time":"2018-11-01T14:42:05+00:00","author":"admin-federas","twitter_card":"summary_large_image","twitter_misc":{"Escrito por":"admin-federas","Est. tempo de leitura":"1 minuto"},"schema":{"@context":"https:\/\/schema.org","@graph":[{"@type":"Article","@id":"https:\/\/www.federassantas.org.br\/novosite\/encontro-federassantas-2018-2\/#article","isPartOf":{"@id":"https:\/\/www.federassantas.org.br\/novosite\/encontro-federassantas-2018-2\/"},"author":{"name":"admin-federas","@id":"https:\/\/www.federassantas.org.br\/novosite\/#\/schema\/person\/75fed98158349313fe56175f232f513c"},"headline":"Encontro Federassantas 2018","datePublished":"2018-11-01T14:42:05+00:00","mainEntityOfPage":{"@id":"https:\/\/www.federassantas.org.br\/novosite\/encontro-federassantas-2018-2\/"},"wordCount":189,"commentCount":0,"publisher":{"@id":"https:\/\/www.federassantas.org.br\/novosite\/#organization"},"image":{"@id":"https:\/\/www.federassantas.org.br\/novosite\/encontro-federassantas-2018-2\/#primaryimage"},"thumbnailUrl":"","articleSection":["Eventos","Not\u00edcias"],"inLanguage":"pt-BR","potentialAction":[{"@type":"CommentAction","name":"Comment","target":["https:\/\/www.federassantas.org.br\/novosite\/encontro-federassantas-2018-2\/#respond"]}]},{"@type":"WebPage","@id":"https:\/\/www.federassantas.org.br\/novosite\/encontro-federassantas-2018-2\/","url":"https:\/\/www.federassantas.org.br\/novosite\/encontro-federassantas-2018-2\/","name":"Encontro Federassantas 2018 - Federassantas","isPartOf":{"@id":"https:\/\/www.federassantas.org.br\/novosite\/#website"},"primaryImageOfPage":{"@id":"https:\/\/www.federassantas.org.br\/novosite\/encontro-federassantas-2018-2\/#primaryimage"},"image":{"@id":"https:\/\/www.federassantas.org.br\/novosite\/encontro-federassantas-2018-2\/#primaryimage"},"thumbnailUrl":"","datePublished":"2018-11-01T14:42:05+00:00","breadcrumb":{"@id":"https:\/\/www.federassantas.org.br\/novosite\/encontro-federassantas-2018-2\/#breadcrumb"},"inLanguage":"pt-BR","potentialAction":[{"@type":"ReadAction","target":["https:\/\/www.federassantas.org.br\/novosite\/encontro-federassantas-2018-2\/"]}]},{"@type":"ImageObject","inLanguage":"pt-BR","@id":"https:\/\/www.federassantas.org.br\/novosite\/encontro-federassantas-2018-2\/#primaryimage","url":"","contentUrl":""},{"@type":"BreadcrumbList","@id":"https:\/\/www.federassantas.org.br\/novosite\/encontro-federassantas-2018-2\/#breadcrumb","itemListElement":[{"@type":"ListItem","position":1,"name":"In\u00edcio","item":"https:\/\/www.federassantas.org.br\/novosite\/"},{"@type":"ListItem","position":2,"name":"Encontro Federassantas 2018"}]},{"@type":"WebSite","@id":"https:\/\/www.federassantas.org.br\/novosite\/#website","url":"https:\/\/www.federassantas.org.br\/novosite\/","name":"Federassantas","description":"Fed. das Santas Casas e Hospitais Filantr\u00f3picos de MG","publisher":{"@id":"https:\/\/www.federassantas.org.br\/novosite\/#organization"},"potentialAction":[{"@type":"SearchAction","target":{"@type":"EntryPoint","urlTemplate":"https:\/\/www.federassantas.org.br\/novosite\/?s={search_term_string}"},"query-input":{"@type":"PropertyValueSpecification","valueRequired":true,"valueName":"search_term_string"}}],"inLanguage":"pt-BR"},{"@type":"Organization","@id":"https:\/\/www.federassantas.org.br\/novosite\/#organization","name":"Federassantas","url":"https:\/\/www.federassantas.org.br\/novosite\/","logo":{"@type":"ImageObject","inLanguage":"pt-BR","@id":"https:\/\/www.federassantas.org.br\/novosite\/#\/schema\/logo\/image\/","url":"https:\/\/www.federassantas.org.br\/novosite\/wp-content\/uploads\/2021\/12\/logo.png","contentUrl":"https:\/\/www.federassantas.org.br\/novosite\/wp-content\/uploads\/2021\/12\/logo.png","width":243,"height":59,"caption":"Federassantas"},"image":{"@id":"https:\/\/www.federassantas.org.br\/novosite\/#\/schema\/logo\/image\/"}},{"@type":"Person","@id":"https:\/\/www.federassantas.org.br\/novosite\/#\/schema\/person\/75fed98158349313fe56175f232f513c","name":"admin-federas","image":{"@type":"ImageObject","inLanguage":"pt-BR","@id":"https:\/\/www.federassantas.org.br\/novosite\/#\/schema\/person\/image\/","url":"https:\/\/secure.gravatar.com\/avatar\/2a02d7dda59fe8dc6b7ffd3f652e2efede5ccf0dd89dfdc8137c5517f3de8407?s=96&d=mm&r=g","contentUrl":"https:\/\/secure.gravatar.com\/avatar\/2a02d7dda59fe8dc6b7ffd3f652e2efede5ccf0dd89dfdc8137c5517f3de8407?s=96&d=mm&r=g","caption":"admin-federas"},"sameAs":["https:\/\/www.federassantas.org.br\/novosite\/"],"url":"https:\/\/www.federassantas.org.br\/novosite\/author\/admin-federas\/"}]}},"_links":{"self":[{"href":"https:\/\/www.federassantas.org.br\/novosite\/wp-json\/wp\/v2\/posts\/14461","targetHints":{"allow":["GET"]}}],"collection":[{"href":"https:\/\/www.federassantas.org.br\/novosite\/wp-json\/wp\/v2\/posts"}],"about":[{"href":"https:\/\/www.federassantas.org.br\/novosite\/wp-json\/wp\/v2\/types\/post"}],"author":[{"embeddable":true,"href":"https:\/\/www.federassantas.org.br\/novosite\/wp-json\/wp\/v2\/users\/1"}],"replies":[{"embeddable":true,"href":"https:\/\/www.federassantas.org.br\/novosite\/wp-json\/wp\/v2\/comments?post=14461"}],"version-history":[{"count":0,"href":"https:\/\/www.federassantas.org.br\/novosite\/wp-json\/wp\/v2\/posts\/14461\/revisions"}],"wp:featuredmedia":[{"embeddable":true,"href":"https:\/\/www.federassantas.org.br\/novosite\/wp-json\/"}],"wp:attachment":[{"href":"https:\/\/www.federassantas.org.br\/novosite\/wp-json\/wp\/v2\/media?parent=14461"}],"wp:term":[{"taxonomy":"category","embeddable":true,"href":"https:\/\/www.federassantas.org.br\/novosite\/wp-json\/wp\/v2\/categories?post=14461"},{"taxonomy":"post_tag","embeddable":true,"href":"https:\/\/www.federassantas.org.br\/novosite\/wp-json\/wp\/v2\/tags?post=14461"}],"curies":[{"name":"wp","href":"https:\/\/api.w.org\/{rel}","templated":true}]}}