{"id":14467,"date":"2018-10-17T15:39:22","date_gmt":"2018-10-17T18:39:22","guid":{"rendered":"https:\/\/federasbackup.meltcomunicacao.com.br\/?p=14467"},"modified":"2018-10-17T15:39:22","modified_gmt":"2018-10-17T18:39:22","slug":"camara-aprova-mp-que-cria-linha-de-credito-para-os-filantropicos-com-recursos-do-fgts","status":"publish","type":"post","link":"https:\/\/www.federassantas.org.br\/novosite\/camara-aprova-mp-que-cria-linha-de-credito-para-os-filantropicos-com-recursos-do-fgts\/","title":{"rendered":"C\u00e2mara aprova MP que cria linha de cr\u00e9dito para os filantr\u00f3picos com recursos do FGTS"},"content":{"rendered":"<div id=\"resumoNoticia\">\n<p><em>Deputados v\u00e3o analisar nesta quarta-feira destaques que podem alterar a medida<\/em><\/p>\n<\/div>\n<div id=\"conteudoNoticia\">\n<p style=\"text-align: justify;\">O Plen\u00e1rio da C\u00e2mara dos Deputados aprovou nesta ter\u00e7a-feira (16) o texto principal da Medida Provis\u00f3ria 848\/18, que permite o uso de recursos do Fundo de Garantia do Tempo de Servi\u00e7o (FGTS) para uma linha de cr\u00e9dito destinada a socorrer as santas casas e os hospitais filantr\u00f3picos que atendem pelo Sistema \u00danico de Sa\u00fade (SUS).<\/p>\n<p style=\"text-align: justify;\">Ainda falta votar os\u00a0<span class=\"termoGlossario\">destaques<\/span>\u00a0para que a an\u00e1lise da MP seja conclu\u00edda. Entre os destaques, est\u00e1 um do PSDB que amplia a linha de cr\u00e9dito para institui\u00e7\u00f5es que atuam em prol de pessoas com defici\u00eancia; e um do PT para exigir das filantr\u00f3picas e santas casas a apresenta\u00e7\u00e3o de programa de trabalho que identifique a amplia\u00e7\u00e3o da oferta de servi\u00e7os com o uso do empr\u00e9stimo.<\/p>\n<p>De acordo com a MP, 5% do programa anual de aplica\u00e7\u00f5es do FGTS ser\u00e3o destinados a essa linha de financiamento. Segundo o Minist\u00e9rio da Sa\u00fade, isso equivale a cerca de R$ 4 bilh\u00f5es em 2018. Os operadores ser\u00e3o Banco do Brasil, Caixa Econ\u00f4mica Federal e Banco Nacional do Desenvolvimento Econ\u00f4mico e Social (<span class=\"termoGlossario\">BNDES<\/span>). O risco financeiro da opera\u00e7\u00e3o ficar\u00e1 com os bancos.<\/p>\n<p style=\"text-align: justify;\"><strong>Mudan\u00e7as no texto<\/strong><br \/>\nO texto aprovado em Plen\u00e1rio \u00e9 o\u00a0<span class=\"termoGlossario\">projeto de lei de convers\u00e3o<\/span>\u00a0do senador Lasier Martins (PSD-RS), que inclui apenas duas mudan\u00e7as na MP. Uma delas refor\u00e7a a possibilidade de uso dos recursos reservados \u00e0s santas casas, mas n\u00e3o emprestados em outras finalidades j\u00e1 previstas na lei do FGTS, como habita\u00e7\u00e3o, saneamento b\u00e1sico e infraestrutura urbana.<\/p>\n<p style=\"text-align: justify;\">Outra condi\u00e7\u00e3o prevista pelo relator foi de que a santa casa interessada no financiamento dever\u00e1 ofertar um m\u00ednimo de 60% de seus servi\u00e7os ao SUS e comprovar, anualmente, a presta\u00e7\u00e3o desses servi\u00e7os com base no n\u00famero de interna\u00e7\u00f5es e atendimentos ambulatoriais realizados.<\/p>\n<p style=\"text-align: justify;\"><strong>Fonte de recursos<\/strong><br \/>\nUma das pol\u00eamicas da MP \u00e9 a fonte dos recursos. O deputado Bebeto (PSB-BA) defendeu o financiamento das santas casas pelo Tesouro Nacional, mas n\u00e3o com recursos do FGTS. \u201cEsse debate \u00e9 muito caro no momento de crise, em que o estoque de reservas do FGTS est\u00e1 diminuindo acentuadamente, e os saques s\u00e3o maiores do que a reposi\u00e7\u00e3o dos recursos\u201d, alertou.<\/p>\n<div id=\"audioContainer\" class=\"alinhadoEsquerda\" style=\"text-align: justify;\">\n<div id=\"audioNoticia\" class=\"id1539791835393\">\n<div class=\"legenda\">O deputado Hildo Rocha (MDB-MA) tamb\u00e9m criticou a medida. \u201cRetirar recursos do FGTS para custear santas casas \u00e9 um equ\u00edvoco. Elas precisam de recursos, mas n\u00e3o pode ser do FGTS\u201d, disse.<\/div>\n<\/div>\n<\/div>\n<p style=\"text-align: justify;\">J\u00e1 a deputada Carmen Zanotto (PPS-SC) afirmou que este \u00e9 o caminho poss\u00edvel e que o governo vai receber de volta o dinheiro emprestado. \u201cOu usamos esses recursos ou fechamos os prestadores de servi\u00e7os do Sistema \u00danico de Sa\u00fade, que s\u00e3o os que atendem os trabalhadores. \u00c9 o caminho poss\u00edvel para salvar a rede hospitalar\u201d, afirmou.<\/p>\n<p style=\"text-align: justify;\">O deputado Leonardo Quint\u00e3o (MDB-MG) tamb\u00e9m ressaltou que o dinheiro do FGTS n\u00e3o ser\u00e1 emprestado a santas casas \u201ca fundo perdido\u201d, ou seja, sem previs\u00e3o de retorno. \u201cN\u00e3o \u00e9 fundo perdido, \u00e9 empr\u00e9stimo que ser\u00e1 retido no Minist\u00e9rio da Sa\u00fade\u201d, afirmou.<\/p>\n<p>Confira a \u00edntegra da proposta <a href=\"http:\/\/www.camara.gov.br\/proposicoesWeb\/fichadetramitacao?idProposicao=2183306\">aqui.<\/a><\/p>\n<p><em>Fonte: <a href=\"http:\/\/www2.camara.leg.br\/camaranoticias\/noticias\/SAUDE\/564319-CAMARA-APROVA-TEXTO-BASE-DE-MP-QUE-CRIA-LINHA-DE-CREDITO-DO-FGTS-PARA-AUXILIO-A-SANTAS-CASAS.html\">Ag\u00eancia C\u00e2mara Not\u00edcias<\/a><\/em><\/p>\n<\/div>\n","protected":false},"excerpt":{"rendered":"<p>Deputados v\u00e3o analisar nesta quarta-feira destaques que podem alterar a medida O Plen\u00e1rio da C\u00e2mara dos Deputados aprovou nesta ter\u00e7a-feira (16) o texto principal da Medida Provis\u00f3ria 848\/18, que permite o uso de recursos do Fundo de Garantia do Tempo de Servi\u00e7o (FGTS) para uma linha de cr\u00e9dito destinada a socorrer as santas casas e [&hellip;]<\/p>\n","protected":false},"author":1,"featured_media":14469,"comment_status":"open","ping_status":"open","sticky":false,"template":"","format":"standard","meta":{"footnotes":""},"categories":[140],"tags":[],"class_list":["post-14467","post","type-post","status-publish","format-standard","has-post-thumbnail","hentry","category-noticias"],"yoast_head":"<!-- This site is optimized with the Yoast SEO plugin v26.9 - https:\/\/yoast.com\/product\/yoast-seo-wordpress\/ -->\n<title>C\u00e2mara aprova MP que cria linha de cr\u00e9dito para os filantr\u00f3picos com recursos do FGTS - Federassantas<\/title>\n<meta name=\"robots\" content=\"index, follow, max-snippet:-1, max-image-preview:large, max-video-preview:-1\" \/>\n<link rel=\"canonical\" href=\"https:\/\/www.federassantas.org.br\/novosite\/camara-aprova-mp-que-cria-linha-de-credito-para-os-filantropicos-com-recursos-do-fgts\/\" \/>\n<meta property=\"og:locale\" content=\"pt_BR\" \/>\n<meta property=\"og:type\" content=\"article\" \/>\n<meta property=\"og:title\" content=\"C\u00e2mara aprova MP que cria linha de cr\u00e9dito para os filantr\u00f3picos com recursos do FGTS - Federassantas\" \/>\n<meta property=\"og:description\" content=\"Deputados v\u00e3o analisar nesta quarta-feira destaques que podem alterar a medida O Plen\u00e1rio da C\u00e2mara dos Deputados aprovou nesta ter\u00e7a-feira (16) o texto principal da Medida Provis\u00f3ria 848\/18, que permite o uso de recursos do Fundo de Garantia do Tempo de Servi\u00e7o (FGTS) para uma linha de cr\u00e9dito destinada a socorrer as santas casas e [&hellip;]\" \/>\n<meta property=\"og:url\" content=\"https:\/\/www.federassantas.org.br\/novosite\/camara-aprova-mp-que-cria-linha-de-credito-para-os-filantropicos-com-recursos-do-fgts\/\" \/>\n<meta property=\"og:site_name\" content=\"Federassantas\" \/>\n<meta property=\"article:published_time\" content=\"2018-10-17T18:39:22+00:00\" \/>\n<meta name=\"author\" content=\"admin-federas\" \/>\n<meta name=\"twitter:card\" content=\"summary_large_image\" \/>\n<meta name=\"twitter:label1\" content=\"Escrito por\" \/>\n\t<meta name=\"twitter:data1\" content=\"admin-federas\" \/>\n\t<meta name=\"twitter:label2\" content=\"Est. tempo de leitura\" \/>\n\t<meta name=\"twitter:data2\" content=\"3 minutos\" \/>\n<script type=\"application\/ld+json\" class=\"yoast-schema-graph\">{\"@context\":\"https:\/\/schema.org\",\"@graph\":[{\"@type\":\"Article\",\"@id\":\"https:\/\/www.federassantas.org.br\/novosite\/camara-aprova-mp-que-cria-linha-de-credito-para-os-filantropicos-com-recursos-do-fgts\/#article\",\"isPartOf\":{\"@id\":\"https:\/\/www.federassantas.org.br\/novosite\/camara-aprova-mp-que-cria-linha-de-credito-para-os-filantropicos-com-recursos-do-fgts\/\"},\"author\":{\"name\":\"admin-federas\",\"@id\":\"https:\/\/www.federassantas.org.br\/novosite\/#\/schema\/person\/75fed98158349313fe56175f232f513c\"},\"headline\":\"C\u00e2mara aprova MP que cria linha de cr\u00e9dito para os filantr\u00f3picos com recursos do FGTS\",\"datePublished\":\"2018-10-17T18:39:22+00:00\",\"mainEntityOfPage\":{\"@id\":\"https:\/\/www.federassantas.org.br\/novosite\/camara-aprova-mp-que-cria-linha-de-credito-para-os-filantropicos-com-recursos-do-fgts\/\"},\"wordCount\":567,\"commentCount\":0,\"publisher\":{\"@id\":\"https:\/\/www.federassantas.org.br\/novosite\/#organization\"},\"image\":{\"@id\":\"https:\/\/www.federassantas.org.br\/novosite\/camara-aprova-mp-que-cria-linha-de-credito-para-os-filantropicos-com-recursos-do-fgts\/#primaryimage\"},\"thumbnailUrl\":\"\",\"articleSection\":[\"Not\u00edcias\"],\"inLanguage\":\"pt-BR\",\"potentialAction\":[{\"@type\":\"CommentAction\",\"name\":\"Comment\",\"target\":[\"https:\/\/www.federassantas.org.br\/novosite\/camara-aprova-mp-que-cria-linha-de-credito-para-os-filantropicos-com-recursos-do-fgts\/#respond\"]}]},{\"@type\":\"WebPage\",\"@id\":\"https:\/\/www.federassantas.org.br\/novosite\/camara-aprova-mp-que-cria-linha-de-credito-para-os-filantropicos-com-recursos-do-fgts\/\",\"url\":\"https:\/\/www.federassantas.org.br\/novosite\/camara-aprova-mp-que-cria-linha-de-credito-para-os-filantropicos-com-recursos-do-fgts\/\",\"name\":\"C\u00e2mara aprova MP que cria linha de cr\u00e9dito para os filantr\u00f3picos com recursos do FGTS - Federassantas\",\"isPartOf\":{\"@id\":\"https:\/\/www.federassantas.org.br\/novosite\/#website\"},\"primaryImageOfPage\":{\"@id\":\"https:\/\/www.federassantas.org.br\/novosite\/camara-aprova-mp-que-cria-linha-de-credito-para-os-filantropicos-com-recursos-do-fgts\/#primaryimage\"},\"image\":{\"@id\":\"https:\/\/www.federassantas.org.br\/novosite\/camara-aprova-mp-que-cria-linha-de-credito-para-os-filantropicos-com-recursos-do-fgts\/#primaryimage\"},\"thumbnailUrl\":\"\",\"datePublished\":\"2018-10-17T18:39:22+00:00\",\"breadcrumb\":{\"@id\":\"https:\/\/www.federassantas.org.br\/novosite\/camara-aprova-mp-que-cria-linha-de-credito-para-os-filantropicos-com-recursos-do-fgts\/#breadcrumb\"},\"inLanguage\":\"pt-BR\",\"potentialAction\":[{\"@type\":\"ReadAction\",\"target\":[\"https:\/\/www.federassantas.org.br\/novosite\/camara-aprova-mp-que-cria-linha-de-credito-para-os-filantropicos-com-recursos-do-fgts\/\"]}]},{\"@type\":\"ImageObject\",\"inLanguage\":\"pt-BR\",\"@id\":\"https:\/\/www.federassantas.org.br\/novosite\/camara-aprova-mp-que-cria-linha-de-credito-para-os-filantropicos-com-recursos-do-fgts\/#primaryimage\",\"url\":\"\",\"contentUrl\":\"\"},{\"@type\":\"BreadcrumbList\",\"@id\":\"https:\/\/www.federassantas.org.br\/novosite\/camara-aprova-mp-que-cria-linha-de-credito-para-os-filantropicos-com-recursos-do-fgts\/#breadcrumb\",\"itemListElement\":[{\"@type\":\"ListItem\",\"position\":1,\"name\":\"In\u00edcio\",\"item\":\"https:\/\/www.federassantas.org.br\/novosite\/\"},{\"@type\":\"ListItem\",\"position\":2,\"name\":\"C\u00e2mara aprova MP que cria linha de cr\u00e9dito para os filantr\u00f3picos com recursos do FGTS\"}]},{\"@type\":\"WebSite\",\"@id\":\"https:\/\/www.federassantas.org.br\/novosite\/#website\",\"url\":\"https:\/\/www.federassantas.org.br\/novosite\/\",\"name\":\"Federassantas\",\"description\":\"Fed. das Santas Casas e Hospitais Filantr\u00f3picos de MG\",\"publisher\":{\"@id\":\"https:\/\/www.federassantas.org.br\/novosite\/#organization\"},\"potentialAction\":[{\"@type\":\"SearchAction\",\"target\":{\"@type\":\"EntryPoint\",\"urlTemplate\":\"https:\/\/www.federassantas.org.br\/novosite\/?s={search_term_string}\"},\"query-input\":{\"@type\":\"PropertyValueSpecification\",\"valueRequired\":true,\"valueName\":\"search_term_string\"}}],\"inLanguage\":\"pt-BR\"},{\"@type\":\"Organization\",\"@id\":\"https:\/\/www.federassantas.org.br\/novosite\/#organization\",\"name\":\"Federassantas\",\"url\":\"https:\/\/www.federassantas.org.br\/novosite\/\",\"logo\":{\"@type\":\"ImageObject\",\"inLanguage\":\"pt-BR\",\"@id\":\"https:\/\/www.federassantas.org.br\/novosite\/#\/schema\/logo\/image\/\",\"url\":\"https:\/\/www.federassantas.org.br\/novosite\/wp-content\/uploads\/2021\/12\/logo.png\",\"contentUrl\":\"https:\/\/www.federassantas.org.br\/novosite\/wp-content\/uploads\/2021\/12\/logo.png\",\"width\":243,\"height\":59,\"caption\":\"Federassantas\"},\"image\":{\"@id\":\"https:\/\/www.federassantas.org.br\/novosite\/#\/schema\/logo\/image\/\"}},{\"@type\":\"Person\",\"@id\":\"https:\/\/www.federassantas.org.br\/novosite\/#\/schema\/person\/75fed98158349313fe56175f232f513c\",\"name\":\"admin-federas\",\"image\":{\"@type\":\"ImageObject\",\"inLanguage\":\"pt-BR\",\"@id\":\"https:\/\/www.federassantas.org.br\/novosite\/#\/schema\/person\/image\/\",\"url\":\"https:\/\/secure.gravatar.com\/avatar\/2a02d7dda59fe8dc6b7ffd3f652e2efede5ccf0dd89dfdc8137c5517f3de8407?s=96&d=mm&r=g\",\"contentUrl\":\"https:\/\/secure.gravatar.com\/avatar\/2a02d7dda59fe8dc6b7ffd3f652e2efede5ccf0dd89dfdc8137c5517f3de8407?s=96&d=mm&r=g\",\"caption\":\"admin-federas\"},\"sameAs\":[\"https:\/\/www.federassantas.org.br\/novosite\/\"],\"url\":\"https:\/\/www.federassantas.org.br\/novosite\/author\/admin-federas\/\"}]}<\/script>\n<!-- \/ Yoast SEO plugin. -->","yoast_head_json":{"title":"C\u00e2mara aprova MP que cria linha de cr\u00e9dito para os filantr\u00f3picos com recursos do FGTS - Federassantas","robots":{"index":"index","follow":"follow","max-snippet":"max-snippet:-1","max-image-preview":"max-image-preview:large","max-video-preview":"max-video-preview:-1"},"canonical":"https:\/\/www.federassantas.org.br\/novosite\/camara-aprova-mp-que-cria-linha-de-credito-para-os-filantropicos-com-recursos-do-fgts\/","og_locale":"pt_BR","og_type":"article","og_title":"C\u00e2mara aprova MP que cria linha de cr\u00e9dito para os filantr\u00f3picos com recursos do FGTS - Federassantas","og_description":"Deputados v\u00e3o analisar nesta quarta-feira destaques que podem alterar a medida O Plen\u00e1rio da C\u00e2mara dos Deputados aprovou nesta ter\u00e7a-feira (16) o texto principal da Medida Provis\u00f3ria 848\/18, que permite o uso de recursos do Fundo de Garantia do Tempo de Servi\u00e7o (FGTS) para uma linha de cr\u00e9dito destinada a socorrer as santas casas e [&hellip;]","og_url":"https:\/\/www.federassantas.org.br\/novosite\/camara-aprova-mp-que-cria-linha-de-credito-para-os-filantropicos-com-recursos-do-fgts\/","og_site_name":"Federassantas","article_published_time":"2018-10-17T18:39:22+00:00","author":"admin-federas","twitter_card":"summary_large_image","twitter_misc":{"Escrito por":"admin-federas","Est. tempo de leitura":"3 minutos"},"schema":{"@context":"https:\/\/schema.org","@graph":[{"@type":"Article","@id":"https:\/\/www.federassantas.org.br\/novosite\/camara-aprova-mp-que-cria-linha-de-credito-para-os-filantropicos-com-recursos-do-fgts\/#article","isPartOf":{"@id":"https:\/\/www.federassantas.org.br\/novosite\/camara-aprova-mp-que-cria-linha-de-credito-para-os-filantropicos-com-recursos-do-fgts\/"},"author":{"name":"admin-federas","@id":"https:\/\/www.federassantas.org.br\/novosite\/#\/schema\/person\/75fed98158349313fe56175f232f513c"},"headline":"C\u00e2mara aprova MP que cria linha de cr\u00e9dito para os filantr\u00f3picos com recursos do FGTS","datePublished":"2018-10-17T18:39:22+00:00","mainEntityOfPage":{"@id":"https:\/\/www.federassantas.org.br\/novosite\/camara-aprova-mp-que-cria-linha-de-credito-para-os-filantropicos-com-recursos-do-fgts\/"},"wordCount":567,"commentCount":0,"publisher":{"@id":"https:\/\/www.federassantas.org.br\/novosite\/#organization"},"image":{"@id":"https:\/\/www.federassantas.org.br\/novosite\/camara-aprova-mp-que-cria-linha-de-credito-para-os-filantropicos-com-recursos-do-fgts\/#primaryimage"},"thumbnailUrl":"","articleSection":["Not\u00edcias"],"inLanguage":"pt-BR","potentialAction":[{"@type":"CommentAction","name":"Comment","target":["https:\/\/www.federassantas.org.br\/novosite\/camara-aprova-mp-que-cria-linha-de-credito-para-os-filantropicos-com-recursos-do-fgts\/#respond"]}]},{"@type":"WebPage","@id":"https:\/\/www.federassantas.org.br\/novosite\/camara-aprova-mp-que-cria-linha-de-credito-para-os-filantropicos-com-recursos-do-fgts\/","url":"https:\/\/www.federassantas.org.br\/novosite\/camara-aprova-mp-que-cria-linha-de-credito-para-os-filantropicos-com-recursos-do-fgts\/","name":"C\u00e2mara aprova MP que cria linha de cr\u00e9dito para os filantr\u00f3picos com recursos do FGTS - Federassantas","isPartOf":{"@id":"https:\/\/www.federassantas.org.br\/novosite\/#website"},"primaryImageOfPage":{"@id":"https:\/\/www.federassantas.org.br\/novosite\/camara-aprova-mp-que-cria-linha-de-credito-para-os-filantropicos-com-recursos-do-fgts\/#primaryimage"},"image":{"@id":"https:\/\/www.federassantas.org.br\/novosite\/camara-aprova-mp-que-cria-linha-de-credito-para-os-filantropicos-com-recursos-do-fgts\/#primaryimage"},"thumbnailUrl":"","datePublished":"2018-10-17T18:39:22+00:00","breadcrumb":{"@id":"https:\/\/www.federassantas.org.br\/novosite\/camara-aprova-mp-que-cria-linha-de-credito-para-os-filantropicos-com-recursos-do-fgts\/#breadcrumb"},"inLanguage":"pt-BR","potentialAction":[{"@type":"ReadAction","target":["https:\/\/www.federassantas.org.br\/novosite\/camara-aprova-mp-que-cria-linha-de-credito-para-os-filantropicos-com-recursos-do-fgts\/"]}]},{"@type":"ImageObject","inLanguage":"pt-BR","@id":"https:\/\/www.federassantas.org.br\/novosite\/camara-aprova-mp-que-cria-linha-de-credito-para-os-filantropicos-com-recursos-do-fgts\/#primaryimage","url":"","contentUrl":""},{"@type":"BreadcrumbList","@id":"https:\/\/www.federassantas.org.br\/novosite\/camara-aprova-mp-que-cria-linha-de-credito-para-os-filantropicos-com-recursos-do-fgts\/#breadcrumb","itemListElement":[{"@type":"ListItem","position":1,"name":"In\u00edcio","item":"https:\/\/www.federassantas.org.br\/novosite\/"},{"@type":"ListItem","position":2,"name":"C\u00e2mara aprova MP que cria linha de cr\u00e9dito para os filantr\u00f3picos com recursos do FGTS"}]},{"@type":"WebSite","@id":"https:\/\/www.federassantas.org.br\/novosite\/#website","url":"https:\/\/www.federassantas.org.br\/novosite\/","name":"Federassantas","description":"Fed. das Santas Casas e Hospitais Filantr\u00f3picos de MG","publisher":{"@id":"https:\/\/www.federassantas.org.br\/novosite\/#organization"},"potentialAction":[{"@type":"SearchAction","target":{"@type":"EntryPoint","urlTemplate":"https:\/\/www.federassantas.org.br\/novosite\/?s={search_term_string}"},"query-input":{"@type":"PropertyValueSpecification","valueRequired":true,"valueName":"search_term_string"}}],"inLanguage":"pt-BR"},{"@type":"Organization","@id":"https:\/\/www.federassantas.org.br\/novosite\/#organization","name":"Federassantas","url":"https:\/\/www.federassantas.org.br\/novosite\/","logo":{"@type":"ImageObject","inLanguage":"pt-BR","@id":"https:\/\/www.federassantas.org.br\/novosite\/#\/schema\/logo\/image\/","url":"https:\/\/www.federassantas.org.br\/novosite\/wp-content\/uploads\/2021\/12\/logo.png","contentUrl":"https:\/\/www.federassantas.org.br\/novosite\/wp-content\/uploads\/2021\/12\/logo.png","width":243,"height":59,"caption":"Federassantas"},"image":{"@id":"https:\/\/www.federassantas.org.br\/novosite\/#\/schema\/logo\/image\/"}},{"@type":"Person","@id":"https:\/\/www.federassantas.org.br\/novosite\/#\/schema\/person\/75fed98158349313fe56175f232f513c","name":"admin-federas","image":{"@type":"ImageObject","inLanguage":"pt-BR","@id":"https:\/\/www.federassantas.org.br\/novosite\/#\/schema\/person\/image\/","url":"https:\/\/secure.gravatar.com\/avatar\/2a02d7dda59fe8dc6b7ffd3f652e2efede5ccf0dd89dfdc8137c5517f3de8407?s=96&d=mm&r=g","contentUrl":"https:\/\/secure.gravatar.com\/avatar\/2a02d7dda59fe8dc6b7ffd3f652e2efede5ccf0dd89dfdc8137c5517f3de8407?s=96&d=mm&r=g","caption":"admin-federas"},"sameAs":["https:\/\/www.federassantas.org.br\/novosite\/"],"url":"https:\/\/www.federassantas.org.br\/novosite\/author\/admin-federas\/"}]}},"_links":{"self":[{"href":"https:\/\/www.federassantas.org.br\/novosite\/wp-json\/wp\/v2\/posts\/14467","targetHints":{"allow":["GET"]}}],"collection":[{"href":"https:\/\/www.federassantas.org.br\/novosite\/wp-json\/wp\/v2\/posts"}],"about":[{"href":"https:\/\/www.federassantas.org.br\/novosite\/wp-json\/wp\/v2\/types\/post"}],"author":[{"embeddable":true,"href":"https:\/\/www.federassantas.org.br\/novosite\/wp-json\/wp\/v2\/users\/1"}],"replies":[{"embeddable":true,"href":"https:\/\/www.federassantas.org.br\/novosite\/wp-json\/wp\/v2\/comments?post=14467"}],"version-history":[{"count":0,"href":"https:\/\/www.federassantas.org.br\/novosite\/wp-json\/wp\/v2\/posts\/14467\/revisions"}],"wp:featuredmedia":[{"embeddable":true,"href":"https:\/\/www.federassantas.org.br\/novosite\/wp-json\/"}],"wp:attachment":[{"href":"https:\/\/www.federassantas.org.br\/novosite\/wp-json\/wp\/v2\/media?parent=14467"}],"wp:term":[{"taxonomy":"category","embeddable":true,"href":"https:\/\/www.federassantas.org.br\/novosite\/wp-json\/wp\/v2\/categories?post=14467"},{"taxonomy":"post_tag","embeddable":true,"href":"https:\/\/www.federassantas.org.br\/novosite\/wp-json\/wp\/v2\/tags?post=14467"}],"curies":[{"name":"wp","href":"https:\/\/api.w.org\/{rel}","templated":true}]}}