{"id":14468,"date":"2018-10-17T15:39:32","date_gmt":"2018-10-17T18:39:32","guid":{"rendered":"https:\/\/federasbackup.meltcomunicacao.com.br\/?p=14468"},"modified":"2018-10-17T15:39:32","modified_gmt":"2018-10-17T18:39:32","slug":"proposta-do-candidato-romeu-zema-para-a-saude","status":"publish","type":"post","link":"https:\/\/www.federassantas.org.br\/novosite\/proposta-do-candidato-romeu-zema-para-a-saude\/","title":{"rendered":"Proposta do candidato Romeu Zema para a sa\u00fade"},"content":{"rendered":"<p style=\"text-align: justify;\">Rep\u00f3rter: &#8220;O que que \u00e9 necess\u00e1rio para que os mineiros tenham acesso adequado a sa\u00fade, exames e rem\u00e9dios em dia e sem filas?&#8221;<\/p>\n<p style=\"text-align: justify;\">Zema: &#8220;Fl\u00e1via, um bom sistema de sa\u00fade. E um bom sistema de sa\u00fade envolve principalmente uma boa gest\u00e3o, coisa que n\u00e3o ocorre hoje. Hoje o que n\u00f3s temos visto \u00e9 um sistema importante, que \u00e9 o sus, que entra munic\u00edpos, estado e tamb\u00e9m governo federal, que muitas vezes trabalha de forma desorganizada. Se voc\u00ea for num hospital como o jo\u00e3o xxiii, que est\u00e1 aqui em belo hosrizonte pra atender traumas, voc\u00ea vai ver que muitas pessoas chegam ali pra pegar um atestado m\u00e9dico porque est\u00e3o com indisposi\u00e7\u00e3o. Ent\u00e3o h\u00e1 uma inefici\u00eancia que precisa ser sanada. \u00c9 um problema compexo, grande, mas que precisamos resolver. Eu estive no norte de minas, vi em algumas unidades hospitalares, equipamentos ociosos e em outra unidade hospitalar o mesmo equipamento sendo necess\u00e1rio. Ent\u00e3o voc\u00ea v\u00ea que falta uma gest\u00e3o melhor, o que eu quero \u00e9 uma gest\u00e3o melhor, porque mais do que recursos, o que tem faltado \u00e9 boa gest\u00e3o no sistema de sa\u00fade, eu visitei v\u00e1rios hospitais, nessas minhas andan\u00e7as pelo interior e fica claro. E vale lembrar tamb\u00e9m, mais uma vez, que muitos hospitais e institui\u00e7\u00f5es p\u00fablicas s\u00e3o gerenciadas por pol\u00edticos, que n\u00e3o tem conhecimento. Eu quero gente t\u00e9cnica l\u00e1. E outra coisa, quando um estado, quando um governo \u00e9 efici\u00eante, como o nosso \u00e9 um cabide de empregos, acaba faltando recurso pra sa\u00fade tamb\u00e9m.&#8221;<\/p>\n<p>Confira a \u00edntegra da entrevista do candidato a governador de Minas, Romeu Zema, para o G1:\u00a0<a href=\"https:\/\/g1.globo.com\/mg\/minas-gerais\/eleicoes\/2018\/noticia\/2018\/10\/16\/zema-recua-em-propostas-de-privatizacoes-da-cemig-e-copasa-em-entrevista-ao-g1.ghtml\">https:\/\/g1.globo.com\/mg\/minas-gerais\/eleicoes\/2018\/noticia\/2018\/10\/16\/zema-recua-em-propostas-de-privatizacoes-da-cemig-e-copasa-em-entrevista-ao-g1.ghtml<\/a><\/p>\n<p>&nbsp;<\/p>\n","protected":false},"excerpt":{"rendered":"<p>Rep\u00f3rter: &#8220;O que que \u00e9 necess\u00e1rio para que os mineiros tenham acesso adequado a sa\u00fade, exames e rem\u00e9dios em dia e sem filas?&#8221; Zema: &#8220;Fl\u00e1via, um bom sistema de sa\u00fade. E um bom sistema de sa\u00fade envolve principalmente uma boa gest\u00e3o, coisa que n\u00e3o ocorre hoje. Hoje o que n\u00f3s temos visto \u00e9 um sistema [&hellip;]<\/p>\n","protected":false},"author":1,"featured_media":14472,"comment_status":"open","ping_status":"open","sticky":false,"template":"","format":"standard","meta":{"footnotes":""},"categories":[140,143],"tags":[],"class_list":["post-14468","post","type-post","status-publish","format-standard","has-post-thumbnail","hentry","category-noticias","category-noticias-publicas"],"yoast_head":"<!-- This site is optimized with the Yoast SEO plugin v26.9 - https:\/\/yoast.com\/product\/yoast-seo-wordpress\/ -->\n<title>Proposta do candidato Romeu Zema para a sa\u00fade - Federassantas<\/title>\n<meta name=\"robots\" content=\"index, follow, max-snippet:-1, max-image-preview:large, max-video-preview:-1\" \/>\n<link rel=\"canonical\" href=\"https:\/\/www.federassantas.org.br\/novosite\/proposta-do-candidato-romeu-zema-para-a-saude\/\" \/>\n<meta property=\"og:locale\" content=\"pt_BR\" \/>\n<meta property=\"og:type\" content=\"article\" \/>\n<meta property=\"og:title\" content=\"Proposta do candidato Romeu Zema para a sa\u00fade - Federassantas\" \/>\n<meta property=\"og:description\" content=\"Rep\u00f3rter: &#8220;O que que \u00e9 necess\u00e1rio para que os mineiros tenham acesso adequado a sa\u00fade, exames e rem\u00e9dios em dia e sem filas?&#8221; Zema: &#8220;Fl\u00e1via, um bom sistema de sa\u00fade. E um bom sistema de sa\u00fade envolve principalmente uma boa gest\u00e3o, coisa que n\u00e3o ocorre hoje. Hoje o que n\u00f3s temos visto \u00e9 um sistema [&hellip;]\" \/>\n<meta property=\"og:url\" content=\"https:\/\/www.federassantas.org.br\/novosite\/proposta-do-candidato-romeu-zema-para-a-saude\/\" \/>\n<meta property=\"og:site_name\" content=\"Federassantas\" \/>\n<meta property=\"article:published_time\" content=\"2018-10-17T18:39:32+00:00\" \/>\n<meta name=\"author\" content=\"admin-federas\" \/>\n<meta name=\"twitter:card\" content=\"summary_large_image\" \/>\n<meta name=\"twitter:label1\" content=\"Escrito por\" \/>\n\t<meta name=\"twitter:data1\" content=\"admin-federas\" \/>\n\t<meta name=\"twitter:label2\" content=\"Est. tempo de leitura\" \/>\n\t<meta name=\"twitter:data2\" content=\"2 minutos\" \/>\n<script type=\"application\/ld+json\" class=\"yoast-schema-graph\">{\"@context\":\"https:\/\/schema.org\",\"@graph\":[{\"@type\":\"Article\",\"@id\":\"https:\/\/www.federassantas.org.br\/novosite\/proposta-do-candidato-romeu-zema-para-a-saude\/#article\",\"isPartOf\":{\"@id\":\"https:\/\/www.federassantas.org.br\/novosite\/proposta-do-candidato-romeu-zema-para-a-saude\/\"},\"author\":{\"name\":\"admin-federas\",\"@id\":\"https:\/\/www.federassantas.org.br\/novosite\/#\/schema\/person\/75fed98158349313fe56175f232f513c\"},\"headline\":\"Proposta do candidato Romeu Zema para a sa\u00fade\",\"datePublished\":\"2018-10-17T18:39:32+00:00\",\"mainEntityOfPage\":{\"@id\":\"https:\/\/www.federassantas.org.br\/novosite\/proposta-do-candidato-romeu-zema-para-a-saude\/\"},\"wordCount\":309,\"commentCount\":0,\"publisher\":{\"@id\":\"https:\/\/www.federassantas.org.br\/novosite\/#organization\"},\"image\":{\"@id\":\"https:\/\/www.federassantas.org.br\/novosite\/proposta-do-candidato-romeu-zema-para-a-saude\/#primaryimage\"},\"thumbnailUrl\":\"\",\"articleSection\":[\"Not\u00edcias\",\"Not\u00edcias P\u00fablicas\"],\"inLanguage\":\"pt-BR\",\"potentialAction\":[{\"@type\":\"CommentAction\",\"name\":\"Comment\",\"target\":[\"https:\/\/www.federassantas.org.br\/novosite\/proposta-do-candidato-romeu-zema-para-a-saude\/#respond\"]}]},{\"@type\":\"WebPage\",\"@id\":\"https:\/\/www.federassantas.org.br\/novosite\/proposta-do-candidato-romeu-zema-para-a-saude\/\",\"url\":\"https:\/\/www.federassantas.org.br\/novosite\/proposta-do-candidato-romeu-zema-para-a-saude\/\",\"name\":\"Proposta do candidato Romeu Zema para a sa\u00fade - Federassantas\",\"isPartOf\":{\"@id\":\"https:\/\/www.federassantas.org.br\/novosite\/#website\"},\"primaryImageOfPage\":{\"@id\":\"https:\/\/www.federassantas.org.br\/novosite\/proposta-do-candidato-romeu-zema-para-a-saude\/#primaryimage\"},\"image\":{\"@id\":\"https:\/\/www.federassantas.org.br\/novosite\/proposta-do-candidato-romeu-zema-para-a-saude\/#primaryimage\"},\"thumbnailUrl\":\"\",\"datePublished\":\"2018-10-17T18:39:32+00:00\",\"breadcrumb\":{\"@id\":\"https:\/\/www.federassantas.org.br\/novosite\/proposta-do-candidato-romeu-zema-para-a-saude\/#breadcrumb\"},\"inLanguage\":\"pt-BR\",\"potentialAction\":[{\"@type\":\"ReadAction\",\"target\":[\"https:\/\/www.federassantas.org.br\/novosite\/proposta-do-candidato-romeu-zema-para-a-saude\/\"]}]},{\"@type\":\"ImageObject\",\"inLanguage\":\"pt-BR\",\"@id\":\"https:\/\/www.federassantas.org.br\/novosite\/proposta-do-candidato-romeu-zema-para-a-saude\/#primaryimage\",\"url\":\"\",\"contentUrl\":\"\"},{\"@type\":\"BreadcrumbList\",\"@id\":\"https:\/\/www.federassantas.org.br\/novosite\/proposta-do-candidato-romeu-zema-para-a-saude\/#breadcrumb\",\"itemListElement\":[{\"@type\":\"ListItem\",\"position\":1,\"name\":\"In\u00edcio\",\"item\":\"https:\/\/www.federassantas.org.br\/novosite\/\"},{\"@type\":\"ListItem\",\"position\":2,\"name\":\"Proposta do candidato Romeu Zema para a sa\u00fade\"}]},{\"@type\":\"WebSite\",\"@id\":\"https:\/\/www.federassantas.org.br\/novosite\/#website\",\"url\":\"https:\/\/www.federassantas.org.br\/novosite\/\",\"name\":\"Federassantas\",\"description\":\"Fed. das Santas Casas e Hospitais Filantr\u00f3picos de MG\",\"publisher\":{\"@id\":\"https:\/\/www.federassantas.org.br\/novosite\/#organization\"},\"potentialAction\":[{\"@type\":\"SearchAction\",\"target\":{\"@type\":\"EntryPoint\",\"urlTemplate\":\"https:\/\/www.federassantas.org.br\/novosite\/?s={search_term_string}\"},\"query-input\":{\"@type\":\"PropertyValueSpecification\",\"valueRequired\":true,\"valueName\":\"search_term_string\"}}],\"inLanguage\":\"pt-BR\"},{\"@type\":\"Organization\",\"@id\":\"https:\/\/www.federassantas.org.br\/novosite\/#organization\",\"name\":\"Federassantas\",\"url\":\"https:\/\/www.federassantas.org.br\/novosite\/\",\"logo\":{\"@type\":\"ImageObject\",\"inLanguage\":\"pt-BR\",\"@id\":\"https:\/\/www.federassantas.org.br\/novosite\/#\/schema\/logo\/image\/\",\"url\":\"https:\/\/www.federassantas.org.br\/novosite\/wp-content\/uploads\/2021\/12\/logo.png\",\"contentUrl\":\"https:\/\/www.federassantas.org.br\/novosite\/wp-content\/uploads\/2021\/12\/logo.png\",\"width\":243,\"height\":59,\"caption\":\"Federassantas\"},\"image\":{\"@id\":\"https:\/\/www.federassantas.org.br\/novosite\/#\/schema\/logo\/image\/\"}},{\"@type\":\"Person\",\"@id\":\"https:\/\/www.federassantas.org.br\/novosite\/#\/schema\/person\/75fed98158349313fe56175f232f513c\",\"name\":\"admin-federas\",\"image\":{\"@type\":\"ImageObject\",\"inLanguage\":\"pt-BR\",\"@id\":\"https:\/\/www.federassantas.org.br\/novosite\/#\/schema\/person\/image\/\",\"url\":\"https:\/\/secure.gravatar.com\/avatar\/2a02d7dda59fe8dc6b7ffd3f652e2efede5ccf0dd89dfdc8137c5517f3de8407?s=96&d=mm&r=g\",\"contentUrl\":\"https:\/\/secure.gravatar.com\/avatar\/2a02d7dda59fe8dc6b7ffd3f652e2efede5ccf0dd89dfdc8137c5517f3de8407?s=96&d=mm&r=g\",\"caption\":\"admin-federas\"},\"sameAs\":[\"https:\/\/www.federassantas.org.br\/novosite\/\"],\"url\":\"https:\/\/www.federassantas.org.br\/novosite\/author\/admin-federas\/\"}]}<\/script>\n<!-- \/ Yoast SEO plugin. -->","yoast_head_json":{"title":"Proposta do candidato Romeu Zema para a sa\u00fade - Federassantas","robots":{"index":"index","follow":"follow","max-snippet":"max-snippet:-1","max-image-preview":"max-image-preview:large","max-video-preview":"max-video-preview:-1"},"canonical":"https:\/\/www.federassantas.org.br\/novosite\/proposta-do-candidato-romeu-zema-para-a-saude\/","og_locale":"pt_BR","og_type":"article","og_title":"Proposta do candidato Romeu Zema para a sa\u00fade - Federassantas","og_description":"Rep\u00f3rter: &#8220;O que que \u00e9 necess\u00e1rio para que os mineiros tenham acesso adequado a sa\u00fade, exames e rem\u00e9dios em dia e sem filas?&#8221; Zema: &#8220;Fl\u00e1via, um bom sistema de sa\u00fade. E um bom sistema de sa\u00fade envolve principalmente uma boa gest\u00e3o, coisa que n\u00e3o ocorre hoje. Hoje o que n\u00f3s temos visto \u00e9 um sistema [&hellip;]","og_url":"https:\/\/www.federassantas.org.br\/novosite\/proposta-do-candidato-romeu-zema-para-a-saude\/","og_site_name":"Federassantas","article_published_time":"2018-10-17T18:39:32+00:00","author":"admin-federas","twitter_card":"summary_large_image","twitter_misc":{"Escrito por":"admin-federas","Est. tempo de leitura":"2 minutos"},"schema":{"@context":"https:\/\/schema.org","@graph":[{"@type":"Article","@id":"https:\/\/www.federassantas.org.br\/novosite\/proposta-do-candidato-romeu-zema-para-a-saude\/#article","isPartOf":{"@id":"https:\/\/www.federassantas.org.br\/novosite\/proposta-do-candidato-romeu-zema-para-a-saude\/"},"author":{"name":"admin-federas","@id":"https:\/\/www.federassantas.org.br\/novosite\/#\/schema\/person\/75fed98158349313fe56175f232f513c"},"headline":"Proposta do candidato Romeu Zema para a sa\u00fade","datePublished":"2018-10-17T18:39:32+00:00","mainEntityOfPage":{"@id":"https:\/\/www.federassantas.org.br\/novosite\/proposta-do-candidato-romeu-zema-para-a-saude\/"},"wordCount":309,"commentCount":0,"publisher":{"@id":"https:\/\/www.federassantas.org.br\/novosite\/#organization"},"image":{"@id":"https:\/\/www.federassantas.org.br\/novosite\/proposta-do-candidato-romeu-zema-para-a-saude\/#primaryimage"},"thumbnailUrl":"","articleSection":["Not\u00edcias","Not\u00edcias P\u00fablicas"],"inLanguage":"pt-BR","potentialAction":[{"@type":"CommentAction","name":"Comment","target":["https:\/\/www.federassantas.org.br\/novosite\/proposta-do-candidato-romeu-zema-para-a-saude\/#respond"]}]},{"@type":"WebPage","@id":"https:\/\/www.federassantas.org.br\/novosite\/proposta-do-candidato-romeu-zema-para-a-saude\/","url":"https:\/\/www.federassantas.org.br\/novosite\/proposta-do-candidato-romeu-zema-para-a-saude\/","name":"Proposta do candidato Romeu Zema para a sa\u00fade - Federassantas","isPartOf":{"@id":"https:\/\/www.federassantas.org.br\/novosite\/#website"},"primaryImageOfPage":{"@id":"https:\/\/www.federassantas.org.br\/novosite\/proposta-do-candidato-romeu-zema-para-a-saude\/#primaryimage"},"image":{"@id":"https:\/\/www.federassantas.org.br\/novosite\/proposta-do-candidato-romeu-zema-para-a-saude\/#primaryimage"},"thumbnailUrl":"","datePublished":"2018-10-17T18:39:32+00:00","breadcrumb":{"@id":"https:\/\/www.federassantas.org.br\/novosite\/proposta-do-candidato-romeu-zema-para-a-saude\/#breadcrumb"},"inLanguage":"pt-BR","potentialAction":[{"@type":"ReadAction","target":["https:\/\/www.federassantas.org.br\/novosite\/proposta-do-candidato-romeu-zema-para-a-saude\/"]}]},{"@type":"ImageObject","inLanguage":"pt-BR","@id":"https:\/\/www.federassantas.org.br\/novosite\/proposta-do-candidato-romeu-zema-para-a-saude\/#primaryimage","url":"","contentUrl":""},{"@type":"BreadcrumbList","@id":"https:\/\/www.federassantas.org.br\/novosite\/proposta-do-candidato-romeu-zema-para-a-saude\/#breadcrumb","itemListElement":[{"@type":"ListItem","position":1,"name":"In\u00edcio","item":"https:\/\/www.federassantas.org.br\/novosite\/"},{"@type":"ListItem","position":2,"name":"Proposta do candidato Romeu Zema para a sa\u00fade"}]},{"@type":"WebSite","@id":"https:\/\/www.federassantas.org.br\/novosite\/#website","url":"https:\/\/www.federassantas.org.br\/novosite\/","name":"Federassantas","description":"Fed. das Santas Casas e Hospitais Filantr\u00f3picos de MG","publisher":{"@id":"https:\/\/www.federassantas.org.br\/novosite\/#organization"},"potentialAction":[{"@type":"SearchAction","target":{"@type":"EntryPoint","urlTemplate":"https:\/\/www.federassantas.org.br\/novosite\/?s={search_term_string}"},"query-input":{"@type":"PropertyValueSpecification","valueRequired":true,"valueName":"search_term_string"}}],"inLanguage":"pt-BR"},{"@type":"Organization","@id":"https:\/\/www.federassantas.org.br\/novosite\/#organization","name":"Federassantas","url":"https:\/\/www.federassantas.org.br\/novosite\/","logo":{"@type":"ImageObject","inLanguage":"pt-BR","@id":"https:\/\/www.federassantas.org.br\/novosite\/#\/schema\/logo\/image\/","url":"https:\/\/www.federassantas.org.br\/novosite\/wp-content\/uploads\/2021\/12\/logo.png","contentUrl":"https:\/\/www.federassantas.org.br\/novosite\/wp-content\/uploads\/2021\/12\/logo.png","width":243,"height":59,"caption":"Federassantas"},"image":{"@id":"https:\/\/www.federassantas.org.br\/novosite\/#\/schema\/logo\/image\/"}},{"@type":"Person","@id":"https:\/\/www.federassantas.org.br\/novosite\/#\/schema\/person\/75fed98158349313fe56175f232f513c","name":"admin-federas","image":{"@type":"ImageObject","inLanguage":"pt-BR","@id":"https:\/\/www.federassantas.org.br\/novosite\/#\/schema\/person\/image\/","url":"https:\/\/secure.gravatar.com\/avatar\/2a02d7dda59fe8dc6b7ffd3f652e2efede5ccf0dd89dfdc8137c5517f3de8407?s=96&d=mm&r=g","contentUrl":"https:\/\/secure.gravatar.com\/avatar\/2a02d7dda59fe8dc6b7ffd3f652e2efede5ccf0dd89dfdc8137c5517f3de8407?s=96&d=mm&r=g","caption":"admin-federas"},"sameAs":["https:\/\/www.federassantas.org.br\/novosite\/"],"url":"https:\/\/www.federassantas.org.br\/novosite\/author\/admin-federas\/"}]}},"_links":{"self":[{"href":"https:\/\/www.federassantas.org.br\/novosite\/wp-json\/wp\/v2\/posts\/14468","targetHints":{"allow":["GET"]}}],"collection":[{"href":"https:\/\/www.federassantas.org.br\/novosite\/wp-json\/wp\/v2\/posts"}],"about":[{"href":"https:\/\/www.federassantas.org.br\/novosite\/wp-json\/wp\/v2\/types\/post"}],"author":[{"embeddable":true,"href":"https:\/\/www.federassantas.org.br\/novosite\/wp-json\/wp\/v2\/users\/1"}],"replies":[{"embeddable":true,"href":"https:\/\/www.federassantas.org.br\/novosite\/wp-json\/wp\/v2\/comments?post=14468"}],"version-history":[{"count":0,"href":"https:\/\/www.federassantas.org.br\/novosite\/wp-json\/wp\/v2\/posts\/14468\/revisions"}],"wp:featuredmedia":[{"embeddable":true,"href":"https:\/\/www.federassantas.org.br\/novosite\/wp-json\/"}],"wp:attachment":[{"href":"https:\/\/www.federassantas.org.br\/novosite\/wp-json\/wp\/v2\/media?parent=14468"}],"wp:term":[{"taxonomy":"category","embeddable":true,"href":"https:\/\/www.federassantas.org.br\/novosite\/wp-json\/wp\/v2\/categories?post=14468"},{"taxonomy":"post_tag","embeddable":true,"href":"https:\/\/www.federassantas.org.br\/novosite\/wp-json\/wp\/v2\/tags?post=14468"}],"curies":[{"name":"wp","href":"https:\/\/api.w.org\/{rel}","templated":true}]}}