{"id":14505,"date":"2018-10-19T14:44:36","date_gmt":"2018-10-19T17:44:36","guid":{"rendered":"https:\/\/federasbackup.meltcomunicacao.com.br\/?p=14505"},"modified":"2018-10-19T14:44:36","modified_gmt":"2018-10-19T17:44:36","slug":"brasil-perde-seis-leitos-por-dia-no-sus-sao-41-mil-vagas-a-menos","status":"publish","type":"post","link":"https:\/\/www.federassantas.org.br\/novosite\/brasil-perde-seis-leitos-por-dia-no-sus-sao-41-mil-vagas-a-menos\/","title":{"rendered":"Brasil perde seis leitos por dia; no SUS, s\u00e3o 41 mil vagas a menos"},"content":{"rendered":"<p class=\"txt-gray mb-0\" style=\"text-align: justify;\"><em>Levantamento mostra que, em 10 anos, Pediatria, Psiquiatria e Obstetr\u00edcia foram as especialidades mais atingidas.<\/em><\/p>\n<p style=\"text-align: justify;\">O Brasil perdeu, nos \u00faltimos dez anos, seis leitos hospitalares por dia. S\u00e3o 23.088 vagas a menos, conforme estudo preparado pela Confedera\u00e7\u00e3o Nacional dos Munic\u00edpios e obtido pela reportagem. E mostra o descompasso entre p\u00fablico e privado.<\/p>\n<p style=\"text-align: justify;\">No Sistema \u00danico de Sa\u00fade (SUS), foram fechadas 41.388 vagas, 12% do n\u00famero apresentado em 2008. J\u00e1 a rede particular apresentou tend\u00eancia inversa e ampliou a capacidade em 18.300 leitos.<\/p>\n<p>A tend\u00eancia de redu\u00e7\u00e3o geral das vagas \u00e9 explicada por especialistas, em parte, pela mudan\u00e7a no atendimento psiqui\u00e1trico. No passado, ele era centrado no ambiente hospitalar e, gra\u00e7as ao movimento antimanicomial, passou a ser feito prioritariamente nos Centros de Aten\u00e7\u00e3o Psicossocial (Caps). &#8220;Dos 41 mil leitos fechados na d\u00e9cada, 21 mil eram psiqui\u00e1tricos&#8221;, afirma a consultora da CMN Carla Albert.<\/p>\n<p style=\"text-align: justify;\">Leia a mat\u00e9ria na \u00edntegra:<\/p>\n<p style=\"text-align: justify;\"><a href=\"https:\/\/www.correiobraziliense.com.br\/app\/noticia\/ciencia-e-saude\/2018\/10\/19\/interna_ciencia_saude,713708\/brasil-perde-seis-leitos-por-dia-no-sus-sao-41-mil-vagas-a-menos.shtml\">https:\/\/www.correiobraziliense.com.br\/app\/noticia\/ciencia-e-saude\/2018\/10\/19\/interna_ciencia_saude,713708\/brasil-perde-seis-leitos-por-dia-no-sus-sao-41-mil-vagas-a-menos.shtml<\/a><\/p>\n<p style=\"text-align: justify;\">\n<p style=\"text-align: justify;\"><em>Fonte: Correio Brasiliense<\/em><\/p>\n","protected":false},"excerpt":{"rendered":"<p>Levantamento mostra que, em 10 anos, Pediatria, Psiquiatria e Obstetr\u00edcia foram as especialidades mais atingidas. O Brasil perdeu, nos \u00faltimos dez anos, seis leitos hospitalares por dia. S\u00e3o 23.088 vagas a menos, conforme estudo preparado pela Confedera\u00e7\u00e3o Nacional dos Munic\u00edpios e obtido pela reportagem. E mostra o descompasso entre p\u00fablico e privado. No Sistema \u00danico [&hellip;]<\/p>\n","protected":false},"author":1,"featured_media":14506,"comment_status":"open","ping_status":"open","sticky":false,"template":"","format":"standard","meta":{"footnotes":""},"categories":[140,143],"tags":[],"class_list":["post-14505","post","type-post","status-publish","format-standard","has-post-thumbnail","hentry","category-noticias","category-noticias-publicas"],"yoast_head":"<!-- This site is optimized with the Yoast SEO plugin v26.9 - https:\/\/yoast.com\/product\/yoast-seo-wordpress\/ -->\n<title>Brasil perde seis leitos por dia; no SUS, s\u00e3o 41 mil vagas a menos - Federassantas<\/title>\n<meta name=\"robots\" content=\"index, follow, max-snippet:-1, max-image-preview:large, max-video-preview:-1\" \/>\n<link rel=\"canonical\" href=\"https:\/\/www.federassantas.org.br\/novosite\/brasil-perde-seis-leitos-por-dia-no-sus-sao-41-mil-vagas-a-menos\/\" \/>\n<meta property=\"og:locale\" content=\"pt_BR\" \/>\n<meta property=\"og:type\" content=\"article\" \/>\n<meta property=\"og:title\" content=\"Brasil perde seis leitos por dia; no SUS, s\u00e3o 41 mil vagas a menos - Federassantas\" \/>\n<meta property=\"og:description\" content=\"Levantamento mostra que, em 10 anos, Pediatria, Psiquiatria e Obstetr\u00edcia foram as especialidades mais atingidas. O Brasil perdeu, nos \u00faltimos dez anos, seis leitos hospitalares por dia. S\u00e3o 23.088 vagas a menos, conforme estudo preparado pela Confedera\u00e7\u00e3o Nacional dos Munic\u00edpios e obtido pela reportagem. E mostra o descompasso entre p\u00fablico e privado. No Sistema \u00danico [&hellip;]\" \/>\n<meta property=\"og:url\" content=\"https:\/\/www.federassantas.org.br\/novosite\/brasil-perde-seis-leitos-por-dia-no-sus-sao-41-mil-vagas-a-menos\/\" \/>\n<meta property=\"og:site_name\" content=\"Federassantas\" \/>\n<meta property=\"article:published_time\" content=\"2018-10-19T17:44:36+00:00\" \/>\n<meta name=\"author\" content=\"admin-federas\" \/>\n<meta name=\"twitter:card\" content=\"summary_large_image\" \/>\n<meta name=\"twitter:label1\" content=\"Escrito por\" \/>\n\t<meta name=\"twitter:data1\" content=\"admin-federas\" \/>\n\t<meta name=\"twitter:label2\" content=\"Est. tempo de leitura\" \/>\n\t<meta name=\"twitter:data2\" content=\"1 minuto\" \/>\n<script type=\"application\/ld+json\" class=\"yoast-schema-graph\">{\"@context\":\"https:\/\/schema.org\",\"@graph\":[{\"@type\":\"Article\",\"@id\":\"https:\/\/www.federassantas.org.br\/novosite\/brasil-perde-seis-leitos-por-dia-no-sus-sao-41-mil-vagas-a-menos\/#article\",\"isPartOf\":{\"@id\":\"https:\/\/www.federassantas.org.br\/novosite\/brasil-perde-seis-leitos-por-dia-no-sus-sao-41-mil-vagas-a-menos\/\"},\"author\":{\"name\":\"admin-federas\",\"@id\":\"https:\/\/www.federassantas.org.br\/novosite\/#\/schema\/person\/75fed98158349313fe56175f232f513c\"},\"headline\":\"Brasil perde seis leitos por dia; no SUS, s\u00e3o 41 mil vagas a menos\",\"datePublished\":\"2018-10-19T17:44:36+00:00\",\"mainEntityOfPage\":{\"@id\":\"https:\/\/www.federassantas.org.br\/novosite\/brasil-perde-seis-leitos-por-dia-no-sus-sao-41-mil-vagas-a-menos\/\"},\"wordCount\":186,\"commentCount\":0,\"publisher\":{\"@id\":\"https:\/\/www.federassantas.org.br\/novosite\/#organization\"},\"image\":{\"@id\":\"https:\/\/www.federassantas.org.br\/novosite\/brasil-perde-seis-leitos-por-dia-no-sus-sao-41-mil-vagas-a-menos\/#primaryimage\"},\"thumbnailUrl\":\"\",\"articleSection\":[\"Not\u00edcias\",\"Not\u00edcias P\u00fablicas\"],\"inLanguage\":\"pt-BR\",\"potentialAction\":[{\"@type\":\"CommentAction\",\"name\":\"Comment\",\"target\":[\"https:\/\/www.federassantas.org.br\/novosite\/brasil-perde-seis-leitos-por-dia-no-sus-sao-41-mil-vagas-a-menos\/#respond\"]}]},{\"@type\":\"WebPage\",\"@id\":\"https:\/\/www.federassantas.org.br\/novosite\/brasil-perde-seis-leitos-por-dia-no-sus-sao-41-mil-vagas-a-menos\/\",\"url\":\"https:\/\/www.federassantas.org.br\/novosite\/brasil-perde-seis-leitos-por-dia-no-sus-sao-41-mil-vagas-a-menos\/\",\"name\":\"Brasil perde seis leitos por dia; no SUS, s\u00e3o 41 mil vagas a menos - Federassantas\",\"isPartOf\":{\"@id\":\"https:\/\/www.federassantas.org.br\/novosite\/#website\"},\"primaryImageOfPage\":{\"@id\":\"https:\/\/www.federassantas.org.br\/novosite\/brasil-perde-seis-leitos-por-dia-no-sus-sao-41-mil-vagas-a-menos\/#primaryimage\"},\"image\":{\"@id\":\"https:\/\/www.federassantas.org.br\/novosite\/brasil-perde-seis-leitos-por-dia-no-sus-sao-41-mil-vagas-a-menos\/#primaryimage\"},\"thumbnailUrl\":\"\",\"datePublished\":\"2018-10-19T17:44:36+00:00\",\"breadcrumb\":{\"@id\":\"https:\/\/www.federassantas.org.br\/novosite\/brasil-perde-seis-leitos-por-dia-no-sus-sao-41-mil-vagas-a-menos\/#breadcrumb\"},\"inLanguage\":\"pt-BR\",\"potentialAction\":[{\"@type\":\"ReadAction\",\"target\":[\"https:\/\/www.federassantas.org.br\/novosite\/brasil-perde-seis-leitos-por-dia-no-sus-sao-41-mil-vagas-a-menos\/\"]}]},{\"@type\":\"ImageObject\",\"inLanguage\":\"pt-BR\",\"@id\":\"https:\/\/www.federassantas.org.br\/novosite\/brasil-perde-seis-leitos-por-dia-no-sus-sao-41-mil-vagas-a-menos\/#primaryimage\",\"url\":\"\",\"contentUrl\":\"\"},{\"@type\":\"BreadcrumbList\",\"@id\":\"https:\/\/www.federassantas.org.br\/novosite\/brasil-perde-seis-leitos-por-dia-no-sus-sao-41-mil-vagas-a-menos\/#breadcrumb\",\"itemListElement\":[{\"@type\":\"ListItem\",\"position\":1,\"name\":\"In\u00edcio\",\"item\":\"https:\/\/www.federassantas.org.br\/novosite\/\"},{\"@type\":\"ListItem\",\"position\":2,\"name\":\"Brasil perde seis leitos por dia; no SUS, s\u00e3o 41 mil vagas a menos\"}]},{\"@type\":\"WebSite\",\"@id\":\"https:\/\/www.federassantas.org.br\/novosite\/#website\",\"url\":\"https:\/\/www.federassantas.org.br\/novosite\/\",\"name\":\"Federassantas\",\"description\":\"Fed. das Santas Casas e Hospitais Filantr\u00f3picos de MG\",\"publisher\":{\"@id\":\"https:\/\/www.federassantas.org.br\/novosite\/#organization\"},\"potentialAction\":[{\"@type\":\"SearchAction\",\"target\":{\"@type\":\"EntryPoint\",\"urlTemplate\":\"https:\/\/www.federassantas.org.br\/novosite\/?s={search_term_string}\"},\"query-input\":{\"@type\":\"PropertyValueSpecification\",\"valueRequired\":true,\"valueName\":\"search_term_string\"}}],\"inLanguage\":\"pt-BR\"},{\"@type\":\"Organization\",\"@id\":\"https:\/\/www.federassantas.org.br\/novosite\/#organization\",\"name\":\"Federassantas\",\"url\":\"https:\/\/www.federassantas.org.br\/novosite\/\",\"logo\":{\"@type\":\"ImageObject\",\"inLanguage\":\"pt-BR\",\"@id\":\"https:\/\/www.federassantas.org.br\/novosite\/#\/schema\/logo\/image\/\",\"url\":\"https:\/\/www.federassantas.org.br\/novosite\/wp-content\/uploads\/2021\/12\/logo.png\",\"contentUrl\":\"https:\/\/www.federassantas.org.br\/novosite\/wp-content\/uploads\/2021\/12\/logo.png\",\"width\":243,\"height\":59,\"caption\":\"Federassantas\"},\"image\":{\"@id\":\"https:\/\/www.federassantas.org.br\/novosite\/#\/schema\/logo\/image\/\"}},{\"@type\":\"Person\",\"@id\":\"https:\/\/www.federassantas.org.br\/novosite\/#\/schema\/person\/75fed98158349313fe56175f232f513c\",\"name\":\"admin-federas\",\"image\":{\"@type\":\"ImageObject\",\"inLanguage\":\"pt-BR\",\"@id\":\"https:\/\/www.federassantas.org.br\/novosite\/#\/schema\/person\/image\/\",\"url\":\"https:\/\/secure.gravatar.com\/avatar\/2a02d7dda59fe8dc6b7ffd3f652e2efede5ccf0dd89dfdc8137c5517f3de8407?s=96&d=mm&r=g\",\"contentUrl\":\"https:\/\/secure.gravatar.com\/avatar\/2a02d7dda59fe8dc6b7ffd3f652e2efede5ccf0dd89dfdc8137c5517f3de8407?s=96&d=mm&r=g\",\"caption\":\"admin-federas\"},\"sameAs\":[\"https:\/\/www.federassantas.org.br\/novosite\/\"],\"url\":\"https:\/\/www.federassantas.org.br\/novosite\/author\/admin-federas\/\"}]}<\/script>\n<!-- \/ Yoast SEO plugin. -->","yoast_head_json":{"title":"Brasil perde seis leitos por dia; no SUS, s\u00e3o 41 mil vagas a menos - Federassantas","robots":{"index":"index","follow":"follow","max-snippet":"max-snippet:-1","max-image-preview":"max-image-preview:large","max-video-preview":"max-video-preview:-1"},"canonical":"https:\/\/www.federassantas.org.br\/novosite\/brasil-perde-seis-leitos-por-dia-no-sus-sao-41-mil-vagas-a-menos\/","og_locale":"pt_BR","og_type":"article","og_title":"Brasil perde seis leitos por dia; no SUS, s\u00e3o 41 mil vagas a menos - Federassantas","og_description":"Levantamento mostra que, em 10 anos, Pediatria, Psiquiatria e Obstetr\u00edcia foram as especialidades mais atingidas. O Brasil perdeu, nos \u00faltimos dez anos, seis leitos hospitalares por dia. S\u00e3o 23.088 vagas a menos, conforme estudo preparado pela Confedera\u00e7\u00e3o Nacional dos Munic\u00edpios e obtido pela reportagem. E mostra o descompasso entre p\u00fablico e privado. No Sistema \u00danico [&hellip;]","og_url":"https:\/\/www.federassantas.org.br\/novosite\/brasil-perde-seis-leitos-por-dia-no-sus-sao-41-mil-vagas-a-menos\/","og_site_name":"Federassantas","article_published_time":"2018-10-19T17:44:36+00:00","author":"admin-federas","twitter_card":"summary_large_image","twitter_misc":{"Escrito por":"admin-federas","Est. tempo de leitura":"1 minuto"},"schema":{"@context":"https:\/\/schema.org","@graph":[{"@type":"Article","@id":"https:\/\/www.federassantas.org.br\/novosite\/brasil-perde-seis-leitos-por-dia-no-sus-sao-41-mil-vagas-a-menos\/#article","isPartOf":{"@id":"https:\/\/www.federassantas.org.br\/novosite\/brasil-perde-seis-leitos-por-dia-no-sus-sao-41-mil-vagas-a-menos\/"},"author":{"name":"admin-federas","@id":"https:\/\/www.federassantas.org.br\/novosite\/#\/schema\/person\/75fed98158349313fe56175f232f513c"},"headline":"Brasil perde seis leitos por dia; no SUS, s\u00e3o 41 mil vagas a menos","datePublished":"2018-10-19T17:44:36+00:00","mainEntityOfPage":{"@id":"https:\/\/www.federassantas.org.br\/novosite\/brasil-perde-seis-leitos-por-dia-no-sus-sao-41-mil-vagas-a-menos\/"},"wordCount":186,"commentCount":0,"publisher":{"@id":"https:\/\/www.federassantas.org.br\/novosite\/#organization"},"image":{"@id":"https:\/\/www.federassantas.org.br\/novosite\/brasil-perde-seis-leitos-por-dia-no-sus-sao-41-mil-vagas-a-menos\/#primaryimage"},"thumbnailUrl":"","articleSection":["Not\u00edcias","Not\u00edcias P\u00fablicas"],"inLanguage":"pt-BR","potentialAction":[{"@type":"CommentAction","name":"Comment","target":["https:\/\/www.federassantas.org.br\/novosite\/brasil-perde-seis-leitos-por-dia-no-sus-sao-41-mil-vagas-a-menos\/#respond"]}]},{"@type":"WebPage","@id":"https:\/\/www.federassantas.org.br\/novosite\/brasil-perde-seis-leitos-por-dia-no-sus-sao-41-mil-vagas-a-menos\/","url":"https:\/\/www.federassantas.org.br\/novosite\/brasil-perde-seis-leitos-por-dia-no-sus-sao-41-mil-vagas-a-menos\/","name":"Brasil perde seis leitos por dia; no SUS, s\u00e3o 41 mil vagas a menos - Federassantas","isPartOf":{"@id":"https:\/\/www.federassantas.org.br\/novosite\/#website"},"primaryImageOfPage":{"@id":"https:\/\/www.federassantas.org.br\/novosite\/brasil-perde-seis-leitos-por-dia-no-sus-sao-41-mil-vagas-a-menos\/#primaryimage"},"image":{"@id":"https:\/\/www.federassantas.org.br\/novosite\/brasil-perde-seis-leitos-por-dia-no-sus-sao-41-mil-vagas-a-menos\/#primaryimage"},"thumbnailUrl":"","datePublished":"2018-10-19T17:44:36+00:00","breadcrumb":{"@id":"https:\/\/www.federassantas.org.br\/novosite\/brasil-perde-seis-leitos-por-dia-no-sus-sao-41-mil-vagas-a-menos\/#breadcrumb"},"inLanguage":"pt-BR","potentialAction":[{"@type":"ReadAction","target":["https:\/\/www.federassantas.org.br\/novosite\/brasil-perde-seis-leitos-por-dia-no-sus-sao-41-mil-vagas-a-menos\/"]}]},{"@type":"ImageObject","inLanguage":"pt-BR","@id":"https:\/\/www.federassantas.org.br\/novosite\/brasil-perde-seis-leitos-por-dia-no-sus-sao-41-mil-vagas-a-menos\/#primaryimage","url":"","contentUrl":""},{"@type":"BreadcrumbList","@id":"https:\/\/www.federassantas.org.br\/novosite\/brasil-perde-seis-leitos-por-dia-no-sus-sao-41-mil-vagas-a-menos\/#breadcrumb","itemListElement":[{"@type":"ListItem","position":1,"name":"In\u00edcio","item":"https:\/\/www.federassantas.org.br\/novosite\/"},{"@type":"ListItem","position":2,"name":"Brasil perde seis leitos por dia; no SUS, s\u00e3o 41 mil vagas a menos"}]},{"@type":"WebSite","@id":"https:\/\/www.federassantas.org.br\/novosite\/#website","url":"https:\/\/www.federassantas.org.br\/novosite\/","name":"Federassantas","description":"Fed. das Santas Casas e Hospitais Filantr\u00f3picos de MG","publisher":{"@id":"https:\/\/www.federassantas.org.br\/novosite\/#organization"},"potentialAction":[{"@type":"SearchAction","target":{"@type":"EntryPoint","urlTemplate":"https:\/\/www.federassantas.org.br\/novosite\/?s={search_term_string}"},"query-input":{"@type":"PropertyValueSpecification","valueRequired":true,"valueName":"search_term_string"}}],"inLanguage":"pt-BR"},{"@type":"Organization","@id":"https:\/\/www.federassantas.org.br\/novosite\/#organization","name":"Federassantas","url":"https:\/\/www.federassantas.org.br\/novosite\/","logo":{"@type":"ImageObject","inLanguage":"pt-BR","@id":"https:\/\/www.federassantas.org.br\/novosite\/#\/schema\/logo\/image\/","url":"https:\/\/www.federassantas.org.br\/novosite\/wp-content\/uploads\/2021\/12\/logo.png","contentUrl":"https:\/\/www.federassantas.org.br\/novosite\/wp-content\/uploads\/2021\/12\/logo.png","width":243,"height":59,"caption":"Federassantas"},"image":{"@id":"https:\/\/www.federassantas.org.br\/novosite\/#\/schema\/logo\/image\/"}},{"@type":"Person","@id":"https:\/\/www.federassantas.org.br\/novosite\/#\/schema\/person\/75fed98158349313fe56175f232f513c","name":"admin-federas","image":{"@type":"ImageObject","inLanguage":"pt-BR","@id":"https:\/\/www.federassantas.org.br\/novosite\/#\/schema\/person\/image\/","url":"https:\/\/secure.gravatar.com\/avatar\/2a02d7dda59fe8dc6b7ffd3f652e2efede5ccf0dd89dfdc8137c5517f3de8407?s=96&d=mm&r=g","contentUrl":"https:\/\/secure.gravatar.com\/avatar\/2a02d7dda59fe8dc6b7ffd3f652e2efede5ccf0dd89dfdc8137c5517f3de8407?s=96&d=mm&r=g","caption":"admin-federas"},"sameAs":["https:\/\/www.federassantas.org.br\/novosite\/"],"url":"https:\/\/www.federassantas.org.br\/novosite\/author\/admin-federas\/"}]}},"_links":{"self":[{"href":"https:\/\/www.federassantas.org.br\/novosite\/wp-json\/wp\/v2\/posts\/14505","targetHints":{"allow":["GET"]}}],"collection":[{"href":"https:\/\/www.federassantas.org.br\/novosite\/wp-json\/wp\/v2\/posts"}],"about":[{"href":"https:\/\/www.federassantas.org.br\/novosite\/wp-json\/wp\/v2\/types\/post"}],"author":[{"embeddable":true,"href":"https:\/\/www.federassantas.org.br\/novosite\/wp-json\/wp\/v2\/users\/1"}],"replies":[{"embeddable":true,"href":"https:\/\/www.federassantas.org.br\/novosite\/wp-json\/wp\/v2\/comments?post=14505"}],"version-history":[{"count":0,"href":"https:\/\/www.federassantas.org.br\/novosite\/wp-json\/wp\/v2\/posts\/14505\/revisions"}],"wp:featuredmedia":[{"embeddable":true,"href":"https:\/\/www.federassantas.org.br\/novosite\/wp-json\/"}],"wp:attachment":[{"href":"https:\/\/www.federassantas.org.br\/novosite\/wp-json\/wp\/v2\/media?parent=14505"}],"wp:term":[{"taxonomy":"category","embeddable":true,"href":"https:\/\/www.federassantas.org.br\/novosite\/wp-json\/wp\/v2\/categories?post=14505"},{"taxonomy":"post_tag","embeddable":true,"href":"https:\/\/www.federassantas.org.br\/novosite\/wp-json\/wp\/v2\/tags?post=14505"}],"curies":[{"name":"wp","href":"https:\/\/api.w.org\/{rel}","templated":true}]}}