{"id":14508,"date":"2018-10-19T15:38:17","date_gmt":"2018-10-19T18:38:17","guid":{"rendered":"https:\/\/federasbackup.meltcomunicacao.com.br\/?p=14508"},"modified":"2018-10-19T15:38:17","modified_gmt":"2018-10-19T18:38:17","slug":"outubro-rosa-hospitais-filantropicos-sao-referencia-no-atendimento-a-pacientes-com-cancer-de-mama","status":"publish","type":"post","link":"https:\/\/www.federassantas.org.br\/novosite\/outubro-rosa-hospitais-filantropicos-sao-referencia-no-atendimento-a-pacientes-com-cancer-de-mama\/","title":{"rendered":"Outubro Rosa: hospitais filantr\u00f3picos s\u00e3o refer\u00eancia no atendimento \u00e0 pacientes com c\u00e2ncer de mama"},"content":{"rendered":"<p style=\"text-align: justify;\"><em>No \u00faltimo ano, 184 hospitais filantr\u00f3picos realizaram algum tipo de atendimento para estes pacientes em Minas<\/em><\/p>\n<p style=\"text-align: justify;\">Realizado mundialmente todos os anos, o Outubro Rosa \u00e9 uma importante campanha para conscientiza\u00e7\u00e3o e preven\u00e7\u00e3o do c\u00e2ncer de mama. Al\u00e9m de celebrar a data, as institui\u00e7\u00f5es filantr\u00f3picas mineiras, apresentam n\u00fameros expressivos no tratamento de pacientes com c\u00e2ncer de mama. No \u00faltimo ano, por exemplo, a rede hospitalar filantr\u00f3pica realizou mais de 140 mil atendimentos \u00e0 pacientes com a doen\u00e7a. Desse total, mais de 134 mil foram procedimentos ambulatoriais; como por exemplo, mamografia, ultrassom, resson\u00e2ncia, dentre outros. Comparado \u00e0 rede p\u00fablica e privada com fins lucrativos, esse n\u00famero representa cerca de 75% do total.<\/p>\n<p style=\"text-align: justify;\">Em 2017, foram realizadas mais de 7 mil cirurgias (pacientes SUS e n\u00e3o-SUS), o que representa mais de 82% do total de cirurgias realizadas nos hospitais de Minas Gerais.<\/p>\n<p style=\"text-align: justify;\">Para comemorar a data e alertar para gravidade da doen\u00e7a, dezenas de hospitais filantr\u00f3picos de Minas Gerais realizaram a\u00e7\u00f5es para os colaboradores das institui\u00e7\u00f5es, para os pacientes em tratamento e para o p\u00fablico externo. Em alguns hospitais, a campanha mobilizou inclusive cidades vizinhas na regi\u00e3o<\/p>\n<p><em><br \/>\n<\/em><strong>ASCOMCER<\/strong><\/p>\n<p style=\"text-align: justify;\">A ASCOMCER &#8211; Associa\u00e7\u00e3o Feminina de Preven\u00e7\u00e3o e Combate ao C\u00e2ncer de Juiz de Fora,&nbsp;\u00e9 o hospital refer\u00eancia para os pacientes com a doen\u00e7a na regi\u00e3o da Zona da Mata. A institui\u00e7\u00e3o realiza 6 mil atendimentos mensais nos ambulat\u00f3rios de Radioterapia e Quimioterapia.<\/p>\n<p style=\"text-align: justify;\">Para celebrar o Outubro Rosa, o hospital iluminou a fachada do pr\u00e9dio com a cor rosa e est\u00e1 realizando exames extras de mamografia para a popula\u00e7\u00e3o. Durante o m\u00eas, diversas palestras e a\u00e7\u00f5es solid\u00e1rias de empresas da cidade ser\u00e3o realizadas no audit\u00f3rio do Hospital para beneficiar pacientes e familiares. Al\u00e9m disso, v\u00e1rias empresas est\u00e3o se mobilizando em prol da ASCOMCER atrav\u00e9s de a\u00e7\u00f5es para homenagear o Outubro Rosa, como arrecada\u00e7\u00e3o de alimentos para o Setor de Nutri\u00e7\u00e3o do hospital; entrega de len\u00e7os para as pacientes; e a venda de produtos com a tem\u00e1tica da campanha para arrecadar dinheiro para a institui\u00e7\u00e3o.<\/p>\n<p style=\"text-align: justify;\">Al\u00e9m disso, a ASCOMCER vai disponibilizar durante todos os dias do m\u00eas o micro-\u00f4nibus <em>ASCOM\u00d3VEL<\/em> para realiza\u00e7\u00e3o de exames cl\u00ednicos de mama e de preventivo em diversos pontos da cidade; atendendo inclusive cidades vizinhas de Juiz de Fora.<\/p>\n<p style=\"text-align: justify;\">Outra grande a\u00e7\u00e3o de destaque \u00e9 a 6\u00aa Corrida Solid\u00e1ria da ASCOMCER, no dia 21 de outubro, na Universidade Federal de Juiz de Fora, realizado em parceria com a Secretaria de Esportes e Lazer, e com o apoio de diversas institui\u00e7\u00f5es da cidade. As inscri\u00e7\u00f5es, podem ser realizadas na ASCOMCER ou atrav\u00e9s do site www.runnerbrasil.com.br.<\/p>\n<p style=\"text-align: justify;\">Para fechar a programa\u00e7\u00e3o do Outubro Rosa, no dia 31 acontece a Passeata Solid\u00e1ria do Outubro Rosa com a presen\u00e7a de mulheres de express\u00e3o e pacientes que venceram o c\u00e2ncer de mama, com o objetivo de distribuir informativos \u00e0 popula\u00e7\u00e3o no centro da cidade.<\/p>\n<p><img fetchpriority=\"high\" decoding=\"async\" class=\"alignnone wp-image-14511\" src=\"http:\/\/federasbackup.meltcomunicacao.com.br\/wp-content\/uploads\/2018\/10\/Ascomcer_equipe-de-quimioterapia-300x198.jpg\" alt=\"\" width=\"347\" height=\"229\" srcset=\"https:\/\/www.federassantas.org.br\/novosite\/wp-content\/uploads\/2018\/10\/Ascomcer_equipe-de-quimioterapia-300x198.jpg 300w, https:\/\/www.federassantas.org.br\/novosite\/wp-content\/uploads\/2018\/10\/Ascomcer_equipe-de-quimioterapia-1024x677.jpg 1024w, https:\/\/www.federassantas.org.br\/novosite\/wp-content\/uploads\/2018\/10\/Ascomcer_equipe-de-quimioterapia-768x508.jpg 768w, https:\/\/www.federassantas.org.br\/novosite\/wp-content\/uploads\/2018\/10\/Ascomcer_equipe-de-quimioterapia.jpg 1280w\" sizes=\"(max-width: 347px) 100vw, 347px\" \/>&nbsp; &nbsp;<img decoding=\"async\" class=\"alignnone wp-image-14525\" src=\"http:\/\/federasbackup.meltcomunicacao.com.br\/wp-content\/uploads\/2018\/10\/ascomovel-jf-300x181.jpg\" alt=\"\" width=\"348\" height=\"210\" srcset=\"https:\/\/www.federassantas.org.br\/novosite\/wp-content\/uploads\/2018\/10\/ascomovel-jf-300x181.jpg 300w, https:\/\/www.federassantas.org.br\/novosite\/wp-content\/uploads\/2018\/10\/ascomovel-jf-768x464.jpg 768w, https:\/\/www.federassantas.org.br\/novosite\/wp-content\/uploads\/2018\/10\/ascomovel-jf.jpg 984w\" sizes=\"(max-width: 348px) 100vw, 348px\" \/><\/p>\n<p>&nbsp;<\/p>\n<p style=\"text-align: justify;\"><strong>SANTA CASA DE PASSOS<\/strong><\/p>\n<p style=\"text-align: justify;\">O Hospital Regional de C\u00e2ncer, unidade da Santa Casa de Miseric\u00f3rdia de Passos, tamb\u00e9m iluminou e decorou a fachada de rosa para apoiar e promover a conscientiza\u00e7\u00e3o para o diagn\u00f3stico precoce do c\u00e2ncer de mama. Durante o m\u00eas de outubro, colaboradores usam camisetas na cor rosa, personalizadas com a campanha. O HRC \u00e9 refer\u00eancia na oferta de atendimento humanizado e de excel\u00eancia \u00e0 popula\u00e7\u00e3o de Passos e regi\u00e3o.<\/p>\n<p style=\"text-align: justify;\"><strong>Buscando Vidas<\/strong><\/p>\n<p style=\"text-align: justify;\">O hospital possui o Programa Buscando Vidas que, em parceria com o Instituto Avon, trabalha com a preven\u00e7\u00e3o do c\u00e2ncer de mama. O programa possui uma grande rede de atendimento para a detec\u00e7\u00e3o precoce da doen\u00e7a. Essa rede, apoiada pelas secretarias municipais e estadual, \u00e9 composta por 31 munic\u00edpios de tr\u00eas microrregi\u00f5es que formam o P\u00f3lo Macro-Passos, com uma popula\u00e7\u00e3o-alvo de mais de 40 mil mulheres, acima de 40 anos.<\/p>\n<p style=\"text-align: justify;\">A estrat\u00e9gia do Programa se baseia em tr\u00eas eixos:<br \/>\n1 \u2013 Conscientiza\u00e7\u00e3o: &nbsp;Levar informa\u00e7\u00e3o \u00e0 toda comunidade sobre a import\u00e2ncia da realiza\u00e7\u00e3o de exames anuais: o cl\u00ednico e a mamografia. Nesse 1\u00ba eixo s\u00e3o realizados v\u00e1rios eventos como palestras e caminhadas.<\/p>\n<p style=\"text-align: justify;\">2 &#8211; Informatiza\u00e7\u00e3o: Foi desenvolvido pela Santa Casa de Miseric\u00f3rdia de Passos o Programa Sisvidas para o cadastramento anual de todas as mulheres residentes nos munic\u00edpios com objetivo de monitorar e realizar a busca ativa para rastreamento mamogr\u00e1fico; agiliza o atendimento m\u00e9dico atrav\u00e9s das fichas cl\u00ednicas que s\u00e3o encaminhadas para o ambulat\u00f3rio de mastologia para o diagn\u00f3stico.<\/p>\n<p style=\"text-align: justify;\">3 &#8211; Assist\u00eancia integral: &nbsp;Garantir uma assist\u00eancia integral que vai desde a\u00e7\u00f5es de educa\u00e7\u00e3o, passando por diagn\u00f3stico precoce e tratamento oncol\u00f3gico, al\u00e9m das cirurgias.<\/p>\n<p style=\"text-align: justify;\"><img decoding=\"async\" class=\"alignnone wp-image-14522\" src=\"http:\/\/federasbackup.meltcomunicacao.com.br\/wp-content\/uploads\/2018\/10\/scpassos-1-300x225.jpg\" alt=\"\" width=\"330\" height=\"247\" srcset=\"https:\/\/www.federassantas.org.br\/novosite\/wp-content\/uploads\/2018\/10\/scpassos-1-300x225.jpg 300w, https:\/\/www.federassantas.org.br\/novosite\/wp-content\/uploads\/2018\/10\/scpassos-1-1024x768.jpg 1024w, https:\/\/www.federassantas.org.br\/novosite\/wp-content\/uploads\/2018\/10\/scpassos-1-768x576.jpg 768w, https:\/\/www.federassantas.org.br\/novosite\/wp-content\/uploads\/2018\/10\/scpassos-1-1536x1152.jpg 1536w, https:\/\/www.federassantas.org.br\/novosite\/wp-content\/uploads\/2018\/10\/scpassos-1-2048x1536.jpg 2048w\" sizes=\"(max-width: 330px) 100vw, 330px\" \/>&nbsp; &nbsp;&nbsp;<img loading=\"lazy\" decoding=\"async\" class=\"alignnone wp-image-14523\" src=\"http:\/\/federasbackup.meltcomunicacao.com.br\/wp-content\/uploads\/2018\/10\/scpassos-2-300x200.jpg\" alt=\"\" width=\"330\" height=\"220\" srcset=\"https:\/\/www.federassantas.org.br\/novosite\/wp-content\/uploads\/2018\/10\/scpassos-2-300x200.jpg 300w, https:\/\/www.federassantas.org.br\/novosite\/wp-content\/uploads\/2018\/10\/scpassos-2-1024x683.jpg 1024w, https:\/\/www.federassantas.org.br\/novosite\/wp-content\/uploads\/2018\/10\/scpassos-2-768x512.jpg 768w, https:\/\/www.federassantas.org.br\/novosite\/wp-content\/uploads\/2018\/10\/scpassos-2-1536x1024.jpg 1536w, https:\/\/www.federassantas.org.br\/novosite\/wp-content\/uploads\/2018\/10\/scpassos-2-2048x1365.jpg 2048w\" sizes=\"(max-width: 330px) 100vw, 330px\" \/><\/p>\n<p style=\"text-align: justify;\"><strong><br \/>\nSANTA CASA DE OURO PRETO<\/strong><\/p>\n<p style=\"text-align: justify;\">A Santa Casa da Miseric\u00f3rdia de Ouro Preto estar\u00e1 realizando durante todo o m\u00eas de Outubro a campanha \u201cLen\u00e7o Solid\u00e1rio\u201d, onde todos os len\u00e7os recebidos por doa\u00e7\u00f5es ser\u00e3o entregues a mulheres que est\u00e3o passando por tratamento. Na segunda semana do m\u00eas, o hospital realizou a panfletagem e entrega de la\u00e7os cor de rosa para conscientizar funcion\u00e1rios sobre a necessidade de estimular as mulheres a procurarem um posto de sa\u00fade para realizar exame cl\u00ednico das mamas, e desenvolveu a\u00e7\u00f5es importante para preven\u00e7\u00e3o do c\u00e2ncer de mama. O hospital realizar\u00e1 ainda palestras com m\u00e9dicos e ginecologistas, e rodas de conversas para os funcion\u00e1rios.<\/p>\n<p>Al\u00e9m disso, a institui\u00e7\u00e3o ter\u00e1 uma programa\u00e7\u00e3o especial para conscientizar os funcion\u00e1rios e o p\u00fablico externo sobre a import\u00e2ncia da preven\u00e7\u00e3o e do diagn\u00f3stico precoce do c\u00e2ncer de mama.<\/p>\n<p style=\"text-align: justify;\"><strong><br \/>\n<\/strong><strong>HOSPITAL ARNALDO GAVAZZA<\/strong><\/p>\n<p style=\"text-align: justify;\">No \u00faltimo dia 10 de outubro, as colaboradoras do Hospital Arnaldo Gavazza, de Ponte Nova, participaram da palestra \u201cC\u00e2ncer de mama: como e por que ele surge no corpo?\u201d, ministrada pelo m\u00e9dico oncologista Dr. Afr\u00e2nio Marques. O evento, que faz parte das a\u00e7\u00f5es de preven\u00e7\u00e3o do Outubro Rosa, foi realizado pelas equipes do Centro de Oncologia e do Centro de Oftalmologia, e foi uma maneira de informar as mulheres sobre a preven\u00e7\u00e3o do c\u00e2ncer de mama. Dr. Afr\u00e2nio explicou o que \u00e9 a doen\u00e7a, como ela surge e se desenvolve e que o diagn\u00f3stico precoce \u00e9 ferramenta fundamental na cura da doen\u00e7a.<\/p>\n<p style=\"text-align: justify;\">Para celebrar a data, o hospital realizou ainda nesta semana um caf\u00e9 da manh\u00e3 para os pacientes da oncologia, com direito a maquiagem para as mulheres e entrega de chaveiros tem\u00e1ticos. Nos dias 22 e 23\/10, os funcion\u00e1rios ter\u00e3o mais uma palestra com uma colaboradora do setor de enfermagem.<\/p>\n<p style=\"text-align: justify;\">Durante todo o m\u00eas a institui\u00e7\u00e3o ficar\u00e1 decorada com la\u00e7os nos setores internos da institui\u00e7\u00e3o e cortina de cora\u00e7\u00e3o rosa na entrada de colaboradores para simbolizam a campanha. Ser\u00e3o distribu\u00eddas tamb\u00e9m camisas diferenciadas para equipe organizadora do evento e liberado o uso de blusa rosa o m\u00eas inteiro.<\/p>\n<p style=\"text-align: justify;\">Para a\u00e7\u00e3o externa, o hospital realizar\u00e1, ainda sem data definida, a distribui\u00e7\u00e3o de pipocas na entrada dos funcion\u00e1rios, com entrega de panfleto informativos, orientando sobre a preven\u00e7\u00e3o do c\u00e2ncer de mama.<\/p>\n<p><img loading=\"lazy\" decoding=\"async\" class=\"alignnone wp-image-14509\" src=\"http:\/\/federasbackup.meltcomunicacao.com.br\/wp-content\/uploads\/2018\/10\/Arnaldo-Gavazza-300x225.jpeg\" alt=\"\" width=\"348\" height=\"261\" srcset=\"https:\/\/www.federassantas.org.br\/novosite\/wp-content\/uploads\/2018\/10\/Arnaldo-Gavazza-300x225.jpeg 300w, https:\/\/www.federassantas.org.br\/novosite\/wp-content\/uploads\/2018\/10\/Arnaldo-Gavazza-1024x768.jpeg 1024w, https:\/\/www.federassantas.org.br\/novosite\/wp-content\/uploads\/2018\/10\/Arnaldo-Gavazza-768x576.jpeg 768w, https:\/\/www.federassantas.org.br\/novosite\/wp-content\/uploads\/2018\/10\/Arnaldo-Gavazza-1536x1152.jpeg 1536w, https:\/\/www.federassantas.org.br\/novosite\/wp-content\/uploads\/2018\/10\/Arnaldo-Gavazza.jpeg 2048w\" sizes=\"(max-width: 348px) 100vw, 348px\" \/><\/p>\n<p style=\"text-align: justify;\"><strong><br \/>\n<\/strong><strong>HOSPITAL IBIAPABA CEBAMS<\/strong><strong><br \/>\n<\/strong>Durante todo o m\u00eas de outubro, o Hospital Ibiapaba CEBAMS, localizado em Barbacena, estar\u00e1 engajado na campanha Outubro Rosa. O Hospital \u00e9 refer\u00eancia em oncologia para as Microrregi\u00f5es de Barbacena e Conselheiro Lafaiete, totalizando mais de 20 cidades que s\u00e3o atendidas, em especial pelo Servi\u00e7o de Quimioterapia que funciona h\u00e1 28 anos no hospital.<\/p>\n<p style=\"text-align: justify;\"><strong>Programa\u00e7\u00e3o do Outubro Rosa<\/strong><\/p>\n<p style=\"text-align: justify;\">Durante todo o m\u00eas de outubro, o Hospital Ibiapaba CEBAMS preparou uma programa\u00e7\u00e3o especial para celebrar a data. At\u00e9 o dia 31, a fachada do hospital estar\u00e1 iluminada de rosa e com bandeiras da mesma cor. Al\u00e9m disso, uma campanha nacional de conscientiza\u00e7\u00e3o acontece pelo Facebook. Na campanha, o hospital disponibilizou um filtro de foto especial para uso na rede social.<\/p>\n<p style=\"text-align: justify;\">No dia 20 de outubro, o Hospital participar\u00e1 da Caminhada pela Vida, no centro de Barbacena. Ainda no dia 20, o Hospital promover\u00e1 uma panfletagem na Feira Livre da Avenida Irm\u00e3 Paula, em Barbacena, com aconselhamento para o p\u00fablico.&nbsp;Durante o m\u00eas, o Hospital promover\u00e1 ainda um curso online e gratuito sobre o auto-exame feminino.<\/p>\n<p style=\"text-align: justify;\"><strong>Atendimentos<\/strong><br \/>\nNo ano passado, o Centro de Especialidades do CEBAMS realizou cerca de 560 atendimentos na especialidade de mastologia atrav\u00e9s do SUS. Na regi\u00e3o, o c\u00e2ncer de mama \u00e9 o tipo que mais afeta as mulheres nas faixas de 50 a 54 anos e acima de 80 anos. Segundo as estat\u00edsticas do Registro Hospitalar de C\u00e2ncer do Hospital Ibiapaba CEBAMS (RHC), em 2017 foram registrados 68 novos casos da doen\u00e7a em mulheres da regi\u00e3o e que s\u00e3o atendidas na institui\u00e7\u00e3o.<\/p>\n<p><img loading=\"lazy\" decoding=\"async\" class=\"alignnone wp-image-14512\" src=\"http:\/\/federasbackup.meltcomunicacao.com.br\/wp-content\/uploads\/2018\/10\/ibiapaba-300x169.jpg\" alt=\"\" width=\"384\" height=\"216\" srcset=\"https:\/\/www.federassantas.org.br\/novosite\/wp-content\/uploads\/2018\/10\/ibiapaba-300x169.jpg 300w, https:\/\/www.federassantas.org.br\/novosite\/wp-content\/uploads\/2018\/10\/ibiapaba-1024x576.jpg 1024w, https:\/\/www.federassantas.org.br\/novosite\/wp-content\/uploads\/2018\/10\/ibiapaba-768x432.jpg 768w, https:\/\/www.federassantas.org.br\/novosite\/wp-content\/uploads\/2018\/10\/ibiapaba.jpg 1280w\" sizes=\"(max-width: 384px) 100vw, 384px\" \/>&nbsp; &nbsp; <img loading=\"lazy\" decoding=\"async\" class=\"alignnone wp-image-14513\" src=\"http:\/\/federasbackup.meltcomunicacao.com.br\/wp-content\/uploads\/2018\/10\/ibiapaba.jpg2_-300x252.jpg\" alt=\"\" width=\"291\" height=\"245\" srcset=\"https:\/\/www.federassantas.org.br\/novosite\/wp-content\/uploads\/2018\/10\/ibiapaba.jpg2_-300x252.jpg 300w, https:\/\/www.federassantas.org.br\/novosite\/wp-content\/uploads\/2018\/10\/ibiapaba.jpg2_-768x644.jpg 768w, https:\/\/www.federassantas.org.br\/novosite\/wp-content\/uploads\/2018\/10\/ibiapaba.jpg2_.jpg 855w\" sizes=\"(max-width: 291px) 100vw, 291px\" \/><\/p>\n<p style=\"text-align: justify;\"><strong><br \/>\n<\/strong><strong>HOSPITAL BOM SAMARITANO<\/strong><\/p>\n<p style=\"text-align: justify;\">No in\u00edcio do m\u00eas, o Hospital Bom Samaritano, de Governador Valadares, realizou a \u201c2\u00aa Corrida Contra o C\u00e2ncer\u201d, que mobilizou mais de 500 corredores.<\/p>\n<p style=\"text-align: justify;\">No pr\u00f3ximo dia 20, o hospital participar\u00e1 tamb\u00e9m da \u201cCaminhada de Mobiliza\u00e7\u00e3o Contra o C\u00e2ncer de Mama\u201d, a atividade \u00e9 organizada pelo Grupo Rosa, composto por entidades de classe e \u00f3rg\u00e3os de sa\u00fade da cidade.<\/p>\n<p style=\"text-align: justify;\">Segundo o conselheiro da Benefic\u00eancia Social Bom Samaritano, Renato Fraga, quando se fala no tratamento ao c\u00e2ncer as pessoas j\u00e1 enxergam o hospital como refer\u00eancia, \u201cainda temos muito a fazer para combater o c\u00e2ncer, a popula\u00e7\u00e3o de nossa regi\u00e3o precisa cada vez mais do atendimento ofertado pelo nosso complexo hospitalar, somos o \u00fanico do Vale do Rio Doce a ofertar o tratamento do c\u00e2ncer pelo SUS\u201d, afirmou.<\/p>\n<p style=\"text-align: justify;\"><strong>FUNDA\u00c7\u00c3O HOSPITALAR S\u00c3O FRANCISCO DE ASSIS <\/strong><\/p>\n<p style=\"text-align: justify;\">A Funda\u00e7\u00e3o Hospitalar S\u00e3o Francisco de Assis, em Belo Horizonte, realizou na primeira semana de outubro, a inaugura\u00e7\u00e3o do Sino da Supera\u00e7\u00e3o. &nbsp;Instalado no setor de Oncologia, os pacientes tocam o sino quando finalizam o tratamento da quimioterapia. Uma a\u00e7\u00e3o inovadora e de humaniza\u00e7\u00e3o que merece ser compartilhada! Durante a inaugura\u00e7\u00e3o, o hospital ofereceu ainda um caf\u00e9 para os pacientes e acompanhantes.<\/p>\n<p style=\"text-align: justify;\">Al\u00e9m da inaugura\u00e7\u00e3o do Sino, o hospital promover\u00e1 a\u00e7\u00f5es para os funcion\u00e1rios: no dia 20\/10, a equipe de Mastologia far\u00e1 o mutir\u00e3o&nbsp; para atendimento \u00e0s colaboradoras da Funda\u00e7\u00e3o; e no dia 22\/10,&nbsp;a equipe de Humaniza\u00e7\u00e3o far\u00e1 um piquenique com 15 pacientes do setor de Oncologia no Parque Renato Azeredo&nbsp;.<\/p>\n<p><img loading=\"lazy\" decoding=\"async\" class=\"alignnone wp-image-14520\" src=\"http:\/\/federasbackup.meltcomunicacao.com.br\/wp-content\/uploads\/2018\/10\/sao-francisco-300x300.jpg\" alt=\"\" width=\"334\" height=\"334\" srcset=\"https:\/\/www.federassantas.org.br\/novosite\/wp-content\/uploads\/2018\/10\/sao-francisco-300x300.jpg 300w, https:\/\/www.federassantas.org.br\/novosite\/wp-content\/uploads\/2018\/10\/sao-francisco-150x150.jpg 150w, https:\/\/www.federassantas.org.br\/novosite\/wp-content\/uploads\/2018\/10\/sao-francisco-768x768.jpg 768w, https:\/\/www.federassantas.org.br\/novosite\/wp-content\/uploads\/2018\/10\/sao-francisco.jpg 960w\" sizes=\"(max-width: 334px) 100vw, 334px\" \/>&nbsp; &nbsp;&nbsp;&nbsp; &nbsp;<img loading=\"lazy\" decoding=\"async\" class=\"alignnone wp-image-14527\" src=\"http:\/\/federasbackup.meltcomunicacao.com.br\/wp-content\/uploads\/2018\/10\/sf-300x300.jpg\" alt=\"\" width=\"334\" height=\"334\" srcset=\"https:\/\/www.federassantas.org.br\/novosite\/wp-content\/uploads\/2018\/10\/sf-300x300.jpg 300w, https:\/\/www.federassantas.org.br\/novosite\/wp-content\/uploads\/2018\/10\/sf-150x150.jpg 150w, https:\/\/www.federassantas.org.br\/novosite\/wp-content\/uploads\/2018\/10\/sf-768x768.jpg 768w, https:\/\/www.federassantas.org.br\/novosite\/wp-content\/uploads\/2018\/10\/sf.jpg 960w\" sizes=\"(max-width: 334px) 100vw, 334px\" \/><\/p>\n<p style=\"text-align: justify;\"><strong><br \/>\n<\/strong><strong>HOSPITAL SANTA ROS\u00c1LIA <\/strong><\/p>\n<p style=\"text-align: justify;\">O hospital Santa Ros\u00e1lia, de Te\u00f3filo Otoni, realizar\u00e1 uma campanha interna de conscientiza\u00e7\u00e3o. As funcion\u00e1rias ter\u00e3o acesso gratuito a exames preventivos e 20 mamografias.&nbsp;A institui\u00e7\u00e3o ficou sem mam\u00f3grafo por&nbsp;2 anos mas, felizmente, neste Outubro Rosa conseguiram reabrir o agendamento de mamografia, tanto para SUS quanto para conv\u00eanios.<\/p>\n<p style=\"text-align: justify;\"><strong><br \/>\nSANTA CASA DE BELO HORIZONTE<\/strong><\/p>\n<p style=\"text-align: justify;\">Durante todo m\u00eas, a fachada da Santa Casa BH estar\u00e1 iluminada de rosa para alertar as mulheres sobre a import\u00e2ncia da preven\u00e7\u00e3o e do diagn\u00f3stico precoce do c\u00e2ncer de mama e do c\u00e2ncer de colo do \u00fatero.<\/p>\n<p style=\"text-align: justify;\">Al\u00e9m da ilumina\u00e7\u00e3o do pr\u00e9dio, o hospital realizar\u00e1 diversas a\u00e7\u00f5es internas. No dia 23 de outubro, por exemplo, ser\u00e1 realizado um bate-papo com o Dr. Mauro Henrique sobre o diagn\u00f3stico e tratamento do c\u00e2ncer de mama.<\/p>\n<p style=\"text-align: justify;\">O Centro de Diagn\u00f3stico e Tratamento (CDT) do hospital est\u00e1 fazendo uma campanha para construir criar um banco de len\u00e7os para as pacientes e mostrar que a autoestima delas dependem da solidariedade da popula\u00e7\u00e3o. As doa\u00e7\u00f5es podem ser entregues at\u00e9 o dia 31 de outubro, na portaria do CDT.<\/p>\n<p><a href=\"http:\/\/federasbackup.meltcomunicacao.com.br\/wp-content\/uploads\/2018\/10\/SCBH-1.tif\"><img loading=\"lazy\" decoding=\"async\" class=\"alignnone size-medium wp-image-14528\" src=\"http:\/\/federasbackup.meltcomunicacao.com.br\/wp-content\/uploads\/2018\/10\/SCBH-1.tif\" alt=\"\" width=\"1\" height=\"1\"><\/a><strong>Santa Casa BH em n\u00fameros<\/strong><\/p>\n<p style=\"text-align: justify;\">Por m\u00eas, s\u00e3o realizadas em m\u00e9dia 550 mamografias na institui\u00e7\u00e3o. De janeiro a julho de 2018, foram feitas 200 cirurgias de mama.<\/p>\n<p style=\"text-align: justify;\"><strong>&nbsp;<\/strong>Atualmente, o hospital conta com 1.500 pacientes em tratamento na oncologia.<\/p>\n<p><img loading=\"lazy\" decoding=\"async\" class=\"alignnone size-medium wp-image-14521\" src=\"http:\/\/federasbackup.meltcomunicacao.com.br\/wp-content\/uploads\/2018\/10\/SCBH.tif\" alt=\"\" width=\"1\" height=\"1\"><img loading=\"lazy\" decoding=\"async\" class=\"alignnone wp-image-14530\" src=\"http:\/\/federasbackup.meltcomunicacao.com.br\/wp-content\/uploads\/2018\/10\/scbh-300x203.jpg\" alt=\"\" width=\"445\" height=\"301\" srcset=\"https:\/\/www.federassantas.org.br\/novosite\/wp-content\/uploads\/2018\/10\/scbh-300x203.jpg 300w, https:\/\/www.federassantas.org.br\/novosite\/wp-content\/uploads\/2018\/10\/scbh-768x521.jpg 768w, https:\/\/www.federassantas.org.br\/novosite\/wp-content\/uploads\/2018\/10\/scbh.jpg 900w\" sizes=\"(max-width: 445px) 100vw, 445px\" \/><\/p>\n<p style=\"text-align: justify;\"><strong><br \/>\n<\/strong><strong>SANTA CASA MONTES CLAROS<\/strong><\/p>\n<p style=\"text-align: justify;\">Em parceria com volunt\u00e1rios, a Santa Casa de Montes Claros preparou uma a\u00e7\u00e3o especial para as pacientes em tratamento oncol\u00f3gico. No dia 11 de&nbsp;outubro, foi realizado o Dia da Beleza. De acordo com a psico-oncologista Ana Laura Costa, a iniciativa proporciona bem-estar e ajuda na terapia. \u201cQuando a paciente est\u00e1 com a autoestima elevada, isso reflete no tratamento em si. Ao longo do tratamento, isso faz muita diferen\u00e7a\u201d, disse.<\/p>\n<p style=\"text-align: justify;\">O Dia da Beleza ofereceu v\u00e1rias atividades, entre elas massagem relaxante, esmalta\u00e7\u00e3o de unhas e maquiagem. Al\u00e9m disso, uma ex-paciente doou e ensinou v\u00e1rias formas criativas de usar len\u00e7os como acess\u00f3rio de beleza.<\/p>\n<p style=\"text-align: justify;\">&nbsp;Segundo a gerente do setor de Oncologia SUS, Dilma Mata, o objetivo da a\u00e7\u00e3o foi mais uma maneira de chamar a aten\u00e7\u00e3o da popula\u00e7\u00e3o em rela\u00e7\u00e3o ao c\u00e2ncer de mama. \u201cNosso intuito \u00e9 alertar as pessoas sobre diagn\u00f3stico precoce, pois a preven\u00e7\u00e3o sempre \u00e9 a melhor op\u00e7\u00e3o\u201d, ressaltou.<\/p>\n<p><img loading=\"lazy\" decoding=\"async\" class=\"alignnone wp-image-14519\" src=\"http:\/\/federasbackup.meltcomunicacao.com.br\/wp-content\/uploads\/2018\/10\/santa-casa-montes-claros-5-300x200.jpeg\" alt=\"\" width=\"332\" height=\"221\" srcset=\"https:\/\/www.federassantas.org.br\/novosite\/wp-content\/uploads\/2018\/10\/santa-casa-montes-claros-5-300x200.jpeg 300w, https:\/\/www.federassantas.org.br\/novosite\/wp-content\/uploads\/2018\/10\/santa-casa-montes-claros-5-1024x682.jpeg 1024w, https:\/\/www.federassantas.org.br\/novosite\/wp-content\/uploads\/2018\/10\/santa-casa-montes-claros-5-768x511.jpeg 768w, https:\/\/www.federassantas.org.br\/novosite\/wp-content\/uploads\/2018\/10\/santa-casa-montes-claros-5.jpeg 1280w\" sizes=\"(max-width: 332px) 100vw, 332px\" \/>&nbsp; &nbsp;<img loading=\"lazy\" decoding=\"async\" class=\"alignnone wp-image-14518\" src=\"http:\/\/federasbackup.meltcomunicacao.com.br\/wp-content\/uploads\/2018\/10\/santa-casa-montes-claros-4-300x200.jpeg\" alt=\"\" width=\"335\" height=\"223\" srcset=\"https:\/\/www.federassantas.org.br\/novosite\/wp-content\/uploads\/2018\/10\/santa-casa-montes-claros-4-300x200.jpeg 300w, https:\/\/www.federassantas.org.br\/novosite\/wp-content\/uploads\/2018\/10\/santa-casa-montes-claros-4-1024x682.jpeg 1024w, https:\/\/www.federassantas.org.br\/novosite\/wp-content\/uploads\/2018\/10\/santa-casa-montes-claros-4-768x511.jpeg 768w, https:\/\/www.federassantas.org.br\/novosite\/wp-content\/uploads\/2018\/10\/santa-casa-montes-claros-4.jpeg 1280w\" sizes=\"(max-width: 335px) 100vw, 335px\" \/><\/p>\n<p style=\"text-align: justify;\">Nesta semana, o hospital, em parceria com as cl\u00ednicas Radialis &nbsp;e Oncocenter, promoveram uma a\u00e7\u00e3o &nbsp;de preven\u00e7\u00e3o e combate ao c\u00e2ncer de mama. A iniciativa, chamada de \u201cPapo&nbsp;Rosa\u201d, foi realizada pela primeira vez e superou as expectativas. Durante o evento, &nbsp;que contou com a presen\u00e7a de aproximadamente 100 convidadas, foram abordados assuntos &nbsp;como empreendedorismo, empoderamento feminino, viol\u00eancia &nbsp;sexual e dom\u00e9stica, al\u00e9m dos aspectos relacionados a preven\u00e7\u00e3o &nbsp;precoce do c\u00e2ncer de mama e o que pode ser feito pra instituir o tratamento em sua fase inicial.<\/p>\n<p style=\"text-align: justify;\">Outro momento que chamou bastante aten\u00e7\u00e3o foi a palestra de autoconhecimento, \u201cOlhando para si mesma com amor\u201d, conduzida pela psicoterapeuta Renata Nunes. \u201cA autoaceita\u00e7\u00e3o, a auto responsabilidade e o auto respeito s\u00e3o formas da mulher se aceitar exatamente &nbsp;do jeito que ela \u00e9, pois quanto mais a mulher se aceita, maior \u00e9 &nbsp;a possibilidade de mudan\u00e7a\u201d.<\/p>\n<p style=\"text-align: justify;\">Atualmente 341 pacientes est\u00e3o em tratamento na Santa Casa de Montes Claros. Aproximadamente 100 pessoas participaram das atividades.<\/p>\n<p><img loading=\"lazy\" decoding=\"async\" class=\"alignnone wp-image-14517\" src=\"http:\/\/federasbackup.meltcomunicacao.com.br\/wp-content\/uploads\/2018\/10\/santa-casa-montes-claros-3-300x180.jpeg\" alt=\"\" width=\"331\" height=\"199\" srcset=\"https:\/\/www.federassantas.org.br\/novosite\/wp-content\/uploads\/2018\/10\/santa-casa-montes-claros-3-300x180.jpeg 300w, https:\/\/www.federassantas.org.br\/novosite\/wp-content\/uploads\/2018\/10\/santa-casa-montes-claros-3-1024x614.jpeg 1024w, https:\/\/www.federassantas.org.br\/novosite\/wp-content\/uploads\/2018\/10\/santa-casa-montes-claros-3-768x461.jpeg 768w, https:\/\/www.federassantas.org.br\/novosite\/wp-content\/uploads\/2018\/10\/santa-casa-montes-claros-3.jpeg 1280w\" sizes=\"(max-width: 331px) 100vw, 331px\" \/>&nbsp; &nbsp;<img loading=\"lazy\" decoding=\"async\" class=\"alignnone wp-image-14516\" src=\"http:\/\/federasbackup.meltcomunicacao.com.br\/wp-content\/uploads\/2018\/10\/santa-casa-montes-claros-2-300x200.jpeg\" alt=\"\" width=\"324\" height=\"216\" srcset=\"https:\/\/www.federassantas.org.br\/novosite\/wp-content\/uploads\/2018\/10\/santa-casa-montes-claros-2-300x200.jpeg 300w, https:\/\/www.federassantas.org.br\/novosite\/wp-content\/uploads\/2018\/10\/santa-casa-montes-claros-2-1024x682.jpeg 1024w, https:\/\/www.federassantas.org.br\/novosite\/wp-content\/uploads\/2018\/10\/santa-casa-montes-claros-2-768x512.jpeg 768w, https:\/\/www.federassantas.org.br\/novosite\/wp-content\/uploads\/2018\/10\/santa-casa-montes-claros-2.jpeg 1280w\" sizes=\"(max-width: 324px) 100vw, 324px\" \/><\/p>\n<p><em><br \/>\nPor Raquel Gontijo \u2013 Assessoria de Comunica\u00e7\u00e3o Federassantas<\/em><\/p>\n<p style=\"text-align: justify;\"><em>Fonte: Cadastro Nacional de Estabelecimentos de Sa\u00fade, Sistema de Informa\u00e7\u00e3o Hospitalar e Sistema de Informa\u00e7\u00e3o Ambulatorial.<\/em><\/p>\n<p style=\"text-align: justify;\"><em>*Agradecimento especial \u00e0s Assessorias de Comunica\u00e7\u00e3o dos hospitais ASCOMCER; Santa Casa de Passos; Santa Casa de Ouro Preto; Hospital Arnaldo Gavazza; Hospital Ibiapaba CEBAMS;&nbsp;Hospital Bom Samaritano;&nbsp;Funda\u00e7\u00e3o Hospitalar S\u00e3o Francisco de Assis; Hospital Santa Ros\u00e1lia; Santa Casa de Belo Horizonte e Santa Casa de Montes Claros.<\/em><\/p>\n","protected":false},"excerpt":{"rendered":"<p>No \u00faltimo ano, 184 hospitais filantr\u00f3picos realizaram algum tipo de atendimento para estes pacientes em Minas Realizado mundialmente todos os anos, o Outubro Rosa \u00e9 uma importante campanha para conscientiza\u00e7\u00e3o e preven\u00e7\u00e3o do c\u00e2ncer de mama. Al\u00e9m de celebrar a data, as institui\u00e7\u00f5es filantr\u00f3picas mineiras, apresentam n\u00fameros expressivos no tratamento de pacientes com c\u00e2ncer de [&hellip;]<\/p>\n","protected":false},"author":1,"featured_media":14541,"comment_status":"open","ping_status":"open","sticky":false,"template":"","format":"standard","meta":{"footnotes":""},"categories":[140,141,139],"tags":[],"class_list":["post-14508","post","type-post","status-publish","format-standard","has-post-thumbnail","hentry","category-noticias","category-noticias-federassantas","category-noticias-filiados"],"yoast_head":"<!-- This site is optimized with the Yoast SEO plugin v26.9 - https:\/\/yoast.com\/product\/yoast-seo-wordpress\/ -->\n<title>Outubro Rosa: hospitais filantr\u00f3picos s\u00e3o refer\u00eancia no atendimento \u00e0 pacientes com c\u00e2ncer de mama - Federassantas<\/title>\n<meta name=\"robots\" content=\"index, follow, max-snippet:-1, max-image-preview:large, max-video-preview:-1\" \/>\n<link rel=\"canonical\" href=\"https:\/\/www.federassantas.org.br\/novosite\/outubro-rosa-hospitais-filantropicos-sao-referencia-no-atendimento-a-pacientes-com-cancer-de-mama\/\" \/>\n<meta property=\"og:locale\" content=\"pt_BR\" \/>\n<meta property=\"og:type\" content=\"article\" \/>\n<meta property=\"og:title\" content=\"Outubro Rosa: hospitais filantr\u00f3picos s\u00e3o refer\u00eancia no atendimento \u00e0 pacientes com c\u00e2ncer de mama - Federassantas\" \/>\n<meta property=\"og:description\" content=\"No \u00faltimo ano, 184 hospitais filantr\u00f3picos realizaram algum tipo de atendimento para estes pacientes em Minas Realizado mundialmente todos os anos, o Outubro Rosa \u00e9 uma importante campanha para conscientiza\u00e7\u00e3o e preven\u00e7\u00e3o do c\u00e2ncer de mama. Al\u00e9m de celebrar a data, as institui\u00e7\u00f5es filantr\u00f3picas mineiras, apresentam n\u00fameros expressivos no tratamento de pacientes com c\u00e2ncer de [&hellip;]\" \/>\n<meta property=\"og:url\" content=\"https:\/\/www.federassantas.org.br\/novosite\/outubro-rosa-hospitais-filantropicos-sao-referencia-no-atendimento-a-pacientes-com-cancer-de-mama\/\" \/>\n<meta property=\"og:site_name\" content=\"Federassantas\" \/>\n<meta property=\"article:published_time\" content=\"2018-10-19T18:38:17+00:00\" \/>\n<meta property=\"og:image\" content=\"https:\/\/www.federassantas.org.br\/novosite\/wp-content\/uploads\/2018\/10\/scpassos-2-2-scaled.jpg\" \/>\n\t<meta property=\"og:image:width\" content=\"2560\" \/>\n\t<meta property=\"og:image:height\" content=\"1532\" \/>\n\t<meta property=\"og:image:type\" content=\"image\/jpeg\" \/>\n<meta name=\"author\" content=\"admin-federas\" \/>\n<meta name=\"twitter:card\" content=\"summary_large_image\" \/>\n<meta name=\"twitter:label1\" content=\"Escrito por\" \/>\n\t<meta name=\"twitter:data1\" content=\"admin-federas\" \/>\n\t<meta name=\"twitter:label2\" content=\"Est. tempo de leitura\" \/>\n\t<meta name=\"twitter:data2\" content=\"12 minutos\" \/>\n<script type=\"application\/ld+json\" class=\"yoast-schema-graph\">{\"@context\":\"https:\/\/schema.org\",\"@graph\":[{\"@type\":\"Article\",\"@id\":\"https:\/\/www.federassantas.org.br\/novosite\/outubro-rosa-hospitais-filantropicos-sao-referencia-no-atendimento-a-pacientes-com-cancer-de-mama\/#article\",\"isPartOf\":{\"@id\":\"https:\/\/www.federassantas.org.br\/novosite\/outubro-rosa-hospitais-filantropicos-sao-referencia-no-atendimento-a-pacientes-com-cancer-de-mama\/\"},\"author\":{\"name\":\"admin-federas\",\"@id\":\"https:\/\/www.federassantas.org.br\/novosite\/#\/schema\/person\/75fed98158349313fe56175f232f513c\"},\"headline\":\"Outubro Rosa: hospitais filantr\u00f3picos s\u00e3o refer\u00eancia no atendimento \u00e0 pacientes com c\u00e2ncer de mama\",\"datePublished\":\"2018-10-19T18:38:17+00:00\",\"mainEntityOfPage\":{\"@id\":\"https:\/\/www.federassantas.org.br\/novosite\/outubro-rosa-hospitais-filantropicos-sao-referencia-no-atendimento-a-pacientes-com-cancer-de-mama\/\"},\"wordCount\":2486,\"commentCount\":0,\"publisher\":{\"@id\":\"https:\/\/www.federassantas.org.br\/novosite\/#organization\"},\"image\":{\"@id\":\"https:\/\/www.federassantas.org.br\/novosite\/outubro-rosa-hospitais-filantropicos-sao-referencia-no-atendimento-a-pacientes-com-cancer-de-mama\/#primaryimage\"},\"thumbnailUrl\":\"https:\/\/www.federassantas.org.br\/novosite\/wp-content\/uploads\/2018\/10\/scpassos-2-2-scaled.jpg\",\"articleSection\":[\"Not\u00edcias\",\"Not\u00edcias Federassantas\",\"Not\u00edcias filiados\"],\"inLanguage\":\"pt-BR\",\"potentialAction\":[{\"@type\":\"CommentAction\",\"name\":\"Comment\",\"target\":[\"https:\/\/www.federassantas.org.br\/novosite\/outubro-rosa-hospitais-filantropicos-sao-referencia-no-atendimento-a-pacientes-com-cancer-de-mama\/#respond\"]}]},{\"@type\":\"WebPage\",\"@id\":\"https:\/\/www.federassantas.org.br\/novosite\/outubro-rosa-hospitais-filantropicos-sao-referencia-no-atendimento-a-pacientes-com-cancer-de-mama\/\",\"url\":\"https:\/\/www.federassantas.org.br\/novosite\/outubro-rosa-hospitais-filantropicos-sao-referencia-no-atendimento-a-pacientes-com-cancer-de-mama\/\",\"name\":\"Outubro Rosa: hospitais filantr\u00f3picos s\u00e3o refer\u00eancia no atendimento \u00e0 pacientes com c\u00e2ncer de mama - Federassantas\",\"isPartOf\":{\"@id\":\"https:\/\/www.federassantas.org.br\/novosite\/#website\"},\"primaryImageOfPage\":{\"@id\":\"https:\/\/www.federassantas.org.br\/novosite\/outubro-rosa-hospitais-filantropicos-sao-referencia-no-atendimento-a-pacientes-com-cancer-de-mama\/#primaryimage\"},\"image\":{\"@id\":\"https:\/\/www.federassantas.org.br\/novosite\/outubro-rosa-hospitais-filantropicos-sao-referencia-no-atendimento-a-pacientes-com-cancer-de-mama\/#primaryimage\"},\"thumbnailUrl\":\"https:\/\/www.federassantas.org.br\/novosite\/wp-content\/uploads\/2018\/10\/scpassos-2-2-scaled.jpg\",\"datePublished\":\"2018-10-19T18:38:17+00:00\",\"breadcrumb\":{\"@id\":\"https:\/\/www.federassantas.org.br\/novosite\/outubro-rosa-hospitais-filantropicos-sao-referencia-no-atendimento-a-pacientes-com-cancer-de-mama\/#breadcrumb\"},\"inLanguage\":\"pt-BR\",\"potentialAction\":[{\"@type\":\"ReadAction\",\"target\":[\"https:\/\/www.federassantas.org.br\/novosite\/outubro-rosa-hospitais-filantropicos-sao-referencia-no-atendimento-a-pacientes-com-cancer-de-mama\/\"]}]},{\"@type\":\"ImageObject\",\"inLanguage\":\"pt-BR\",\"@id\":\"https:\/\/www.federassantas.org.br\/novosite\/outubro-rosa-hospitais-filantropicos-sao-referencia-no-atendimento-a-pacientes-com-cancer-de-mama\/#primaryimage\",\"url\":\"https:\/\/www.federassantas.org.br\/novosite\/wp-content\/uploads\/2018\/10\/scpassos-2-2-scaled.jpg\",\"contentUrl\":\"https:\/\/www.federassantas.org.br\/novosite\/wp-content\/uploads\/2018\/10\/scpassos-2-2-scaled.jpg\",\"width\":2560,\"height\":1532},{\"@type\":\"BreadcrumbList\",\"@id\":\"https:\/\/www.federassantas.org.br\/novosite\/outubro-rosa-hospitais-filantropicos-sao-referencia-no-atendimento-a-pacientes-com-cancer-de-mama\/#breadcrumb\",\"itemListElement\":[{\"@type\":\"ListItem\",\"position\":1,\"name\":\"In\u00edcio\",\"item\":\"https:\/\/www.federassantas.org.br\/novosite\/\"},{\"@type\":\"ListItem\",\"position\":2,\"name\":\"Outubro Rosa: hospitais filantr\u00f3picos s\u00e3o refer\u00eancia no atendimento \u00e0 pacientes com c\u00e2ncer de mama\"}]},{\"@type\":\"WebSite\",\"@id\":\"https:\/\/www.federassantas.org.br\/novosite\/#website\",\"url\":\"https:\/\/www.federassantas.org.br\/novosite\/\",\"name\":\"Federassantas\",\"description\":\"Fed. das Santas Casas e Hospitais Filantr\u00f3picos de MG\",\"publisher\":{\"@id\":\"https:\/\/www.federassantas.org.br\/novosite\/#organization\"},\"potentialAction\":[{\"@type\":\"SearchAction\",\"target\":{\"@type\":\"EntryPoint\",\"urlTemplate\":\"https:\/\/www.federassantas.org.br\/novosite\/?s={search_term_string}\"},\"query-input\":{\"@type\":\"PropertyValueSpecification\",\"valueRequired\":true,\"valueName\":\"search_term_string\"}}],\"inLanguage\":\"pt-BR\"},{\"@type\":\"Organization\",\"@id\":\"https:\/\/www.federassantas.org.br\/novosite\/#organization\",\"name\":\"Federassantas\",\"url\":\"https:\/\/www.federassantas.org.br\/novosite\/\",\"logo\":{\"@type\":\"ImageObject\",\"inLanguage\":\"pt-BR\",\"@id\":\"https:\/\/www.federassantas.org.br\/novosite\/#\/schema\/logo\/image\/\",\"url\":\"https:\/\/www.federassantas.org.br\/novosite\/wp-content\/uploads\/2021\/12\/logo.png\",\"contentUrl\":\"https:\/\/www.federassantas.org.br\/novosite\/wp-content\/uploads\/2021\/12\/logo.png\",\"width\":243,\"height\":59,\"caption\":\"Federassantas\"},\"image\":{\"@id\":\"https:\/\/www.federassantas.org.br\/novosite\/#\/schema\/logo\/image\/\"}},{\"@type\":\"Person\",\"@id\":\"https:\/\/www.federassantas.org.br\/novosite\/#\/schema\/person\/75fed98158349313fe56175f232f513c\",\"name\":\"admin-federas\",\"image\":{\"@type\":\"ImageObject\",\"inLanguage\":\"pt-BR\",\"@id\":\"https:\/\/www.federassantas.org.br\/novosite\/#\/schema\/person\/image\/\",\"url\":\"https:\/\/secure.gravatar.com\/avatar\/2a02d7dda59fe8dc6b7ffd3f652e2efede5ccf0dd89dfdc8137c5517f3de8407?s=96&d=mm&r=g\",\"contentUrl\":\"https:\/\/secure.gravatar.com\/avatar\/2a02d7dda59fe8dc6b7ffd3f652e2efede5ccf0dd89dfdc8137c5517f3de8407?s=96&d=mm&r=g\",\"caption\":\"admin-federas\"},\"sameAs\":[\"https:\/\/www.federassantas.org.br\/novosite\/\"],\"url\":\"https:\/\/www.federassantas.org.br\/novosite\/author\/admin-federas\/\"}]}<\/script>\n<!-- \/ Yoast SEO plugin. -->","yoast_head_json":{"title":"Outubro Rosa: hospitais filantr\u00f3picos s\u00e3o refer\u00eancia no atendimento \u00e0 pacientes com c\u00e2ncer de mama - Federassantas","robots":{"index":"index","follow":"follow","max-snippet":"max-snippet:-1","max-image-preview":"max-image-preview:large","max-video-preview":"max-video-preview:-1"},"canonical":"https:\/\/www.federassantas.org.br\/novosite\/outubro-rosa-hospitais-filantropicos-sao-referencia-no-atendimento-a-pacientes-com-cancer-de-mama\/","og_locale":"pt_BR","og_type":"article","og_title":"Outubro Rosa: hospitais filantr\u00f3picos s\u00e3o refer\u00eancia no atendimento \u00e0 pacientes com c\u00e2ncer de mama - Federassantas","og_description":"No \u00faltimo ano, 184 hospitais filantr\u00f3picos realizaram algum tipo de atendimento para estes pacientes em Minas Realizado mundialmente todos os anos, o Outubro Rosa \u00e9 uma importante campanha para conscientiza\u00e7\u00e3o e preven\u00e7\u00e3o do c\u00e2ncer de mama. Al\u00e9m de celebrar a data, as institui\u00e7\u00f5es filantr\u00f3picas mineiras, apresentam n\u00fameros expressivos no tratamento de pacientes com c\u00e2ncer de [&hellip;]","og_url":"https:\/\/www.federassantas.org.br\/novosite\/outubro-rosa-hospitais-filantropicos-sao-referencia-no-atendimento-a-pacientes-com-cancer-de-mama\/","og_site_name":"Federassantas","article_published_time":"2018-10-19T18:38:17+00:00","og_image":[{"width":2560,"height":1532,"url":"https:\/\/www.federassantas.org.br\/novosite\/wp-content\/uploads\/2018\/10\/scpassos-2-2-scaled.jpg","type":"image\/jpeg"}],"author":"admin-federas","twitter_card":"summary_large_image","twitter_misc":{"Escrito por":"admin-federas","Est. tempo de leitura":"12 minutos"},"schema":{"@context":"https:\/\/schema.org","@graph":[{"@type":"Article","@id":"https:\/\/www.federassantas.org.br\/novosite\/outubro-rosa-hospitais-filantropicos-sao-referencia-no-atendimento-a-pacientes-com-cancer-de-mama\/#article","isPartOf":{"@id":"https:\/\/www.federassantas.org.br\/novosite\/outubro-rosa-hospitais-filantropicos-sao-referencia-no-atendimento-a-pacientes-com-cancer-de-mama\/"},"author":{"name":"admin-federas","@id":"https:\/\/www.federassantas.org.br\/novosite\/#\/schema\/person\/75fed98158349313fe56175f232f513c"},"headline":"Outubro Rosa: hospitais filantr\u00f3picos s\u00e3o refer\u00eancia no atendimento \u00e0 pacientes com c\u00e2ncer de mama","datePublished":"2018-10-19T18:38:17+00:00","mainEntityOfPage":{"@id":"https:\/\/www.federassantas.org.br\/novosite\/outubro-rosa-hospitais-filantropicos-sao-referencia-no-atendimento-a-pacientes-com-cancer-de-mama\/"},"wordCount":2486,"commentCount":0,"publisher":{"@id":"https:\/\/www.federassantas.org.br\/novosite\/#organization"},"image":{"@id":"https:\/\/www.federassantas.org.br\/novosite\/outubro-rosa-hospitais-filantropicos-sao-referencia-no-atendimento-a-pacientes-com-cancer-de-mama\/#primaryimage"},"thumbnailUrl":"https:\/\/www.federassantas.org.br\/novosite\/wp-content\/uploads\/2018\/10\/scpassos-2-2-scaled.jpg","articleSection":["Not\u00edcias","Not\u00edcias Federassantas","Not\u00edcias filiados"],"inLanguage":"pt-BR","potentialAction":[{"@type":"CommentAction","name":"Comment","target":["https:\/\/www.federassantas.org.br\/novosite\/outubro-rosa-hospitais-filantropicos-sao-referencia-no-atendimento-a-pacientes-com-cancer-de-mama\/#respond"]}]},{"@type":"WebPage","@id":"https:\/\/www.federassantas.org.br\/novosite\/outubro-rosa-hospitais-filantropicos-sao-referencia-no-atendimento-a-pacientes-com-cancer-de-mama\/","url":"https:\/\/www.federassantas.org.br\/novosite\/outubro-rosa-hospitais-filantropicos-sao-referencia-no-atendimento-a-pacientes-com-cancer-de-mama\/","name":"Outubro Rosa: hospitais filantr\u00f3picos s\u00e3o refer\u00eancia no atendimento \u00e0 pacientes com c\u00e2ncer de mama - Federassantas","isPartOf":{"@id":"https:\/\/www.federassantas.org.br\/novosite\/#website"},"primaryImageOfPage":{"@id":"https:\/\/www.federassantas.org.br\/novosite\/outubro-rosa-hospitais-filantropicos-sao-referencia-no-atendimento-a-pacientes-com-cancer-de-mama\/#primaryimage"},"image":{"@id":"https:\/\/www.federassantas.org.br\/novosite\/outubro-rosa-hospitais-filantropicos-sao-referencia-no-atendimento-a-pacientes-com-cancer-de-mama\/#primaryimage"},"thumbnailUrl":"https:\/\/www.federassantas.org.br\/novosite\/wp-content\/uploads\/2018\/10\/scpassos-2-2-scaled.jpg","datePublished":"2018-10-19T18:38:17+00:00","breadcrumb":{"@id":"https:\/\/www.federassantas.org.br\/novosite\/outubro-rosa-hospitais-filantropicos-sao-referencia-no-atendimento-a-pacientes-com-cancer-de-mama\/#breadcrumb"},"inLanguage":"pt-BR","potentialAction":[{"@type":"ReadAction","target":["https:\/\/www.federassantas.org.br\/novosite\/outubro-rosa-hospitais-filantropicos-sao-referencia-no-atendimento-a-pacientes-com-cancer-de-mama\/"]}]},{"@type":"ImageObject","inLanguage":"pt-BR","@id":"https:\/\/www.federassantas.org.br\/novosite\/outubro-rosa-hospitais-filantropicos-sao-referencia-no-atendimento-a-pacientes-com-cancer-de-mama\/#primaryimage","url":"https:\/\/www.federassantas.org.br\/novosite\/wp-content\/uploads\/2018\/10\/scpassos-2-2-scaled.jpg","contentUrl":"https:\/\/www.federassantas.org.br\/novosite\/wp-content\/uploads\/2018\/10\/scpassos-2-2-scaled.jpg","width":2560,"height":1532},{"@type":"BreadcrumbList","@id":"https:\/\/www.federassantas.org.br\/novosite\/outubro-rosa-hospitais-filantropicos-sao-referencia-no-atendimento-a-pacientes-com-cancer-de-mama\/#breadcrumb","itemListElement":[{"@type":"ListItem","position":1,"name":"In\u00edcio","item":"https:\/\/www.federassantas.org.br\/novosite\/"},{"@type":"ListItem","position":2,"name":"Outubro Rosa: hospitais filantr\u00f3picos s\u00e3o refer\u00eancia no atendimento \u00e0 pacientes com c\u00e2ncer de mama"}]},{"@type":"WebSite","@id":"https:\/\/www.federassantas.org.br\/novosite\/#website","url":"https:\/\/www.federassantas.org.br\/novosite\/","name":"Federassantas","description":"Fed. das Santas Casas e Hospitais Filantr\u00f3picos de MG","publisher":{"@id":"https:\/\/www.federassantas.org.br\/novosite\/#organization"},"potentialAction":[{"@type":"SearchAction","target":{"@type":"EntryPoint","urlTemplate":"https:\/\/www.federassantas.org.br\/novosite\/?s={search_term_string}"},"query-input":{"@type":"PropertyValueSpecification","valueRequired":true,"valueName":"search_term_string"}}],"inLanguage":"pt-BR"},{"@type":"Organization","@id":"https:\/\/www.federassantas.org.br\/novosite\/#organization","name":"Federassantas","url":"https:\/\/www.federassantas.org.br\/novosite\/","logo":{"@type":"ImageObject","inLanguage":"pt-BR","@id":"https:\/\/www.federassantas.org.br\/novosite\/#\/schema\/logo\/image\/","url":"https:\/\/www.federassantas.org.br\/novosite\/wp-content\/uploads\/2021\/12\/logo.png","contentUrl":"https:\/\/www.federassantas.org.br\/novosite\/wp-content\/uploads\/2021\/12\/logo.png","width":243,"height":59,"caption":"Federassantas"},"image":{"@id":"https:\/\/www.federassantas.org.br\/novosite\/#\/schema\/logo\/image\/"}},{"@type":"Person","@id":"https:\/\/www.federassantas.org.br\/novosite\/#\/schema\/person\/75fed98158349313fe56175f232f513c","name":"admin-federas","image":{"@type":"ImageObject","inLanguage":"pt-BR","@id":"https:\/\/www.federassantas.org.br\/novosite\/#\/schema\/person\/image\/","url":"https:\/\/secure.gravatar.com\/avatar\/2a02d7dda59fe8dc6b7ffd3f652e2efede5ccf0dd89dfdc8137c5517f3de8407?s=96&d=mm&r=g","contentUrl":"https:\/\/secure.gravatar.com\/avatar\/2a02d7dda59fe8dc6b7ffd3f652e2efede5ccf0dd89dfdc8137c5517f3de8407?s=96&d=mm&r=g","caption":"admin-federas"},"sameAs":["https:\/\/www.federassantas.org.br\/novosite\/"],"url":"https:\/\/www.federassantas.org.br\/novosite\/author\/admin-federas\/"}]}},"_links":{"self":[{"href":"https:\/\/www.federassantas.org.br\/novosite\/wp-json\/wp\/v2\/posts\/14508","targetHints":{"allow":["GET"]}}],"collection":[{"href":"https:\/\/www.federassantas.org.br\/novosite\/wp-json\/wp\/v2\/posts"}],"about":[{"href":"https:\/\/www.federassantas.org.br\/novosite\/wp-json\/wp\/v2\/types\/post"}],"author":[{"embeddable":true,"href":"https:\/\/www.federassantas.org.br\/novosite\/wp-json\/wp\/v2\/users\/1"}],"replies":[{"embeddable":true,"href":"https:\/\/www.federassantas.org.br\/novosite\/wp-json\/wp\/v2\/comments?post=14508"}],"version-history":[{"count":0,"href":"https:\/\/www.federassantas.org.br\/novosite\/wp-json\/wp\/v2\/posts\/14508\/revisions"}],"wp:featuredmedia":[{"embeddable":true,"href":"https:\/\/www.federassantas.org.br\/novosite\/wp-json\/wp\/v2\/media\/14541"}],"wp:attachment":[{"href":"https:\/\/www.federassantas.org.br\/novosite\/wp-json\/wp\/v2\/media?parent=14508"}],"wp:term":[{"taxonomy":"category","embeddable":true,"href":"https:\/\/www.federassantas.org.br\/novosite\/wp-json\/wp\/v2\/categories?post=14508"},{"taxonomy":"post_tag","embeddable":true,"href":"https:\/\/www.federassantas.org.br\/novosite\/wp-json\/wp\/v2\/tags?post=14508"}],"curies":[{"name":"wp","href":"https:\/\/api.w.org\/{rel}","templated":true}]}}