{"id":14555,"date":"2018-10-22T16:34:49","date_gmt":"2018-10-22T18:34:49","guid":{"rendered":"https:\/\/federasbackup.meltcomunicacao.com.br\/?p=14555"},"modified":"2018-10-22T16:34:49","modified_gmt":"2018-10-22T18:34:49","slug":"epidemia-de-sifilis-no-brasil-alerta-para-riscos-de-transmissao-da-doenca","status":"publish","type":"post","link":"https:\/\/www.federassantas.org.br\/novosite\/epidemia-de-sifilis-no-brasil-alerta-para-riscos-de-transmissao-da-doenca\/","title":{"rendered":"Epidemia de s\u00edfilis no Brasil alerta para riscos de transmiss\u00e3o da doen\u00e7a"},"content":{"rendered":"<p style=\"text-align: justify;\">Em 2017 foi institu\u00eddo que o terceiro s\u00e1bado do m\u00eas de outubro passaria a ser o\u00a0<strong>Dia Nacional de Combate \u00e0 S\u00edfilis e \u00e0 S\u00edfilis Cong\u00eanita<\/strong>. Essa medida visa conscientizar as pessoas e estimular pol\u00edticas p\u00fablicas para o combate a esta doen\u00e7a, que exp\u00f5e um grave quadro de\u00a0<strong>epidemia<\/strong>\u00a0no pa\u00eds. A queda no uso dos preservativos, principalmente no p\u00fablico jovem, \u00e9 apontada como a maior causa para este aumento da incid\u00eancia nos \u00faltimos anos. Al\u00e9m disso, o n\u00e3o tratamento dos parceiros, assim como a baixa ades\u00e3o \u00e0s consultas do pr\u00e9-natal s\u00e3o fatores contribuintes.<\/p>\n<p style=\"text-align: justify;\">De acordo com o Minist\u00e9rio da Sa\u00fade, a s\u00edfilis adquirida teve sua notifica\u00e7\u00e3o compuls\u00f3ria implantada no Brasil em 2010, tendo sua taxa de detec\u00e7\u00e3o aumentada de 2 casos por 100 mil habitantes naquele ano para 42,5 casos por 100 mil habitantes em 2016. Somente de 2015 para 2016, houve um aumento de 27,9% dos casos de s\u00edfilis adquirida em adultos. Neste mesmo ano, a s\u00edfilis cong\u00eanita apresentou uma taxa de incid\u00eancia de 6,8 casos por mil nascidos vivos.<\/p>\n<p style=\"text-align: justify;\">Tamb\u00e9m chamada de Lues ou, popularmente, cancro duro, a s\u00edfilis \u00e9 uma I<strong>nfec\u00e7\u00e3o Sexualmente Transmiss\u00edvel (IST)<\/strong>\u00a0causada pela bact\u00e9ria\u00a0<strong><em>Treponema pallidum<\/em><\/strong>. Sua principal forma de transmiss\u00e3o se d\u00e1 pelo contato sexual desprotegido. Tamb\u00e9m pode ser adquirida mais raramente pelo contato com sangue contaminado como nas transfus\u00f5es sangu\u00edneas.<\/p>\n<p>&nbsp;<\/p>\n<p>Leia a mat\u00e9ria completa em:\u00a0<a href=\"https:\/\/www.labnetwork.com.br\/noticias\/epidemia-de-sifilis-no-brasil-alerta-para-riscos-de-transmissao-da-doenca\/\">https:\/\/www.labnetwork.com.br\/noticias\/epidemia-de-sifilis-no-brasil-alerta-para-riscos-de-transmissao-da-doenca\/<\/a><\/p>\n<p><em>Fonte: LabNetwork<\/em><\/p>\n","protected":false},"excerpt":{"rendered":"<p>Em 2017 foi institu\u00eddo que o terceiro s\u00e1bado do m\u00eas de outubro passaria a ser o\u00a0Dia Nacional de Combate \u00e0 S\u00edfilis e \u00e0 S\u00edfilis Cong\u00eanita. Essa medida visa conscientizar as pessoas e estimular pol\u00edticas p\u00fablicas para o combate a esta doen\u00e7a, que exp\u00f5e um grave quadro de\u00a0epidemia\u00a0no pa\u00eds. A queda no uso dos preservativos, principalmente [&hellip;]<\/p>\n","protected":false},"author":1,"featured_media":14556,"comment_status":"open","ping_status":"open","sticky":false,"template":"","format":"standard","meta":{"footnotes":""},"categories":[140],"tags":[],"class_list":["post-14555","post","type-post","status-publish","format-standard","has-post-thumbnail","hentry","category-noticias"],"yoast_head":"<!-- This site is optimized with the Yoast SEO plugin v26.9 - https:\/\/yoast.com\/product\/yoast-seo-wordpress\/ -->\n<title>Epidemia de s\u00edfilis no Brasil alerta para riscos de transmiss\u00e3o da doen\u00e7a - Federassantas<\/title>\n<meta name=\"robots\" content=\"index, follow, max-snippet:-1, max-image-preview:large, max-video-preview:-1\" \/>\n<link rel=\"canonical\" href=\"https:\/\/www.federassantas.org.br\/novosite\/epidemia-de-sifilis-no-brasil-alerta-para-riscos-de-transmissao-da-doenca\/\" \/>\n<meta property=\"og:locale\" content=\"pt_BR\" \/>\n<meta property=\"og:type\" content=\"article\" \/>\n<meta property=\"og:title\" content=\"Epidemia de s\u00edfilis no Brasil alerta para riscos de transmiss\u00e3o da doen\u00e7a - Federassantas\" \/>\n<meta property=\"og:description\" content=\"Em 2017 foi institu\u00eddo que o terceiro s\u00e1bado do m\u00eas de outubro passaria a ser o\u00a0Dia Nacional de Combate \u00e0 S\u00edfilis e \u00e0 S\u00edfilis Cong\u00eanita. Essa medida visa conscientizar as pessoas e estimular pol\u00edticas p\u00fablicas para o combate a esta doen\u00e7a, que exp\u00f5e um grave quadro de\u00a0epidemia\u00a0no pa\u00eds. A queda no uso dos preservativos, principalmente [&hellip;]\" \/>\n<meta property=\"og:url\" content=\"https:\/\/www.federassantas.org.br\/novosite\/epidemia-de-sifilis-no-brasil-alerta-para-riscos-de-transmissao-da-doenca\/\" \/>\n<meta property=\"og:site_name\" content=\"Federassantas\" \/>\n<meta property=\"article:published_time\" content=\"2018-10-22T18:34:49+00:00\" \/>\n<meta name=\"author\" content=\"admin-federas\" \/>\n<meta name=\"twitter:card\" content=\"summary_large_image\" \/>\n<meta name=\"twitter:label1\" content=\"Escrito por\" \/>\n\t<meta name=\"twitter:data1\" content=\"admin-federas\" \/>\n\t<meta name=\"twitter:label2\" content=\"Est. tempo de leitura\" \/>\n\t<meta name=\"twitter:data2\" content=\"1 minuto\" \/>\n<script type=\"application\/ld+json\" class=\"yoast-schema-graph\">{\"@context\":\"https:\/\/schema.org\",\"@graph\":[{\"@type\":\"Article\",\"@id\":\"https:\/\/www.federassantas.org.br\/novosite\/epidemia-de-sifilis-no-brasil-alerta-para-riscos-de-transmissao-da-doenca\/#article\",\"isPartOf\":{\"@id\":\"https:\/\/www.federassantas.org.br\/novosite\/epidemia-de-sifilis-no-brasil-alerta-para-riscos-de-transmissao-da-doenca\/\"},\"author\":{\"name\":\"admin-federas\",\"@id\":\"https:\/\/www.federassantas.org.br\/novosite\/#\/schema\/person\/75fed98158349313fe56175f232f513c\"},\"headline\":\"Epidemia de s\u00edfilis no Brasil alerta para riscos de transmiss\u00e3o da doen\u00e7a\",\"datePublished\":\"2018-10-22T18:34:49+00:00\",\"mainEntityOfPage\":{\"@id\":\"https:\/\/www.federassantas.org.br\/novosite\/epidemia-de-sifilis-no-brasil-alerta-para-riscos-de-transmissao-da-doenca\/\"},\"wordCount\":272,\"commentCount\":0,\"publisher\":{\"@id\":\"https:\/\/www.federassantas.org.br\/novosite\/#organization\"},\"image\":{\"@id\":\"https:\/\/www.federassantas.org.br\/novosite\/epidemia-de-sifilis-no-brasil-alerta-para-riscos-de-transmissao-da-doenca\/#primaryimage\"},\"thumbnailUrl\":\"\",\"articleSection\":[\"Not\u00edcias\"],\"inLanguage\":\"pt-BR\",\"potentialAction\":[{\"@type\":\"CommentAction\",\"name\":\"Comment\",\"target\":[\"https:\/\/www.federassantas.org.br\/novosite\/epidemia-de-sifilis-no-brasil-alerta-para-riscos-de-transmissao-da-doenca\/#respond\"]}]},{\"@type\":\"WebPage\",\"@id\":\"https:\/\/www.federassantas.org.br\/novosite\/epidemia-de-sifilis-no-brasil-alerta-para-riscos-de-transmissao-da-doenca\/\",\"url\":\"https:\/\/www.federassantas.org.br\/novosite\/epidemia-de-sifilis-no-brasil-alerta-para-riscos-de-transmissao-da-doenca\/\",\"name\":\"Epidemia de s\u00edfilis no Brasil alerta para riscos de transmiss\u00e3o da doen\u00e7a - Federassantas\",\"isPartOf\":{\"@id\":\"https:\/\/www.federassantas.org.br\/novosite\/#website\"},\"primaryImageOfPage\":{\"@id\":\"https:\/\/www.federassantas.org.br\/novosite\/epidemia-de-sifilis-no-brasil-alerta-para-riscos-de-transmissao-da-doenca\/#primaryimage\"},\"image\":{\"@id\":\"https:\/\/www.federassantas.org.br\/novosite\/epidemia-de-sifilis-no-brasil-alerta-para-riscos-de-transmissao-da-doenca\/#primaryimage\"},\"thumbnailUrl\":\"\",\"datePublished\":\"2018-10-22T18:34:49+00:00\",\"breadcrumb\":{\"@id\":\"https:\/\/www.federassantas.org.br\/novosite\/epidemia-de-sifilis-no-brasil-alerta-para-riscos-de-transmissao-da-doenca\/#breadcrumb\"},\"inLanguage\":\"pt-BR\",\"potentialAction\":[{\"@type\":\"ReadAction\",\"target\":[\"https:\/\/www.federassantas.org.br\/novosite\/epidemia-de-sifilis-no-brasil-alerta-para-riscos-de-transmissao-da-doenca\/\"]}]},{\"@type\":\"ImageObject\",\"inLanguage\":\"pt-BR\",\"@id\":\"https:\/\/www.federassantas.org.br\/novosite\/epidemia-de-sifilis-no-brasil-alerta-para-riscos-de-transmissao-da-doenca\/#primaryimage\",\"url\":\"\",\"contentUrl\":\"\"},{\"@type\":\"BreadcrumbList\",\"@id\":\"https:\/\/www.federassantas.org.br\/novosite\/epidemia-de-sifilis-no-brasil-alerta-para-riscos-de-transmissao-da-doenca\/#breadcrumb\",\"itemListElement\":[{\"@type\":\"ListItem\",\"position\":1,\"name\":\"In\u00edcio\",\"item\":\"https:\/\/www.federassantas.org.br\/novosite\/\"},{\"@type\":\"ListItem\",\"position\":2,\"name\":\"Epidemia de s\u00edfilis no Brasil alerta para riscos de transmiss\u00e3o da doen\u00e7a\"}]},{\"@type\":\"WebSite\",\"@id\":\"https:\/\/www.federassantas.org.br\/novosite\/#website\",\"url\":\"https:\/\/www.federassantas.org.br\/novosite\/\",\"name\":\"Federassantas\",\"description\":\"Fed. das Santas Casas e Hospitais Filantr\u00f3picos de MG\",\"publisher\":{\"@id\":\"https:\/\/www.federassantas.org.br\/novosite\/#organization\"},\"potentialAction\":[{\"@type\":\"SearchAction\",\"target\":{\"@type\":\"EntryPoint\",\"urlTemplate\":\"https:\/\/www.federassantas.org.br\/novosite\/?s={search_term_string}\"},\"query-input\":{\"@type\":\"PropertyValueSpecification\",\"valueRequired\":true,\"valueName\":\"search_term_string\"}}],\"inLanguage\":\"pt-BR\"},{\"@type\":\"Organization\",\"@id\":\"https:\/\/www.federassantas.org.br\/novosite\/#organization\",\"name\":\"Federassantas\",\"url\":\"https:\/\/www.federassantas.org.br\/novosite\/\",\"logo\":{\"@type\":\"ImageObject\",\"inLanguage\":\"pt-BR\",\"@id\":\"https:\/\/www.federassantas.org.br\/novosite\/#\/schema\/logo\/image\/\",\"url\":\"https:\/\/www.federassantas.org.br\/novosite\/wp-content\/uploads\/2021\/12\/logo.png\",\"contentUrl\":\"https:\/\/www.federassantas.org.br\/novosite\/wp-content\/uploads\/2021\/12\/logo.png\",\"width\":243,\"height\":59,\"caption\":\"Federassantas\"},\"image\":{\"@id\":\"https:\/\/www.federassantas.org.br\/novosite\/#\/schema\/logo\/image\/\"}},{\"@type\":\"Person\",\"@id\":\"https:\/\/www.federassantas.org.br\/novosite\/#\/schema\/person\/75fed98158349313fe56175f232f513c\",\"name\":\"admin-federas\",\"image\":{\"@type\":\"ImageObject\",\"inLanguage\":\"pt-BR\",\"@id\":\"https:\/\/www.federassantas.org.br\/novosite\/#\/schema\/person\/image\/\",\"url\":\"https:\/\/secure.gravatar.com\/avatar\/2a02d7dda59fe8dc6b7ffd3f652e2efede5ccf0dd89dfdc8137c5517f3de8407?s=96&d=mm&r=g\",\"contentUrl\":\"https:\/\/secure.gravatar.com\/avatar\/2a02d7dda59fe8dc6b7ffd3f652e2efede5ccf0dd89dfdc8137c5517f3de8407?s=96&d=mm&r=g\",\"caption\":\"admin-federas\"},\"sameAs\":[\"https:\/\/www.federassantas.org.br\/novosite\/\"],\"url\":\"https:\/\/www.federassantas.org.br\/novosite\/author\/admin-federas\/\"}]}<\/script>\n<!-- \/ Yoast SEO plugin. -->","yoast_head_json":{"title":"Epidemia de s\u00edfilis no Brasil alerta para riscos de transmiss\u00e3o da doen\u00e7a - Federassantas","robots":{"index":"index","follow":"follow","max-snippet":"max-snippet:-1","max-image-preview":"max-image-preview:large","max-video-preview":"max-video-preview:-1"},"canonical":"https:\/\/www.federassantas.org.br\/novosite\/epidemia-de-sifilis-no-brasil-alerta-para-riscos-de-transmissao-da-doenca\/","og_locale":"pt_BR","og_type":"article","og_title":"Epidemia de s\u00edfilis no Brasil alerta para riscos de transmiss\u00e3o da doen\u00e7a - Federassantas","og_description":"Em 2017 foi institu\u00eddo que o terceiro s\u00e1bado do m\u00eas de outubro passaria a ser o\u00a0Dia Nacional de Combate \u00e0 S\u00edfilis e \u00e0 S\u00edfilis Cong\u00eanita. Essa medida visa conscientizar as pessoas e estimular pol\u00edticas p\u00fablicas para o combate a esta doen\u00e7a, que exp\u00f5e um grave quadro de\u00a0epidemia\u00a0no pa\u00eds. A queda no uso dos preservativos, principalmente [&hellip;]","og_url":"https:\/\/www.federassantas.org.br\/novosite\/epidemia-de-sifilis-no-brasil-alerta-para-riscos-de-transmissao-da-doenca\/","og_site_name":"Federassantas","article_published_time":"2018-10-22T18:34:49+00:00","author":"admin-federas","twitter_card":"summary_large_image","twitter_misc":{"Escrito por":"admin-federas","Est. tempo de leitura":"1 minuto"},"schema":{"@context":"https:\/\/schema.org","@graph":[{"@type":"Article","@id":"https:\/\/www.federassantas.org.br\/novosite\/epidemia-de-sifilis-no-brasil-alerta-para-riscos-de-transmissao-da-doenca\/#article","isPartOf":{"@id":"https:\/\/www.federassantas.org.br\/novosite\/epidemia-de-sifilis-no-brasil-alerta-para-riscos-de-transmissao-da-doenca\/"},"author":{"name":"admin-federas","@id":"https:\/\/www.federassantas.org.br\/novosite\/#\/schema\/person\/75fed98158349313fe56175f232f513c"},"headline":"Epidemia de s\u00edfilis no Brasil alerta para riscos de transmiss\u00e3o da doen\u00e7a","datePublished":"2018-10-22T18:34:49+00:00","mainEntityOfPage":{"@id":"https:\/\/www.federassantas.org.br\/novosite\/epidemia-de-sifilis-no-brasil-alerta-para-riscos-de-transmissao-da-doenca\/"},"wordCount":272,"commentCount":0,"publisher":{"@id":"https:\/\/www.federassantas.org.br\/novosite\/#organization"},"image":{"@id":"https:\/\/www.federassantas.org.br\/novosite\/epidemia-de-sifilis-no-brasil-alerta-para-riscos-de-transmissao-da-doenca\/#primaryimage"},"thumbnailUrl":"","articleSection":["Not\u00edcias"],"inLanguage":"pt-BR","potentialAction":[{"@type":"CommentAction","name":"Comment","target":["https:\/\/www.federassantas.org.br\/novosite\/epidemia-de-sifilis-no-brasil-alerta-para-riscos-de-transmissao-da-doenca\/#respond"]}]},{"@type":"WebPage","@id":"https:\/\/www.federassantas.org.br\/novosite\/epidemia-de-sifilis-no-brasil-alerta-para-riscos-de-transmissao-da-doenca\/","url":"https:\/\/www.federassantas.org.br\/novosite\/epidemia-de-sifilis-no-brasil-alerta-para-riscos-de-transmissao-da-doenca\/","name":"Epidemia de s\u00edfilis no Brasil alerta para riscos de transmiss\u00e3o da doen\u00e7a - Federassantas","isPartOf":{"@id":"https:\/\/www.federassantas.org.br\/novosite\/#website"},"primaryImageOfPage":{"@id":"https:\/\/www.federassantas.org.br\/novosite\/epidemia-de-sifilis-no-brasil-alerta-para-riscos-de-transmissao-da-doenca\/#primaryimage"},"image":{"@id":"https:\/\/www.federassantas.org.br\/novosite\/epidemia-de-sifilis-no-brasil-alerta-para-riscos-de-transmissao-da-doenca\/#primaryimage"},"thumbnailUrl":"","datePublished":"2018-10-22T18:34:49+00:00","breadcrumb":{"@id":"https:\/\/www.federassantas.org.br\/novosite\/epidemia-de-sifilis-no-brasil-alerta-para-riscos-de-transmissao-da-doenca\/#breadcrumb"},"inLanguage":"pt-BR","potentialAction":[{"@type":"ReadAction","target":["https:\/\/www.federassantas.org.br\/novosite\/epidemia-de-sifilis-no-brasil-alerta-para-riscos-de-transmissao-da-doenca\/"]}]},{"@type":"ImageObject","inLanguage":"pt-BR","@id":"https:\/\/www.federassantas.org.br\/novosite\/epidemia-de-sifilis-no-brasil-alerta-para-riscos-de-transmissao-da-doenca\/#primaryimage","url":"","contentUrl":""},{"@type":"BreadcrumbList","@id":"https:\/\/www.federassantas.org.br\/novosite\/epidemia-de-sifilis-no-brasil-alerta-para-riscos-de-transmissao-da-doenca\/#breadcrumb","itemListElement":[{"@type":"ListItem","position":1,"name":"In\u00edcio","item":"https:\/\/www.federassantas.org.br\/novosite\/"},{"@type":"ListItem","position":2,"name":"Epidemia de s\u00edfilis no Brasil alerta para riscos de transmiss\u00e3o da doen\u00e7a"}]},{"@type":"WebSite","@id":"https:\/\/www.federassantas.org.br\/novosite\/#website","url":"https:\/\/www.federassantas.org.br\/novosite\/","name":"Federassantas","description":"Fed. das Santas Casas e Hospitais Filantr\u00f3picos de MG","publisher":{"@id":"https:\/\/www.federassantas.org.br\/novosite\/#organization"},"potentialAction":[{"@type":"SearchAction","target":{"@type":"EntryPoint","urlTemplate":"https:\/\/www.federassantas.org.br\/novosite\/?s={search_term_string}"},"query-input":{"@type":"PropertyValueSpecification","valueRequired":true,"valueName":"search_term_string"}}],"inLanguage":"pt-BR"},{"@type":"Organization","@id":"https:\/\/www.federassantas.org.br\/novosite\/#organization","name":"Federassantas","url":"https:\/\/www.federassantas.org.br\/novosite\/","logo":{"@type":"ImageObject","inLanguage":"pt-BR","@id":"https:\/\/www.federassantas.org.br\/novosite\/#\/schema\/logo\/image\/","url":"https:\/\/www.federassantas.org.br\/novosite\/wp-content\/uploads\/2021\/12\/logo.png","contentUrl":"https:\/\/www.federassantas.org.br\/novosite\/wp-content\/uploads\/2021\/12\/logo.png","width":243,"height":59,"caption":"Federassantas"},"image":{"@id":"https:\/\/www.federassantas.org.br\/novosite\/#\/schema\/logo\/image\/"}},{"@type":"Person","@id":"https:\/\/www.federassantas.org.br\/novosite\/#\/schema\/person\/75fed98158349313fe56175f232f513c","name":"admin-federas","image":{"@type":"ImageObject","inLanguage":"pt-BR","@id":"https:\/\/www.federassantas.org.br\/novosite\/#\/schema\/person\/image\/","url":"https:\/\/secure.gravatar.com\/avatar\/2a02d7dda59fe8dc6b7ffd3f652e2efede5ccf0dd89dfdc8137c5517f3de8407?s=96&d=mm&r=g","contentUrl":"https:\/\/secure.gravatar.com\/avatar\/2a02d7dda59fe8dc6b7ffd3f652e2efede5ccf0dd89dfdc8137c5517f3de8407?s=96&d=mm&r=g","caption":"admin-federas"},"sameAs":["https:\/\/www.federassantas.org.br\/novosite\/"],"url":"https:\/\/www.federassantas.org.br\/novosite\/author\/admin-federas\/"}]}},"_links":{"self":[{"href":"https:\/\/www.federassantas.org.br\/novosite\/wp-json\/wp\/v2\/posts\/14555","targetHints":{"allow":["GET"]}}],"collection":[{"href":"https:\/\/www.federassantas.org.br\/novosite\/wp-json\/wp\/v2\/posts"}],"about":[{"href":"https:\/\/www.federassantas.org.br\/novosite\/wp-json\/wp\/v2\/types\/post"}],"author":[{"embeddable":true,"href":"https:\/\/www.federassantas.org.br\/novosite\/wp-json\/wp\/v2\/users\/1"}],"replies":[{"embeddable":true,"href":"https:\/\/www.federassantas.org.br\/novosite\/wp-json\/wp\/v2\/comments?post=14555"}],"version-history":[{"count":0,"href":"https:\/\/www.federassantas.org.br\/novosite\/wp-json\/wp\/v2\/posts\/14555\/revisions"}],"wp:featuredmedia":[{"embeddable":true,"href":"https:\/\/www.federassantas.org.br\/novosite\/wp-json\/"}],"wp:attachment":[{"href":"https:\/\/www.federassantas.org.br\/novosite\/wp-json\/wp\/v2\/media?parent=14555"}],"wp:term":[{"taxonomy":"category","embeddable":true,"href":"https:\/\/www.federassantas.org.br\/novosite\/wp-json\/wp\/v2\/categories?post=14555"},{"taxonomy":"post_tag","embeddable":true,"href":"https:\/\/www.federassantas.org.br\/novosite\/wp-json\/wp\/v2\/tags?post=14555"}],"curies":[{"name":"wp","href":"https:\/\/api.w.org\/{rel}","templated":true}]}}