{"id":14567,"date":"2018-10-22T18:28:31","date_gmt":"2018-10-22T21:28:31","guid":{"rendered":"https:\/\/federasbackup.meltcomunicacao.com.br\/?p=14567"},"modified":"2018-10-22T18:28:31","modified_gmt":"2018-10-22T21:28:31","slug":"14567-2","status":"publish","type":"post","link":"https:\/\/www.federassantas.org.br\/novosite\/14567-2\/","title":{"rendered":"3\u00b0 capta\u00e7\u00e3o de m\u00faltiplos \u00f3rg\u00e3os \u00e9 realizada com sucesso na Santa Casa de Ouro Preto"},"content":{"rendered":"<p style=\"text-align: justify;\">A Santa Casa da Miseric\u00f3rdia de Ouro Preto realizou pela terceira vez a m\u00faltipla capta\u00e7\u00e3o de \u00f3rg\u00e3os.<\/p>\n<p style=\"text-align: justify;\">A fam\u00edlia em um ato de solidariedade e humanismo autorizou a doa\u00e7\u00e3o dos \u00f3rg\u00e3os de uma paciente de 57 anos, que estava internada na Unidade de Terapia Intensiva (UTI) e teve a morte encef\u00e1lica confirmada ap\u00f3s realiza\u00e7\u00e3o de v\u00e1rios exames realizados seguindo todos os itens descritos no protocolo espec\u00edfico.<\/p>\n<p style=\"text-align: justify;\">O procedimento foi coordenado pela Comiss\u00e3o Intra-Hospitalar de Doa\u00e7\u00e3o de \u00d3rg\u00e3os e Tecidos para Transplantes (CIHDOTT) do hospital em parceria com a equipe do Corpo de Bombeiros, a equipe de Transplantes do Hospital Fel\u00edcio Roxo, e a Guarda Municipal de Ouro Preto.<\/p>\n<p style=\"text-align: justify;\">Dr. Leonardo Brand\u00e3o, Diretor T\u00e9cnico da Institui\u00e7\u00e3o, fala que \u201cmesmo em um momento dif\u00edcil de uma perda, os familiares tiveram a bondade de olhar em dire\u00e7\u00e3o a outros seres humanos que sofrem na fila de espera por um transplante\u201d e ainda completa \u201cA Santa Casa est\u00e1 focada na qualifica\u00e7\u00e3o dos profissionais\u201d.<\/p>\n<p style=\"text-align: justify;\">Recentemente os funcion\u00e1rios do hospital, principalmente os que atuam em \u00e1rea cr\u00edtica do hospital, como UTI, participaram de um treinamento de capacita\u00e7\u00e3o do novo protocolo de Morte Encef\u00e1lica, que \u00e9 a condi\u00e7\u00e3o determinante para a doa\u00e7\u00e3o de \u00f3rg\u00e3os para transplantes.<\/p>\n<p style=\"text-align: justify;\">O Provedor Marcelo Oliveira cita que, \u201cQuanto mais doa\u00e7\u00f5es acontecerem, um n\u00famero maior de informa\u00e7\u00e3o alcan\u00e7ar\u00e1 \u00e0s pessoas e esse assunto passa a ser debatido em fam\u00edlia. Com o diagn\u00f3stico de morte encef\u00e1lica evidenciado, a fam\u00edlia do paciente, \u00e9 quem pode realizar a<br \/>\nautoriza\u00e7\u00e3o da doa\u00e7\u00e3o. Com a informa\u00e7\u00e3o divulgada, aumenta a chance de se ter um n\u00famero maior de doadores\u201d.<\/p>\n<p style=\"text-align: justify;\">A Gerente de Servi\u00e7os Assistenciais, Val\u00e9ria Omiti, refor\u00e7ou o empenho da Santa Casa na realiza\u00e7\u00e3o da doa\u00e7\u00e3o de \u00f3rg\u00e3os: \u201cA Comiss\u00e3o foi organizada com o objetivo de realizar a capta\u00e7\u00e3o de m\u00faltiplos \u00f3rg\u00e3os. O empenho desse grupo e da institui\u00e7\u00e3o vai ao encontro da necessidade de refor\u00e7ar a import\u00e2ncia da doa\u00e7\u00e3o\u201d. Ela ainda coloca que para ser doador a pessoa tem de apresentar em vida para os familiares e amigos esse desejo.<\/p>\n<p style=\"text-align: justify;\">A primeira capta\u00e7\u00e3o de m\u00faltiplos \u00f3rg\u00e3os na Santa Casa de Ouro Preto aconteceu em 15 de dezembro de 2017 e a segunda capta\u00e7\u00e3o no dia 21 de agosto de 2018. Esta \u00e9 a terceira Capta\u00e7\u00e3o de M\u00faltiplos \u00d3rg\u00e3os realizada no hospital.<\/p>\n<p style=\"text-align: left;\"><img fetchpriority=\"high\" decoding=\"async\" class=\"wp-image-14569 alignleft\" src=\"http:\/\/federasbackup.meltcomunicacao.com.br\/wp-content\/uploads\/2018\/10\/WhatsApp-Image-2018-10-22-at-15.59.33-300x225.jpeg\" alt=\"\" width=\"334\" height=\"251\" srcset=\"https:\/\/www.federassantas.org.br\/novosite\/wp-content\/uploads\/2018\/10\/WhatsApp-Image-2018-10-22-at-15.59.33-300x225.jpeg 300w, https:\/\/www.federassantas.org.br\/novosite\/wp-content\/uploads\/2018\/10\/WhatsApp-Image-2018-10-22-at-15.59.33-1024x768.jpeg 1024w, https:\/\/www.federassantas.org.br\/novosite\/wp-content\/uploads\/2018\/10\/WhatsApp-Image-2018-10-22-at-15.59.33-768x576.jpeg 768w, https:\/\/www.federassantas.org.br\/novosite\/wp-content\/uploads\/2018\/10\/WhatsApp-Image-2018-10-22-at-15.59.33.jpeg 1280w\" sizes=\"(max-width: 334px) 100vw, 334px\" \/><\/p>\n<p>&nbsp;<\/p>\n<p style=\"text-align: left;\">Foto: Equipe Interna da Santa Casa da Miseric\u00f3rdia de Ouro Preto e Equipe de M\u00e9dicos e Enfermeira do Hospital Fel\u00edcio Roxo.<\/p>\n<p style=\"text-align: justify;\">Fonte: Assessoria da Santa Casa de Ouro Preto<\/p>\n","protected":false},"excerpt":{"rendered":"<p>A Santa Casa da Miseric\u00f3rdia de Ouro Preto realizou pela terceira vez a m\u00faltipla capta\u00e7\u00e3o de \u00f3rg\u00e3os. A fam\u00edlia em um ato de solidariedade e humanismo autorizou a doa\u00e7\u00e3o dos \u00f3rg\u00e3os de uma paciente de 57 anos, que estava internada na Unidade de Terapia Intensiva (UTI) e teve a morte encef\u00e1lica confirmada ap\u00f3s realiza\u00e7\u00e3o de [&hellip;]<\/p>\n","protected":false},"author":1,"featured_media":14568,"comment_status":"open","ping_status":"open","sticky":false,"template":"","format":"standard","meta":{"footnotes":""},"categories":[140,139],"tags":[],"class_list":["post-14567","post","type-post","status-publish","format-standard","has-post-thumbnail","hentry","category-noticias","category-noticias-filiados"],"yoast_head":"<!-- This site is optimized with the Yoast SEO plugin v26.9 - https:\/\/yoast.com\/product\/yoast-seo-wordpress\/ -->\n<title>3\u00b0 capta\u00e7\u00e3o de m\u00faltiplos \u00f3rg\u00e3os \u00e9 realizada com sucesso na Santa Casa de Ouro Preto - Federassantas<\/title>\n<meta name=\"robots\" content=\"index, follow, max-snippet:-1, max-image-preview:large, max-video-preview:-1\" \/>\n<link rel=\"canonical\" href=\"https:\/\/www.federassantas.org.br\/novosite\/14567-2\/\" \/>\n<meta property=\"og:locale\" content=\"pt_BR\" \/>\n<meta property=\"og:type\" content=\"article\" \/>\n<meta property=\"og:title\" content=\"3\u00b0 capta\u00e7\u00e3o de m\u00faltiplos \u00f3rg\u00e3os \u00e9 realizada com sucesso na Santa Casa de Ouro Preto - Federassantas\" \/>\n<meta property=\"og:description\" content=\"A Santa Casa da Miseric\u00f3rdia de Ouro Preto realizou pela terceira vez a m\u00faltipla capta\u00e7\u00e3o de \u00f3rg\u00e3os. A fam\u00edlia em um ato de solidariedade e humanismo autorizou a doa\u00e7\u00e3o dos \u00f3rg\u00e3os de uma paciente de 57 anos, que estava internada na Unidade de Terapia Intensiva (UTI) e teve a morte encef\u00e1lica confirmada ap\u00f3s realiza\u00e7\u00e3o de [&hellip;]\" \/>\n<meta property=\"og:url\" content=\"https:\/\/www.federassantas.org.br\/novosite\/14567-2\/\" \/>\n<meta property=\"og:site_name\" content=\"Federassantas\" \/>\n<meta property=\"article:published_time\" content=\"2018-10-22T21:28:31+00:00\" \/>\n<meta property=\"og:image\" content=\"https:\/\/www.federassantas.org.br\/novosite\/wp-content\/uploads\/2018\/10\/WhatsApp-Image-2018-10-22-at-15.58.29.jpeg\" \/>\n\t<meta property=\"og:image:width\" content=\"1280\" \/>\n\t<meta property=\"og:image:height\" content=\"960\" \/>\n\t<meta property=\"og:image:type\" content=\"image\/jpeg\" \/>\n<meta name=\"author\" content=\"admin-federas\" \/>\n<meta name=\"twitter:card\" content=\"summary_large_image\" \/>\n<meta name=\"twitter:label1\" content=\"Escrito por\" \/>\n\t<meta name=\"twitter:data1\" content=\"admin-federas\" \/>\n\t<meta name=\"twitter:label2\" content=\"Est. tempo de leitura\" \/>\n\t<meta name=\"twitter:data2\" content=\"2 minutos\" \/>\n<script type=\"application\/ld+json\" class=\"yoast-schema-graph\">{\"@context\":\"https:\/\/schema.org\",\"@graph\":[{\"@type\":\"Article\",\"@id\":\"https:\/\/www.federassantas.org.br\/novosite\/14567-2\/#article\",\"isPartOf\":{\"@id\":\"https:\/\/www.federassantas.org.br\/novosite\/14567-2\/\"},\"author\":{\"name\":\"admin-federas\",\"@id\":\"https:\/\/www.federassantas.org.br\/novosite\/#\/schema\/person\/75fed98158349313fe56175f232f513c\"},\"headline\":\"3\u00b0 capta\u00e7\u00e3o de m\u00faltiplos \u00f3rg\u00e3os \u00e9 realizada com sucesso na Santa Casa de Ouro Preto\",\"datePublished\":\"2018-10-22T21:28:31+00:00\",\"mainEntityOfPage\":{\"@id\":\"https:\/\/www.federassantas.org.br\/novosite\/14567-2\/\"},\"wordCount\":476,\"commentCount\":0,\"publisher\":{\"@id\":\"https:\/\/www.federassantas.org.br\/novosite\/#organization\"},\"image\":{\"@id\":\"https:\/\/www.federassantas.org.br\/novosite\/14567-2\/#primaryimage\"},\"thumbnailUrl\":\"https:\/\/www.federassantas.org.br\/novosite\/wp-content\/uploads\/2018\/10\/WhatsApp-Image-2018-10-22-at-15.58.29.jpeg\",\"articleSection\":[\"Not\u00edcias\",\"Not\u00edcias filiados\"],\"inLanguage\":\"pt-BR\",\"potentialAction\":[{\"@type\":\"CommentAction\",\"name\":\"Comment\",\"target\":[\"https:\/\/www.federassantas.org.br\/novosite\/14567-2\/#respond\"]}]},{\"@type\":\"WebPage\",\"@id\":\"https:\/\/www.federassantas.org.br\/novosite\/14567-2\/\",\"url\":\"https:\/\/www.federassantas.org.br\/novosite\/14567-2\/\",\"name\":\"3\u00b0 capta\u00e7\u00e3o de m\u00faltiplos \u00f3rg\u00e3os \u00e9 realizada com sucesso na Santa Casa de Ouro Preto - Federassantas\",\"isPartOf\":{\"@id\":\"https:\/\/www.federassantas.org.br\/novosite\/#website\"},\"primaryImageOfPage\":{\"@id\":\"https:\/\/www.federassantas.org.br\/novosite\/14567-2\/#primaryimage\"},\"image\":{\"@id\":\"https:\/\/www.federassantas.org.br\/novosite\/14567-2\/#primaryimage\"},\"thumbnailUrl\":\"https:\/\/www.federassantas.org.br\/novosite\/wp-content\/uploads\/2018\/10\/WhatsApp-Image-2018-10-22-at-15.58.29.jpeg\",\"datePublished\":\"2018-10-22T21:28:31+00:00\",\"breadcrumb\":{\"@id\":\"https:\/\/www.federassantas.org.br\/novosite\/14567-2\/#breadcrumb\"},\"inLanguage\":\"pt-BR\",\"potentialAction\":[{\"@type\":\"ReadAction\",\"target\":[\"https:\/\/www.federassantas.org.br\/novosite\/14567-2\/\"]}]},{\"@type\":\"ImageObject\",\"inLanguage\":\"pt-BR\",\"@id\":\"https:\/\/www.federassantas.org.br\/novosite\/14567-2\/#primaryimage\",\"url\":\"https:\/\/www.federassantas.org.br\/novosite\/wp-content\/uploads\/2018\/10\/WhatsApp-Image-2018-10-22-at-15.58.29.jpeg\",\"contentUrl\":\"https:\/\/www.federassantas.org.br\/novosite\/wp-content\/uploads\/2018\/10\/WhatsApp-Image-2018-10-22-at-15.58.29.jpeg\",\"width\":1280,\"height\":960},{\"@type\":\"BreadcrumbList\",\"@id\":\"https:\/\/www.federassantas.org.br\/novosite\/14567-2\/#breadcrumb\",\"itemListElement\":[{\"@type\":\"ListItem\",\"position\":1,\"name\":\"In\u00edcio\",\"item\":\"https:\/\/www.federassantas.org.br\/novosite\/\"},{\"@type\":\"ListItem\",\"position\":2,\"name\":\"3\u00b0 capta\u00e7\u00e3o de m\u00faltiplos \u00f3rg\u00e3os \u00e9 realizada com sucesso na Santa Casa de Ouro Preto\"}]},{\"@type\":\"WebSite\",\"@id\":\"https:\/\/www.federassantas.org.br\/novosite\/#website\",\"url\":\"https:\/\/www.federassantas.org.br\/novosite\/\",\"name\":\"Federassantas\",\"description\":\"Fed. das Santas Casas e Hospitais Filantr\u00f3picos de MG\",\"publisher\":{\"@id\":\"https:\/\/www.federassantas.org.br\/novosite\/#organization\"},\"potentialAction\":[{\"@type\":\"SearchAction\",\"target\":{\"@type\":\"EntryPoint\",\"urlTemplate\":\"https:\/\/www.federassantas.org.br\/novosite\/?s={search_term_string}\"},\"query-input\":{\"@type\":\"PropertyValueSpecification\",\"valueRequired\":true,\"valueName\":\"search_term_string\"}}],\"inLanguage\":\"pt-BR\"},{\"@type\":\"Organization\",\"@id\":\"https:\/\/www.federassantas.org.br\/novosite\/#organization\",\"name\":\"Federassantas\",\"url\":\"https:\/\/www.federassantas.org.br\/novosite\/\",\"logo\":{\"@type\":\"ImageObject\",\"inLanguage\":\"pt-BR\",\"@id\":\"https:\/\/www.federassantas.org.br\/novosite\/#\/schema\/logo\/image\/\",\"url\":\"https:\/\/www.federassantas.org.br\/novosite\/wp-content\/uploads\/2021\/12\/logo.png\",\"contentUrl\":\"https:\/\/www.federassantas.org.br\/novosite\/wp-content\/uploads\/2021\/12\/logo.png\",\"width\":243,\"height\":59,\"caption\":\"Federassantas\"},\"image\":{\"@id\":\"https:\/\/www.federassantas.org.br\/novosite\/#\/schema\/logo\/image\/\"}},{\"@type\":\"Person\",\"@id\":\"https:\/\/www.federassantas.org.br\/novosite\/#\/schema\/person\/75fed98158349313fe56175f232f513c\",\"name\":\"admin-federas\",\"image\":{\"@type\":\"ImageObject\",\"inLanguage\":\"pt-BR\",\"@id\":\"https:\/\/www.federassantas.org.br\/novosite\/#\/schema\/person\/image\/\",\"url\":\"https:\/\/secure.gravatar.com\/avatar\/2a02d7dda59fe8dc6b7ffd3f652e2efede5ccf0dd89dfdc8137c5517f3de8407?s=96&d=mm&r=g\",\"contentUrl\":\"https:\/\/secure.gravatar.com\/avatar\/2a02d7dda59fe8dc6b7ffd3f652e2efede5ccf0dd89dfdc8137c5517f3de8407?s=96&d=mm&r=g\",\"caption\":\"admin-federas\"},\"sameAs\":[\"https:\/\/www.federassantas.org.br\/novosite\/\"],\"url\":\"https:\/\/www.federassantas.org.br\/novosite\/author\/admin-federas\/\"}]}<\/script>\n<!-- \/ Yoast SEO plugin. -->","yoast_head_json":{"title":"3\u00b0 capta\u00e7\u00e3o de m\u00faltiplos \u00f3rg\u00e3os \u00e9 realizada com sucesso na Santa Casa de Ouro Preto - Federassantas","robots":{"index":"index","follow":"follow","max-snippet":"max-snippet:-1","max-image-preview":"max-image-preview:large","max-video-preview":"max-video-preview:-1"},"canonical":"https:\/\/www.federassantas.org.br\/novosite\/14567-2\/","og_locale":"pt_BR","og_type":"article","og_title":"3\u00b0 capta\u00e7\u00e3o de m\u00faltiplos \u00f3rg\u00e3os \u00e9 realizada com sucesso na Santa Casa de Ouro Preto - Federassantas","og_description":"A Santa Casa da Miseric\u00f3rdia de Ouro Preto realizou pela terceira vez a m\u00faltipla capta\u00e7\u00e3o de \u00f3rg\u00e3os. A fam\u00edlia em um ato de solidariedade e humanismo autorizou a doa\u00e7\u00e3o dos \u00f3rg\u00e3os de uma paciente de 57 anos, que estava internada na Unidade de Terapia Intensiva (UTI) e teve a morte encef\u00e1lica confirmada ap\u00f3s realiza\u00e7\u00e3o de [&hellip;]","og_url":"https:\/\/www.federassantas.org.br\/novosite\/14567-2\/","og_site_name":"Federassantas","article_published_time":"2018-10-22T21:28:31+00:00","og_image":[{"width":1280,"height":960,"url":"https:\/\/www.federassantas.org.br\/novosite\/wp-content\/uploads\/2018\/10\/WhatsApp-Image-2018-10-22-at-15.58.29.jpeg","type":"image\/jpeg"}],"author":"admin-federas","twitter_card":"summary_large_image","twitter_misc":{"Escrito por":"admin-federas","Est. tempo de leitura":"2 minutos"},"schema":{"@context":"https:\/\/schema.org","@graph":[{"@type":"Article","@id":"https:\/\/www.federassantas.org.br\/novosite\/14567-2\/#article","isPartOf":{"@id":"https:\/\/www.federassantas.org.br\/novosite\/14567-2\/"},"author":{"name":"admin-federas","@id":"https:\/\/www.federassantas.org.br\/novosite\/#\/schema\/person\/75fed98158349313fe56175f232f513c"},"headline":"3\u00b0 capta\u00e7\u00e3o de m\u00faltiplos \u00f3rg\u00e3os \u00e9 realizada com sucesso na Santa Casa de Ouro Preto","datePublished":"2018-10-22T21:28:31+00:00","mainEntityOfPage":{"@id":"https:\/\/www.federassantas.org.br\/novosite\/14567-2\/"},"wordCount":476,"commentCount":0,"publisher":{"@id":"https:\/\/www.federassantas.org.br\/novosite\/#organization"},"image":{"@id":"https:\/\/www.federassantas.org.br\/novosite\/14567-2\/#primaryimage"},"thumbnailUrl":"https:\/\/www.federassantas.org.br\/novosite\/wp-content\/uploads\/2018\/10\/WhatsApp-Image-2018-10-22-at-15.58.29.jpeg","articleSection":["Not\u00edcias","Not\u00edcias filiados"],"inLanguage":"pt-BR","potentialAction":[{"@type":"CommentAction","name":"Comment","target":["https:\/\/www.federassantas.org.br\/novosite\/14567-2\/#respond"]}]},{"@type":"WebPage","@id":"https:\/\/www.federassantas.org.br\/novosite\/14567-2\/","url":"https:\/\/www.federassantas.org.br\/novosite\/14567-2\/","name":"3\u00b0 capta\u00e7\u00e3o de m\u00faltiplos \u00f3rg\u00e3os \u00e9 realizada com sucesso na Santa Casa de Ouro Preto - Federassantas","isPartOf":{"@id":"https:\/\/www.federassantas.org.br\/novosite\/#website"},"primaryImageOfPage":{"@id":"https:\/\/www.federassantas.org.br\/novosite\/14567-2\/#primaryimage"},"image":{"@id":"https:\/\/www.federassantas.org.br\/novosite\/14567-2\/#primaryimage"},"thumbnailUrl":"https:\/\/www.federassantas.org.br\/novosite\/wp-content\/uploads\/2018\/10\/WhatsApp-Image-2018-10-22-at-15.58.29.jpeg","datePublished":"2018-10-22T21:28:31+00:00","breadcrumb":{"@id":"https:\/\/www.federassantas.org.br\/novosite\/14567-2\/#breadcrumb"},"inLanguage":"pt-BR","potentialAction":[{"@type":"ReadAction","target":["https:\/\/www.federassantas.org.br\/novosite\/14567-2\/"]}]},{"@type":"ImageObject","inLanguage":"pt-BR","@id":"https:\/\/www.federassantas.org.br\/novosite\/14567-2\/#primaryimage","url":"https:\/\/www.federassantas.org.br\/novosite\/wp-content\/uploads\/2018\/10\/WhatsApp-Image-2018-10-22-at-15.58.29.jpeg","contentUrl":"https:\/\/www.federassantas.org.br\/novosite\/wp-content\/uploads\/2018\/10\/WhatsApp-Image-2018-10-22-at-15.58.29.jpeg","width":1280,"height":960},{"@type":"BreadcrumbList","@id":"https:\/\/www.federassantas.org.br\/novosite\/14567-2\/#breadcrumb","itemListElement":[{"@type":"ListItem","position":1,"name":"In\u00edcio","item":"https:\/\/www.federassantas.org.br\/novosite\/"},{"@type":"ListItem","position":2,"name":"3\u00b0 capta\u00e7\u00e3o de m\u00faltiplos \u00f3rg\u00e3os \u00e9 realizada com sucesso na Santa Casa de Ouro Preto"}]},{"@type":"WebSite","@id":"https:\/\/www.federassantas.org.br\/novosite\/#website","url":"https:\/\/www.federassantas.org.br\/novosite\/","name":"Federassantas","description":"Fed. das Santas Casas e Hospitais Filantr\u00f3picos de MG","publisher":{"@id":"https:\/\/www.federassantas.org.br\/novosite\/#organization"},"potentialAction":[{"@type":"SearchAction","target":{"@type":"EntryPoint","urlTemplate":"https:\/\/www.federassantas.org.br\/novosite\/?s={search_term_string}"},"query-input":{"@type":"PropertyValueSpecification","valueRequired":true,"valueName":"search_term_string"}}],"inLanguage":"pt-BR"},{"@type":"Organization","@id":"https:\/\/www.federassantas.org.br\/novosite\/#organization","name":"Federassantas","url":"https:\/\/www.federassantas.org.br\/novosite\/","logo":{"@type":"ImageObject","inLanguage":"pt-BR","@id":"https:\/\/www.federassantas.org.br\/novosite\/#\/schema\/logo\/image\/","url":"https:\/\/www.federassantas.org.br\/novosite\/wp-content\/uploads\/2021\/12\/logo.png","contentUrl":"https:\/\/www.federassantas.org.br\/novosite\/wp-content\/uploads\/2021\/12\/logo.png","width":243,"height":59,"caption":"Federassantas"},"image":{"@id":"https:\/\/www.federassantas.org.br\/novosite\/#\/schema\/logo\/image\/"}},{"@type":"Person","@id":"https:\/\/www.federassantas.org.br\/novosite\/#\/schema\/person\/75fed98158349313fe56175f232f513c","name":"admin-federas","image":{"@type":"ImageObject","inLanguage":"pt-BR","@id":"https:\/\/www.federassantas.org.br\/novosite\/#\/schema\/person\/image\/","url":"https:\/\/secure.gravatar.com\/avatar\/2a02d7dda59fe8dc6b7ffd3f652e2efede5ccf0dd89dfdc8137c5517f3de8407?s=96&d=mm&r=g","contentUrl":"https:\/\/secure.gravatar.com\/avatar\/2a02d7dda59fe8dc6b7ffd3f652e2efede5ccf0dd89dfdc8137c5517f3de8407?s=96&d=mm&r=g","caption":"admin-federas"},"sameAs":["https:\/\/www.federassantas.org.br\/novosite\/"],"url":"https:\/\/www.federassantas.org.br\/novosite\/author\/admin-federas\/"}]}},"_links":{"self":[{"href":"https:\/\/www.federassantas.org.br\/novosite\/wp-json\/wp\/v2\/posts\/14567","targetHints":{"allow":["GET"]}}],"collection":[{"href":"https:\/\/www.federassantas.org.br\/novosite\/wp-json\/wp\/v2\/posts"}],"about":[{"href":"https:\/\/www.federassantas.org.br\/novosite\/wp-json\/wp\/v2\/types\/post"}],"author":[{"embeddable":true,"href":"https:\/\/www.federassantas.org.br\/novosite\/wp-json\/wp\/v2\/users\/1"}],"replies":[{"embeddable":true,"href":"https:\/\/www.federassantas.org.br\/novosite\/wp-json\/wp\/v2\/comments?post=14567"}],"version-history":[{"count":0,"href":"https:\/\/www.federassantas.org.br\/novosite\/wp-json\/wp\/v2\/posts\/14567\/revisions"}],"wp:featuredmedia":[{"embeddable":true,"href":"https:\/\/www.federassantas.org.br\/novosite\/wp-json\/wp\/v2\/media\/14568"}],"wp:attachment":[{"href":"https:\/\/www.federassantas.org.br\/novosite\/wp-json\/wp\/v2\/media?parent=14567"}],"wp:term":[{"taxonomy":"category","embeddable":true,"href":"https:\/\/www.federassantas.org.br\/novosite\/wp-json\/wp\/v2\/categories?post=14567"},{"taxonomy":"post_tag","embeddable":true,"href":"https:\/\/www.federassantas.org.br\/novosite\/wp-json\/wp\/v2\/tags?post=14567"}],"curies":[{"name":"wp","href":"https:\/\/api.w.org\/{rel}","templated":true}]}}