{"id":14585,"date":"2018-10-23T16:11:03","date_gmt":"2018-10-23T19:11:03","guid":{"rendered":"https:\/\/federasbackup.meltcomunicacao.com.br\/?p=14585"},"modified":"2018-10-23T16:11:03","modified_gmt":"2018-10-23T19:11:03","slug":"santa-casa-de-pocos-de-caldas-compra-equipamento-com-dinheiro-arrecadado-em-jantar-beneficente","status":"publish","type":"post","link":"https:\/\/www.federassantas.org.br\/novosite\/santa-casa-de-pocos-de-caldas-compra-equipamento-com-dinheiro-arrecadado-em-jantar-beneficente\/","title":{"rendered":"Santa Casa de Po\u00e7os de Caldas compra equipamento com dinheiro arrecadado em jantar beneficente"},"content":{"rendered":"<p dir=\"ltr\" style=\"text-align: justify;\">A diretoria da Santa Casa informou nesta segunda-feira, 22, a aquisi\u00e7\u00e3o de uma bomba de infus\u00e3o, equipamento de extrema import\u00e2ncia para o hospital. A compra foi feita pela quantia de R$ 9.500, doados pelos propriet\u00e1rios da importadora Krzizanski Seguso, arrecadados em um jantar para 60 pessoas, realizado no dia 16 de agosto no restaurante Ol\u00edvia.<\/p>\n<p dir=\"ltr\" style=\"text-align: justify;\">O jantar fez parte de um projeto do governo portugu\u00eas, juntamente com a vin\u00edcola Monte da Capela, que realiza jantares harmonizados em mercados fora de Portugal. Pela primeira vez, Po\u00e7os de Caldas entrou nesse circuito e surgiu a ideia dos propriet\u00e1rios da Krzizanski Seguso, Michel Seguso, Eliane Krzizanski Seguso, Giovanni Krzizanski Seguso, Maria Luiza Krzizanski Seguso e Leandro C\u00e9sar Moraes de \u00a0n\u00e3o apenas apresentar os vinhos, mas tamb\u00e9m de ajudar a Santa Casa, por meio de sua provedora C\u00e9lia Maria de Souza.<\/p>\n<p dir=\"ltr\" style=\"text-align: justify;\">\u201cO jantar foi realizado no dia 16 de agosto, onde foram harmonizados quatro r\u00f3tulos com \u00a0a excelente gastronomia do restaurante Ol\u00edvia. Contamos com a presen\u00e7a de 60 pessoas que, ao pagarem o ingresso, reverteram este em totalidade para a entidade. No jantar, Dona C\u00e9lia contou que o dinheiro arrecadado tinha destino certo, para compra da bomba de infus\u00e3o que tanto auxiliaria nas cirurgias de grande complexidade efetuadas na Santa Casa. Foi motivo de grande orgulho para a nossa empresa poder contribuir para esse evento e para essa causa t\u00e3o nobre\u201d, disse \u00a0Giovanni Krzizanski Seguso.<\/p>\n<p dir=\"ltr\" style=\"text-align: justify;\">Leia a mat\u00e9ria na \u00edntegra em:\u00a0<a href=\"https:\/\/pocoshoje.com.br\/blog\/saude\/santa-casa-compra-equipamento-com-dinheiro-arrecadado-em-jantar-beneficente\/\">https:\/\/pocoshoje.com.br\/blog\/saude\/santa-casa-compra-equipamento-com-dinheiro-arrecadado-em-jantar-beneficente\/<\/a><\/p>\n<p dir=\"ltr\" style=\"text-align: justify;\">\n<p dir=\"ltr\" style=\"text-align: justify;\"><em>Fonte: Po\u00e7os Hoje<\/em><\/p>\n","protected":false},"excerpt":{"rendered":"<p>A diretoria da Santa Casa informou nesta segunda-feira, 22, a aquisi\u00e7\u00e3o de uma bomba de infus\u00e3o, equipamento de extrema import\u00e2ncia para o hospital. A compra foi feita pela quantia de R$ 9.500, doados pelos propriet\u00e1rios da importadora Krzizanski Seguso, arrecadados em um jantar para 60 pessoas, realizado no dia 16 de agosto no restaurante Ol\u00edvia. [&hellip;]<\/p>\n","protected":false},"author":1,"featured_media":14586,"comment_status":"open","ping_status":"open","sticky":false,"template":"","format":"standard","meta":{"footnotes":""},"categories":[140,139],"tags":[],"class_list":["post-14585","post","type-post","status-publish","format-standard","has-post-thumbnail","hentry","category-noticias","category-noticias-filiados"],"yoast_head":"<!-- This site is optimized with the Yoast SEO plugin v26.9 - https:\/\/yoast.com\/product\/yoast-seo-wordpress\/ -->\n<title>Santa Casa de Po\u00e7os de Caldas compra equipamento com dinheiro arrecadado em jantar beneficente - Federassantas<\/title>\n<meta name=\"robots\" content=\"index, follow, max-snippet:-1, max-image-preview:large, max-video-preview:-1\" \/>\n<link rel=\"canonical\" href=\"https:\/\/www.federassantas.org.br\/novosite\/santa-casa-de-pocos-de-caldas-compra-equipamento-com-dinheiro-arrecadado-em-jantar-beneficente\/\" \/>\n<meta property=\"og:locale\" content=\"pt_BR\" \/>\n<meta property=\"og:type\" content=\"article\" \/>\n<meta property=\"og:title\" content=\"Santa Casa de Po\u00e7os de Caldas compra equipamento com dinheiro arrecadado em jantar beneficente - Federassantas\" \/>\n<meta property=\"og:description\" content=\"A diretoria da Santa Casa informou nesta segunda-feira, 22, a aquisi\u00e7\u00e3o de uma bomba de infus\u00e3o, equipamento de extrema import\u00e2ncia para o hospital. A compra foi feita pela quantia de R$ 9.500, doados pelos propriet\u00e1rios da importadora Krzizanski Seguso, arrecadados em um jantar para 60 pessoas, realizado no dia 16 de agosto no restaurante Ol\u00edvia. [&hellip;]\" \/>\n<meta property=\"og:url\" content=\"https:\/\/www.federassantas.org.br\/novosite\/santa-casa-de-pocos-de-caldas-compra-equipamento-com-dinheiro-arrecadado-em-jantar-beneficente\/\" \/>\n<meta property=\"og:site_name\" content=\"Federassantas\" \/>\n<meta property=\"article:published_time\" content=\"2018-10-23T19:11:03+00:00\" \/>\n<meta property=\"og:image\" content=\"https:\/\/www.federassantas.org.br\/novosite\/wp-content\/uploads\/2018\/10\/Capturar-3.png\" \/>\n\t<meta property=\"og:image:width\" content=\"678\" \/>\n\t<meta property=\"og:image:height\" content=\"363\" \/>\n\t<meta property=\"og:image:type\" content=\"image\/png\" \/>\n<meta name=\"author\" content=\"admin-federas\" \/>\n<meta name=\"twitter:card\" content=\"summary_large_image\" \/>\n<meta name=\"twitter:label1\" content=\"Escrito por\" \/>\n\t<meta name=\"twitter:data1\" content=\"admin-federas\" \/>\n\t<meta name=\"twitter:label2\" content=\"Est. tempo de leitura\" \/>\n\t<meta name=\"twitter:data2\" content=\"1 minuto\" \/>\n<script type=\"application\/ld+json\" class=\"yoast-schema-graph\">{\"@context\":\"https:\/\/schema.org\",\"@graph\":[{\"@type\":\"Article\",\"@id\":\"https:\/\/www.federassantas.org.br\/novosite\/santa-casa-de-pocos-de-caldas-compra-equipamento-com-dinheiro-arrecadado-em-jantar-beneficente\/#article\",\"isPartOf\":{\"@id\":\"https:\/\/www.federassantas.org.br\/novosite\/santa-casa-de-pocos-de-caldas-compra-equipamento-com-dinheiro-arrecadado-em-jantar-beneficente\/\"},\"author\":{\"name\":\"admin-federas\",\"@id\":\"https:\/\/www.federassantas.org.br\/novosite\/#\/schema\/person\/75fed98158349313fe56175f232f513c\"},\"headline\":\"Santa Casa de Po\u00e7os de Caldas compra equipamento com dinheiro arrecadado em jantar beneficente\",\"datePublished\":\"2018-10-23T19:11:03+00:00\",\"mainEntityOfPage\":{\"@id\":\"https:\/\/www.federassantas.org.br\/novosite\/santa-casa-de-pocos-de-caldas-compra-equipamento-com-dinheiro-arrecadado-em-jantar-beneficente\/\"},\"wordCount\":277,\"commentCount\":0,\"publisher\":{\"@id\":\"https:\/\/www.federassantas.org.br\/novosite\/#organization\"},\"image\":{\"@id\":\"https:\/\/www.federassantas.org.br\/novosite\/santa-casa-de-pocos-de-caldas-compra-equipamento-com-dinheiro-arrecadado-em-jantar-beneficente\/#primaryimage\"},\"thumbnailUrl\":\"https:\/\/www.federassantas.org.br\/novosite\/wp-content\/uploads\/2018\/10\/Capturar-3.png\",\"articleSection\":[\"Not\u00edcias\",\"Not\u00edcias filiados\"],\"inLanguage\":\"pt-BR\",\"potentialAction\":[{\"@type\":\"CommentAction\",\"name\":\"Comment\",\"target\":[\"https:\/\/www.federassantas.org.br\/novosite\/santa-casa-de-pocos-de-caldas-compra-equipamento-com-dinheiro-arrecadado-em-jantar-beneficente\/#respond\"]}]},{\"@type\":\"WebPage\",\"@id\":\"https:\/\/www.federassantas.org.br\/novosite\/santa-casa-de-pocos-de-caldas-compra-equipamento-com-dinheiro-arrecadado-em-jantar-beneficente\/\",\"url\":\"https:\/\/www.federassantas.org.br\/novosite\/santa-casa-de-pocos-de-caldas-compra-equipamento-com-dinheiro-arrecadado-em-jantar-beneficente\/\",\"name\":\"Santa Casa de Po\u00e7os de Caldas compra equipamento com dinheiro arrecadado em jantar beneficente - Federassantas\",\"isPartOf\":{\"@id\":\"https:\/\/www.federassantas.org.br\/novosite\/#website\"},\"primaryImageOfPage\":{\"@id\":\"https:\/\/www.federassantas.org.br\/novosite\/santa-casa-de-pocos-de-caldas-compra-equipamento-com-dinheiro-arrecadado-em-jantar-beneficente\/#primaryimage\"},\"image\":{\"@id\":\"https:\/\/www.federassantas.org.br\/novosite\/santa-casa-de-pocos-de-caldas-compra-equipamento-com-dinheiro-arrecadado-em-jantar-beneficente\/#primaryimage\"},\"thumbnailUrl\":\"https:\/\/www.federassantas.org.br\/novosite\/wp-content\/uploads\/2018\/10\/Capturar-3.png\",\"datePublished\":\"2018-10-23T19:11:03+00:00\",\"breadcrumb\":{\"@id\":\"https:\/\/www.federassantas.org.br\/novosite\/santa-casa-de-pocos-de-caldas-compra-equipamento-com-dinheiro-arrecadado-em-jantar-beneficente\/#breadcrumb\"},\"inLanguage\":\"pt-BR\",\"potentialAction\":[{\"@type\":\"ReadAction\",\"target\":[\"https:\/\/www.federassantas.org.br\/novosite\/santa-casa-de-pocos-de-caldas-compra-equipamento-com-dinheiro-arrecadado-em-jantar-beneficente\/\"]}]},{\"@type\":\"ImageObject\",\"inLanguage\":\"pt-BR\",\"@id\":\"https:\/\/www.federassantas.org.br\/novosite\/santa-casa-de-pocos-de-caldas-compra-equipamento-com-dinheiro-arrecadado-em-jantar-beneficente\/#primaryimage\",\"url\":\"https:\/\/www.federassantas.org.br\/novosite\/wp-content\/uploads\/2018\/10\/Capturar-3.png\",\"contentUrl\":\"https:\/\/www.federassantas.org.br\/novosite\/wp-content\/uploads\/2018\/10\/Capturar-3.png\",\"width\":678,\"height\":363},{\"@type\":\"BreadcrumbList\",\"@id\":\"https:\/\/www.federassantas.org.br\/novosite\/santa-casa-de-pocos-de-caldas-compra-equipamento-com-dinheiro-arrecadado-em-jantar-beneficente\/#breadcrumb\",\"itemListElement\":[{\"@type\":\"ListItem\",\"position\":1,\"name\":\"In\u00edcio\",\"item\":\"https:\/\/www.federassantas.org.br\/novosite\/\"},{\"@type\":\"ListItem\",\"position\":2,\"name\":\"Santa Casa de Po\u00e7os de Caldas compra equipamento com dinheiro arrecadado em jantar beneficente\"}]},{\"@type\":\"WebSite\",\"@id\":\"https:\/\/www.federassantas.org.br\/novosite\/#website\",\"url\":\"https:\/\/www.federassantas.org.br\/novosite\/\",\"name\":\"Federassantas\",\"description\":\"Fed. das Santas Casas e Hospitais Filantr\u00f3picos de MG\",\"publisher\":{\"@id\":\"https:\/\/www.federassantas.org.br\/novosite\/#organization\"},\"potentialAction\":[{\"@type\":\"SearchAction\",\"target\":{\"@type\":\"EntryPoint\",\"urlTemplate\":\"https:\/\/www.federassantas.org.br\/novosite\/?s={search_term_string}\"},\"query-input\":{\"@type\":\"PropertyValueSpecification\",\"valueRequired\":true,\"valueName\":\"search_term_string\"}}],\"inLanguage\":\"pt-BR\"},{\"@type\":\"Organization\",\"@id\":\"https:\/\/www.federassantas.org.br\/novosite\/#organization\",\"name\":\"Federassantas\",\"url\":\"https:\/\/www.federassantas.org.br\/novosite\/\",\"logo\":{\"@type\":\"ImageObject\",\"inLanguage\":\"pt-BR\",\"@id\":\"https:\/\/www.federassantas.org.br\/novosite\/#\/schema\/logo\/image\/\",\"url\":\"https:\/\/www.federassantas.org.br\/novosite\/wp-content\/uploads\/2021\/12\/logo.png\",\"contentUrl\":\"https:\/\/www.federassantas.org.br\/novosite\/wp-content\/uploads\/2021\/12\/logo.png\",\"width\":243,\"height\":59,\"caption\":\"Federassantas\"},\"image\":{\"@id\":\"https:\/\/www.federassantas.org.br\/novosite\/#\/schema\/logo\/image\/\"}},{\"@type\":\"Person\",\"@id\":\"https:\/\/www.federassantas.org.br\/novosite\/#\/schema\/person\/75fed98158349313fe56175f232f513c\",\"name\":\"admin-federas\",\"image\":{\"@type\":\"ImageObject\",\"inLanguage\":\"pt-BR\",\"@id\":\"https:\/\/www.federassantas.org.br\/novosite\/#\/schema\/person\/image\/\",\"url\":\"https:\/\/secure.gravatar.com\/avatar\/2a02d7dda59fe8dc6b7ffd3f652e2efede5ccf0dd89dfdc8137c5517f3de8407?s=96&d=mm&r=g\",\"contentUrl\":\"https:\/\/secure.gravatar.com\/avatar\/2a02d7dda59fe8dc6b7ffd3f652e2efede5ccf0dd89dfdc8137c5517f3de8407?s=96&d=mm&r=g\",\"caption\":\"admin-federas\"},\"sameAs\":[\"https:\/\/www.federassantas.org.br\/novosite\/\"],\"url\":\"https:\/\/www.federassantas.org.br\/novosite\/author\/admin-federas\/\"}]}<\/script>\n<!-- \/ Yoast SEO plugin. -->","yoast_head_json":{"title":"Santa Casa de Po\u00e7os de Caldas compra equipamento com dinheiro arrecadado em jantar beneficente - Federassantas","robots":{"index":"index","follow":"follow","max-snippet":"max-snippet:-1","max-image-preview":"max-image-preview:large","max-video-preview":"max-video-preview:-1"},"canonical":"https:\/\/www.federassantas.org.br\/novosite\/santa-casa-de-pocos-de-caldas-compra-equipamento-com-dinheiro-arrecadado-em-jantar-beneficente\/","og_locale":"pt_BR","og_type":"article","og_title":"Santa Casa de Po\u00e7os de Caldas compra equipamento com dinheiro arrecadado em jantar beneficente - Federassantas","og_description":"A diretoria da Santa Casa informou nesta segunda-feira, 22, a aquisi\u00e7\u00e3o de uma bomba de infus\u00e3o, equipamento de extrema import\u00e2ncia para o hospital. A compra foi feita pela quantia de R$ 9.500, doados pelos propriet\u00e1rios da importadora Krzizanski Seguso, arrecadados em um jantar para 60 pessoas, realizado no dia 16 de agosto no restaurante Ol\u00edvia. [&hellip;]","og_url":"https:\/\/www.federassantas.org.br\/novosite\/santa-casa-de-pocos-de-caldas-compra-equipamento-com-dinheiro-arrecadado-em-jantar-beneficente\/","og_site_name":"Federassantas","article_published_time":"2018-10-23T19:11:03+00:00","og_image":[{"width":678,"height":363,"url":"https:\/\/www.federassantas.org.br\/novosite\/wp-content\/uploads\/2018\/10\/Capturar-3.png","type":"image\/png"}],"author":"admin-federas","twitter_card":"summary_large_image","twitter_misc":{"Escrito por":"admin-federas","Est. tempo de leitura":"1 minuto"},"schema":{"@context":"https:\/\/schema.org","@graph":[{"@type":"Article","@id":"https:\/\/www.federassantas.org.br\/novosite\/santa-casa-de-pocos-de-caldas-compra-equipamento-com-dinheiro-arrecadado-em-jantar-beneficente\/#article","isPartOf":{"@id":"https:\/\/www.federassantas.org.br\/novosite\/santa-casa-de-pocos-de-caldas-compra-equipamento-com-dinheiro-arrecadado-em-jantar-beneficente\/"},"author":{"name":"admin-federas","@id":"https:\/\/www.federassantas.org.br\/novosite\/#\/schema\/person\/75fed98158349313fe56175f232f513c"},"headline":"Santa Casa de Po\u00e7os de Caldas compra equipamento com dinheiro arrecadado em jantar beneficente","datePublished":"2018-10-23T19:11:03+00:00","mainEntityOfPage":{"@id":"https:\/\/www.federassantas.org.br\/novosite\/santa-casa-de-pocos-de-caldas-compra-equipamento-com-dinheiro-arrecadado-em-jantar-beneficente\/"},"wordCount":277,"commentCount":0,"publisher":{"@id":"https:\/\/www.federassantas.org.br\/novosite\/#organization"},"image":{"@id":"https:\/\/www.federassantas.org.br\/novosite\/santa-casa-de-pocos-de-caldas-compra-equipamento-com-dinheiro-arrecadado-em-jantar-beneficente\/#primaryimage"},"thumbnailUrl":"https:\/\/www.federassantas.org.br\/novosite\/wp-content\/uploads\/2018\/10\/Capturar-3.png","articleSection":["Not\u00edcias","Not\u00edcias filiados"],"inLanguage":"pt-BR","potentialAction":[{"@type":"CommentAction","name":"Comment","target":["https:\/\/www.federassantas.org.br\/novosite\/santa-casa-de-pocos-de-caldas-compra-equipamento-com-dinheiro-arrecadado-em-jantar-beneficente\/#respond"]}]},{"@type":"WebPage","@id":"https:\/\/www.federassantas.org.br\/novosite\/santa-casa-de-pocos-de-caldas-compra-equipamento-com-dinheiro-arrecadado-em-jantar-beneficente\/","url":"https:\/\/www.federassantas.org.br\/novosite\/santa-casa-de-pocos-de-caldas-compra-equipamento-com-dinheiro-arrecadado-em-jantar-beneficente\/","name":"Santa Casa de Po\u00e7os de Caldas compra equipamento com dinheiro arrecadado em jantar beneficente - Federassantas","isPartOf":{"@id":"https:\/\/www.federassantas.org.br\/novosite\/#website"},"primaryImageOfPage":{"@id":"https:\/\/www.federassantas.org.br\/novosite\/santa-casa-de-pocos-de-caldas-compra-equipamento-com-dinheiro-arrecadado-em-jantar-beneficente\/#primaryimage"},"image":{"@id":"https:\/\/www.federassantas.org.br\/novosite\/santa-casa-de-pocos-de-caldas-compra-equipamento-com-dinheiro-arrecadado-em-jantar-beneficente\/#primaryimage"},"thumbnailUrl":"https:\/\/www.federassantas.org.br\/novosite\/wp-content\/uploads\/2018\/10\/Capturar-3.png","datePublished":"2018-10-23T19:11:03+00:00","breadcrumb":{"@id":"https:\/\/www.federassantas.org.br\/novosite\/santa-casa-de-pocos-de-caldas-compra-equipamento-com-dinheiro-arrecadado-em-jantar-beneficente\/#breadcrumb"},"inLanguage":"pt-BR","potentialAction":[{"@type":"ReadAction","target":["https:\/\/www.federassantas.org.br\/novosite\/santa-casa-de-pocos-de-caldas-compra-equipamento-com-dinheiro-arrecadado-em-jantar-beneficente\/"]}]},{"@type":"ImageObject","inLanguage":"pt-BR","@id":"https:\/\/www.federassantas.org.br\/novosite\/santa-casa-de-pocos-de-caldas-compra-equipamento-com-dinheiro-arrecadado-em-jantar-beneficente\/#primaryimage","url":"https:\/\/www.federassantas.org.br\/novosite\/wp-content\/uploads\/2018\/10\/Capturar-3.png","contentUrl":"https:\/\/www.federassantas.org.br\/novosite\/wp-content\/uploads\/2018\/10\/Capturar-3.png","width":678,"height":363},{"@type":"BreadcrumbList","@id":"https:\/\/www.federassantas.org.br\/novosite\/santa-casa-de-pocos-de-caldas-compra-equipamento-com-dinheiro-arrecadado-em-jantar-beneficente\/#breadcrumb","itemListElement":[{"@type":"ListItem","position":1,"name":"In\u00edcio","item":"https:\/\/www.federassantas.org.br\/novosite\/"},{"@type":"ListItem","position":2,"name":"Santa Casa de Po\u00e7os de Caldas compra equipamento com dinheiro arrecadado em jantar beneficente"}]},{"@type":"WebSite","@id":"https:\/\/www.federassantas.org.br\/novosite\/#website","url":"https:\/\/www.federassantas.org.br\/novosite\/","name":"Federassantas","description":"Fed. das Santas Casas e Hospitais Filantr\u00f3picos de MG","publisher":{"@id":"https:\/\/www.federassantas.org.br\/novosite\/#organization"},"potentialAction":[{"@type":"SearchAction","target":{"@type":"EntryPoint","urlTemplate":"https:\/\/www.federassantas.org.br\/novosite\/?s={search_term_string}"},"query-input":{"@type":"PropertyValueSpecification","valueRequired":true,"valueName":"search_term_string"}}],"inLanguage":"pt-BR"},{"@type":"Organization","@id":"https:\/\/www.federassantas.org.br\/novosite\/#organization","name":"Federassantas","url":"https:\/\/www.federassantas.org.br\/novosite\/","logo":{"@type":"ImageObject","inLanguage":"pt-BR","@id":"https:\/\/www.federassantas.org.br\/novosite\/#\/schema\/logo\/image\/","url":"https:\/\/www.federassantas.org.br\/novosite\/wp-content\/uploads\/2021\/12\/logo.png","contentUrl":"https:\/\/www.federassantas.org.br\/novosite\/wp-content\/uploads\/2021\/12\/logo.png","width":243,"height":59,"caption":"Federassantas"},"image":{"@id":"https:\/\/www.federassantas.org.br\/novosite\/#\/schema\/logo\/image\/"}},{"@type":"Person","@id":"https:\/\/www.federassantas.org.br\/novosite\/#\/schema\/person\/75fed98158349313fe56175f232f513c","name":"admin-federas","image":{"@type":"ImageObject","inLanguage":"pt-BR","@id":"https:\/\/www.federassantas.org.br\/novosite\/#\/schema\/person\/image\/","url":"https:\/\/secure.gravatar.com\/avatar\/2a02d7dda59fe8dc6b7ffd3f652e2efede5ccf0dd89dfdc8137c5517f3de8407?s=96&d=mm&r=g","contentUrl":"https:\/\/secure.gravatar.com\/avatar\/2a02d7dda59fe8dc6b7ffd3f652e2efede5ccf0dd89dfdc8137c5517f3de8407?s=96&d=mm&r=g","caption":"admin-federas"},"sameAs":["https:\/\/www.federassantas.org.br\/novosite\/"],"url":"https:\/\/www.federassantas.org.br\/novosite\/author\/admin-federas\/"}]}},"_links":{"self":[{"href":"https:\/\/www.federassantas.org.br\/novosite\/wp-json\/wp\/v2\/posts\/14585","targetHints":{"allow":["GET"]}}],"collection":[{"href":"https:\/\/www.federassantas.org.br\/novosite\/wp-json\/wp\/v2\/posts"}],"about":[{"href":"https:\/\/www.federassantas.org.br\/novosite\/wp-json\/wp\/v2\/types\/post"}],"author":[{"embeddable":true,"href":"https:\/\/www.federassantas.org.br\/novosite\/wp-json\/wp\/v2\/users\/1"}],"replies":[{"embeddable":true,"href":"https:\/\/www.federassantas.org.br\/novosite\/wp-json\/wp\/v2\/comments?post=14585"}],"version-history":[{"count":0,"href":"https:\/\/www.federassantas.org.br\/novosite\/wp-json\/wp\/v2\/posts\/14585\/revisions"}],"wp:featuredmedia":[{"embeddable":true,"href":"https:\/\/www.federassantas.org.br\/novosite\/wp-json\/wp\/v2\/media\/14586"}],"wp:attachment":[{"href":"https:\/\/www.federassantas.org.br\/novosite\/wp-json\/wp\/v2\/media?parent=14585"}],"wp:term":[{"taxonomy":"category","embeddable":true,"href":"https:\/\/www.federassantas.org.br\/novosite\/wp-json\/wp\/v2\/categories?post=14585"},{"taxonomy":"post_tag","embeddable":true,"href":"https:\/\/www.federassantas.org.br\/novosite\/wp-json\/wp\/v2\/tags?post=14585"}],"curies":[{"name":"wp","href":"https:\/\/api.w.org\/{rel}","templated":true}]}}