{"id":14595,"date":"2018-10-24T16:33:56","date_gmt":"2018-10-24T18:33:56","guid":{"rendered":"https:\/\/federasbackup.meltcomunicacao.com.br\/?p=14595"},"modified":"2018-10-24T16:33:56","modified_gmt":"2018-10-24T18:33:56","slug":"como-cuidar-da-saude-mental-das-mulheres-com-cancer-de-mama","status":"publish","type":"post","link":"https:\/\/www.federassantas.org.br\/novosite\/como-cuidar-da-saude-mental-das-mulheres-com-cancer-de-mama\/","title":{"rendered":"Como cuidar da sa\u00fade mental das mulheres com c\u00e2ncer de mama?"},"content":{"rendered":"<p style=\"text-align: justify;\">No Brasil, 28,1% dos casos de c\u00e2ncer s\u00e3o de mama, um porcentual mais elevado do que a m\u00e9dia mundial, que chega a 25%. Quanto antes for detectado, maior a chance de cura. Apesar dos in\u00fameros avan\u00e7os no tratamento do tumor, a not\u00edcia de um diagn\u00f3stico positivo ainda assusta muitas mulheres. O caminho trilhado durante o tratamento pode ser um fardo pesado demais para carregar. E a mente precisa estar saud\u00e1vel para n\u00e3o padecer com o problema.<\/p>\n<p>Sess\u00f5es de quimioterapia poder\u00e3o provocar a queda de cabelo, irrita\u00e7\u00e3o da pele e a perda da energia. Ao mesmo tempo, como manter a autoestima? A terapia pode ser um caminho.<\/p>\n<p style=\"text-align: justify;\">&#8220;Depois do tratamento vem a vida e suas ang\u00fastias. \u00c9 um mecanismo normal da nossa mente construir como medos futuros situa\u00e7\u00f5es dolorosas do passado. Na terapia, a percep\u00e7\u00e3o temporal \u00e9 restabelecida junto com o reconhecimento da pr\u00f3pria capacidade de supera\u00e7\u00e3o da doen\u00e7a e condi\u00e7\u00f5es insatisfat\u00f3rias da vida cotidiana&#8221;, conclui D\u00e9bora.<\/p>\n<p style=\"text-align: justify;\">Leia na \u00edntegra em:\u00a0<a href=\"https:\/\/www.hojeemdia.com.br\/horizontes\/como-cuidar-da-sa%C3%BAde-mental-das-mulheres-com-c%C3%A2ncer-de-mama-1.665724\">https:\/\/www.hojeemdia.com.br\/horizontes\/como-cuidar-da-sa%C3%BAde-mental-das-mulheres-com-c%C3%A2ncer-de-mama-1.665724<\/a><\/p>\n<p style=\"text-align: justify;\"><em>Fonte: Portal Hoje em Dia<\/em><\/p>\n","protected":false},"excerpt":{"rendered":"<p>No Brasil, 28,1% dos casos de c\u00e2ncer s\u00e3o de mama, um porcentual mais elevado do que a m\u00e9dia mundial, que chega a 25%. Quanto antes for detectado, maior a chance de cura. Apesar dos in\u00fameros avan\u00e7os no tratamento do tumor, a not\u00edcia de um diagn\u00f3stico positivo ainda assusta muitas mulheres. O caminho trilhado durante o [&hellip;]<\/p>\n","protected":false},"author":1,"featured_media":14596,"comment_status":"open","ping_status":"open","sticky":false,"template":"","format":"standard","meta":{"footnotes":""},"categories":[140],"tags":[],"class_list":["post-14595","post","type-post","status-publish","format-standard","has-post-thumbnail","hentry","category-noticias"],"yoast_head":"<!-- This site is optimized with the Yoast SEO plugin v26.9 - https:\/\/yoast.com\/product\/yoast-seo-wordpress\/ -->\n<title>Como cuidar da sa\u00fade mental das mulheres com c\u00e2ncer de mama? - Federassantas<\/title>\n<meta name=\"robots\" content=\"index, follow, max-snippet:-1, max-image-preview:large, max-video-preview:-1\" \/>\n<link rel=\"canonical\" href=\"https:\/\/www.federassantas.org.br\/novosite\/como-cuidar-da-saude-mental-das-mulheres-com-cancer-de-mama\/\" \/>\n<meta property=\"og:locale\" content=\"pt_BR\" \/>\n<meta property=\"og:type\" content=\"article\" \/>\n<meta property=\"og:title\" content=\"Como cuidar da sa\u00fade mental das mulheres com c\u00e2ncer de mama? - Federassantas\" \/>\n<meta property=\"og:description\" content=\"No Brasil, 28,1% dos casos de c\u00e2ncer s\u00e3o de mama, um porcentual mais elevado do que a m\u00e9dia mundial, que chega a 25%. Quanto antes for detectado, maior a chance de cura. Apesar dos in\u00fameros avan\u00e7os no tratamento do tumor, a not\u00edcia de um diagn\u00f3stico positivo ainda assusta muitas mulheres. O caminho trilhado durante o [&hellip;]\" \/>\n<meta property=\"og:url\" content=\"https:\/\/www.federassantas.org.br\/novosite\/como-cuidar-da-saude-mental-das-mulheres-com-cancer-de-mama\/\" \/>\n<meta property=\"og:site_name\" content=\"Federassantas\" \/>\n<meta property=\"article:published_time\" content=\"2018-10-24T18:33:56+00:00\" \/>\n<meta name=\"author\" content=\"admin-federas\" \/>\n<meta name=\"twitter:card\" content=\"summary_large_image\" \/>\n<meta name=\"twitter:label1\" content=\"Escrito por\" \/>\n\t<meta name=\"twitter:data1\" content=\"admin-federas\" \/>\n\t<meta name=\"twitter:label2\" content=\"Est. tempo de leitura\" \/>\n\t<meta name=\"twitter:data2\" content=\"1 minuto\" \/>\n<script type=\"application\/ld+json\" class=\"yoast-schema-graph\">{\"@context\":\"https:\/\/schema.org\",\"@graph\":[{\"@type\":\"Article\",\"@id\":\"https:\/\/www.federassantas.org.br\/novosite\/como-cuidar-da-saude-mental-das-mulheres-com-cancer-de-mama\/#article\",\"isPartOf\":{\"@id\":\"https:\/\/www.federassantas.org.br\/novosite\/como-cuidar-da-saude-mental-das-mulheres-com-cancer-de-mama\/\"},\"author\":{\"name\":\"admin-federas\",\"@id\":\"https:\/\/www.federassantas.org.br\/novosite\/#\/schema\/person\/75fed98158349313fe56175f232f513c\"},\"headline\":\"Como cuidar da sa\u00fade mental das mulheres com c\u00e2ncer de mama?\",\"datePublished\":\"2018-10-24T18:33:56+00:00\",\"mainEntityOfPage\":{\"@id\":\"https:\/\/www.federassantas.org.br\/novosite\/como-cuidar-da-saude-mental-das-mulheres-com-cancer-de-mama\/\"},\"wordCount\":207,\"commentCount\":0,\"publisher\":{\"@id\":\"https:\/\/www.federassantas.org.br\/novosite\/#organization\"},\"image\":{\"@id\":\"https:\/\/www.federassantas.org.br\/novosite\/como-cuidar-da-saude-mental-das-mulheres-com-cancer-de-mama\/#primaryimage\"},\"thumbnailUrl\":\"\",\"articleSection\":[\"Not\u00edcias\"],\"inLanguage\":\"pt-BR\",\"potentialAction\":[{\"@type\":\"CommentAction\",\"name\":\"Comment\",\"target\":[\"https:\/\/www.federassantas.org.br\/novosite\/como-cuidar-da-saude-mental-das-mulheres-com-cancer-de-mama\/#respond\"]}]},{\"@type\":\"WebPage\",\"@id\":\"https:\/\/www.federassantas.org.br\/novosite\/como-cuidar-da-saude-mental-das-mulheres-com-cancer-de-mama\/\",\"url\":\"https:\/\/www.federassantas.org.br\/novosite\/como-cuidar-da-saude-mental-das-mulheres-com-cancer-de-mama\/\",\"name\":\"Como cuidar da sa\u00fade mental das mulheres com c\u00e2ncer de mama? - Federassantas\",\"isPartOf\":{\"@id\":\"https:\/\/www.federassantas.org.br\/novosite\/#website\"},\"primaryImageOfPage\":{\"@id\":\"https:\/\/www.federassantas.org.br\/novosite\/como-cuidar-da-saude-mental-das-mulheres-com-cancer-de-mama\/#primaryimage\"},\"image\":{\"@id\":\"https:\/\/www.federassantas.org.br\/novosite\/como-cuidar-da-saude-mental-das-mulheres-com-cancer-de-mama\/#primaryimage\"},\"thumbnailUrl\":\"\",\"datePublished\":\"2018-10-24T18:33:56+00:00\",\"breadcrumb\":{\"@id\":\"https:\/\/www.federassantas.org.br\/novosite\/como-cuidar-da-saude-mental-das-mulheres-com-cancer-de-mama\/#breadcrumb\"},\"inLanguage\":\"pt-BR\",\"potentialAction\":[{\"@type\":\"ReadAction\",\"target\":[\"https:\/\/www.federassantas.org.br\/novosite\/como-cuidar-da-saude-mental-das-mulheres-com-cancer-de-mama\/\"]}]},{\"@type\":\"ImageObject\",\"inLanguage\":\"pt-BR\",\"@id\":\"https:\/\/www.federassantas.org.br\/novosite\/como-cuidar-da-saude-mental-das-mulheres-com-cancer-de-mama\/#primaryimage\",\"url\":\"\",\"contentUrl\":\"\"},{\"@type\":\"BreadcrumbList\",\"@id\":\"https:\/\/www.federassantas.org.br\/novosite\/como-cuidar-da-saude-mental-das-mulheres-com-cancer-de-mama\/#breadcrumb\",\"itemListElement\":[{\"@type\":\"ListItem\",\"position\":1,\"name\":\"In\u00edcio\",\"item\":\"https:\/\/www.federassantas.org.br\/novosite\/\"},{\"@type\":\"ListItem\",\"position\":2,\"name\":\"Como cuidar da sa\u00fade mental das mulheres com c\u00e2ncer de mama?\"}]},{\"@type\":\"WebSite\",\"@id\":\"https:\/\/www.federassantas.org.br\/novosite\/#website\",\"url\":\"https:\/\/www.federassantas.org.br\/novosite\/\",\"name\":\"Federassantas\",\"description\":\"Fed. das Santas Casas e Hospitais Filantr\u00f3picos de MG\",\"publisher\":{\"@id\":\"https:\/\/www.federassantas.org.br\/novosite\/#organization\"},\"potentialAction\":[{\"@type\":\"SearchAction\",\"target\":{\"@type\":\"EntryPoint\",\"urlTemplate\":\"https:\/\/www.federassantas.org.br\/novosite\/?s={search_term_string}\"},\"query-input\":{\"@type\":\"PropertyValueSpecification\",\"valueRequired\":true,\"valueName\":\"search_term_string\"}}],\"inLanguage\":\"pt-BR\"},{\"@type\":\"Organization\",\"@id\":\"https:\/\/www.federassantas.org.br\/novosite\/#organization\",\"name\":\"Federassantas\",\"url\":\"https:\/\/www.federassantas.org.br\/novosite\/\",\"logo\":{\"@type\":\"ImageObject\",\"inLanguage\":\"pt-BR\",\"@id\":\"https:\/\/www.federassantas.org.br\/novosite\/#\/schema\/logo\/image\/\",\"url\":\"https:\/\/www.federassantas.org.br\/novosite\/wp-content\/uploads\/2021\/12\/logo.png\",\"contentUrl\":\"https:\/\/www.federassantas.org.br\/novosite\/wp-content\/uploads\/2021\/12\/logo.png\",\"width\":243,\"height\":59,\"caption\":\"Federassantas\"},\"image\":{\"@id\":\"https:\/\/www.federassantas.org.br\/novosite\/#\/schema\/logo\/image\/\"}},{\"@type\":\"Person\",\"@id\":\"https:\/\/www.federassantas.org.br\/novosite\/#\/schema\/person\/75fed98158349313fe56175f232f513c\",\"name\":\"admin-federas\",\"image\":{\"@type\":\"ImageObject\",\"inLanguage\":\"pt-BR\",\"@id\":\"https:\/\/www.federassantas.org.br\/novosite\/#\/schema\/person\/image\/\",\"url\":\"https:\/\/secure.gravatar.com\/avatar\/2a02d7dda59fe8dc6b7ffd3f652e2efede5ccf0dd89dfdc8137c5517f3de8407?s=96&d=mm&r=g\",\"contentUrl\":\"https:\/\/secure.gravatar.com\/avatar\/2a02d7dda59fe8dc6b7ffd3f652e2efede5ccf0dd89dfdc8137c5517f3de8407?s=96&d=mm&r=g\",\"caption\":\"admin-federas\"},\"sameAs\":[\"https:\/\/www.federassantas.org.br\/novosite\/\"],\"url\":\"https:\/\/www.federassantas.org.br\/novosite\/author\/admin-federas\/\"}]}<\/script>\n<!-- \/ Yoast SEO plugin. -->","yoast_head_json":{"title":"Como cuidar da sa\u00fade mental das mulheres com c\u00e2ncer de mama? - Federassantas","robots":{"index":"index","follow":"follow","max-snippet":"max-snippet:-1","max-image-preview":"max-image-preview:large","max-video-preview":"max-video-preview:-1"},"canonical":"https:\/\/www.federassantas.org.br\/novosite\/como-cuidar-da-saude-mental-das-mulheres-com-cancer-de-mama\/","og_locale":"pt_BR","og_type":"article","og_title":"Como cuidar da sa\u00fade mental das mulheres com c\u00e2ncer de mama? - Federassantas","og_description":"No Brasil, 28,1% dos casos de c\u00e2ncer s\u00e3o de mama, um porcentual mais elevado do que a m\u00e9dia mundial, que chega a 25%. Quanto antes for detectado, maior a chance de cura. Apesar dos in\u00fameros avan\u00e7os no tratamento do tumor, a not\u00edcia de um diagn\u00f3stico positivo ainda assusta muitas mulheres. O caminho trilhado durante o [&hellip;]","og_url":"https:\/\/www.federassantas.org.br\/novosite\/como-cuidar-da-saude-mental-das-mulheres-com-cancer-de-mama\/","og_site_name":"Federassantas","article_published_time":"2018-10-24T18:33:56+00:00","author":"admin-federas","twitter_card":"summary_large_image","twitter_misc":{"Escrito por":"admin-federas","Est. tempo de leitura":"1 minuto"},"schema":{"@context":"https:\/\/schema.org","@graph":[{"@type":"Article","@id":"https:\/\/www.federassantas.org.br\/novosite\/como-cuidar-da-saude-mental-das-mulheres-com-cancer-de-mama\/#article","isPartOf":{"@id":"https:\/\/www.federassantas.org.br\/novosite\/como-cuidar-da-saude-mental-das-mulheres-com-cancer-de-mama\/"},"author":{"name":"admin-federas","@id":"https:\/\/www.federassantas.org.br\/novosite\/#\/schema\/person\/75fed98158349313fe56175f232f513c"},"headline":"Como cuidar da sa\u00fade mental das mulheres com c\u00e2ncer de mama?","datePublished":"2018-10-24T18:33:56+00:00","mainEntityOfPage":{"@id":"https:\/\/www.federassantas.org.br\/novosite\/como-cuidar-da-saude-mental-das-mulheres-com-cancer-de-mama\/"},"wordCount":207,"commentCount":0,"publisher":{"@id":"https:\/\/www.federassantas.org.br\/novosite\/#organization"},"image":{"@id":"https:\/\/www.federassantas.org.br\/novosite\/como-cuidar-da-saude-mental-das-mulheres-com-cancer-de-mama\/#primaryimage"},"thumbnailUrl":"","articleSection":["Not\u00edcias"],"inLanguage":"pt-BR","potentialAction":[{"@type":"CommentAction","name":"Comment","target":["https:\/\/www.federassantas.org.br\/novosite\/como-cuidar-da-saude-mental-das-mulheres-com-cancer-de-mama\/#respond"]}]},{"@type":"WebPage","@id":"https:\/\/www.federassantas.org.br\/novosite\/como-cuidar-da-saude-mental-das-mulheres-com-cancer-de-mama\/","url":"https:\/\/www.federassantas.org.br\/novosite\/como-cuidar-da-saude-mental-das-mulheres-com-cancer-de-mama\/","name":"Como cuidar da sa\u00fade mental das mulheres com c\u00e2ncer de mama? - Federassantas","isPartOf":{"@id":"https:\/\/www.federassantas.org.br\/novosite\/#website"},"primaryImageOfPage":{"@id":"https:\/\/www.federassantas.org.br\/novosite\/como-cuidar-da-saude-mental-das-mulheres-com-cancer-de-mama\/#primaryimage"},"image":{"@id":"https:\/\/www.federassantas.org.br\/novosite\/como-cuidar-da-saude-mental-das-mulheres-com-cancer-de-mama\/#primaryimage"},"thumbnailUrl":"","datePublished":"2018-10-24T18:33:56+00:00","breadcrumb":{"@id":"https:\/\/www.federassantas.org.br\/novosite\/como-cuidar-da-saude-mental-das-mulheres-com-cancer-de-mama\/#breadcrumb"},"inLanguage":"pt-BR","potentialAction":[{"@type":"ReadAction","target":["https:\/\/www.federassantas.org.br\/novosite\/como-cuidar-da-saude-mental-das-mulheres-com-cancer-de-mama\/"]}]},{"@type":"ImageObject","inLanguage":"pt-BR","@id":"https:\/\/www.federassantas.org.br\/novosite\/como-cuidar-da-saude-mental-das-mulheres-com-cancer-de-mama\/#primaryimage","url":"","contentUrl":""},{"@type":"BreadcrumbList","@id":"https:\/\/www.federassantas.org.br\/novosite\/como-cuidar-da-saude-mental-das-mulheres-com-cancer-de-mama\/#breadcrumb","itemListElement":[{"@type":"ListItem","position":1,"name":"In\u00edcio","item":"https:\/\/www.federassantas.org.br\/novosite\/"},{"@type":"ListItem","position":2,"name":"Como cuidar da sa\u00fade mental das mulheres com c\u00e2ncer de mama?"}]},{"@type":"WebSite","@id":"https:\/\/www.federassantas.org.br\/novosite\/#website","url":"https:\/\/www.federassantas.org.br\/novosite\/","name":"Federassantas","description":"Fed. das Santas Casas e Hospitais Filantr\u00f3picos de MG","publisher":{"@id":"https:\/\/www.federassantas.org.br\/novosite\/#organization"},"potentialAction":[{"@type":"SearchAction","target":{"@type":"EntryPoint","urlTemplate":"https:\/\/www.federassantas.org.br\/novosite\/?s={search_term_string}"},"query-input":{"@type":"PropertyValueSpecification","valueRequired":true,"valueName":"search_term_string"}}],"inLanguage":"pt-BR"},{"@type":"Organization","@id":"https:\/\/www.federassantas.org.br\/novosite\/#organization","name":"Federassantas","url":"https:\/\/www.federassantas.org.br\/novosite\/","logo":{"@type":"ImageObject","inLanguage":"pt-BR","@id":"https:\/\/www.federassantas.org.br\/novosite\/#\/schema\/logo\/image\/","url":"https:\/\/www.federassantas.org.br\/novosite\/wp-content\/uploads\/2021\/12\/logo.png","contentUrl":"https:\/\/www.federassantas.org.br\/novosite\/wp-content\/uploads\/2021\/12\/logo.png","width":243,"height":59,"caption":"Federassantas"},"image":{"@id":"https:\/\/www.federassantas.org.br\/novosite\/#\/schema\/logo\/image\/"}},{"@type":"Person","@id":"https:\/\/www.federassantas.org.br\/novosite\/#\/schema\/person\/75fed98158349313fe56175f232f513c","name":"admin-federas","image":{"@type":"ImageObject","inLanguage":"pt-BR","@id":"https:\/\/www.federassantas.org.br\/novosite\/#\/schema\/person\/image\/","url":"https:\/\/secure.gravatar.com\/avatar\/2a02d7dda59fe8dc6b7ffd3f652e2efede5ccf0dd89dfdc8137c5517f3de8407?s=96&d=mm&r=g","contentUrl":"https:\/\/secure.gravatar.com\/avatar\/2a02d7dda59fe8dc6b7ffd3f652e2efede5ccf0dd89dfdc8137c5517f3de8407?s=96&d=mm&r=g","caption":"admin-federas"},"sameAs":["https:\/\/www.federassantas.org.br\/novosite\/"],"url":"https:\/\/www.federassantas.org.br\/novosite\/author\/admin-federas\/"}]}},"_links":{"self":[{"href":"https:\/\/www.federassantas.org.br\/novosite\/wp-json\/wp\/v2\/posts\/14595","targetHints":{"allow":["GET"]}}],"collection":[{"href":"https:\/\/www.federassantas.org.br\/novosite\/wp-json\/wp\/v2\/posts"}],"about":[{"href":"https:\/\/www.federassantas.org.br\/novosite\/wp-json\/wp\/v2\/types\/post"}],"author":[{"embeddable":true,"href":"https:\/\/www.federassantas.org.br\/novosite\/wp-json\/wp\/v2\/users\/1"}],"replies":[{"embeddable":true,"href":"https:\/\/www.federassantas.org.br\/novosite\/wp-json\/wp\/v2\/comments?post=14595"}],"version-history":[{"count":0,"href":"https:\/\/www.federassantas.org.br\/novosite\/wp-json\/wp\/v2\/posts\/14595\/revisions"}],"wp:featuredmedia":[{"embeddable":true,"href":"https:\/\/www.federassantas.org.br\/novosite\/wp-json\/"}],"wp:attachment":[{"href":"https:\/\/www.federassantas.org.br\/novosite\/wp-json\/wp\/v2\/media?parent=14595"}],"wp:term":[{"taxonomy":"category","embeddable":true,"href":"https:\/\/www.federassantas.org.br\/novosite\/wp-json\/wp\/v2\/categories?post=14595"},{"taxonomy":"post_tag","embeddable":true,"href":"https:\/\/www.federassantas.org.br\/novosite\/wp-json\/wp\/v2\/tags?post=14595"}],"curies":[{"name":"wp","href":"https:\/\/api.w.org\/{rel}","templated":true}]}}