{"id":14633,"date":"2018-10-25T16:26:34","date_gmt":"2018-10-25T18:26:34","guid":{"rendered":"https:\/\/federasbackup.meltcomunicacao.com.br\/?p=14633"},"modified":"2018-10-25T16:26:34","modified_gmt":"2018-10-25T18:26:34","slug":"oms-erradicar-a-polio-sera-maior-conquista-da-historia-da-humanidade","status":"publish","type":"post","link":"https:\/\/www.federassantas.org.br\/novosite\/oms-erradicar-a-polio-sera-maior-conquista-da-historia-da-humanidade\/","title":{"rendered":"OMS: erradicar a p\u00f3lio ser\u00e1 maior conquista da hist\u00f3ria da humanidade"},"content":{"rendered":"<p style=\"text-align: justify;\">No Dia Mundial da P\u00f3lio, lembrado nesta quarta-feira (24), a Organiza\u00e7\u00e3o Mundial da Sa\u00fade (OMS) destacou o avan\u00e7o no combate \u00e0 doen\u00e7a, tamb\u00e9m conhecida como paralisia infantil. Em 1988, a poliomielite era end\u00eamica em 125 pa\u00edses, contra apenas tr\u00eas em 2018: Nig\u00e9ria, Paquist\u00e3o e Afeganist\u00e3o. \u201cErradicar a p\u00f3lio ser\u00e1 uma das maiores conquistas da hist\u00f3ria da humanidade\u201d, destacou a entidade, por meio de sua conta na rede social Twitter.<\/p>\n<p style=\"text-align: justify;\">De acordo com a OMS, se n\u00e3o fossem os esfor\u00e7os para acabar com a doen\u00e7a, mais de 17 milh\u00f5es de pessoas que hoje podem caminhar teriam os membros paralisados por uma infec\u00e7\u00e3o pelo v\u00edrus.<\/p>\n<p style=\"text-align: justify;\">Leia mais em:\u00a0<a href=\"https:\/\/www.hojeemdia.com.br\/primeiro-plano\/oms-erradicar-a-p%C3%B3lio-ser%C3%A1-maior-conquista-da-hist%C3%B3ria-da-humanidade-1.665790\">https:\/\/www.hojeemdia.com.br\/primeiro-plano\/oms-erradicar-a-p%C3%B3lio-ser%C3%A1-maior-conquista-da-hist%C3%B3ria-da-humanidade-1.665790<\/a><\/p>\n<p style=\"text-align: justify;\">\n<p style=\"text-align: justify;\"><em>Fonte: Portal Hoje em Dia<\/em><\/p>\n","protected":false},"excerpt":{"rendered":"<p>No Dia Mundial da P\u00f3lio, lembrado nesta quarta-feira (24), a Organiza\u00e7\u00e3o Mundial da Sa\u00fade (OMS) destacou o avan\u00e7o no combate \u00e0 doen\u00e7a, tamb\u00e9m conhecida como paralisia infantil. Em 1988, a poliomielite era end\u00eamica em 125 pa\u00edses, contra apenas tr\u00eas em 2018: Nig\u00e9ria, Paquist\u00e3o e Afeganist\u00e3o. \u201cErradicar a p\u00f3lio ser\u00e1 uma das maiores conquistas da hist\u00f3ria [&hellip;]<\/p>\n","protected":false},"author":1,"featured_media":14635,"comment_status":"open","ping_status":"open","sticky":false,"template":"","format":"standard","meta":{"footnotes":""},"categories":[140],"tags":[],"class_list":["post-14633","post","type-post","status-publish","format-standard","has-post-thumbnail","hentry","category-noticias"],"yoast_head":"<!-- This site is optimized with the Yoast SEO plugin v26.9 - https:\/\/yoast.com\/product\/yoast-seo-wordpress\/ -->\n<title>OMS: erradicar a p\u00f3lio ser\u00e1 maior conquista da hist\u00f3ria da humanidade - Federassantas<\/title>\n<meta name=\"robots\" content=\"index, follow, max-snippet:-1, max-image-preview:large, max-video-preview:-1\" \/>\n<link rel=\"canonical\" href=\"https:\/\/www.federassantas.org.br\/novosite\/oms-erradicar-a-polio-sera-maior-conquista-da-historia-da-humanidade\/\" \/>\n<meta property=\"og:locale\" content=\"pt_BR\" \/>\n<meta property=\"og:type\" content=\"article\" \/>\n<meta property=\"og:title\" content=\"OMS: erradicar a p\u00f3lio ser\u00e1 maior conquista da hist\u00f3ria da humanidade - Federassantas\" \/>\n<meta property=\"og:description\" content=\"No Dia Mundial da P\u00f3lio, lembrado nesta quarta-feira (24), a Organiza\u00e7\u00e3o Mundial da Sa\u00fade (OMS) destacou o avan\u00e7o no combate \u00e0 doen\u00e7a, tamb\u00e9m conhecida como paralisia infantil. Em 1988, a poliomielite era end\u00eamica em 125 pa\u00edses, contra apenas tr\u00eas em 2018: Nig\u00e9ria, Paquist\u00e3o e Afeganist\u00e3o. \u201cErradicar a p\u00f3lio ser\u00e1 uma das maiores conquistas da hist\u00f3ria [&hellip;]\" \/>\n<meta property=\"og:url\" content=\"https:\/\/www.federassantas.org.br\/novosite\/oms-erradicar-a-polio-sera-maior-conquista-da-historia-da-humanidade\/\" \/>\n<meta property=\"og:site_name\" content=\"Federassantas\" \/>\n<meta property=\"article:published_time\" content=\"2018-10-25T18:26:34+00:00\" \/>\n<meta name=\"author\" content=\"admin-federas\" \/>\n<meta name=\"twitter:card\" content=\"summary_large_image\" \/>\n<meta name=\"twitter:label1\" content=\"Escrito por\" \/>\n\t<meta name=\"twitter:data1\" content=\"admin-federas\" \/>\n\t<meta name=\"twitter:label2\" content=\"Est. tempo de leitura\" \/>\n\t<meta name=\"twitter:data2\" content=\"1 minuto\" \/>\n<script type=\"application\/ld+json\" class=\"yoast-schema-graph\">{\"@context\":\"https:\/\/schema.org\",\"@graph\":[{\"@type\":\"Article\",\"@id\":\"https:\/\/www.federassantas.org.br\/novosite\/oms-erradicar-a-polio-sera-maior-conquista-da-historia-da-humanidade\/#article\",\"isPartOf\":{\"@id\":\"https:\/\/www.federassantas.org.br\/novosite\/oms-erradicar-a-polio-sera-maior-conquista-da-historia-da-humanidade\/\"},\"author\":{\"name\":\"admin-federas\",\"@id\":\"https:\/\/www.federassantas.org.br\/novosite\/#\/schema\/person\/75fed98158349313fe56175f232f513c\"},\"headline\":\"OMS: erradicar a p\u00f3lio ser\u00e1 maior conquista da hist\u00f3ria da humanidade\",\"datePublished\":\"2018-10-25T18:26:34+00:00\",\"mainEntityOfPage\":{\"@id\":\"https:\/\/www.federassantas.org.br\/novosite\/oms-erradicar-a-polio-sera-maior-conquista-da-historia-da-humanidade\/\"},\"wordCount\":154,\"commentCount\":0,\"publisher\":{\"@id\":\"https:\/\/www.federassantas.org.br\/novosite\/#organization\"},\"image\":{\"@id\":\"https:\/\/www.federassantas.org.br\/novosite\/oms-erradicar-a-polio-sera-maior-conquista-da-historia-da-humanidade\/#primaryimage\"},\"thumbnailUrl\":\"\",\"articleSection\":[\"Not\u00edcias\"],\"inLanguage\":\"pt-BR\",\"potentialAction\":[{\"@type\":\"CommentAction\",\"name\":\"Comment\",\"target\":[\"https:\/\/www.federassantas.org.br\/novosite\/oms-erradicar-a-polio-sera-maior-conquista-da-historia-da-humanidade\/#respond\"]}]},{\"@type\":\"WebPage\",\"@id\":\"https:\/\/www.federassantas.org.br\/novosite\/oms-erradicar-a-polio-sera-maior-conquista-da-historia-da-humanidade\/\",\"url\":\"https:\/\/www.federassantas.org.br\/novosite\/oms-erradicar-a-polio-sera-maior-conquista-da-historia-da-humanidade\/\",\"name\":\"OMS: erradicar a p\u00f3lio ser\u00e1 maior conquista da hist\u00f3ria da humanidade - Federassantas\",\"isPartOf\":{\"@id\":\"https:\/\/www.federassantas.org.br\/novosite\/#website\"},\"primaryImageOfPage\":{\"@id\":\"https:\/\/www.federassantas.org.br\/novosite\/oms-erradicar-a-polio-sera-maior-conquista-da-historia-da-humanidade\/#primaryimage\"},\"image\":{\"@id\":\"https:\/\/www.federassantas.org.br\/novosite\/oms-erradicar-a-polio-sera-maior-conquista-da-historia-da-humanidade\/#primaryimage\"},\"thumbnailUrl\":\"\",\"datePublished\":\"2018-10-25T18:26:34+00:00\",\"breadcrumb\":{\"@id\":\"https:\/\/www.federassantas.org.br\/novosite\/oms-erradicar-a-polio-sera-maior-conquista-da-historia-da-humanidade\/#breadcrumb\"},\"inLanguage\":\"pt-BR\",\"potentialAction\":[{\"@type\":\"ReadAction\",\"target\":[\"https:\/\/www.federassantas.org.br\/novosite\/oms-erradicar-a-polio-sera-maior-conquista-da-historia-da-humanidade\/\"]}]},{\"@type\":\"ImageObject\",\"inLanguage\":\"pt-BR\",\"@id\":\"https:\/\/www.federassantas.org.br\/novosite\/oms-erradicar-a-polio-sera-maior-conquista-da-historia-da-humanidade\/#primaryimage\",\"url\":\"\",\"contentUrl\":\"\"},{\"@type\":\"BreadcrumbList\",\"@id\":\"https:\/\/www.federassantas.org.br\/novosite\/oms-erradicar-a-polio-sera-maior-conquista-da-historia-da-humanidade\/#breadcrumb\",\"itemListElement\":[{\"@type\":\"ListItem\",\"position\":1,\"name\":\"In\u00edcio\",\"item\":\"https:\/\/www.federassantas.org.br\/novosite\/\"},{\"@type\":\"ListItem\",\"position\":2,\"name\":\"OMS: erradicar a p\u00f3lio ser\u00e1 maior conquista da hist\u00f3ria da humanidade\"}]},{\"@type\":\"WebSite\",\"@id\":\"https:\/\/www.federassantas.org.br\/novosite\/#website\",\"url\":\"https:\/\/www.federassantas.org.br\/novosite\/\",\"name\":\"Federassantas\",\"description\":\"Fed. das Santas Casas e Hospitais Filantr\u00f3picos de MG\",\"publisher\":{\"@id\":\"https:\/\/www.federassantas.org.br\/novosite\/#organization\"},\"potentialAction\":[{\"@type\":\"SearchAction\",\"target\":{\"@type\":\"EntryPoint\",\"urlTemplate\":\"https:\/\/www.federassantas.org.br\/novosite\/?s={search_term_string}\"},\"query-input\":{\"@type\":\"PropertyValueSpecification\",\"valueRequired\":true,\"valueName\":\"search_term_string\"}}],\"inLanguage\":\"pt-BR\"},{\"@type\":\"Organization\",\"@id\":\"https:\/\/www.federassantas.org.br\/novosite\/#organization\",\"name\":\"Federassantas\",\"url\":\"https:\/\/www.federassantas.org.br\/novosite\/\",\"logo\":{\"@type\":\"ImageObject\",\"inLanguage\":\"pt-BR\",\"@id\":\"https:\/\/www.federassantas.org.br\/novosite\/#\/schema\/logo\/image\/\",\"url\":\"https:\/\/www.federassantas.org.br\/novosite\/wp-content\/uploads\/2021\/12\/logo.png\",\"contentUrl\":\"https:\/\/www.federassantas.org.br\/novosite\/wp-content\/uploads\/2021\/12\/logo.png\",\"width\":243,\"height\":59,\"caption\":\"Federassantas\"},\"image\":{\"@id\":\"https:\/\/www.federassantas.org.br\/novosite\/#\/schema\/logo\/image\/\"}},{\"@type\":\"Person\",\"@id\":\"https:\/\/www.federassantas.org.br\/novosite\/#\/schema\/person\/75fed98158349313fe56175f232f513c\",\"name\":\"admin-federas\",\"image\":{\"@type\":\"ImageObject\",\"inLanguage\":\"pt-BR\",\"@id\":\"https:\/\/www.federassantas.org.br\/novosite\/#\/schema\/person\/image\/\",\"url\":\"https:\/\/secure.gravatar.com\/avatar\/2a02d7dda59fe8dc6b7ffd3f652e2efede5ccf0dd89dfdc8137c5517f3de8407?s=96&d=mm&r=g\",\"contentUrl\":\"https:\/\/secure.gravatar.com\/avatar\/2a02d7dda59fe8dc6b7ffd3f652e2efede5ccf0dd89dfdc8137c5517f3de8407?s=96&d=mm&r=g\",\"caption\":\"admin-federas\"},\"sameAs\":[\"https:\/\/www.federassantas.org.br\/novosite\/\"],\"url\":\"https:\/\/www.federassantas.org.br\/novosite\/author\/admin-federas\/\"}]}<\/script>\n<!-- \/ Yoast SEO plugin. -->","yoast_head_json":{"title":"OMS: erradicar a p\u00f3lio ser\u00e1 maior conquista da hist\u00f3ria da humanidade - Federassantas","robots":{"index":"index","follow":"follow","max-snippet":"max-snippet:-1","max-image-preview":"max-image-preview:large","max-video-preview":"max-video-preview:-1"},"canonical":"https:\/\/www.federassantas.org.br\/novosite\/oms-erradicar-a-polio-sera-maior-conquista-da-historia-da-humanidade\/","og_locale":"pt_BR","og_type":"article","og_title":"OMS: erradicar a p\u00f3lio ser\u00e1 maior conquista da hist\u00f3ria da humanidade - Federassantas","og_description":"No Dia Mundial da P\u00f3lio, lembrado nesta quarta-feira (24), a Organiza\u00e7\u00e3o Mundial da Sa\u00fade (OMS) destacou o avan\u00e7o no combate \u00e0 doen\u00e7a, tamb\u00e9m conhecida como paralisia infantil. Em 1988, a poliomielite era end\u00eamica em 125 pa\u00edses, contra apenas tr\u00eas em 2018: Nig\u00e9ria, Paquist\u00e3o e Afeganist\u00e3o. \u201cErradicar a p\u00f3lio ser\u00e1 uma das maiores conquistas da hist\u00f3ria [&hellip;]","og_url":"https:\/\/www.federassantas.org.br\/novosite\/oms-erradicar-a-polio-sera-maior-conquista-da-historia-da-humanidade\/","og_site_name":"Federassantas","article_published_time":"2018-10-25T18:26:34+00:00","author":"admin-federas","twitter_card":"summary_large_image","twitter_misc":{"Escrito por":"admin-federas","Est. tempo de leitura":"1 minuto"},"schema":{"@context":"https:\/\/schema.org","@graph":[{"@type":"Article","@id":"https:\/\/www.federassantas.org.br\/novosite\/oms-erradicar-a-polio-sera-maior-conquista-da-historia-da-humanidade\/#article","isPartOf":{"@id":"https:\/\/www.federassantas.org.br\/novosite\/oms-erradicar-a-polio-sera-maior-conquista-da-historia-da-humanidade\/"},"author":{"name":"admin-federas","@id":"https:\/\/www.federassantas.org.br\/novosite\/#\/schema\/person\/75fed98158349313fe56175f232f513c"},"headline":"OMS: erradicar a p\u00f3lio ser\u00e1 maior conquista da hist\u00f3ria da humanidade","datePublished":"2018-10-25T18:26:34+00:00","mainEntityOfPage":{"@id":"https:\/\/www.federassantas.org.br\/novosite\/oms-erradicar-a-polio-sera-maior-conquista-da-historia-da-humanidade\/"},"wordCount":154,"commentCount":0,"publisher":{"@id":"https:\/\/www.federassantas.org.br\/novosite\/#organization"},"image":{"@id":"https:\/\/www.federassantas.org.br\/novosite\/oms-erradicar-a-polio-sera-maior-conquista-da-historia-da-humanidade\/#primaryimage"},"thumbnailUrl":"","articleSection":["Not\u00edcias"],"inLanguage":"pt-BR","potentialAction":[{"@type":"CommentAction","name":"Comment","target":["https:\/\/www.federassantas.org.br\/novosite\/oms-erradicar-a-polio-sera-maior-conquista-da-historia-da-humanidade\/#respond"]}]},{"@type":"WebPage","@id":"https:\/\/www.federassantas.org.br\/novosite\/oms-erradicar-a-polio-sera-maior-conquista-da-historia-da-humanidade\/","url":"https:\/\/www.federassantas.org.br\/novosite\/oms-erradicar-a-polio-sera-maior-conquista-da-historia-da-humanidade\/","name":"OMS: erradicar a p\u00f3lio ser\u00e1 maior conquista da hist\u00f3ria da humanidade - Federassantas","isPartOf":{"@id":"https:\/\/www.federassantas.org.br\/novosite\/#website"},"primaryImageOfPage":{"@id":"https:\/\/www.federassantas.org.br\/novosite\/oms-erradicar-a-polio-sera-maior-conquista-da-historia-da-humanidade\/#primaryimage"},"image":{"@id":"https:\/\/www.federassantas.org.br\/novosite\/oms-erradicar-a-polio-sera-maior-conquista-da-historia-da-humanidade\/#primaryimage"},"thumbnailUrl":"","datePublished":"2018-10-25T18:26:34+00:00","breadcrumb":{"@id":"https:\/\/www.federassantas.org.br\/novosite\/oms-erradicar-a-polio-sera-maior-conquista-da-historia-da-humanidade\/#breadcrumb"},"inLanguage":"pt-BR","potentialAction":[{"@type":"ReadAction","target":["https:\/\/www.federassantas.org.br\/novosite\/oms-erradicar-a-polio-sera-maior-conquista-da-historia-da-humanidade\/"]}]},{"@type":"ImageObject","inLanguage":"pt-BR","@id":"https:\/\/www.federassantas.org.br\/novosite\/oms-erradicar-a-polio-sera-maior-conquista-da-historia-da-humanidade\/#primaryimage","url":"","contentUrl":""},{"@type":"BreadcrumbList","@id":"https:\/\/www.federassantas.org.br\/novosite\/oms-erradicar-a-polio-sera-maior-conquista-da-historia-da-humanidade\/#breadcrumb","itemListElement":[{"@type":"ListItem","position":1,"name":"In\u00edcio","item":"https:\/\/www.federassantas.org.br\/novosite\/"},{"@type":"ListItem","position":2,"name":"OMS: erradicar a p\u00f3lio ser\u00e1 maior conquista da hist\u00f3ria da humanidade"}]},{"@type":"WebSite","@id":"https:\/\/www.federassantas.org.br\/novosite\/#website","url":"https:\/\/www.federassantas.org.br\/novosite\/","name":"Federassantas","description":"Fed. das Santas Casas e Hospitais Filantr\u00f3picos de MG","publisher":{"@id":"https:\/\/www.federassantas.org.br\/novosite\/#organization"},"potentialAction":[{"@type":"SearchAction","target":{"@type":"EntryPoint","urlTemplate":"https:\/\/www.federassantas.org.br\/novosite\/?s={search_term_string}"},"query-input":{"@type":"PropertyValueSpecification","valueRequired":true,"valueName":"search_term_string"}}],"inLanguage":"pt-BR"},{"@type":"Organization","@id":"https:\/\/www.federassantas.org.br\/novosite\/#organization","name":"Federassantas","url":"https:\/\/www.federassantas.org.br\/novosite\/","logo":{"@type":"ImageObject","inLanguage":"pt-BR","@id":"https:\/\/www.federassantas.org.br\/novosite\/#\/schema\/logo\/image\/","url":"https:\/\/www.federassantas.org.br\/novosite\/wp-content\/uploads\/2021\/12\/logo.png","contentUrl":"https:\/\/www.federassantas.org.br\/novosite\/wp-content\/uploads\/2021\/12\/logo.png","width":243,"height":59,"caption":"Federassantas"},"image":{"@id":"https:\/\/www.federassantas.org.br\/novosite\/#\/schema\/logo\/image\/"}},{"@type":"Person","@id":"https:\/\/www.federassantas.org.br\/novosite\/#\/schema\/person\/75fed98158349313fe56175f232f513c","name":"admin-federas","image":{"@type":"ImageObject","inLanguage":"pt-BR","@id":"https:\/\/www.federassantas.org.br\/novosite\/#\/schema\/person\/image\/","url":"https:\/\/secure.gravatar.com\/avatar\/2a02d7dda59fe8dc6b7ffd3f652e2efede5ccf0dd89dfdc8137c5517f3de8407?s=96&d=mm&r=g","contentUrl":"https:\/\/secure.gravatar.com\/avatar\/2a02d7dda59fe8dc6b7ffd3f652e2efede5ccf0dd89dfdc8137c5517f3de8407?s=96&d=mm&r=g","caption":"admin-federas"},"sameAs":["https:\/\/www.federassantas.org.br\/novosite\/"],"url":"https:\/\/www.federassantas.org.br\/novosite\/author\/admin-federas\/"}]}},"_links":{"self":[{"href":"https:\/\/www.federassantas.org.br\/novosite\/wp-json\/wp\/v2\/posts\/14633","targetHints":{"allow":["GET"]}}],"collection":[{"href":"https:\/\/www.federassantas.org.br\/novosite\/wp-json\/wp\/v2\/posts"}],"about":[{"href":"https:\/\/www.federassantas.org.br\/novosite\/wp-json\/wp\/v2\/types\/post"}],"author":[{"embeddable":true,"href":"https:\/\/www.federassantas.org.br\/novosite\/wp-json\/wp\/v2\/users\/1"}],"replies":[{"embeddable":true,"href":"https:\/\/www.federassantas.org.br\/novosite\/wp-json\/wp\/v2\/comments?post=14633"}],"version-history":[{"count":0,"href":"https:\/\/www.federassantas.org.br\/novosite\/wp-json\/wp\/v2\/posts\/14633\/revisions"}],"wp:featuredmedia":[{"embeddable":true,"href":"https:\/\/www.federassantas.org.br\/novosite\/wp-json\/"}],"wp:attachment":[{"href":"https:\/\/www.federassantas.org.br\/novosite\/wp-json\/wp\/v2\/media?parent=14633"}],"wp:term":[{"taxonomy":"category","embeddable":true,"href":"https:\/\/www.federassantas.org.br\/novosite\/wp-json\/wp\/v2\/categories?post=14633"},{"taxonomy":"post_tag","embeddable":true,"href":"https:\/\/www.federassantas.org.br\/novosite\/wp-json\/wp\/v2\/tags?post=14633"}],"curies":[{"name":"wp","href":"https:\/\/api.w.org\/{rel}","templated":true}]}}