{"id":14655,"date":"2018-10-26T17:55:39","date_gmt":"2018-10-26T19:55:39","guid":{"rendered":"https:\/\/federasbackup.meltcomunicacao.com.br\/?p=14655"},"modified":"2018-10-26T17:55:39","modified_gmt":"2018-10-26T19:55:39","slug":"minas-gerais-tera-reforco-para-reduzir-filas-de-cirurgias","status":"publish","type":"post","link":"https:\/\/www.federassantas.org.br\/novosite\/minas-gerais-tera-reforco-para-reduzir-filas-de-cirurgias\/","title":{"rendered":"Minas Gerais ter\u00e1 refor\u00e7o para reduzir filas de cirurgias"},"content":{"rendered":"<p style=\"text-align: justify;\"><em>O estado j\u00e1 realizou\u00a0<\/em><em>39.796<\/em><em>\u00a0cirurgias eletivas entre julho de 2017 e junho de 2018. Mais R$ 25,4 milh\u00f5es est\u00e3o dispon\u00edveis para que o estado possa agilizar cirurgias j\u00e1 agendadas<\/em><\/p>\n<p style=\"text-align: justify;\">A popula\u00e7\u00e3o de Minas Gerais ser\u00e1 beneficiada com R$ 25,4 milh\u00f5es para reduzir a espera de quem est\u00e1 na fila para cirurgias eletivas. O estado realizou em um ano 39.796 procedimentos eletivos, aquelas cirurgias sem car\u00e1ter de urg\u00eancia, agendadas pelo Sistema \u00danico de Sa\u00fade (SUS) para todas as especialidades e agora conta com mais esse recurso extra. No total, R$ 250 milh\u00f5es ser\u00e3o repassados para todo o pa\u00eds, conforme\u00a0<a href=\"http:\/\/portal.imprensanacional.gov.br\/materia\/-\/asset_publisher\/Kujrw0TZC2Mb\/content\/id\/40683403\/do1-2018-09-13-portaria-n-2-895-de-12-de-setembro-de-2018-40683087\" target=\"_blank\" rel=\"noopener\">portaria<\/a>\u00a0publicada no Di\u00e1rio Oficial da Uni\u00e3o<strong>,\u00a0<\/strong>que prev\u00ea a realiza\u00e7\u00e3o de at\u00e9 285 procedimentos ambulatoriais e hospitalares da tabela SUS. Os novos recursos devem incentivar estados e munic\u00edpios a organizarem mutir\u00f5es de cirurgias eletivas, diminuindo o tempo dos pacientes na fila de espera.<\/p>\n<p style=\"text-align: justify;\">A distribui\u00e7\u00e3o dos recursos para o custeio da estrat\u00e9gia considerou os crit\u00e9rios populacionais para que estados e munic\u00edpios se organizem da melhor forma, definindo os servi\u00e7os de refer\u00eancia e a regula\u00e7\u00e3o do acesso da popula\u00e7\u00e3o a estes estabelecimentos. As gest\u00f5es devem utilizar os recursos para ampliar a oferta, independentemente da rotina j\u00e1 existente nos servi\u00e7os de sa\u00fade.<\/p>\n<p style=\"text-align: justify;\">Os recursos ser\u00e3o transferidos por meio do Fundo de A\u00e7\u00f5es Estrat\u00e9gicas e Compensa\u00e7\u00e3o (FAEC) aos estados e munic\u00edpios, mediante produ\u00e7\u00e3o apresentada. As cirurgias eletivas fazem parte da rotina dos atendimentos dos servi\u00e7os de sa\u00fade no Sistema \u00danico de Sa\u00fade (SUS) e t\u00eam financiamento assegurado pelo repasse mensal de recursos destinados ao custeio de procedimentos de m\u00e9dia e alta complexidade, enviados de forma regular e autom\u00e1tica a todos os estados e munic\u00edpios brasileiros.<\/p>\n<h4 style=\"text-align: justify;\"><strong>CIRURGIAS ELETIVAS<\/strong><\/h4>\n<p style=\"text-align: justify;\">Os procedimentos cir\u00fargicos eletivos fazem parte da rotina dos atendimentos dos servi\u00e7os de sa\u00fade do SUS e t\u00eam financiamento assegurado pelo repasse mensal de recursos de m\u00e9dia e alta complexidade, enviados de forma regular e autom\u00e1tica a todos os estados e munic\u00edpios brasileiros.<\/p>\n<p style=\"text-align: justify;\">Cabe aos gestores estaduais, do Distrito Federal e municipais a organiza\u00e7\u00e3o e a defini\u00e7\u00e3o dos crit\u00e9rios regulat\u00f3rios que garantam o acesso preferencial aos pacientes cuja solicita\u00e7\u00e3o j\u00e1 esteja inserida na regula\u00e7\u00e3o. Compete a eles administrar as demandas, de acordo com as necessidades, com planejamento e organiza\u00e7\u00e3o da rede de aten\u00e7\u00e3o \u00e0 sa\u00fade e dos recursos dispon\u00edveis, assim como implementar mecanismos de regula\u00e7\u00e3o e contratualiza\u00e7\u00e3o que ajudem na efici\u00eancia dos servi\u00e7os prestados \u00e0 popula\u00e7\u00e3o.<\/p>\n<p style=\"text-align: justify;\">\u00a0Leia mais em:\u00a0<a href=\"http:\/\/portalms.saude.gov.br\/noticias\/agencia-saude\/44570-minas-gerais-tera-reforco-para-reduzir-filas-de-cirurgias\">http:\/\/portalms.saude.gov.br\/noticias\/agencia-saude\/44570-minas-gerais-tera-reforco-para-reduzir-filas-de-cirurgias<\/a><\/p>\n<p style=\"text-align: justify;\"><em>Fonte: Ag\u00eancia Sa\u00fade<\/em><\/p>\n","protected":false},"excerpt":{"rendered":"<p>O estado j\u00e1 realizou\u00a039.796\u00a0cirurgias eletivas entre julho de 2017 e junho de 2018. Mais R$ 25,4 milh\u00f5es est\u00e3o dispon\u00edveis para que o estado possa agilizar cirurgias j\u00e1 agendadas A popula\u00e7\u00e3o de Minas Gerais ser\u00e1 beneficiada com R$ 25,4 milh\u00f5es para reduzir a espera de quem est\u00e1 na fila para cirurgias eletivas. O estado realizou em [&hellip;]<\/p>\n","protected":false},"author":1,"featured_media":14656,"comment_status":"open","ping_status":"open","sticky":false,"template":"","format":"standard","meta":{"footnotes":""},"categories":[140],"tags":[],"class_list":["post-14655","post","type-post","status-publish","format-standard","has-post-thumbnail","hentry","category-noticias"],"yoast_head":"<!-- This site is optimized with the Yoast SEO plugin v26.9 - https:\/\/yoast.com\/product\/yoast-seo-wordpress\/ -->\n<title>Minas Gerais ter\u00e1 refor\u00e7o para reduzir filas de cirurgias - Federassantas<\/title>\n<meta name=\"robots\" content=\"index, follow, max-snippet:-1, max-image-preview:large, max-video-preview:-1\" \/>\n<link rel=\"canonical\" href=\"https:\/\/www.federassantas.org.br\/novosite\/minas-gerais-tera-reforco-para-reduzir-filas-de-cirurgias\/\" \/>\n<meta property=\"og:locale\" content=\"pt_BR\" \/>\n<meta property=\"og:type\" content=\"article\" \/>\n<meta property=\"og:title\" content=\"Minas Gerais ter\u00e1 refor\u00e7o para reduzir filas de cirurgias - Federassantas\" \/>\n<meta property=\"og:description\" content=\"O estado j\u00e1 realizou\u00a039.796\u00a0cirurgias eletivas entre julho de 2017 e junho de 2018. Mais R$ 25,4 milh\u00f5es est\u00e3o dispon\u00edveis para que o estado possa agilizar cirurgias j\u00e1 agendadas A popula\u00e7\u00e3o de Minas Gerais ser\u00e1 beneficiada com R$ 25,4 milh\u00f5es para reduzir a espera de quem est\u00e1 na fila para cirurgias eletivas. O estado realizou em [&hellip;]\" \/>\n<meta property=\"og:url\" content=\"https:\/\/www.federassantas.org.br\/novosite\/minas-gerais-tera-reforco-para-reduzir-filas-de-cirurgias\/\" \/>\n<meta property=\"og:site_name\" content=\"Federassantas\" \/>\n<meta property=\"article:published_time\" content=\"2018-10-26T19:55:39+00:00\" \/>\n<meta name=\"author\" content=\"admin-federas\" \/>\n<meta name=\"twitter:card\" content=\"summary_large_image\" \/>\n<meta name=\"twitter:label1\" content=\"Escrito por\" \/>\n\t<meta name=\"twitter:data1\" content=\"admin-federas\" \/>\n\t<meta name=\"twitter:label2\" content=\"Est. tempo de leitura\" \/>\n\t<meta name=\"twitter:data2\" content=\"2 minutos\" \/>\n<script type=\"application\/ld+json\" class=\"yoast-schema-graph\">{\"@context\":\"https:\/\/schema.org\",\"@graph\":[{\"@type\":\"Article\",\"@id\":\"https:\/\/www.federassantas.org.br\/novosite\/minas-gerais-tera-reforco-para-reduzir-filas-de-cirurgias\/#article\",\"isPartOf\":{\"@id\":\"https:\/\/www.federassantas.org.br\/novosite\/minas-gerais-tera-reforco-para-reduzir-filas-de-cirurgias\/\"},\"author\":{\"name\":\"admin-federas\",\"@id\":\"https:\/\/www.federassantas.org.br\/novosite\/#\/schema\/person\/75fed98158349313fe56175f232f513c\"},\"headline\":\"Minas Gerais ter\u00e1 refor\u00e7o para reduzir filas de cirurgias\",\"datePublished\":\"2018-10-26T19:55:39+00:00\",\"mainEntityOfPage\":{\"@id\":\"https:\/\/www.federassantas.org.br\/novosite\/minas-gerais-tera-reforco-para-reduzir-filas-de-cirurgias\/\"},\"wordCount\":468,\"commentCount\":0,\"publisher\":{\"@id\":\"https:\/\/www.federassantas.org.br\/novosite\/#organization\"},\"image\":{\"@id\":\"https:\/\/www.federassantas.org.br\/novosite\/minas-gerais-tera-reforco-para-reduzir-filas-de-cirurgias\/#primaryimage\"},\"thumbnailUrl\":\"\",\"articleSection\":[\"Not\u00edcias\"],\"inLanguage\":\"pt-BR\",\"potentialAction\":[{\"@type\":\"CommentAction\",\"name\":\"Comment\",\"target\":[\"https:\/\/www.federassantas.org.br\/novosite\/minas-gerais-tera-reforco-para-reduzir-filas-de-cirurgias\/#respond\"]}]},{\"@type\":\"WebPage\",\"@id\":\"https:\/\/www.federassantas.org.br\/novosite\/minas-gerais-tera-reforco-para-reduzir-filas-de-cirurgias\/\",\"url\":\"https:\/\/www.federassantas.org.br\/novosite\/minas-gerais-tera-reforco-para-reduzir-filas-de-cirurgias\/\",\"name\":\"Minas Gerais ter\u00e1 refor\u00e7o para reduzir filas de cirurgias - Federassantas\",\"isPartOf\":{\"@id\":\"https:\/\/www.federassantas.org.br\/novosite\/#website\"},\"primaryImageOfPage\":{\"@id\":\"https:\/\/www.federassantas.org.br\/novosite\/minas-gerais-tera-reforco-para-reduzir-filas-de-cirurgias\/#primaryimage\"},\"image\":{\"@id\":\"https:\/\/www.federassantas.org.br\/novosite\/minas-gerais-tera-reforco-para-reduzir-filas-de-cirurgias\/#primaryimage\"},\"thumbnailUrl\":\"\",\"datePublished\":\"2018-10-26T19:55:39+00:00\",\"breadcrumb\":{\"@id\":\"https:\/\/www.federassantas.org.br\/novosite\/minas-gerais-tera-reforco-para-reduzir-filas-de-cirurgias\/#breadcrumb\"},\"inLanguage\":\"pt-BR\",\"potentialAction\":[{\"@type\":\"ReadAction\",\"target\":[\"https:\/\/www.federassantas.org.br\/novosite\/minas-gerais-tera-reforco-para-reduzir-filas-de-cirurgias\/\"]}]},{\"@type\":\"ImageObject\",\"inLanguage\":\"pt-BR\",\"@id\":\"https:\/\/www.federassantas.org.br\/novosite\/minas-gerais-tera-reforco-para-reduzir-filas-de-cirurgias\/#primaryimage\",\"url\":\"\",\"contentUrl\":\"\"},{\"@type\":\"BreadcrumbList\",\"@id\":\"https:\/\/www.federassantas.org.br\/novosite\/minas-gerais-tera-reforco-para-reduzir-filas-de-cirurgias\/#breadcrumb\",\"itemListElement\":[{\"@type\":\"ListItem\",\"position\":1,\"name\":\"In\u00edcio\",\"item\":\"https:\/\/www.federassantas.org.br\/novosite\/\"},{\"@type\":\"ListItem\",\"position\":2,\"name\":\"Minas Gerais ter\u00e1 refor\u00e7o para reduzir filas de cirurgias\"}]},{\"@type\":\"WebSite\",\"@id\":\"https:\/\/www.federassantas.org.br\/novosite\/#website\",\"url\":\"https:\/\/www.federassantas.org.br\/novosite\/\",\"name\":\"Federassantas\",\"description\":\"Fed. das Santas Casas e Hospitais Filantr\u00f3picos de MG\",\"publisher\":{\"@id\":\"https:\/\/www.federassantas.org.br\/novosite\/#organization\"},\"potentialAction\":[{\"@type\":\"SearchAction\",\"target\":{\"@type\":\"EntryPoint\",\"urlTemplate\":\"https:\/\/www.federassantas.org.br\/novosite\/?s={search_term_string}\"},\"query-input\":{\"@type\":\"PropertyValueSpecification\",\"valueRequired\":true,\"valueName\":\"search_term_string\"}}],\"inLanguage\":\"pt-BR\"},{\"@type\":\"Organization\",\"@id\":\"https:\/\/www.federassantas.org.br\/novosite\/#organization\",\"name\":\"Federassantas\",\"url\":\"https:\/\/www.federassantas.org.br\/novosite\/\",\"logo\":{\"@type\":\"ImageObject\",\"inLanguage\":\"pt-BR\",\"@id\":\"https:\/\/www.federassantas.org.br\/novosite\/#\/schema\/logo\/image\/\",\"url\":\"https:\/\/www.federassantas.org.br\/novosite\/wp-content\/uploads\/2021\/12\/logo.png\",\"contentUrl\":\"https:\/\/www.federassantas.org.br\/novosite\/wp-content\/uploads\/2021\/12\/logo.png\",\"width\":243,\"height\":59,\"caption\":\"Federassantas\"},\"image\":{\"@id\":\"https:\/\/www.federassantas.org.br\/novosite\/#\/schema\/logo\/image\/\"}},{\"@type\":\"Person\",\"@id\":\"https:\/\/www.federassantas.org.br\/novosite\/#\/schema\/person\/75fed98158349313fe56175f232f513c\",\"name\":\"admin-federas\",\"image\":{\"@type\":\"ImageObject\",\"inLanguage\":\"pt-BR\",\"@id\":\"https:\/\/www.federassantas.org.br\/novosite\/#\/schema\/person\/image\/\",\"url\":\"https:\/\/secure.gravatar.com\/avatar\/2a02d7dda59fe8dc6b7ffd3f652e2efede5ccf0dd89dfdc8137c5517f3de8407?s=96&d=mm&r=g\",\"contentUrl\":\"https:\/\/secure.gravatar.com\/avatar\/2a02d7dda59fe8dc6b7ffd3f652e2efede5ccf0dd89dfdc8137c5517f3de8407?s=96&d=mm&r=g\",\"caption\":\"admin-federas\"},\"sameAs\":[\"https:\/\/www.federassantas.org.br\/novosite\/\"],\"url\":\"https:\/\/www.federassantas.org.br\/novosite\/author\/admin-federas\/\"}]}<\/script>\n<!-- \/ Yoast SEO plugin. -->","yoast_head_json":{"title":"Minas Gerais ter\u00e1 refor\u00e7o para reduzir filas de cirurgias - Federassantas","robots":{"index":"index","follow":"follow","max-snippet":"max-snippet:-1","max-image-preview":"max-image-preview:large","max-video-preview":"max-video-preview:-1"},"canonical":"https:\/\/www.federassantas.org.br\/novosite\/minas-gerais-tera-reforco-para-reduzir-filas-de-cirurgias\/","og_locale":"pt_BR","og_type":"article","og_title":"Minas Gerais ter\u00e1 refor\u00e7o para reduzir filas de cirurgias - Federassantas","og_description":"O estado j\u00e1 realizou\u00a039.796\u00a0cirurgias eletivas entre julho de 2017 e junho de 2018. Mais R$ 25,4 milh\u00f5es est\u00e3o dispon\u00edveis para que o estado possa agilizar cirurgias j\u00e1 agendadas A popula\u00e7\u00e3o de Minas Gerais ser\u00e1 beneficiada com R$ 25,4 milh\u00f5es para reduzir a espera de quem est\u00e1 na fila para cirurgias eletivas. O estado realizou em [&hellip;]","og_url":"https:\/\/www.federassantas.org.br\/novosite\/minas-gerais-tera-reforco-para-reduzir-filas-de-cirurgias\/","og_site_name":"Federassantas","article_published_time":"2018-10-26T19:55:39+00:00","author":"admin-federas","twitter_card":"summary_large_image","twitter_misc":{"Escrito por":"admin-federas","Est. tempo de leitura":"2 minutos"},"schema":{"@context":"https:\/\/schema.org","@graph":[{"@type":"Article","@id":"https:\/\/www.federassantas.org.br\/novosite\/minas-gerais-tera-reforco-para-reduzir-filas-de-cirurgias\/#article","isPartOf":{"@id":"https:\/\/www.federassantas.org.br\/novosite\/minas-gerais-tera-reforco-para-reduzir-filas-de-cirurgias\/"},"author":{"name":"admin-federas","@id":"https:\/\/www.federassantas.org.br\/novosite\/#\/schema\/person\/75fed98158349313fe56175f232f513c"},"headline":"Minas Gerais ter\u00e1 refor\u00e7o para reduzir filas de cirurgias","datePublished":"2018-10-26T19:55:39+00:00","mainEntityOfPage":{"@id":"https:\/\/www.federassantas.org.br\/novosite\/minas-gerais-tera-reforco-para-reduzir-filas-de-cirurgias\/"},"wordCount":468,"commentCount":0,"publisher":{"@id":"https:\/\/www.federassantas.org.br\/novosite\/#organization"},"image":{"@id":"https:\/\/www.federassantas.org.br\/novosite\/minas-gerais-tera-reforco-para-reduzir-filas-de-cirurgias\/#primaryimage"},"thumbnailUrl":"","articleSection":["Not\u00edcias"],"inLanguage":"pt-BR","potentialAction":[{"@type":"CommentAction","name":"Comment","target":["https:\/\/www.federassantas.org.br\/novosite\/minas-gerais-tera-reforco-para-reduzir-filas-de-cirurgias\/#respond"]}]},{"@type":"WebPage","@id":"https:\/\/www.federassantas.org.br\/novosite\/minas-gerais-tera-reforco-para-reduzir-filas-de-cirurgias\/","url":"https:\/\/www.federassantas.org.br\/novosite\/minas-gerais-tera-reforco-para-reduzir-filas-de-cirurgias\/","name":"Minas Gerais ter\u00e1 refor\u00e7o para reduzir filas de cirurgias - Federassantas","isPartOf":{"@id":"https:\/\/www.federassantas.org.br\/novosite\/#website"},"primaryImageOfPage":{"@id":"https:\/\/www.federassantas.org.br\/novosite\/minas-gerais-tera-reforco-para-reduzir-filas-de-cirurgias\/#primaryimage"},"image":{"@id":"https:\/\/www.federassantas.org.br\/novosite\/minas-gerais-tera-reforco-para-reduzir-filas-de-cirurgias\/#primaryimage"},"thumbnailUrl":"","datePublished":"2018-10-26T19:55:39+00:00","breadcrumb":{"@id":"https:\/\/www.federassantas.org.br\/novosite\/minas-gerais-tera-reforco-para-reduzir-filas-de-cirurgias\/#breadcrumb"},"inLanguage":"pt-BR","potentialAction":[{"@type":"ReadAction","target":["https:\/\/www.federassantas.org.br\/novosite\/minas-gerais-tera-reforco-para-reduzir-filas-de-cirurgias\/"]}]},{"@type":"ImageObject","inLanguage":"pt-BR","@id":"https:\/\/www.federassantas.org.br\/novosite\/minas-gerais-tera-reforco-para-reduzir-filas-de-cirurgias\/#primaryimage","url":"","contentUrl":""},{"@type":"BreadcrumbList","@id":"https:\/\/www.federassantas.org.br\/novosite\/minas-gerais-tera-reforco-para-reduzir-filas-de-cirurgias\/#breadcrumb","itemListElement":[{"@type":"ListItem","position":1,"name":"In\u00edcio","item":"https:\/\/www.federassantas.org.br\/novosite\/"},{"@type":"ListItem","position":2,"name":"Minas Gerais ter\u00e1 refor\u00e7o para reduzir filas de cirurgias"}]},{"@type":"WebSite","@id":"https:\/\/www.federassantas.org.br\/novosite\/#website","url":"https:\/\/www.federassantas.org.br\/novosite\/","name":"Federassantas","description":"Fed. das Santas Casas e Hospitais Filantr\u00f3picos de MG","publisher":{"@id":"https:\/\/www.federassantas.org.br\/novosite\/#organization"},"potentialAction":[{"@type":"SearchAction","target":{"@type":"EntryPoint","urlTemplate":"https:\/\/www.federassantas.org.br\/novosite\/?s={search_term_string}"},"query-input":{"@type":"PropertyValueSpecification","valueRequired":true,"valueName":"search_term_string"}}],"inLanguage":"pt-BR"},{"@type":"Organization","@id":"https:\/\/www.federassantas.org.br\/novosite\/#organization","name":"Federassantas","url":"https:\/\/www.federassantas.org.br\/novosite\/","logo":{"@type":"ImageObject","inLanguage":"pt-BR","@id":"https:\/\/www.federassantas.org.br\/novosite\/#\/schema\/logo\/image\/","url":"https:\/\/www.federassantas.org.br\/novosite\/wp-content\/uploads\/2021\/12\/logo.png","contentUrl":"https:\/\/www.federassantas.org.br\/novosite\/wp-content\/uploads\/2021\/12\/logo.png","width":243,"height":59,"caption":"Federassantas"},"image":{"@id":"https:\/\/www.federassantas.org.br\/novosite\/#\/schema\/logo\/image\/"}},{"@type":"Person","@id":"https:\/\/www.federassantas.org.br\/novosite\/#\/schema\/person\/75fed98158349313fe56175f232f513c","name":"admin-federas","image":{"@type":"ImageObject","inLanguage":"pt-BR","@id":"https:\/\/www.federassantas.org.br\/novosite\/#\/schema\/person\/image\/","url":"https:\/\/secure.gravatar.com\/avatar\/2a02d7dda59fe8dc6b7ffd3f652e2efede5ccf0dd89dfdc8137c5517f3de8407?s=96&d=mm&r=g","contentUrl":"https:\/\/secure.gravatar.com\/avatar\/2a02d7dda59fe8dc6b7ffd3f652e2efede5ccf0dd89dfdc8137c5517f3de8407?s=96&d=mm&r=g","caption":"admin-federas"},"sameAs":["https:\/\/www.federassantas.org.br\/novosite\/"],"url":"https:\/\/www.federassantas.org.br\/novosite\/author\/admin-federas\/"}]}},"_links":{"self":[{"href":"https:\/\/www.federassantas.org.br\/novosite\/wp-json\/wp\/v2\/posts\/14655","targetHints":{"allow":["GET"]}}],"collection":[{"href":"https:\/\/www.federassantas.org.br\/novosite\/wp-json\/wp\/v2\/posts"}],"about":[{"href":"https:\/\/www.federassantas.org.br\/novosite\/wp-json\/wp\/v2\/types\/post"}],"author":[{"embeddable":true,"href":"https:\/\/www.federassantas.org.br\/novosite\/wp-json\/wp\/v2\/users\/1"}],"replies":[{"embeddable":true,"href":"https:\/\/www.federassantas.org.br\/novosite\/wp-json\/wp\/v2\/comments?post=14655"}],"version-history":[{"count":0,"href":"https:\/\/www.federassantas.org.br\/novosite\/wp-json\/wp\/v2\/posts\/14655\/revisions"}],"wp:featuredmedia":[{"embeddable":true,"href":"https:\/\/www.federassantas.org.br\/novosite\/wp-json\/"}],"wp:attachment":[{"href":"https:\/\/www.federassantas.org.br\/novosite\/wp-json\/wp\/v2\/media?parent=14655"}],"wp:term":[{"taxonomy":"category","embeddable":true,"href":"https:\/\/www.federassantas.org.br\/novosite\/wp-json\/wp\/v2\/categories?post=14655"},{"taxonomy":"post_tag","embeddable":true,"href":"https:\/\/www.federassantas.org.br\/novosite\/wp-json\/wp\/v2\/tags?post=14655"}],"curies":[{"name":"wp","href":"https:\/\/api.w.org\/{rel}","templated":true}]}}