{"id":14662,"date":"2018-10-29T13:03:56","date_gmt":"2018-10-29T15:03:56","guid":{"rendered":"https:\/\/federasbackup.meltcomunicacao.com.br\/?p=14662"},"modified":"2018-10-29T13:03:56","modified_gmt":"2018-10-29T15:03:56","slug":"conheca-as-propostas-de-romeu-zema-governador-eleito-em-minas-para-a-saude","status":"publish","type":"post","link":"https:\/\/www.federassantas.org.br\/novosite\/conheca-as-propostas-de-romeu-zema-governador-eleito-em-minas-para-a-saude\/","title":{"rendered":"Conhe\u00e7a as propostas de Romeu Zema, Governador eleito em Minas, para a Sa\u00fade"},"content":{"rendered":"<p style=\"text-align: justify;\">Romeu Zema foi eleito ontem (28\/10) como o novo Governador de Minas Gerais. Zema venceu com 71,80% dos votos v\u00e1lidos, totalizando 6.963.806 de votos. O governador derrotou o candidato Antonio Anastasia, que ficou com 28,20% dos votos.<\/p>\n<p style=\"text-align: justify;\">Empres\u00e1rio do setor varejista, Zema vai ocupar pela primeira vez um cargo p\u00fablico. Ele afirma ter conhecimento da grave crise financeira no estado, um desafio para sua gest\u00e3o. Em seu plano de governo, Zema destaca que, no contexto da sa\u00fade, o Governo de Minas apresenta uma d\u00edvida bilion\u00e1ria com os munic\u00edpios por conta de repasses n\u00e3o feitos, e cita que os hospitais filantr\u00f3picos est\u00e3o amea\u00e7ados por falta de pagamento por servi\u00e7os prestados, al\u00e9m do constante atraso dos sal\u00e1rios dos servidores.<\/p>\n<p style=\"text-align: justify;\">No \u00e2mbito da sa\u00fade, o governador destaca que o problema n\u00e3o \u00e9 a insufici\u00eancia de recursos, mas sim como eles s\u00e3o alocados. Durante sua campanha, Zema prop\u00f4s fazer parcerias com o setor privado para complementar o atendimento do SUS; realizar coparticipa\u00e7\u00f5es com organiza\u00e7\u00f5es sociais e filantr\u00f3picas para concluir e administrar hospitais regionais em obra; e investir em pol\u00edticas de sa\u00fade b\u00e1sica, atrav\u00e9s do programa \u201cM\u00e9dico da Fam\u00edlia\u201d.<\/p>\n<p style=\"text-align: justify;\">Confira no plano de governo de Romeu Zema, \u00a0todas as propostas para a sa\u00fade em Minas:<br \/>\n<a href=\"http:\/\/federasbackup.meltcomunicacao.com.br\/wp-content\/uploads\/2018\/10\/Plano-de-Governo-Romeu-Zema-Sa\u00fade.pdf\">Plano de Governo Romeu Zema &#8211; Sa\u00fade<\/a><\/p>\n<p style=\"text-align: justify;\">\n<img fetchpriority=\"high\" decoding=\"async\" class=\"alignnone  wp-image-14665\" src=\"http:\/\/federasbackup.meltcomunicacao.com.br\/wp-content\/uploads\/2018\/10\/zema2-300x151.jpeg\" alt=\"\" width=\"437\" height=\"220\" \/><\/p>\n","protected":false},"excerpt":{"rendered":"<p>Romeu Zema foi eleito ontem (28\/10) como o novo Governador de Minas Gerais. Zema venceu com 71,80% dos votos v\u00e1lidos, totalizando 6.963.806 de votos. O governador derrotou o candidato Antonio Anastasia, que ficou com 28,20% dos votos. Empres\u00e1rio do setor varejista, Zema vai ocupar pela primeira vez um cargo p\u00fablico. Ele afirma ter conhecimento da [&hellip;]<\/p>\n","protected":false},"author":1,"featured_media":14664,"comment_status":"open","ping_status":"open","sticky":false,"template":"","format":"standard","meta":{"footnotes":""},"categories":[140],"tags":[],"class_list":["post-14662","post","type-post","status-publish","format-standard","has-post-thumbnail","hentry","category-noticias"],"yoast_head":"<!-- This site is optimized with the Yoast SEO plugin v26.9 - https:\/\/yoast.com\/product\/yoast-seo-wordpress\/ -->\n<title>Conhe\u00e7a as propostas de Romeu Zema, Governador eleito em Minas, para a Sa\u00fade - Federassantas<\/title>\n<meta name=\"robots\" content=\"index, follow, max-snippet:-1, max-image-preview:large, max-video-preview:-1\" \/>\n<link rel=\"canonical\" href=\"https:\/\/www.federassantas.org.br\/novosite\/conheca-as-propostas-de-romeu-zema-governador-eleito-em-minas-para-a-saude\/\" \/>\n<meta property=\"og:locale\" content=\"pt_BR\" \/>\n<meta property=\"og:type\" content=\"article\" \/>\n<meta property=\"og:title\" content=\"Conhe\u00e7a as propostas de Romeu Zema, Governador eleito em Minas, para a Sa\u00fade - Federassantas\" \/>\n<meta property=\"og:description\" content=\"Romeu Zema foi eleito ontem (28\/10) como o novo Governador de Minas Gerais. Zema venceu com 71,80% dos votos v\u00e1lidos, totalizando 6.963.806 de votos. O governador derrotou o candidato Antonio Anastasia, que ficou com 28,20% dos votos. Empres\u00e1rio do setor varejista, Zema vai ocupar pela primeira vez um cargo p\u00fablico. Ele afirma ter conhecimento da [&hellip;]\" \/>\n<meta property=\"og:url\" content=\"https:\/\/www.federassantas.org.br\/novosite\/conheca-as-propostas-de-romeu-zema-governador-eleito-em-minas-para-a-saude\/\" \/>\n<meta property=\"og:site_name\" content=\"Federassantas\" \/>\n<meta property=\"article:published_time\" content=\"2018-10-29T15:03:56+00:00\" \/>\n<meta name=\"author\" content=\"admin-federas\" \/>\n<meta name=\"twitter:card\" content=\"summary_large_image\" \/>\n<meta name=\"twitter:label1\" content=\"Escrito por\" \/>\n\t<meta name=\"twitter:data1\" content=\"admin-federas\" \/>\n\t<meta name=\"twitter:label2\" content=\"Est. tempo de leitura\" \/>\n\t<meta name=\"twitter:data2\" content=\"1 minuto\" \/>\n<script type=\"application\/ld+json\" class=\"yoast-schema-graph\">{\"@context\":\"https:\/\/schema.org\",\"@graph\":[{\"@type\":\"Article\",\"@id\":\"https:\/\/www.federassantas.org.br\/novosite\/conheca-as-propostas-de-romeu-zema-governador-eleito-em-minas-para-a-saude\/#article\",\"isPartOf\":{\"@id\":\"https:\/\/www.federassantas.org.br\/novosite\/conheca-as-propostas-de-romeu-zema-governador-eleito-em-minas-para-a-saude\/\"},\"author\":{\"name\":\"admin-federas\",\"@id\":\"https:\/\/www.federassantas.org.br\/novosite\/#\/schema\/person\/75fed98158349313fe56175f232f513c\"},\"headline\":\"Conhe\u00e7a as propostas de Romeu Zema, Governador eleito em Minas, para a Sa\u00fade\",\"datePublished\":\"2018-10-29T15:03:56+00:00\",\"mainEntityOfPage\":{\"@id\":\"https:\/\/www.federassantas.org.br\/novosite\/conheca-as-propostas-de-romeu-zema-governador-eleito-em-minas-para-a-saude\/\"},\"wordCount\":248,\"commentCount\":0,\"publisher\":{\"@id\":\"https:\/\/www.federassantas.org.br\/novosite\/#organization\"},\"image\":{\"@id\":\"https:\/\/www.federassantas.org.br\/novosite\/conheca-as-propostas-de-romeu-zema-governador-eleito-em-minas-para-a-saude\/#primaryimage\"},\"thumbnailUrl\":\"\",\"articleSection\":[\"Not\u00edcias\"],\"inLanguage\":\"pt-BR\",\"potentialAction\":[{\"@type\":\"CommentAction\",\"name\":\"Comment\",\"target\":[\"https:\/\/www.federassantas.org.br\/novosite\/conheca-as-propostas-de-romeu-zema-governador-eleito-em-minas-para-a-saude\/#respond\"]}]},{\"@type\":\"WebPage\",\"@id\":\"https:\/\/www.federassantas.org.br\/novosite\/conheca-as-propostas-de-romeu-zema-governador-eleito-em-minas-para-a-saude\/\",\"url\":\"https:\/\/www.federassantas.org.br\/novosite\/conheca-as-propostas-de-romeu-zema-governador-eleito-em-minas-para-a-saude\/\",\"name\":\"Conhe\u00e7a as propostas de Romeu Zema, Governador eleito em Minas, para a Sa\u00fade - Federassantas\",\"isPartOf\":{\"@id\":\"https:\/\/www.federassantas.org.br\/novosite\/#website\"},\"primaryImageOfPage\":{\"@id\":\"https:\/\/www.federassantas.org.br\/novosite\/conheca-as-propostas-de-romeu-zema-governador-eleito-em-minas-para-a-saude\/#primaryimage\"},\"image\":{\"@id\":\"https:\/\/www.federassantas.org.br\/novosite\/conheca-as-propostas-de-romeu-zema-governador-eleito-em-minas-para-a-saude\/#primaryimage\"},\"thumbnailUrl\":\"\",\"datePublished\":\"2018-10-29T15:03:56+00:00\",\"breadcrumb\":{\"@id\":\"https:\/\/www.federassantas.org.br\/novosite\/conheca-as-propostas-de-romeu-zema-governador-eleito-em-minas-para-a-saude\/#breadcrumb\"},\"inLanguage\":\"pt-BR\",\"potentialAction\":[{\"@type\":\"ReadAction\",\"target\":[\"https:\/\/www.federassantas.org.br\/novosite\/conheca-as-propostas-de-romeu-zema-governador-eleito-em-minas-para-a-saude\/\"]}]},{\"@type\":\"ImageObject\",\"inLanguage\":\"pt-BR\",\"@id\":\"https:\/\/www.federassantas.org.br\/novosite\/conheca-as-propostas-de-romeu-zema-governador-eleito-em-minas-para-a-saude\/#primaryimage\",\"url\":\"\",\"contentUrl\":\"\"},{\"@type\":\"BreadcrumbList\",\"@id\":\"https:\/\/www.federassantas.org.br\/novosite\/conheca-as-propostas-de-romeu-zema-governador-eleito-em-minas-para-a-saude\/#breadcrumb\",\"itemListElement\":[{\"@type\":\"ListItem\",\"position\":1,\"name\":\"In\u00edcio\",\"item\":\"https:\/\/www.federassantas.org.br\/novosite\/\"},{\"@type\":\"ListItem\",\"position\":2,\"name\":\"Conhe\u00e7a as propostas de Romeu Zema, Governador eleito em Minas, para a Sa\u00fade\"}]},{\"@type\":\"WebSite\",\"@id\":\"https:\/\/www.federassantas.org.br\/novosite\/#website\",\"url\":\"https:\/\/www.federassantas.org.br\/novosite\/\",\"name\":\"Federassantas\",\"description\":\"Fed. das Santas Casas e Hospitais Filantr\u00f3picos de MG\",\"publisher\":{\"@id\":\"https:\/\/www.federassantas.org.br\/novosite\/#organization\"},\"potentialAction\":[{\"@type\":\"SearchAction\",\"target\":{\"@type\":\"EntryPoint\",\"urlTemplate\":\"https:\/\/www.federassantas.org.br\/novosite\/?s={search_term_string}\"},\"query-input\":{\"@type\":\"PropertyValueSpecification\",\"valueRequired\":true,\"valueName\":\"search_term_string\"}}],\"inLanguage\":\"pt-BR\"},{\"@type\":\"Organization\",\"@id\":\"https:\/\/www.federassantas.org.br\/novosite\/#organization\",\"name\":\"Federassantas\",\"url\":\"https:\/\/www.federassantas.org.br\/novosite\/\",\"logo\":{\"@type\":\"ImageObject\",\"inLanguage\":\"pt-BR\",\"@id\":\"https:\/\/www.federassantas.org.br\/novosite\/#\/schema\/logo\/image\/\",\"url\":\"https:\/\/www.federassantas.org.br\/novosite\/wp-content\/uploads\/2021\/12\/logo.png\",\"contentUrl\":\"https:\/\/www.federassantas.org.br\/novosite\/wp-content\/uploads\/2021\/12\/logo.png\",\"width\":243,\"height\":59,\"caption\":\"Federassantas\"},\"image\":{\"@id\":\"https:\/\/www.federassantas.org.br\/novosite\/#\/schema\/logo\/image\/\"}},{\"@type\":\"Person\",\"@id\":\"https:\/\/www.federassantas.org.br\/novosite\/#\/schema\/person\/75fed98158349313fe56175f232f513c\",\"name\":\"admin-federas\",\"image\":{\"@type\":\"ImageObject\",\"inLanguage\":\"pt-BR\",\"@id\":\"https:\/\/www.federassantas.org.br\/novosite\/#\/schema\/person\/image\/\",\"url\":\"https:\/\/secure.gravatar.com\/avatar\/2a02d7dda59fe8dc6b7ffd3f652e2efede5ccf0dd89dfdc8137c5517f3de8407?s=96&d=mm&r=g\",\"contentUrl\":\"https:\/\/secure.gravatar.com\/avatar\/2a02d7dda59fe8dc6b7ffd3f652e2efede5ccf0dd89dfdc8137c5517f3de8407?s=96&d=mm&r=g\",\"caption\":\"admin-federas\"},\"sameAs\":[\"https:\/\/www.federassantas.org.br\/novosite\/\"],\"url\":\"https:\/\/www.federassantas.org.br\/novosite\/author\/admin-federas\/\"}]}<\/script>\n<!-- \/ Yoast SEO plugin. -->","yoast_head_json":{"title":"Conhe\u00e7a as propostas de Romeu Zema, Governador eleito em Minas, para a Sa\u00fade - Federassantas","robots":{"index":"index","follow":"follow","max-snippet":"max-snippet:-1","max-image-preview":"max-image-preview:large","max-video-preview":"max-video-preview:-1"},"canonical":"https:\/\/www.federassantas.org.br\/novosite\/conheca-as-propostas-de-romeu-zema-governador-eleito-em-minas-para-a-saude\/","og_locale":"pt_BR","og_type":"article","og_title":"Conhe\u00e7a as propostas de Romeu Zema, Governador eleito em Minas, para a Sa\u00fade - Federassantas","og_description":"Romeu Zema foi eleito ontem (28\/10) como o novo Governador de Minas Gerais. Zema venceu com 71,80% dos votos v\u00e1lidos, totalizando 6.963.806 de votos. O governador derrotou o candidato Antonio Anastasia, que ficou com 28,20% dos votos. Empres\u00e1rio do setor varejista, Zema vai ocupar pela primeira vez um cargo p\u00fablico. Ele afirma ter conhecimento da [&hellip;]","og_url":"https:\/\/www.federassantas.org.br\/novosite\/conheca-as-propostas-de-romeu-zema-governador-eleito-em-minas-para-a-saude\/","og_site_name":"Federassantas","article_published_time":"2018-10-29T15:03:56+00:00","author":"admin-federas","twitter_card":"summary_large_image","twitter_misc":{"Escrito por":"admin-federas","Est. tempo de leitura":"1 minuto"},"schema":{"@context":"https:\/\/schema.org","@graph":[{"@type":"Article","@id":"https:\/\/www.federassantas.org.br\/novosite\/conheca-as-propostas-de-romeu-zema-governador-eleito-em-minas-para-a-saude\/#article","isPartOf":{"@id":"https:\/\/www.federassantas.org.br\/novosite\/conheca-as-propostas-de-romeu-zema-governador-eleito-em-minas-para-a-saude\/"},"author":{"name":"admin-federas","@id":"https:\/\/www.federassantas.org.br\/novosite\/#\/schema\/person\/75fed98158349313fe56175f232f513c"},"headline":"Conhe\u00e7a as propostas de Romeu Zema, Governador eleito em Minas, para a Sa\u00fade","datePublished":"2018-10-29T15:03:56+00:00","mainEntityOfPage":{"@id":"https:\/\/www.federassantas.org.br\/novosite\/conheca-as-propostas-de-romeu-zema-governador-eleito-em-minas-para-a-saude\/"},"wordCount":248,"commentCount":0,"publisher":{"@id":"https:\/\/www.federassantas.org.br\/novosite\/#organization"},"image":{"@id":"https:\/\/www.federassantas.org.br\/novosite\/conheca-as-propostas-de-romeu-zema-governador-eleito-em-minas-para-a-saude\/#primaryimage"},"thumbnailUrl":"","articleSection":["Not\u00edcias"],"inLanguage":"pt-BR","potentialAction":[{"@type":"CommentAction","name":"Comment","target":["https:\/\/www.federassantas.org.br\/novosite\/conheca-as-propostas-de-romeu-zema-governador-eleito-em-minas-para-a-saude\/#respond"]}]},{"@type":"WebPage","@id":"https:\/\/www.federassantas.org.br\/novosite\/conheca-as-propostas-de-romeu-zema-governador-eleito-em-minas-para-a-saude\/","url":"https:\/\/www.federassantas.org.br\/novosite\/conheca-as-propostas-de-romeu-zema-governador-eleito-em-minas-para-a-saude\/","name":"Conhe\u00e7a as propostas de Romeu Zema, Governador eleito em Minas, para a Sa\u00fade - Federassantas","isPartOf":{"@id":"https:\/\/www.federassantas.org.br\/novosite\/#website"},"primaryImageOfPage":{"@id":"https:\/\/www.federassantas.org.br\/novosite\/conheca-as-propostas-de-romeu-zema-governador-eleito-em-minas-para-a-saude\/#primaryimage"},"image":{"@id":"https:\/\/www.federassantas.org.br\/novosite\/conheca-as-propostas-de-romeu-zema-governador-eleito-em-minas-para-a-saude\/#primaryimage"},"thumbnailUrl":"","datePublished":"2018-10-29T15:03:56+00:00","breadcrumb":{"@id":"https:\/\/www.federassantas.org.br\/novosite\/conheca-as-propostas-de-romeu-zema-governador-eleito-em-minas-para-a-saude\/#breadcrumb"},"inLanguage":"pt-BR","potentialAction":[{"@type":"ReadAction","target":["https:\/\/www.federassantas.org.br\/novosite\/conheca-as-propostas-de-romeu-zema-governador-eleito-em-minas-para-a-saude\/"]}]},{"@type":"ImageObject","inLanguage":"pt-BR","@id":"https:\/\/www.federassantas.org.br\/novosite\/conheca-as-propostas-de-romeu-zema-governador-eleito-em-minas-para-a-saude\/#primaryimage","url":"","contentUrl":""},{"@type":"BreadcrumbList","@id":"https:\/\/www.federassantas.org.br\/novosite\/conheca-as-propostas-de-romeu-zema-governador-eleito-em-minas-para-a-saude\/#breadcrumb","itemListElement":[{"@type":"ListItem","position":1,"name":"In\u00edcio","item":"https:\/\/www.federassantas.org.br\/novosite\/"},{"@type":"ListItem","position":2,"name":"Conhe\u00e7a as propostas de Romeu Zema, Governador eleito em Minas, para a Sa\u00fade"}]},{"@type":"WebSite","@id":"https:\/\/www.federassantas.org.br\/novosite\/#website","url":"https:\/\/www.federassantas.org.br\/novosite\/","name":"Federassantas","description":"Fed. das Santas Casas e Hospitais Filantr\u00f3picos de MG","publisher":{"@id":"https:\/\/www.federassantas.org.br\/novosite\/#organization"},"potentialAction":[{"@type":"SearchAction","target":{"@type":"EntryPoint","urlTemplate":"https:\/\/www.federassantas.org.br\/novosite\/?s={search_term_string}"},"query-input":{"@type":"PropertyValueSpecification","valueRequired":true,"valueName":"search_term_string"}}],"inLanguage":"pt-BR"},{"@type":"Organization","@id":"https:\/\/www.federassantas.org.br\/novosite\/#organization","name":"Federassantas","url":"https:\/\/www.federassantas.org.br\/novosite\/","logo":{"@type":"ImageObject","inLanguage":"pt-BR","@id":"https:\/\/www.federassantas.org.br\/novosite\/#\/schema\/logo\/image\/","url":"https:\/\/www.federassantas.org.br\/novosite\/wp-content\/uploads\/2021\/12\/logo.png","contentUrl":"https:\/\/www.federassantas.org.br\/novosite\/wp-content\/uploads\/2021\/12\/logo.png","width":243,"height":59,"caption":"Federassantas"},"image":{"@id":"https:\/\/www.federassantas.org.br\/novosite\/#\/schema\/logo\/image\/"}},{"@type":"Person","@id":"https:\/\/www.federassantas.org.br\/novosite\/#\/schema\/person\/75fed98158349313fe56175f232f513c","name":"admin-federas","image":{"@type":"ImageObject","inLanguage":"pt-BR","@id":"https:\/\/www.federassantas.org.br\/novosite\/#\/schema\/person\/image\/","url":"https:\/\/secure.gravatar.com\/avatar\/2a02d7dda59fe8dc6b7ffd3f652e2efede5ccf0dd89dfdc8137c5517f3de8407?s=96&d=mm&r=g","contentUrl":"https:\/\/secure.gravatar.com\/avatar\/2a02d7dda59fe8dc6b7ffd3f652e2efede5ccf0dd89dfdc8137c5517f3de8407?s=96&d=mm&r=g","caption":"admin-federas"},"sameAs":["https:\/\/www.federassantas.org.br\/novosite\/"],"url":"https:\/\/www.federassantas.org.br\/novosite\/author\/admin-federas\/"}]}},"_links":{"self":[{"href":"https:\/\/www.federassantas.org.br\/novosite\/wp-json\/wp\/v2\/posts\/14662","targetHints":{"allow":["GET"]}}],"collection":[{"href":"https:\/\/www.federassantas.org.br\/novosite\/wp-json\/wp\/v2\/posts"}],"about":[{"href":"https:\/\/www.federassantas.org.br\/novosite\/wp-json\/wp\/v2\/types\/post"}],"author":[{"embeddable":true,"href":"https:\/\/www.federassantas.org.br\/novosite\/wp-json\/wp\/v2\/users\/1"}],"replies":[{"embeddable":true,"href":"https:\/\/www.federassantas.org.br\/novosite\/wp-json\/wp\/v2\/comments?post=14662"}],"version-history":[{"count":0,"href":"https:\/\/www.federassantas.org.br\/novosite\/wp-json\/wp\/v2\/posts\/14662\/revisions"}],"wp:featuredmedia":[{"embeddable":true,"href":"https:\/\/www.federassantas.org.br\/novosite\/wp-json\/"}],"wp:attachment":[{"href":"https:\/\/www.federassantas.org.br\/novosite\/wp-json\/wp\/v2\/media?parent=14662"}],"wp:term":[{"taxonomy":"category","embeddable":true,"href":"https:\/\/www.federassantas.org.br\/novosite\/wp-json\/wp\/v2\/categories?post=14662"},{"taxonomy":"post_tag","embeddable":true,"href":"https:\/\/www.federassantas.org.br\/novosite\/wp-json\/wp\/v2\/tags?post=14662"}],"curies":[{"name":"wp","href":"https:\/\/api.w.org\/{rel}","templated":true}]}}