{"id":14670,"date":"2018-10-29T16:08:48","date_gmt":"2018-10-29T18:08:48","guid":{"rendered":"https:\/\/federasbackup.meltcomunicacao.com.br\/?p=14670"},"modified":"2018-10-29T16:08:48","modified_gmt":"2018-10-29T18:08:48","slug":"internacoes-por-avc-entre-criancas-e-adolescentes-crescem-84-em-minas","status":"publish","type":"post","link":"https:\/\/www.federassantas.org.br\/novosite\/internacoes-por-avc-entre-criancas-e-adolescentes-crescem-84-em-minas\/","title":{"rendered":"Interna\u00e7\u00f5es por AVC entre crian\u00e7as e adolescentes crescem 84% em Minas"},"content":{"rendered":"<p style=\"text-align: justify;\">O derrame n\u00e3o \u00e9 doen\u00e7a exclusiva de adultos. Mesmo em menor propor\u00e7\u00e3o, crian\u00e7as tamb\u00e9m s\u00e3o v\u00edtimas do Acidente Vascular Cerebral (AVC). Dados da Secretaria de Estado de Sa\u00fade (SES) apontam crescimento de 84% nas interna\u00e7\u00f5es dos menores de 14 anos em Minas, de 2016 a 2018. At\u00e9 setembro, 35 casos foram registrados, contra 19 h\u00e1 dois anos. Acompanhamento m\u00e9dico desde o nascimento \u00e9 a recomenda\u00e7\u00e3o de especialistas para descobrir a tempo a enfermidade.<\/p>\n<p style=\"text-align: justify;\">Dores de cabe\u00e7a intensas, dorm\u00eancia em partes do corpo e altera\u00e7\u00f5es de fala e humor, por exemplo, s\u00e3o sinais de que algo est\u00e1 errado, alertam os profissionais da sa\u00fade. A aten\u00e7\u00e3o aos sintomas \u00e9 refor\u00e7ada com o Dia Mundial de Combate ao AVC, celebrado na pr\u00f3xima segunda-feira.<\/p>\n<p style=\"text-align: justify;\">\u201cA crian\u00e7a pode ter a patologia durante a gesta\u00e7\u00e3o, por problema de coagula\u00e7\u00e3o sangu\u00ednea da m\u00e3e, mas tamb\u00e9m em toda a inf\u00e2ncia e adolesc\u00eancia, originando-se a partir de uma doen\u00e7a secund\u00e1ria\u201d, explica a neuropediatra Liubiana Arantes de Ara\u00fajo, professora do Departamento de Pediatria da UFMG.<\/p>\n<p style=\"text-align: justify;\">Saiba mais em:\u00a0<a href=\"https:\/\/www.hojeemdia.com.br\/horizontes\/interna%C3%A7%C3%B5es-por-avc-entre-crian%C3%A7as-e-adolescentes-crescem-84-em-minas-1.666502\">https:\/\/www.hojeemdia.com.br\/horizontes\/interna%C3%A7%C3%B5es-por-avc-entre-crian%C3%A7as-e-adolescentes-crescem-84-em-minas-1.666502<\/a><\/p>\n<p style=\"text-align: justify;\">\n<p style=\"text-align: justify;\"><em>Fonte: Portal Hoje em Dia\u00a0<\/em><\/p>\n","protected":false},"excerpt":{"rendered":"<p>O derrame n\u00e3o \u00e9 doen\u00e7a exclusiva de adultos. Mesmo em menor propor\u00e7\u00e3o, crian\u00e7as tamb\u00e9m s\u00e3o v\u00edtimas do Acidente Vascular Cerebral (AVC). Dados da Secretaria de Estado de Sa\u00fade (SES) apontam crescimento de 84% nas interna\u00e7\u00f5es dos menores de 14 anos em Minas, de 2016 a 2018. At\u00e9 setembro, 35 casos foram registrados, contra 19 h\u00e1 [&hellip;]<\/p>\n","protected":false},"author":1,"featured_media":14671,"comment_status":"open","ping_status":"open","sticky":false,"template":"","format":"standard","meta":{"footnotes":""},"categories":[140],"tags":[],"class_list":["post-14670","post","type-post","status-publish","format-standard","has-post-thumbnail","hentry","category-noticias"],"yoast_head":"<!-- This site is optimized with the Yoast SEO plugin v26.9 - https:\/\/yoast.com\/product\/yoast-seo-wordpress\/ -->\n<title>Interna\u00e7\u00f5es por AVC entre crian\u00e7as e adolescentes crescem 84% em Minas - Federassantas<\/title>\n<meta name=\"robots\" content=\"index, follow, max-snippet:-1, max-image-preview:large, max-video-preview:-1\" \/>\n<link rel=\"canonical\" href=\"https:\/\/www.federassantas.org.br\/novosite\/internacoes-por-avc-entre-criancas-e-adolescentes-crescem-84-em-minas\/\" \/>\n<meta property=\"og:locale\" content=\"pt_BR\" \/>\n<meta property=\"og:type\" content=\"article\" \/>\n<meta property=\"og:title\" content=\"Interna\u00e7\u00f5es por AVC entre crian\u00e7as e adolescentes crescem 84% em Minas - Federassantas\" \/>\n<meta property=\"og:description\" content=\"O derrame n\u00e3o \u00e9 doen\u00e7a exclusiva de adultos. Mesmo em menor propor\u00e7\u00e3o, crian\u00e7as tamb\u00e9m s\u00e3o v\u00edtimas do Acidente Vascular Cerebral (AVC). Dados da Secretaria de Estado de Sa\u00fade (SES) apontam crescimento de 84% nas interna\u00e7\u00f5es dos menores de 14 anos em Minas, de 2016 a 2018. At\u00e9 setembro, 35 casos foram registrados, contra 19 h\u00e1 [&hellip;]\" \/>\n<meta property=\"og:url\" content=\"https:\/\/www.federassantas.org.br\/novosite\/internacoes-por-avc-entre-criancas-e-adolescentes-crescem-84-em-minas\/\" \/>\n<meta property=\"og:site_name\" content=\"Federassantas\" \/>\n<meta property=\"article:published_time\" content=\"2018-10-29T18:08:48+00:00\" \/>\n<meta name=\"author\" content=\"admin-federas\" \/>\n<meta name=\"twitter:card\" content=\"summary_large_image\" \/>\n<meta name=\"twitter:label1\" content=\"Escrito por\" \/>\n\t<meta name=\"twitter:data1\" content=\"admin-federas\" \/>\n\t<meta name=\"twitter:label2\" content=\"Est. tempo de leitura\" \/>\n\t<meta name=\"twitter:data2\" content=\"1 minuto\" \/>\n<script type=\"application\/ld+json\" class=\"yoast-schema-graph\">{\"@context\":\"https:\/\/schema.org\",\"@graph\":[{\"@type\":\"Article\",\"@id\":\"https:\/\/www.federassantas.org.br\/novosite\/internacoes-por-avc-entre-criancas-e-adolescentes-crescem-84-em-minas\/#article\",\"isPartOf\":{\"@id\":\"https:\/\/www.federassantas.org.br\/novosite\/internacoes-por-avc-entre-criancas-e-adolescentes-crescem-84-em-minas\/\"},\"author\":{\"name\":\"admin-federas\",\"@id\":\"https:\/\/www.federassantas.org.br\/novosite\/#\/schema\/person\/75fed98158349313fe56175f232f513c\"},\"headline\":\"Interna\u00e7\u00f5es por AVC entre crian\u00e7as e adolescentes crescem 84% em Minas\",\"datePublished\":\"2018-10-29T18:08:48+00:00\",\"mainEntityOfPage\":{\"@id\":\"https:\/\/www.federassantas.org.br\/novosite\/internacoes-por-avc-entre-criancas-e-adolescentes-crescem-84-em-minas\/\"},\"wordCount\":222,\"commentCount\":0,\"publisher\":{\"@id\":\"https:\/\/www.federassantas.org.br\/novosite\/#organization\"},\"image\":{\"@id\":\"https:\/\/www.federassantas.org.br\/novosite\/internacoes-por-avc-entre-criancas-e-adolescentes-crescem-84-em-minas\/#primaryimage\"},\"thumbnailUrl\":\"\",\"articleSection\":[\"Not\u00edcias\"],\"inLanguage\":\"pt-BR\",\"potentialAction\":[{\"@type\":\"CommentAction\",\"name\":\"Comment\",\"target\":[\"https:\/\/www.federassantas.org.br\/novosite\/internacoes-por-avc-entre-criancas-e-adolescentes-crescem-84-em-minas\/#respond\"]}]},{\"@type\":\"WebPage\",\"@id\":\"https:\/\/www.federassantas.org.br\/novosite\/internacoes-por-avc-entre-criancas-e-adolescentes-crescem-84-em-minas\/\",\"url\":\"https:\/\/www.federassantas.org.br\/novosite\/internacoes-por-avc-entre-criancas-e-adolescentes-crescem-84-em-minas\/\",\"name\":\"Interna\u00e7\u00f5es por AVC entre crian\u00e7as e adolescentes crescem 84% em Minas - Federassantas\",\"isPartOf\":{\"@id\":\"https:\/\/www.federassantas.org.br\/novosite\/#website\"},\"primaryImageOfPage\":{\"@id\":\"https:\/\/www.federassantas.org.br\/novosite\/internacoes-por-avc-entre-criancas-e-adolescentes-crescem-84-em-minas\/#primaryimage\"},\"image\":{\"@id\":\"https:\/\/www.federassantas.org.br\/novosite\/internacoes-por-avc-entre-criancas-e-adolescentes-crescem-84-em-minas\/#primaryimage\"},\"thumbnailUrl\":\"\",\"datePublished\":\"2018-10-29T18:08:48+00:00\",\"breadcrumb\":{\"@id\":\"https:\/\/www.federassantas.org.br\/novosite\/internacoes-por-avc-entre-criancas-e-adolescentes-crescem-84-em-minas\/#breadcrumb\"},\"inLanguage\":\"pt-BR\",\"potentialAction\":[{\"@type\":\"ReadAction\",\"target\":[\"https:\/\/www.federassantas.org.br\/novosite\/internacoes-por-avc-entre-criancas-e-adolescentes-crescem-84-em-minas\/\"]}]},{\"@type\":\"ImageObject\",\"inLanguage\":\"pt-BR\",\"@id\":\"https:\/\/www.federassantas.org.br\/novosite\/internacoes-por-avc-entre-criancas-e-adolescentes-crescem-84-em-minas\/#primaryimage\",\"url\":\"\",\"contentUrl\":\"\"},{\"@type\":\"BreadcrumbList\",\"@id\":\"https:\/\/www.federassantas.org.br\/novosite\/internacoes-por-avc-entre-criancas-e-adolescentes-crescem-84-em-minas\/#breadcrumb\",\"itemListElement\":[{\"@type\":\"ListItem\",\"position\":1,\"name\":\"In\u00edcio\",\"item\":\"https:\/\/www.federassantas.org.br\/novosite\/\"},{\"@type\":\"ListItem\",\"position\":2,\"name\":\"Interna\u00e7\u00f5es por AVC entre crian\u00e7as e adolescentes crescem 84% em Minas\"}]},{\"@type\":\"WebSite\",\"@id\":\"https:\/\/www.federassantas.org.br\/novosite\/#website\",\"url\":\"https:\/\/www.federassantas.org.br\/novosite\/\",\"name\":\"Federassantas\",\"description\":\"Fed. das Santas Casas e Hospitais Filantr\u00f3picos de MG\",\"publisher\":{\"@id\":\"https:\/\/www.federassantas.org.br\/novosite\/#organization\"},\"potentialAction\":[{\"@type\":\"SearchAction\",\"target\":{\"@type\":\"EntryPoint\",\"urlTemplate\":\"https:\/\/www.federassantas.org.br\/novosite\/?s={search_term_string}\"},\"query-input\":{\"@type\":\"PropertyValueSpecification\",\"valueRequired\":true,\"valueName\":\"search_term_string\"}}],\"inLanguage\":\"pt-BR\"},{\"@type\":\"Organization\",\"@id\":\"https:\/\/www.federassantas.org.br\/novosite\/#organization\",\"name\":\"Federassantas\",\"url\":\"https:\/\/www.federassantas.org.br\/novosite\/\",\"logo\":{\"@type\":\"ImageObject\",\"inLanguage\":\"pt-BR\",\"@id\":\"https:\/\/www.federassantas.org.br\/novosite\/#\/schema\/logo\/image\/\",\"url\":\"https:\/\/www.federassantas.org.br\/novosite\/wp-content\/uploads\/2021\/12\/logo.png\",\"contentUrl\":\"https:\/\/www.federassantas.org.br\/novosite\/wp-content\/uploads\/2021\/12\/logo.png\",\"width\":243,\"height\":59,\"caption\":\"Federassantas\"},\"image\":{\"@id\":\"https:\/\/www.federassantas.org.br\/novosite\/#\/schema\/logo\/image\/\"}},{\"@type\":\"Person\",\"@id\":\"https:\/\/www.federassantas.org.br\/novosite\/#\/schema\/person\/75fed98158349313fe56175f232f513c\",\"name\":\"admin-federas\",\"image\":{\"@type\":\"ImageObject\",\"inLanguage\":\"pt-BR\",\"@id\":\"https:\/\/www.federassantas.org.br\/novosite\/#\/schema\/person\/image\/\",\"url\":\"https:\/\/secure.gravatar.com\/avatar\/2a02d7dda59fe8dc6b7ffd3f652e2efede5ccf0dd89dfdc8137c5517f3de8407?s=96&d=mm&r=g\",\"contentUrl\":\"https:\/\/secure.gravatar.com\/avatar\/2a02d7dda59fe8dc6b7ffd3f652e2efede5ccf0dd89dfdc8137c5517f3de8407?s=96&d=mm&r=g\",\"caption\":\"admin-federas\"},\"sameAs\":[\"https:\/\/www.federassantas.org.br\/novosite\/\"],\"url\":\"https:\/\/www.federassantas.org.br\/novosite\/author\/admin-federas\/\"}]}<\/script>\n<!-- \/ Yoast SEO plugin. -->","yoast_head_json":{"title":"Interna\u00e7\u00f5es por AVC entre crian\u00e7as e adolescentes crescem 84% em Minas - Federassantas","robots":{"index":"index","follow":"follow","max-snippet":"max-snippet:-1","max-image-preview":"max-image-preview:large","max-video-preview":"max-video-preview:-1"},"canonical":"https:\/\/www.federassantas.org.br\/novosite\/internacoes-por-avc-entre-criancas-e-adolescentes-crescem-84-em-minas\/","og_locale":"pt_BR","og_type":"article","og_title":"Interna\u00e7\u00f5es por AVC entre crian\u00e7as e adolescentes crescem 84% em Minas - Federassantas","og_description":"O derrame n\u00e3o \u00e9 doen\u00e7a exclusiva de adultos. Mesmo em menor propor\u00e7\u00e3o, crian\u00e7as tamb\u00e9m s\u00e3o v\u00edtimas do Acidente Vascular Cerebral (AVC). Dados da Secretaria de Estado de Sa\u00fade (SES) apontam crescimento de 84% nas interna\u00e7\u00f5es dos menores de 14 anos em Minas, de 2016 a 2018. At\u00e9 setembro, 35 casos foram registrados, contra 19 h\u00e1 [&hellip;]","og_url":"https:\/\/www.federassantas.org.br\/novosite\/internacoes-por-avc-entre-criancas-e-adolescentes-crescem-84-em-minas\/","og_site_name":"Federassantas","article_published_time":"2018-10-29T18:08:48+00:00","author":"admin-federas","twitter_card":"summary_large_image","twitter_misc":{"Escrito por":"admin-federas","Est. tempo de leitura":"1 minuto"},"schema":{"@context":"https:\/\/schema.org","@graph":[{"@type":"Article","@id":"https:\/\/www.federassantas.org.br\/novosite\/internacoes-por-avc-entre-criancas-e-adolescentes-crescem-84-em-minas\/#article","isPartOf":{"@id":"https:\/\/www.federassantas.org.br\/novosite\/internacoes-por-avc-entre-criancas-e-adolescentes-crescem-84-em-minas\/"},"author":{"name":"admin-federas","@id":"https:\/\/www.federassantas.org.br\/novosite\/#\/schema\/person\/75fed98158349313fe56175f232f513c"},"headline":"Interna\u00e7\u00f5es por AVC entre crian\u00e7as e adolescentes crescem 84% em Minas","datePublished":"2018-10-29T18:08:48+00:00","mainEntityOfPage":{"@id":"https:\/\/www.federassantas.org.br\/novosite\/internacoes-por-avc-entre-criancas-e-adolescentes-crescem-84-em-minas\/"},"wordCount":222,"commentCount":0,"publisher":{"@id":"https:\/\/www.federassantas.org.br\/novosite\/#organization"},"image":{"@id":"https:\/\/www.federassantas.org.br\/novosite\/internacoes-por-avc-entre-criancas-e-adolescentes-crescem-84-em-minas\/#primaryimage"},"thumbnailUrl":"","articleSection":["Not\u00edcias"],"inLanguage":"pt-BR","potentialAction":[{"@type":"CommentAction","name":"Comment","target":["https:\/\/www.federassantas.org.br\/novosite\/internacoes-por-avc-entre-criancas-e-adolescentes-crescem-84-em-minas\/#respond"]}]},{"@type":"WebPage","@id":"https:\/\/www.federassantas.org.br\/novosite\/internacoes-por-avc-entre-criancas-e-adolescentes-crescem-84-em-minas\/","url":"https:\/\/www.federassantas.org.br\/novosite\/internacoes-por-avc-entre-criancas-e-adolescentes-crescem-84-em-minas\/","name":"Interna\u00e7\u00f5es por AVC entre crian\u00e7as e adolescentes crescem 84% em Minas - Federassantas","isPartOf":{"@id":"https:\/\/www.federassantas.org.br\/novosite\/#website"},"primaryImageOfPage":{"@id":"https:\/\/www.federassantas.org.br\/novosite\/internacoes-por-avc-entre-criancas-e-adolescentes-crescem-84-em-minas\/#primaryimage"},"image":{"@id":"https:\/\/www.federassantas.org.br\/novosite\/internacoes-por-avc-entre-criancas-e-adolescentes-crescem-84-em-minas\/#primaryimage"},"thumbnailUrl":"","datePublished":"2018-10-29T18:08:48+00:00","breadcrumb":{"@id":"https:\/\/www.federassantas.org.br\/novosite\/internacoes-por-avc-entre-criancas-e-adolescentes-crescem-84-em-minas\/#breadcrumb"},"inLanguage":"pt-BR","potentialAction":[{"@type":"ReadAction","target":["https:\/\/www.federassantas.org.br\/novosite\/internacoes-por-avc-entre-criancas-e-adolescentes-crescem-84-em-minas\/"]}]},{"@type":"ImageObject","inLanguage":"pt-BR","@id":"https:\/\/www.federassantas.org.br\/novosite\/internacoes-por-avc-entre-criancas-e-adolescentes-crescem-84-em-minas\/#primaryimage","url":"","contentUrl":""},{"@type":"BreadcrumbList","@id":"https:\/\/www.federassantas.org.br\/novosite\/internacoes-por-avc-entre-criancas-e-adolescentes-crescem-84-em-minas\/#breadcrumb","itemListElement":[{"@type":"ListItem","position":1,"name":"In\u00edcio","item":"https:\/\/www.federassantas.org.br\/novosite\/"},{"@type":"ListItem","position":2,"name":"Interna\u00e7\u00f5es por AVC entre crian\u00e7as e adolescentes crescem 84% em Minas"}]},{"@type":"WebSite","@id":"https:\/\/www.federassantas.org.br\/novosite\/#website","url":"https:\/\/www.federassantas.org.br\/novosite\/","name":"Federassantas","description":"Fed. das Santas Casas e Hospitais Filantr\u00f3picos de MG","publisher":{"@id":"https:\/\/www.federassantas.org.br\/novosite\/#organization"},"potentialAction":[{"@type":"SearchAction","target":{"@type":"EntryPoint","urlTemplate":"https:\/\/www.federassantas.org.br\/novosite\/?s={search_term_string}"},"query-input":{"@type":"PropertyValueSpecification","valueRequired":true,"valueName":"search_term_string"}}],"inLanguage":"pt-BR"},{"@type":"Organization","@id":"https:\/\/www.federassantas.org.br\/novosite\/#organization","name":"Federassantas","url":"https:\/\/www.federassantas.org.br\/novosite\/","logo":{"@type":"ImageObject","inLanguage":"pt-BR","@id":"https:\/\/www.federassantas.org.br\/novosite\/#\/schema\/logo\/image\/","url":"https:\/\/www.federassantas.org.br\/novosite\/wp-content\/uploads\/2021\/12\/logo.png","contentUrl":"https:\/\/www.federassantas.org.br\/novosite\/wp-content\/uploads\/2021\/12\/logo.png","width":243,"height":59,"caption":"Federassantas"},"image":{"@id":"https:\/\/www.federassantas.org.br\/novosite\/#\/schema\/logo\/image\/"}},{"@type":"Person","@id":"https:\/\/www.federassantas.org.br\/novosite\/#\/schema\/person\/75fed98158349313fe56175f232f513c","name":"admin-federas","image":{"@type":"ImageObject","inLanguage":"pt-BR","@id":"https:\/\/www.federassantas.org.br\/novosite\/#\/schema\/person\/image\/","url":"https:\/\/secure.gravatar.com\/avatar\/2a02d7dda59fe8dc6b7ffd3f652e2efede5ccf0dd89dfdc8137c5517f3de8407?s=96&d=mm&r=g","contentUrl":"https:\/\/secure.gravatar.com\/avatar\/2a02d7dda59fe8dc6b7ffd3f652e2efede5ccf0dd89dfdc8137c5517f3de8407?s=96&d=mm&r=g","caption":"admin-federas"},"sameAs":["https:\/\/www.federassantas.org.br\/novosite\/"],"url":"https:\/\/www.federassantas.org.br\/novosite\/author\/admin-federas\/"}]}},"_links":{"self":[{"href":"https:\/\/www.federassantas.org.br\/novosite\/wp-json\/wp\/v2\/posts\/14670","targetHints":{"allow":["GET"]}}],"collection":[{"href":"https:\/\/www.federassantas.org.br\/novosite\/wp-json\/wp\/v2\/posts"}],"about":[{"href":"https:\/\/www.federassantas.org.br\/novosite\/wp-json\/wp\/v2\/types\/post"}],"author":[{"embeddable":true,"href":"https:\/\/www.federassantas.org.br\/novosite\/wp-json\/wp\/v2\/users\/1"}],"replies":[{"embeddable":true,"href":"https:\/\/www.federassantas.org.br\/novosite\/wp-json\/wp\/v2\/comments?post=14670"}],"version-history":[{"count":0,"href":"https:\/\/www.federassantas.org.br\/novosite\/wp-json\/wp\/v2\/posts\/14670\/revisions"}],"wp:featuredmedia":[{"embeddable":true,"href":"https:\/\/www.federassantas.org.br\/novosite\/wp-json\/"}],"wp:attachment":[{"href":"https:\/\/www.federassantas.org.br\/novosite\/wp-json\/wp\/v2\/media?parent=14670"}],"wp:term":[{"taxonomy":"category","embeddable":true,"href":"https:\/\/www.federassantas.org.br\/novosite\/wp-json\/wp\/v2\/categories?post=14670"},{"taxonomy":"post_tag","embeddable":true,"href":"https:\/\/www.federassantas.org.br\/novosite\/wp-json\/wp\/v2\/tags?post=14670"}],"curies":[{"name":"wp","href":"https:\/\/api.w.org\/{rel}","templated":true}]}}