{"id":14674,"date":"2018-10-29T16:19:20","date_gmt":"2018-10-29T19:19:20","guid":{"rendered":"https:\/\/federasbackup.meltcomunicacao.com.br\/?p=14674"},"modified":"2018-10-29T16:19:20","modified_gmt":"2018-10-29T19:19:20","slug":"santa-casa-bh-realiza-seu-primeiro-transplante-osseo","status":"publish","type":"post","link":"https:\/\/www.federassantas.org.br\/novosite\/santa-casa-bh-realiza-seu-primeiro-transplante-osseo\/","title":{"rendered":"Santa Casa BH realiza seu primeiro transplante \u00f3sseo"},"content":{"rendered":"<p style=\"font-weight: 400; text-align: justify;\"><em>Procedimento \u00e9 uma op\u00e7\u00e3o<\/em>\u00a0vi\u00e1vel para pessoas com defeitos \u00f3sseos graves.<\/p>\n<p style=\"font-weight: 400; text-align: justify;\">O Sr. Paulo Afonso, de 82 anos, foi o primeiro paciente a receber transplante de ossos na Santa Casa BH. A cirurgia foi realizada, no dia 23\/10, como uma op\u00e7\u00e3o para a reconstru\u00e7\u00e3o do quadril direito. Para o procedimento, foi encaminhado osso triturado liofilizado pelo Banco de Tecidos Musculoesquel\u00e9ticos do Instituto Nacional de Traumatologia e Ortopedia (Into) do Rio de Janeiro. Apenas a Santa Casa BH e o Hospital S\u00e3o Jos\u00e9 oferecem o procedimento pelo SUS em Minas Gerais. Considerado o maior hospital transplantador do Estado, a SCBH realiza tamb\u00e9m\u00a0transplante\u00a0de c\u00f3rnea, medula \u00f3ssea, rim e f\u00edgado e faz capta\u00e7\u00e3o de m\u00faltiplos \u00f3rg\u00e3os para doa\u00e7\u00e3o.<\/p>\n<p style=\"font-weight: 400; text-align: justify;\">H\u00e1 10 anos,\u00a0o Sr. Paulo Afonso fez a primeira artroplastia de quadril na institui\u00e7\u00e3o. As articula\u00e7\u00f5es foram substitu\u00eddas por componentes artificiais. Esse \u00e9 o 3\u00ba procedimento no mesmo local e, por conta do defeito \u00f3sseo grave, a reconstru\u00e7\u00e3o com o transplante para recomposi\u00e7\u00e3o do estoque \u00f3sseo foi a melhor op\u00e7\u00e3o. De acordo com o ortopedista, Dr. Eliseu F\u00e9lix Pereira Barros, o transplante \u00e9 uma solu\u00e7\u00e3o alternativa vi\u00e1vel para pessoas com defeitos \u00f3sseos graves e o procedimento \u00e9 acess\u00edvel pelo SUS. \u201cA possibilidade de rejei\u00e7\u00e3o entre doador e paciente \u00e9 m\u00ednima. A demanda por esse tipo de cirurgia \u00e9 grande e a nossa expectativa \u00e9 realizar o pr\u00f3ximo ainda em novembro\u201d, revelou.<\/p>\n<p style=\"font-weight: 400; text-align: justify;\">Para o Sr. Paulo Afonso, as expectativas s\u00e3o as melhores: \u201cnunca imaginei que teria que fazer um transplante. Estou animado e confiante. Quero sair do hospital reabilitado e sem dores. Tenho certeza de que minha qualidade de vida vai melhorar\u201d, disse.<\/p>\n<p style=\"font-weight: 400; text-align: justify;\"><strong>Sobre a doa\u00e7\u00e3o de ossos<\/strong><\/p>\n<p style=\"font-weight: 400; text-align: justify;\">O Banco de Tecidos Musculoesquel\u00e9ticos do Into \u00e9\u00a0respons\u00e1vel pela capta\u00e7\u00e3o, processamento e distribui\u00e7\u00e3o de ossos, tend\u00f5es e meniscos para utiliza\u00e7\u00e3o em cirurgias de transplantes na \u00e1rea da ortopedia e odontologia.\u00a0A capta\u00e7\u00e3o do tecido \u00f3sseo \u00e9 realizada ap\u00f3s autoriza\u00e7\u00e3o da fam\u00edlia do doador falecido\u00a0com morte encef\u00e1lica ou card\u00edaca.<\/p>\n<p style=\"font-weight: 400; text-align: justify;\"><em>Fonte: Assessoria de Comunica\u00e7\u00e3o da Santa Casa BH<\/em><\/p>\n","protected":false},"excerpt":{"rendered":"<p>Procedimento \u00e9 uma op\u00e7\u00e3o\u00a0vi\u00e1vel para pessoas com defeitos \u00f3sseos graves. O Sr. Paulo Afonso, de 82 anos, foi o primeiro paciente a receber transplante de ossos na Santa Casa BH. A cirurgia foi realizada, no dia 23\/10, como uma op\u00e7\u00e3o para a reconstru\u00e7\u00e3o do quadril direito. Para o procedimento, foi encaminhado osso triturado liofilizado pelo [&hellip;]<\/p>\n","protected":false},"author":1,"featured_media":14675,"comment_status":"open","ping_status":"open","sticky":false,"template":"","format":"standard","meta":{"footnotes":""},"categories":[140,139],"tags":[],"class_list":["post-14674","post","type-post","status-publish","format-standard","has-post-thumbnail","hentry","category-noticias","category-noticias-filiados"],"yoast_head":"<!-- This site is optimized with the Yoast SEO plugin v26.9 - https:\/\/yoast.com\/product\/yoast-seo-wordpress\/ -->\n<title>Santa Casa BH realiza seu primeiro transplante \u00f3sseo - Federassantas<\/title>\n<meta name=\"robots\" content=\"index, follow, max-snippet:-1, max-image-preview:large, max-video-preview:-1\" \/>\n<link rel=\"canonical\" href=\"https:\/\/www.federassantas.org.br\/novosite\/santa-casa-bh-realiza-seu-primeiro-transplante-osseo\/\" \/>\n<meta property=\"og:locale\" content=\"pt_BR\" \/>\n<meta property=\"og:type\" content=\"article\" \/>\n<meta property=\"og:title\" content=\"Santa Casa BH realiza seu primeiro transplante \u00f3sseo - Federassantas\" \/>\n<meta property=\"og:description\" content=\"Procedimento \u00e9 uma op\u00e7\u00e3o\u00a0vi\u00e1vel para pessoas com defeitos \u00f3sseos graves. O Sr. Paulo Afonso, de 82 anos, foi o primeiro paciente a receber transplante de ossos na Santa Casa BH. A cirurgia foi realizada, no dia 23\/10, como uma op\u00e7\u00e3o para a reconstru\u00e7\u00e3o do quadril direito. Para o procedimento, foi encaminhado osso triturado liofilizado pelo [&hellip;]\" \/>\n<meta property=\"og:url\" content=\"https:\/\/www.federassantas.org.br\/novosite\/santa-casa-bh-realiza-seu-primeiro-transplante-osseo\/\" \/>\n<meta property=\"og:site_name\" content=\"Federassantas\" \/>\n<meta property=\"article:published_time\" content=\"2018-10-29T19:19:20+00:00\" \/>\n<meta property=\"og:image\" content=\"https:\/\/www.federassantas.org.br\/novosite\/wp-content\/uploads\/2018\/10\/Capturar-5.png\" \/>\n\t<meta property=\"og:image:width\" content=\"928\" \/>\n\t<meta property=\"og:image:height\" content=\"540\" \/>\n\t<meta property=\"og:image:type\" content=\"image\/png\" \/>\n<meta name=\"author\" content=\"admin-federas\" \/>\n<meta name=\"twitter:card\" content=\"summary_large_image\" \/>\n<meta name=\"twitter:label1\" content=\"Escrito por\" \/>\n\t<meta name=\"twitter:data1\" content=\"admin-federas\" \/>\n\t<meta name=\"twitter:label2\" content=\"Est. tempo de leitura\" \/>\n\t<meta name=\"twitter:data2\" content=\"2 minutos\" \/>\n<script type=\"application\/ld+json\" class=\"yoast-schema-graph\">{\"@context\":\"https:\/\/schema.org\",\"@graph\":[{\"@type\":\"Article\",\"@id\":\"https:\/\/www.federassantas.org.br\/novosite\/santa-casa-bh-realiza-seu-primeiro-transplante-osseo\/#article\",\"isPartOf\":{\"@id\":\"https:\/\/www.federassantas.org.br\/novosite\/santa-casa-bh-realiza-seu-primeiro-transplante-osseo\/\"},\"author\":{\"name\":\"admin-federas\",\"@id\":\"https:\/\/www.federassantas.org.br\/novosite\/#\/schema\/person\/75fed98158349313fe56175f232f513c\"},\"headline\":\"Santa Casa BH realiza seu primeiro transplante \u00f3sseo\",\"datePublished\":\"2018-10-29T19:19:20+00:00\",\"mainEntityOfPage\":{\"@id\":\"https:\/\/www.federassantas.org.br\/novosite\/santa-casa-bh-realiza-seu-primeiro-transplante-osseo\/\"},\"wordCount\":369,\"commentCount\":0,\"publisher\":{\"@id\":\"https:\/\/www.federassantas.org.br\/novosite\/#organization\"},\"image\":{\"@id\":\"https:\/\/www.federassantas.org.br\/novosite\/santa-casa-bh-realiza-seu-primeiro-transplante-osseo\/#primaryimage\"},\"thumbnailUrl\":\"https:\/\/www.federassantas.org.br\/novosite\/wp-content\/uploads\/2018\/10\/Capturar-5.png\",\"articleSection\":[\"Not\u00edcias\",\"Not\u00edcias filiados\"],\"inLanguage\":\"pt-BR\",\"potentialAction\":[{\"@type\":\"CommentAction\",\"name\":\"Comment\",\"target\":[\"https:\/\/www.federassantas.org.br\/novosite\/santa-casa-bh-realiza-seu-primeiro-transplante-osseo\/#respond\"]}]},{\"@type\":\"WebPage\",\"@id\":\"https:\/\/www.federassantas.org.br\/novosite\/santa-casa-bh-realiza-seu-primeiro-transplante-osseo\/\",\"url\":\"https:\/\/www.federassantas.org.br\/novosite\/santa-casa-bh-realiza-seu-primeiro-transplante-osseo\/\",\"name\":\"Santa Casa BH realiza seu primeiro transplante \u00f3sseo - Federassantas\",\"isPartOf\":{\"@id\":\"https:\/\/www.federassantas.org.br\/novosite\/#website\"},\"primaryImageOfPage\":{\"@id\":\"https:\/\/www.federassantas.org.br\/novosite\/santa-casa-bh-realiza-seu-primeiro-transplante-osseo\/#primaryimage\"},\"image\":{\"@id\":\"https:\/\/www.federassantas.org.br\/novosite\/santa-casa-bh-realiza-seu-primeiro-transplante-osseo\/#primaryimage\"},\"thumbnailUrl\":\"https:\/\/www.federassantas.org.br\/novosite\/wp-content\/uploads\/2018\/10\/Capturar-5.png\",\"datePublished\":\"2018-10-29T19:19:20+00:00\",\"breadcrumb\":{\"@id\":\"https:\/\/www.federassantas.org.br\/novosite\/santa-casa-bh-realiza-seu-primeiro-transplante-osseo\/#breadcrumb\"},\"inLanguage\":\"pt-BR\",\"potentialAction\":[{\"@type\":\"ReadAction\",\"target\":[\"https:\/\/www.federassantas.org.br\/novosite\/santa-casa-bh-realiza-seu-primeiro-transplante-osseo\/\"]}]},{\"@type\":\"ImageObject\",\"inLanguage\":\"pt-BR\",\"@id\":\"https:\/\/www.federassantas.org.br\/novosite\/santa-casa-bh-realiza-seu-primeiro-transplante-osseo\/#primaryimage\",\"url\":\"https:\/\/www.federassantas.org.br\/novosite\/wp-content\/uploads\/2018\/10\/Capturar-5.png\",\"contentUrl\":\"https:\/\/www.federassantas.org.br\/novosite\/wp-content\/uploads\/2018\/10\/Capturar-5.png\",\"width\":928,\"height\":540},{\"@type\":\"BreadcrumbList\",\"@id\":\"https:\/\/www.federassantas.org.br\/novosite\/santa-casa-bh-realiza-seu-primeiro-transplante-osseo\/#breadcrumb\",\"itemListElement\":[{\"@type\":\"ListItem\",\"position\":1,\"name\":\"In\u00edcio\",\"item\":\"https:\/\/www.federassantas.org.br\/novosite\/\"},{\"@type\":\"ListItem\",\"position\":2,\"name\":\"Santa Casa BH realiza seu primeiro transplante \u00f3sseo\"}]},{\"@type\":\"WebSite\",\"@id\":\"https:\/\/www.federassantas.org.br\/novosite\/#website\",\"url\":\"https:\/\/www.federassantas.org.br\/novosite\/\",\"name\":\"Federassantas\",\"description\":\"Fed. das Santas Casas e Hospitais Filantr\u00f3picos de MG\",\"publisher\":{\"@id\":\"https:\/\/www.federassantas.org.br\/novosite\/#organization\"},\"potentialAction\":[{\"@type\":\"SearchAction\",\"target\":{\"@type\":\"EntryPoint\",\"urlTemplate\":\"https:\/\/www.federassantas.org.br\/novosite\/?s={search_term_string}\"},\"query-input\":{\"@type\":\"PropertyValueSpecification\",\"valueRequired\":true,\"valueName\":\"search_term_string\"}}],\"inLanguage\":\"pt-BR\"},{\"@type\":\"Organization\",\"@id\":\"https:\/\/www.federassantas.org.br\/novosite\/#organization\",\"name\":\"Federassantas\",\"url\":\"https:\/\/www.federassantas.org.br\/novosite\/\",\"logo\":{\"@type\":\"ImageObject\",\"inLanguage\":\"pt-BR\",\"@id\":\"https:\/\/www.federassantas.org.br\/novosite\/#\/schema\/logo\/image\/\",\"url\":\"https:\/\/www.federassantas.org.br\/novosite\/wp-content\/uploads\/2021\/12\/logo.png\",\"contentUrl\":\"https:\/\/www.federassantas.org.br\/novosite\/wp-content\/uploads\/2021\/12\/logo.png\",\"width\":243,\"height\":59,\"caption\":\"Federassantas\"},\"image\":{\"@id\":\"https:\/\/www.federassantas.org.br\/novosite\/#\/schema\/logo\/image\/\"}},{\"@type\":\"Person\",\"@id\":\"https:\/\/www.federassantas.org.br\/novosite\/#\/schema\/person\/75fed98158349313fe56175f232f513c\",\"name\":\"admin-federas\",\"image\":{\"@type\":\"ImageObject\",\"inLanguage\":\"pt-BR\",\"@id\":\"https:\/\/www.federassantas.org.br\/novosite\/#\/schema\/person\/image\/\",\"url\":\"https:\/\/secure.gravatar.com\/avatar\/2a02d7dda59fe8dc6b7ffd3f652e2efede5ccf0dd89dfdc8137c5517f3de8407?s=96&d=mm&r=g\",\"contentUrl\":\"https:\/\/secure.gravatar.com\/avatar\/2a02d7dda59fe8dc6b7ffd3f652e2efede5ccf0dd89dfdc8137c5517f3de8407?s=96&d=mm&r=g\",\"caption\":\"admin-federas\"},\"sameAs\":[\"https:\/\/www.federassantas.org.br\/novosite\/\"],\"url\":\"https:\/\/www.federassantas.org.br\/novosite\/author\/admin-federas\/\"}]}<\/script>\n<!-- \/ Yoast SEO plugin. -->","yoast_head_json":{"title":"Santa Casa BH realiza seu primeiro transplante \u00f3sseo - Federassantas","robots":{"index":"index","follow":"follow","max-snippet":"max-snippet:-1","max-image-preview":"max-image-preview:large","max-video-preview":"max-video-preview:-1"},"canonical":"https:\/\/www.federassantas.org.br\/novosite\/santa-casa-bh-realiza-seu-primeiro-transplante-osseo\/","og_locale":"pt_BR","og_type":"article","og_title":"Santa Casa BH realiza seu primeiro transplante \u00f3sseo - Federassantas","og_description":"Procedimento \u00e9 uma op\u00e7\u00e3o\u00a0vi\u00e1vel para pessoas com defeitos \u00f3sseos graves. O Sr. Paulo Afonso, de 82 anos, foi o primeiro paciente a receber transplante de ossos na Santa Casa BH. A cirurgia foi realizada, no dia 23\/10, como uma op\u00e7\u00e3o para a reconstru\u00e7\u00e3o do quadril direito. Para o procedimento, foi encaminhado osso triturado liofilizado pelo [&hellip;]","og_url":"https:\/\/www.federassantas.org.br\/novosite\/santa-casa-bh-realiza-seu-primeiro-transplante-osseo\/","og_site_name":"Federassantas","article_published_time":"2018-10-29T19:19:20+00:00","og_image":[{"width":928,"height":540,"url":"https:\/\/www.federassantas.org.br\/novosite\/wp-content\/uploads\/2018\/10\/Capturar-5.png","type":"image\/png"}],"author":"admin-federas","twitter_card":"summary_large_image","twitter_misc":{"Escrito por":"admin-federas","Est. tempo de leitura":"2 minutos"},"schema":{"@context":"https:\/\/schema.org","@graph":[{"@type":"Article","@id":"https:\/\/www.federassantas.org.br\/novosite\/santa-casa-bh-realiza-seu-primeiro-transplante-osseo\/#article","isPartOf":{"@id":"https:\/\/www.federassantas.org.br\/novosite\/santa-casa-bh-realiza-seu-primeiro-transplante-osseo\/"},"author":{"name":"admin-federas","@id":"https:\/\/www.federassantas.org.br\/novosite\/#\/schema\/person\/75fed98158349313fe56175f232f513c"},"headline":"Santa Casa BH realiza seu primeiro transplante \u00f3sseo","datePublished":"2018-10-29T19:19:20+00:00","mainEntityOfPage":{"@id":"https:\/\/www.federassantas.org.br\/novosite\/santa-casa-bh-realiza-seu-primeiro-transplante-osseo\/"},"wordCount":369,"commentCount":0,"publisher":{"@id":"https:\/\/www.federassantas.org.br\/novosite\/#organization"},"image":{"@id":"https:\/\/www.federassantas.org.br\/novosite\/santa-casa-bh-realiza-seu-primeiro-transplante-osseo\/#primaryimage"},"thumbnailUrl":"https:\/\/www.federassantas.org.br\/novosite\/wp-content\/uploads\/2018\/10\/Capturar-5.png","articleSection":["Not\u00edcias","Not\u00edcias filiados"],"inLanguage":"pt-BR","potentialAction":[{"@type":"CommentAction","name":"Comment","target":["https:\/\/www.federassantas.org.br\/novosite\/santa-casa-bh-realiza-seu-primeiro-transplante-osseo\/#respond"]}]},{"@type":"WebPage","@id":"https:\/\/www.federassantas.org.br\/novosite\/santa-casa-bh-realiza-seu-primeiro-transplante-osseo\/","url":"https:\/\/www.federassantas.org.br\/novosite\/santa-casa-bh-realiza-seu-primeiro-transplante-osseo\/","name":"Santa Casa BH realiza seu primeiro transplante \u00f3sseo - Federassantas","isPartOf":{"@id":"https:\/\/www.federassantas.org.br\/novosite\/#website"},"primaryImageOfPage":{"@id":"https:\/\/www.federassantas.org.br\/novosite\/santa-casa-bh-realiza-seu-primeiro-transplante-osseo\/#primaryimage"},"image":{"@id":"https:\/\/www.federassantas.org.br\/novosite\/santa-casa-bh-realiza-seu-primeiro-transplante-osseo\/#primaryimage"},"thumbnailUrl":"https:\/\/www.federassantas.org.br\/novosite\/wp-content\/uploads\/2018\/10\/Capturar-5.png","datePublished":"2018-10-29T19:19:20+00:00","breadcrumb":{"@id":"https:\/\/www.federassantas.org.br\/novosite\/santa-casa-bh-realiza-seu-primeiro-transplante-osseo\/#breadcrumb"},"inLanguage":"pt-BR","potentialAction":[{"@type":"ReadAction","target":["https:\/\/www.federassantas.org.br\/novosite\/santa-casa-bh-realiza-seu-primeiro-transplante-osseo\/"]}]},{"@type":"ImageObject","inLanguage":"pt-BR","@id":"https:\/\/www.federassantas.org.br\/novosite\/santa-casa-bh-realiza-seu-primeiro-transplante-osseo\/#primaryimage","url":"https:\/\/www.federassantas.org.br\/novosite\/wp-content\/uploads\/2018\/10\/Capturar-5.png","contentUrl":"https:\/\/www.federassantas.org.br\/novosite\/wp-content\/uploads\/2018\/10\/Capturar-5.png","width":928,"height":540},{"@type":"BreadcrumbList","@id":"https:\/\/www.federassantas.org.br\/novosite\/santa-casa-bh-realiza-seu-primeiro-transplante-osseo\/#breadcrumb","itemListElement":[{"@type":"ListItem","position":1,"name":"In\u00edcio","item":"https:\/\/www.federassantas.org.br\/novosite\/"},{"@type":"ListItem","position":2,"name":"Santa Casa BH realiza seu primeiro transplante \u00f3sseo"}]},{"@type":"WebSite","@id":"https:\/\/www.federassantas.org.br\/novosite\/#website","url":"https:\/\/www.federassantas.org.br\/novosite\/","name":"Federassantas","description":"Fed. das Santas Casas e Hospitais Filantr\u00f3picos de MG","publisher":{"@id":"https:\/\/www.federassantas.org.br\/novosite\/#organization"},"potentialAction":[{"@type":"SearchAction","target":{"@type":"EntryPoint","urlTemplate":"https:\/\/www.federassantas.org.br\/novosite\/?s={search_term_string}"},"query-input":{"@type":"PropertyValueSpecification","valueRequired":true,"valueName":"search_term_string"}}],"inLanguage":"pt-BR"},{"@type":"Organization","@id":"https:\/\/www.federassantas.org.br\/novosite\/#organization","name":"Federassantas","url":"https:\/\/www.federassantas.org.br\/novosite\/","logo":{"@type":"ImageObject","inLanguage":"pt-BR","@id":"https:\/\/www.federassantas.org.br\/novosite\/#\/schema\/logo\/image\/","url":"https:\/\/www.federassantas.org.br\/novosite\/wp-content\/uploads\/2021\/12\/logo.png","contentUrl":"https:\/\/www.federassantas.org.br\/novosite\/wp-content\/uploads\/2021\/12\/logo.png","width":243,"height":59,"caption":"Federassantas"},"image":{"@id":"https:\/\/www.federassantas.org.br\/novosite\/#\/schema\/logo\/image\/"}},{"@type":"Person","@id":"https:\/\/www.federassantas.org.br\/novosite\/#\/schema\/person\/75fed98158349313fe56175f232f513c","name":"admin-federas","image":{"@type":"ImageObject","inLanguage":"pt-BR","@id":"https:\/\/www.federassantas.org.br\/novosite\/#\/schema\/person\/image\/","url":"https:\/\/secure.gravatar.com\/avatar\/2a02d7dda59fe8dc6b7ffd3f652e2efede5ccf0dd89dfdc8137c5517f3de8407?s=96&d=mm&r=g","contentUrl":"https:\/\/secure.gravatar.com\/avatar\/2a02d7dda59fe8dc6b7ffd3f652e2efede5ccf0dd89dfdc8137c5517f3de8407?s=96&d=mm&r=g","caption":"admin-federas"},"sameAs":["https:\/\/www.federassantas.org.br\/novosite\/"],"url":"https:\/\/www.federassantas.org.br\/novosite\/author\/admin-federas\/"}]}},"_links":{"self":[{"href":"https:\/\/www.federassantas.org.br\/novosite\/wp-json\/wp\/v2\/posts\/14674","targetHints":{"allow":["GET"]}}],"collection":[{"href":"https:\/\/www.federassantas.org.br\/novosite\/wp-json\/wp\/v2\/posts"}],"about":[{"href":"https:\/\/www.federassantas.org.br\/novosite\/wp-json\/wp\/v2\/types\/post"}],"author":[{"embeddable":true,"href":"https:\/\/www.federassantas.org.br\/novosite\/wp-json\/wp\/v2\/users\/1"}],"replies":[{"embeddable":true,"href":"https:\/\/www.federassantas.org.br\/novosite\/wp-json\/wp\/v2\/comments?post=14674"}],"version-history":[{"count":0,"href":"https:\/\/www.federassantas.org.br\/novosite\/wp-json\/wp\/v2\/posts\/14674\/revisions"}],"wp:featuredmedia":[{"embeddable":true,"href":"https:\/\/www.federassantas.org.br\/novosite\/wp-json\/wp\/v2\/media\/14675"}],"wp:attachment":[{"href":"https:\/\/www.federassantas.org.br\/novosite\/wp-json\/wp\/v2\/media?parent=14674"}],"wp:term":[{"taxonomy":"category","embeddable":true,"href":"https:\/\/www.federassantas.org.br\/novosite\/wp-json\/wp\/v2\/categories?post=14674"},{"taxonomy":"post_tag","embeddable":true,"href":"https:\/\/www.federassantas.org.br\/novosite\/wp-json\/wp\/v2\/tags?post=14674"}],"curies":[{"name":"wp","href":"https:\/\/api.w.org\/{rel}","templated":true}]}}