{"id":14686,"date":"2018-10-30T19:06:54","date_gmt":"2018-10-30T22:06:54","guid":{"rendered":"https:\/\/federasbackup.meltcomunicacao.com.br\/?p=14686"},"modified":"2018-10-30T19:06:54","modified_gmt":"2018-10-30T22:06:54","slug":"curso-promovido-pela-federassantas-prepara-profissionais-para-a-insercao-do-picc","status":"publish","type":"post","link":"https:\/\/www.federassantas.org.br\/novosite\/curso-promovido-pela-federassantas-prepara-profissionais-para-a-insercao-do-picc\/","title":{"rendered":"Curso promovido pela Federassantas prepara profissionais para a inser\u00e7\u00e3o do PICC"},"content":{"rendered":"<p style=\"text-align: justify;\">\u00a0A Federassantas promoveu, nos dias 26 e 27 de outubro, o curso de \u2018Qualifica\u00e7\u00e3o do Enfermeiro para Inser\u00e7\u00e3o e Manuten\u00e7\u00e3o de PICC\u2019, que habilita enfermeiros e m\u00e9dicos que j\u00e1 atuam na pr\u00e1tica cl\u00ednica para \u00e0 inser\u00e7\u00e3o deste dispositivo, seguindo as boas pr\u00e1ticas e \u00a0visando a seguran\u00e7a do paciente durante o procedimento.<\/p>\n<p style=\"text-align: justify;\">O curso possui aulas interativas e foi dividido em dois dias, sendo um para aula te\u00f3rica, focada em conte\u00fados como avalia\u00e7\u00e3o do posicionamento; complica\u00e7\u00f5es; gerenciamento de risco; caracter\u00edsticas de alguns medicamentos; entre outros. E a outra pr\u00e1tica, que realizou procedimentos como inser\u00e7\u00e3o do cateter, curativo prim\u00e1rio; curativo secund\u00e1rio; t\u00e9cnica de desobstru\u00e7\u00e3o do cateter por Press\u00e3o Negativa, entre outros.<\/p>\n<p style=\"text-align: justify;\">A professora e enfermeira Maria Aparecida Mendes, ressalta a import\u00e2ncia da qualifica\u00e7\u00e3o, \u201co curso tem o objetivo de melhorar a qualidade de vida dos pacientes, diminuindo o n\u00famero de puls\u00f5es venosas e, consequentemente, diminuindo a dor e as complica\u00e7\u00f5es causadas pelas infus\u00f5es, como infec\u00e7\u00f5es e contamina\u00e7\u00f5es durante o acesso\u201d.<\/p>\n<p style=\"text-align: justify;\">Esta t\u00e9cnica, quando bem utilizada, tem se mostrado uma das melhores estrat\u00e9gias para controle de infec\u00e7\u00e3o relacionada a cateter em unidades de cuidados intensivos. Para Juliana de Souza, enfermeira do CTI Neo do Hospital Odilon Behrens \u201co curso \u00e9 muito importante porque al\u00e9m de proporcionar qualifica\u00e7\u00e3o curricular, todo conhecimento adquirido aqui vai ser compartilhado com os outros enfermeiros da unidade, melhorando a assist\u00eancia que \u00e9 dada aos pacientes\u201d.<\/p>\n<p>&nbsp;<\/p>\n<p><em>Por: C\u00e1ssia Almeida &#8211; Assessoria de Comunica\u00e7\u00e3o da Federassantas\u00a0<\/em><\/p>\n","protected":false},"excerpt":{"rendered":"<p>\u00a0A Federassantas promoveu, nos dias 26 e 27 de outubro, o curso de \u2018Qualifica\u00e7\u00e3o do Enfermeiro para Inser\u00e7\u00e3o e Manuten\u00e7\u00e3o de PICC\u2019, que habilita enfermeiros e m\u00e9dicos que j\u00e1 atuam na pr\u00e1tica cl\u00ednica para \u00e0 inser\u00e7\u00e3o deste dispositivo, seguindo as boas pr\u00e1ticas e \u00a0visando a seguran\u00e7a do paciente durante o procedimento. O curso possui aulas [&hellip;]<\/p>\n","protected":false},"author":1,"featured_media":14687,"comment_status":"open","ping_status":"open","sticky":false,"template":"","format":"standard","meta":{"footnotes":""},"categories":[140,141],"tags":[],"class_list":["post-14686","post","type-post","status-publish","format-standard","has-post-thumbnail","hentry","category-noticias","category-noticias-federassantas"],"yoast_head":"<!-- This site is optimized with the Yoast SEO plugin v26.9 - https:\/\/yoast.com\/product\/yoast-seo-wordpress\/ -->\n<title>Curso promovido pela Federassantas prepara profissionais para a inser\u00e7\u00e3o do PICC - Federassantas<\/title>\n<meta name=\"robots\" content=\"index, follow, max-snippet:-1, max-image-preview:large, max-video-preview:-1\" \/>\n<link rel=\"canonical\" href=\"https:\/\/www.federassantas.org.br\/novosite\/curso-promovido-pela-federassantas-prepara-profissionais-para-a-insercao-do-picc\/\" \/>\n<meta property=\"og:locale\" content=\"pt_BR\" \/>\n<meta property=\"og:type\" content=\"article\" \/>\n<meta property=\"og:title\" content=\"Curso promovido pela Federassantas prepara profissionais para a inser\u00e7\u00e3o do PICC - Federassantas\" \/>\n<meta property=\"og:description\" content=\"\u00a0A Federassantas promoveu, nos dias 26 e 27 de outubro, o curso de \u2018Qualifica\u00e7\u00e3o do Enfermeiro para Inser\u00e7\u00e3o e Manuten\u00e7\u00e3o de PICC\u2019, que habilita enfermeiros e m\u00e9dicos que j\u00e1 atuam na pr\u00e1tica cl\u00ednica para \u00e0 inser\u00e7\u00e3o deste dispositivo, seguindo as boas pr\u00e1ticas e \u00a0visando a seguran\u00e7a do paciente durante o procedimento. O curso possui aulas [&hellip;]\" \/>\n<meta property=\"og:url\" content=\"https:\/\/www.federassantas.org.br\/novosite\/curso-promovido-pela-federassantas-prepara-profissionais-para-a-insercao-do-picc\/\" \/>\n<meta property=\"og:site_name\" content=\"Federassantas\" \/>\n<meta property=\"article:published_time\" content=\"2018-10-30T22:06:54+00:00\" \/>\n<meta name=\"author\" content=\"admin-federas\" \/>\n<meta name=\"twitter:card\" content=\"summary_large_image\" \/>\n<meta name=\"twitter:label1\" content=\"Escrito por\" \/>\n\t<meta name=\"twitter:data1\" content=\"admin-federas\" \/>\n\t<meta name=\"twitter:label2\" content=\"Est. tempo de leitura\" \/>\n\t<meta name=\"twitter:data2\" content=\"1 minuto\" \/>\n<script type=\"application\/ld+json\" class=\"yoast-schema-graph\">{\"@context\":\"https:\/\/schema.org\",\"@graph\":[{\"@type\":\"Article\",\"@id\":\"https:\/\/www.federassantas.org.br\/novosite\/curso-promovido-pela-federassantas-prepara-profissionais-para-a-insercao-do-picc\/#article\",\"isPartOf\":{\"@id\":\"https:\/\/www.federassantas.org.br\/novosite\/curso-promovido-pela-federassantas-prepara-profissionais-para-a-insercao-do-picc\/\"},\"author\":{\"name\":\"admin-federas\",\"@id\":\"https:\/\/www.federassantas.org.br\/novosite\/#\/schema\/person\/75fed98158349313fe56175f232f513c\"},\"headline\":\"Curso promovido pela Federassantas prepara profissionais para a inser\u00e7\u00e3o do PICC\",\"datePublished\":\"2018-10-30T22:06:54+00:00\",\"mainEntityOfPage\":{\"@id\":\"https:\/\/www.federassantas.org.br\/novosite\/curso-promovido-pela-federassantas-prepara-profissionais-para-a-insercao-do-picc\/\"},\"wordCount\":280,\"commentCount\":0,\"publisher\":{\"@id\":\"https:\/\/www.federassantas.org.br\/novosite\/#organization\"},\"image\":{\"@id\":\"https:\/\/www.federassantas.org.br\/novosite\/curso-promovido-pela-federassantas-prepara-profissionais-para-a-insercao-do-picc\/#primaryimage\"},\"thumbnailUrl\":\"\",\"articleSection\":[\"Not\u00edcias\",\"Not\u00edcias Federassantas\"],\"inLanguage\":\"pt-BR\",\"potentialAction\":[{\"@type\":\"CommentAction\",\"name\":\"Comment\",\"target\":[\"https:\/\/www.federassantas.org.br\/novosite\/curso-promovido-pela-federassantas-prepara-profissionais-para-a-insercao-do-picc\/#respond\"]}]},{\"@type\":\"WebPage\",\"@id\":\"https:\/\/www.federassantas.org.br\/novosite\/curso-promovido-pela-federassantas-prepara-profissionais-para-a-insercao-do-picc\/\",\"url\":\"https:\/\/www.federassantas.org.br\/novosite\/curso-promovido-pela-federassantas-prepara-profissionais-para-a-insercao-do-picc\/\",\"name\":\"Curso promovido pela Federassantas prepara profissionais para a inser\u00e7\u00e3o do PICC - Federassantas\",\"isPartOf\":{\"@id\":\"https:\/\/www.federassantas.org.br\/novosite\/#website\"},\"primaryImageOfPage\":{\"@id\":\"https:\/\/www.federassantas.org.br\/novosite\/curso-promovido-pela-federassantas-prepara-profissionais-para-a-insercao-do-picc\/#primaryimage\"},\"image\":{\"@id\":\"https:\/\/www.federassantas.org.br\/novosite\/curso-promovido-pela-federassantas-prepara-profissionais-para-a-insercao-do-picc\/#primaryimage\"},\"thumbnailUrl\":\"\",\"datePublished\":\"2018-10-30T22:06:54+00:00\",\"breadcrumb\":{\"@id\":\"https:\/\/www.federassantas.org.br\/novosite\/curso-promovido-pela-federassantas-prepara-profissionais-para-a-insercao-do-picc\/#breadcrumb\"},\"inLanguage\":\"pt-BR\",\"potentialAction\":[{\"@type\":\"ReadAction\",\"target\":[\"https:\/\/www.federassantas.org.br\/novosite\/curso-promovido-pela-federassantas-prepara-profissionais-para-a-insercao-do-picc\/\"]}]},{\"@type\":\"ImageObject\",\"inLanguage\":\"pt-BR\",\"@id\":\"https:\/\/www.federassantas.org.br\/novosite\/curso-promovido-pela-federassantas-prepara-profissionais-para-a-insercao-do-picc\/#primaryimage\",\"url\":\"\",\"contentUrl\":\"\"},{\"@type\":\"BreadcrumbList\",\"@id\":\"https:\/\/www.federassantas.org.br\/novosite\/curso-promovido-pela-federassantas-prepara-profissionais-para-a-insercao-do-picc\/#breadcrumb\",\"itemListElement\":[{\"@type\":\"ListItem\",\"position\":1,\"name\":\"In\u00edcio\",\"item\":\"https:\/\/www.federassantas.org.br\/novosite\/\"},{\"@type\":\"ListItem\",\"position\":2,\"name\":\"Curso promovido pela Federassantas prepara profissionais para a inser\u00e7\u00e3o do PICC\"}]},{\"@type\":\"WebSite\",\"@id\":\"https:\/\/www.federassantas.org.br\/novosite\/#website\",\"url\":\"https:\/\/www.federassantas.org.br\/novosite\/\",\"name\":\"Federassantas\",\"description\":\"Fed. das Santas Casas e Hospitais Filantr\u00f3picos de MG\",\"publisher\":{\"@id\":\"https:\/\/www.federassantas.org.br\/novosite\/#organization\"},\"potentialAction\":[{\"@type\":\"SearchAction\",\"target\":{\"@type\":\"EntryPoint\",\"urlTemplate\":\"https:\/\/www.federassantas.org.br\/novosite\/?s={search_term_string}\"},\"query-input\":{\"@type\":\"PropertyValueSpecification\",\"valueRequired\":true,\"valueName\":\"search_term_string\"}}],\"inLanguage\":\"pt-BR\"},{\"@type\":\"Organization\",\"@id\":\"https:\/\/www.federassantas.org.br\/novosite\/#organization\",\"name\":\"Federassantas\",\"url\":\"https:\/\/www.federassantas.org.br\/novosite\/\",\"logo\":{\"@type\":\"ImageObject\",\"inLanguage\":\"pt-BR\",\"@id\":\"https:\/\/www.federassantas.org.br\/novosite\/#\/schema\/logo\/image\/\",\"url\":\"https:\/\/www.federassantas.org.br\/novosite\/wp-content\/uploads\/2021\/12\/logo.png\",\"contentUrl\":\"https:\/\/www.federassantas.org.br\/novosite\/wp-content\/uploads\/2021\/12\/logo.png\",\"width\":243,\"height\":59,\"caption\":\"Federassantas\"},\"image\":{\"@id\":\"https:\/\/www.federassantas.org.br\/novosite\/#\/schema\/logo\/image\/\"}},{\"@type\":\"Person\",\"@id\":\"https:\/\/www.federassantas.org.br\/novosite\/#\/schema\/person\/75fed98158349313fe56175f232f513c\",\"name\":\"admin-federas\",\"image\":{\"@type\":\"ImageObject\",\"inLanguage\":\"pt-BR\",\"@id\":\"https:\/\/www.federassantas.org.br\/novosite\/#\/schema\/person\/image\/\",\"url\":\"https:\/\/secure.gravatar.com\/avatar\/2a02d7dda59fe8dc6b7ffd3f652e2efede5ccf0dd89dfdc8137c5517f3de8407?s=96&d=mm&r=g\",\"contentUrl\":\"https:\/\/secure.gravatar.com\/avatar\/2a02d7dda59fe8dc6b7ffd3f652e2efede5ccf0dd89dfdc8137c5517f3de8407?s=96&d=mm&r=g\",\"caption\":\"admin-federas\"},\"sameAs\":[\"https:\/\/www.federassantas.org.br\/novosite\/\"],\"url\":\"https:\/\/www.federassantas.org.br\/novosite\/author\/admin-federas\/\"}]}<\/script>\n<!-- \/ Yoast SEO plugin. -->","yoast_head_json":{"title":"Curso promovido pela Federassantas prepara profissionais para a inser\u00e7\u00e3o do PICC - Federassantas","robots":{"index":"index","follow":"follow","max-snippet":"max-snippet:-1","max-image-preview":"max-image-preview:large","max-video-preview":"max-video-preview:-1"},"canonical":"https:\/\/www.federassantas.org.br\/novosite\/curso-promovido-pela-federassantas-prepara-profissionais-para-a-insercao-do-picc\/","og_locale":"pt_BR","og_type":"article","og_title":"Curso promovido pela Federassantas prepara profissionais para a inser\u00e7\u00e3o do PICC - Federassantas","og_description":"\u00a0A Federassantas promoveu, nos dias 26 e 27 de outubro, o curso de \u2018Qualifica\u00e7\u00e3o do Enfermeiro para Inser\u00e7\u00e3o e Manuten\u00e7\u00e3o de PICC\u2019, que habilita enfermeiros e m\u00e9dicos que j\u00e1 atuam na pr\u00e1tica cl\u00ednica para \u00e0 inser\u00e7\u00e3o deste dispositivo, seguindo as boas pr\u00e1ticas e \u00a0visando a seguran\u00e7a do paciente durante o procedimento. O curso possui aulas [&hellip;]","og_url":"https:\/\/www.federassantas.org.br\/novosite\/curso-promovido-pela-federassantas-prepara-profissionais-para-a-insercao-do-picc\/","og_site_name":"Federassantas","article_published_time":"2018-10-30T22:06:54+00:00","author":"admin-federas","twitter_card":"summary_large_image","twitter_misc":{"Escrito por":"admin-federas","Est. tempo de leitura":"1 minuto"},"schema":{"@context":"https:\/\/schema.org","@graph":[{"@type":"Article","@id":"https:\/\/www.federassantas.org.br\/novosite\/curso-promovido-pela-federassantas-prepara-profissionais-para-a-insercao-do-picc\/#article","isPartOf":{"@id":"https:\/\/www.federassantas.org.br\/novosite\/curso-promovido-pela-federassantas-prepara-profissionais-para-a-insercao-do-picc\/"},"author":{"name":"admin-federas","@id":"https:\/\/www.federassantas.org.br\/novosite\/#\/schema\/person\/75fed98158349313fe56175f232f513c"},"headline":"Curso promovido pela Federassantas prepara profissionais para a inser\u00e7\u00e3o do PICC","datePublished":"2018-10-30T22:06:54+00:00","mainEntityOfPage":{"@id":"https:\/\/www.federassantas.org.br\/novosite\/curso-promovido-pela-federassantas-prepara-profissionais-para-a-insercao-do-picc\/"},"wordCount":280,"commentCount":0,"publisher":{"@id":"https:\/\/www.federassantas.org.br\/novosite\/#organization"},"image":{"@id":"https:\/\/www.federassantas.org.br\/novosite\/curso-promovido-pela-federassantas-prepara-profissionais-para-a-insercao-do-picc\/#primaryimage"},"thumbnailUrl":"","articleSection":["Not\u00edcias","Not\u00edcias Federassantas"],"inLanguage":"pt-BR","potentialAction":[{"@type":"CommentAction","name":"Comment","target":["https:\/\/www.federassantas.org.br\/novosite\/curso-promovido-pela-federassantas-prepara-profissionais-para-a-insercao-do-picc\/#respond"]}]},{"@type":"WebPage","@id":"https:\/\/www.federassantas.org.br\/novosite\/curso-promovido-pela-federassantas-prepara-profissionais-para-a-insercao-do-picc\/","url":"https:\/\/www.federassantas.org.br\/novosite\/curso-promovido-pela-federassantas-prepara-profissionais-para-a-insercao-do-picc\/","name":"Curso promovido pela Federassantas prepara profissionais para a inser\u00e7\u00e3o do PICC - Federassantas","isPartOf":{"@id":"https:\/\/www.federassantas.org.br\/novosite\/#website"},"primaryImageOfPage":{"@id":"https:\/\/www.federassantas.org.br\/novosite\/curso-promovido-pela-federassantas-prepara-profissionais-para-a-insercao-do-picc\/#primaryimage"},"image":{"@id":"https:\/\/www.federassantas.org.br\/novosite\/curso-promovido-pela-federassantas-prepara-profissionais-para-a-insercao-do-picc\/#primaryimage"},"thumbnailUrl":"","datePublished":"2018-10-30T22:06:54+00:00","breadcrumb":{"@id":"https:\/\/www.federassantas.org.br\/novosite\/curso-promovido-pela-federassantas-prepara-profissionais-para-a-insercao-do-picc\/#breadcrumb"},"inLanguage":"pt-BR","potentialAction":[{"@type":"ReadAction","target":["https:\/\/www.federassantas.org.br\/novosite\/curso-promovido-pela-federassantas-prepara-profissionais-para-a-insercao-do-picc\/"]}]},{"@type":"ImageObject","inLanguage":"pt-BR","@id":"https:\/\/www.federassantas.org.br\/novosite\/curso-promovido-pela-federassantas-prepara-profissionais-para-a-insercao-do-picc\/#primaryimage","url":"","contentUrl":""},{"@type":"BreadcrumbList","@id":"https:\/\/www.federassantas.org.br\/novosite\/curso-promovido-pela-federassantas-prepara-profissionais-para-a-insercao-do-picc\/#breadcrumb","itemListElement":[{"@type":"ListItem","position":1,"name":"In\u00edcio","item":"https:\/\/www.federassantas.org.br\/novosite\/"},{"@type":"ListItem","position":2,"name":"Curso promovido pela Federassantas prepara profissionais para a inser\u00e7\u00e3o do PICC"}]},{"@type":"WebSite","@id":"https:\/\/www.federassantas.org.br\/novosite\/#website","url":"https:\/\/www.federassantas.org.br\/novosite\/","name":"Federassantas","description":"Fed. das Santas Casas e Hospitais Filantr\u00f3picos de MG","publisher":{"@id":"https:\/\/www.federassantas.org.br\/novosite\/#organization"},"potentialAction":[{"@type":"SearchAction","target":{"@type":"EntryPoint","urlTemplate":"https:\/\/www.federassantas.org.br\/novosite\/?s={search_term_string}"},"query-input":{"@type":"PropertyValueSpecification","valueRequired":true,"valueName":"search_term_string"}}],"inLanguage":"pt-BR"},{"@type":"Organization","@id":"https:\/\/www.federassantas.org.br\/novosite\/#organization","name":"Federassantas","url":"https:\/\/www.federassantas.org.br\/novosite\/","logo":{"@type":"ImageObject","inLanguage":"pt-BR","@id":"https:\/\/www.federassantas.org.br\/novosite\/#\/schema\/logo\/image\/","url":"https:\/\/www.federassantas.org.br\/novosite\/wp-content\/uploads\/2021\/12\/logo.png","contentUrl":"https:\/\/www.federassantas.org.br\/novosite\/wp-content\/uploads\/2021\/12\/logo.png","width":243,"height":59,"caption":"Federassantas"},"image":{"@id":"https:\/\/www.federassantas.org.br\/novosite\/#\/schema\/logo\/image\/"}},{"@type":"Person","@id":"https:\/\/www.federassantas.org.br\/novosite\/#\/schema\/person\/75fed98158349313fe56175f232f513c","name":"admin-federas","image":{"@type":"ImageObject","inLanguage":"pt-BR","@id":"https:\/\/www.federassantas.org.br\/novosite\/#\/schema\/person\/image\/","url":"https:\/\/secure.gravatar.com\/avatar\/2a02d7dda59fe8dc6b7ffd3f652e2efede5ccf0dd89dfdc8137c5517f3de8407?s=96&d=mm&r=g","contentUrl":"https:\/\/secure.gravatar.com\/avatar\/2a02d7dda59fe8dc6b7ffd3f652e2efede5ccf0dd89dfdc8137c5517f3de8407?s=96&d=mm&r=g","caption":"admin-federas"},"sameAs":["https:\/\/www.federassantas.org.br\/novosite\/"],"url":"https:\/\/www.federassantas.org.br\/novosite\/author\/admin-federas\/"}]}},"_links":{"self":[{"href":"https:\/\/www.federassantas.org.br\/novosite\/wp-json\/wp\/v2\/posts\/14686","targetHints":{"allow":["GET"]}}],"collection":[{"href":"https:\/\/www.federassantas.org.br\/novosite\/wp-json\/wp\/v2\/posts"}],"about":[{"href":"https:\/\/www.federassantas.org.br\/novosite\/wp-json\/wp\/v2\/types\/post"}],"author":[{"embeddable":true,"href":"https:\/\/www.federassantas.org.br\/novosite\/wp-json\/wp\/v2\/users\/1"}],"replies":[{"embeddable":true,"href":"https:\/\/www.federassantas.org.br\/novosite\/wp-json\/wp\/v2\/comments?post=14686"}],"version-history":[{"count":0,"href":"https:\/\/www.federassantas.org.br\/novosite\/wp-json\/wp\/v2\/posts\/14686\/revisions"}],"wp:featuredmedia":[{"embeddable":true,"href":"https:\/\/www.federassantas.org.br\/novosite\/wp-json\/"}],"wp:attachment":[{"href":"https:\/\/www.federassantas.org.br\/novosite\/wp-json\/wp\/v2\/media?parent=14686"}],"wp:term":[{"taxonomy":"category","embeddable":true,"href":"https:\/\/www.federassantas.org.br\/novosite\/wp-json\/wp\/v2\/categories?post=14686"},{"taxonomy":"post_tag","embeddable":true,"href":"https:\/\/www.federassantas.org.br\/novosite\/wp-json\/wp\/v2\/tags?post=14686"}],"curies":[{"name":"wp","href":"https:\/\/api.w.org\/{rel}","templated":true}]}}