{"id":14690,"date":"2018-10-31T18:26:09","date_gmt":"2018-10-31T20:26:09","guid":{"rendered":"https:\/\/federasbackup.meltcomunicacao.com.br\/?p=14690"},"modified":"2018-10-31T18:26:09","modified_gmt":"2018-10-31T20:26:09","slug":"apesar-de-raro-cancer-de-mama-masculino-tambem-pode-ser-fatal","status":"publish","type":"post","link":"https:\/\/www.federassantas.org.br\/novosite\/apesar-de-raro-cancer-de-mama-masculino-tambem-pode-ser-fatal\/","title":{"rendered":"Apesar de raro, c\u00e2ncer de mama masculino tamb\u00e9m pode ser fatal"},"content":{"rendered":"<p class=\"content-head__subtitle\"><em>De acordo com o Inca, 16.254 brasileiros morreram de c\u00e2ncer de mama em 2016, sendo 16.069 mulheres e apenas 185 homens. Doen\u00e7a pode ser prevenida com h\u00e1bitos de vida saud\u00e1veis.<\/em><\/p>\n<p>Apenas 1%. Este \u00e9 o total de homens acometidos pelo c\u00e2ncer de mama no Brasil em rela\u00e7\u00e3o \u00e0s mulheres. A incid\u00eancia masculina \u00e9 t\u00e3o rara e pouco frequente que, de acordo com o Instituto Nacional de C\u00e2ncer (Inca), n\u00e3o entra nas estimativas.<\/p>\n<div class=\"mc-column content-text active-extra-styles \" data-block-type=\"unstyled\" data-block-weight=\"34\" data-block-id=\"5\">\n<p class=\"content-text__container \" data-track-category=\"Link no Texto\" data-track-links=\"\">De acordo com a mastologista, ginecologista e obstetra Potyra Labonia Matiello, de 41 anos, o diagn\u00f3stico do c\u00e2ncer de mama masculino \u00e9 feito da mesma maneira que o feminino: com mamografia, ultrassom e bi\u00f3psia.<\/p>\n<\/div>\n<div class=\"mc-column content-text active-extra-styles \" data-block-type=\"unstyled\" data-block-weight=\"47\" data-block-id=\"6\">\n<p class=\"content-text__container \" data-track-category=\"Link no Texto\" data-track-links=\"\">A diferen\u00e7a \u00e9 que, como os homens t\u00eam menos tecido mam\u00e1rio, o n\u00f3dulo geralmente \u00e9 mais facilmente palp\u00e1vel e mais pr\u00f3ximo do mamilo. J\u00e1 nas mulheres, o n\u00f3dulo pode n\u00e3o ser palp\u00e1vel dependendo da localiza\u00e7\u00e3o na mama, quando est\u00e1 profundo ou quando \u00e9 menor que 1,5 cm.<\/p>\n<\/div>\n<div class=\"mc-column content-text active-extra-styles \" data-block-type=\"unstyled\" data-block-weight=\"53\" data-block-id=\"7\">\n<p class=\"content-text__container \" data-track-category=\"Link no Texto\" data-track-links=\"\">Entre os principais sintomas est\u00e3o sa\u00edda de secre\u00e7\u00e3o, vermelhid\u00e3o e retra\u00e7\u00e3o da pele do mamilo e ao redor dele. &#8220;N\u00e3o podemos dizer que a doen\u00e7a \u00e9 melhor ou pior na mulher do que no homem, pois a evolu\u00e7\u00e3o depende do tipo de c\u00e2ncer e do est\u00e1gio no momento do diagn\u00f3stico&#8221;, explica a m\u00e9dica.<\/p>\n<p data-track-category=\"Link no Texto\" data-track-links=\"\">Leia a \u00edntegra em:\u00a0<a href=\"https:\/\/g1.globo.com\/sp\/sorocaba-jundiai\/noticia\/2018\/10\/30\/apesar-de-raro-cancer-de-mama-masculino-tambem-pode-ser-fatal-derruba-a-gente-diz-paciente.ghtml\">https:\/\/g1.globo.com\/sp\/sorocaba-jundiai\/noticia\/2018\/10\/30\/apesar-de-raro-cancer-de-mama-masculino-tambem-pode-ser-fatal-derruba-a-gente-diz-paciente.ghtml<\/a><\/p>\n<p data-track-category=\"Link no Texto\" data-track-links=\"\">Fonte: G1<\/p>\n<\/div>\n","protected":false},"excerpt":{"rendered":"<p>De acordo com o Inca, 16.254 brasileiros morreram de c\u00e2ncer de mama em 2016, sendo 16.069 mulheres e apenas 185 homens. Doen\u00e7a pode ser prevenida com h\u00e1bitos de vida saud\u00e1veis. Apenas 1%. Este \u00e9 o total de homens acometidos pelo c\u00e2ncer de mama no Brasil em rela\u00e7\u00e3o \u00e0s mulheres. A incid\u00eancia masculina \u00e9 t\u00e3o rara [&hellip;]<\/p>\n","protected":false},"author":1,"featured_media":14691,"comment_status":"open","ping_status":"open","sticky":false,"template":"","format":"standard","meta":{"footnotes":""},"categories":[140],"tags":[],"class_list":["post-14690","post","type-post","status-publish","format-standard","has-post-thumbnail","hentry","category-noticias"],"yoast_head":"<!-- This site is optimized with the Yoast SEO plugin v26.9 - https:\/\/yoast.com\/product\/yoast-seo-wordpress\/ -->\n<title>Apesar de raro, c\u00e2ncer de mama masculino tamb\u00e9m pode ser fatal - Federassantas<\/title>\n<meta name=\"robots\" content=\"index, follow, max-snippet:-1, max-image-preview:large, max-video-preview:-1\" \/>\n<link rel=\"canonical\" href=\"https:\/\/www.federassantas.org.br\/novosite\/apesar-de-raro-cancer-de-mama-masculino-tambem-pode-ser-fatal\/\" \/>\n<meta property=\"og:locale\" content=\"pt_BR\" \/>\n<meta property=\"og:type\" content=\"article\" \/>\n<meta property=\"og:title\" content=\"Apesar de raro, c\u00e2ncer de mama masculino tamb\u00e9m pode ser fatal - Federassantas\" \/>\n<meta property=\"og:description\" content=\"De acordo com o Inca, 16.254 brasileiros morreram de c\u00e2ncer de mama em 2016, sendo 16.069 mulheres e apenas 185 homens. Doen\u00e7a pode ser prevenida com h\u00e1bitos de vida saud\u00e1veis. Apenas 1%. Este \u00e9 o total de homens acometidos pelo c\u00e2ncer de mama no Brasil em rela\u00e7\u00e3o \u00e0s mulheres. A incid\u00eancia masculina \u00e9 t\u00e3o rara [&hellip;]\" \/>\n<meta property=\"og:url\" content=\"https:\/\/www.federassantas.org.br\/novosite\/apesar-de-raro-cancer-de-mama-masculino-tambem-pode-ser-fatal\/\" \/>\n<meta property=\"og:site_name\" content=\"Federassantas\" \/>\n<meta property=\"article:published_time\" content=\"2018-10-31T20:26:09+00:00\" \/>\n<meta name=\"author\" content=\"admin-federas\" \/>\n<meta name=\"twitter:card\" content=\"summary_large_image\" \/>\n<meta name=\"twitter:label1\" content=\"Escrito por\" \/>\n\t<meta name=\"twitter:data1\" content=\"admin-federas\" \/>\n\t<meta name=\"twitter:label2\" content=\"Est. tempo de leitura\" \/>\n\t<meta name=\"twitter:data2\" content=\"1 minuto\" \/>\n<script type=\"application\/ld+json\" class=\"yoast-schema-graph\">{\"@context\":\"https:\/\/schema.org\",\"@graph\":[{\"@type\":\"Article\",\"@id\":\"https:\/\/www.federassantas.org.br\/novosite\/apesar-de-raro-cancer-de-mama-masculino-tambem-pode-ser-fatal\/#article\",\"isPartOf\":{\"@id\":\"https:\/\/www.federassantas.org.br\/novosite\/apesar-de-raro-cancer-de-mama-masculino-tambem-pode-ser-fatal\/\"},\"author\":{\"name\":\"admin-federas\",\"@id\":\"https:\/\/www.federassantas.org.br\/novosite\/#\/schema\/person\/75fed98158349313fe56175f232f513c\"},\"headline\":\"Apesar de raro, c\u00e2ncer de mama masculino tamb\u00e9m pode ser fatal\",\"datePublished\":\"2018-10-31T20:26:09+00:00\",\"mainEntityOfPage\":{\"@id\":\"https:\/\/www.federassantas.org.br\/novosite\/apesar-de-raro-cancer-de-mama-masculino-tambem-pode-ser-fatal\/\"},\"wordCount\":255,\"commentCount\":0,\"publisher\":{\"@id\":\"https:\/\/www.federassantas.org.br\/novosite\/#organization\"},\"image\":{\"@id\":\"https:\/\/www.federassantas.org.br\/novosite\/apesar-de-raro-cancer-de-mama-masculino-tambem-pode-ser-fatal\/#primaryimage\"},\"thumbnailUrl\":\"\",\"articleSection\":[\"Not\u00edcias\"],\"inLanguage\":\"pt-BR\",\"potentialAction\":[{\"@type\":\"CommentAction\",\"name\":\"Comment\",\"target\":[\"https:\/\/www.federassantas.org.br\/novosite\/apesar-de-raro-cancer-de-mama-masculino-tambem-pode-ser-fatal\/#respond\"]}]},{\"@type\":\"WebPage\",\"@id\":\"https:\/\/www.federassantas.org.br\/novosite\/apesar-de-raro-cancer-de-mama-masculino-tambem-pode-ser-fatal\/\",\"url\":\"https:\/\/www.federassantas.org.br\/novosite\/apesar-de-raro-cancer-de-mama-masculino-tambem-pode-ser-fatal\/\",\"name\":\"Apesar de raro, c\u00e2ncer de mama masculino tamb\u00e9m pode ser fatal - Federassantas\",\"isPartOf\":{\"@id\":\"https:\/\/www.federassantas.org.br\/novosite\/#website\"},\"primaryImageOfPage\":{\"@id\":\"https:\/\/www.federassantas.org.br\/novosite\/apesar-de-raro-cancer-de-mama-masculino-tambem-pode-ser-fatal\/#primaryimage\"},\"image\":{\"@id\":\"https:\/\/www.federassantas.org.br\/novosite\/apesar-de-raro-cancer-de-mama-masculino-tambem-pode-ser-fatal\/#primaryimage\"},\"thumbnailUrl\":\"\",\"datePublished\":\"2018-10-31T20:26:09+00:00\",\"breadcrumb\":{\"@id\":\"https:\/\/www.federassantas.org.br\/novosite\/apesar-de-raro-cancer-de-mama-masculino-tambem-pode-ser-fatal\/#breadcrumb\"},\"inLanguage\":\"pt-BR\",\"potentialAction\":[{\"@type\":\"ReadAction\",\"target\":[\"https:\/\/www.federassantas.org.br\/novosite\/apesar-de-raro-cancer-de-mama-masculino-tambem-pode-ser-fatal\/\"]}]},{\"@type\":\"ImageObject\",\"inLanguage\":\"pt-BR\",\"@id\":\"https:\/\/www.federassantas.org.br\/novosite\/apesar-de-raro-cancer-de-mama-masculino-tambem-pode-ser-fatal\/#primaryimage\",\"url\":\"\",\"contentUrl\":\"\"},{\"@type\":\"BreadcrumbList\",\"@id\":\"https:\/\/www.federassantas.org.br\/novosite\/apesar-de-raro-cancer-de-mama-masculino-tambem-pode-ser-fatal\/#breadcrumb\",\"itemListElement\":[{\"@type\":\"ListItem\",\"position\":1,\"name\":\"In\u00edcio\",\"item\":\"https:\/\/www.federassantas.org.br\/novosite\/\"},{\"@type\":\"ListItem\",\"position\":2,\"name\":\"Apesar de raro, c\u00e2ncer de mama masculino tamb\u00e9m pode ser fatal\"}]},{\"@type\":\"WebSite\",\"@id\":\"https:\/\/www.federassantas.org.br\/novosite\/#website\",\"url\":\"https:\/\/www.federassantas.org.br\/novosite\/\",\"name\":\"Federassantas\",\"description\":\"Fed. das Santas Casas e Hospitais Filantr\u00f3picos de MG\",\"publisher\":{\"@id\":\"https:\/\/www.federassantas.org.br\/novosite\/#organization\"},\"potentialAction\":[{\"@type\":\"SearchAction\",\"target\":{\"@type\":\"EntryPoint\",\"urlTemplate\":\"https:\/\/www.federassantas.org.br\/novosite\/?s={search_term_string}\"},\"query-input\":{\"@type\":\"PropertyValueSpecification\",\"valueRequired\":true,\"valueName\":\"search_term_string\"}}],\"inLanguage\":\"pt-BR\"},{\"@type\":\"Organization\",\"@id\":\"https:\/\/www.federassantas.org.br\/novosite\/#organization\",\"name\":\"Federassantas\",\"url\":\"https:\/\/www.federassantas.org.br\/novosite\/\",\"logo\":{\"@type\":\"ImageObject\",\"inLanguage\":\"pt-BR\",\"@id\":\"https:\/\/www.federassantas.org.br\/novosite\/#\/schema\/logo\/image\/\",\"url\":\"https:\/\/www.federassantas.org.br\/novosite\/wp-content\/uploads\/2021\/12\/logo.png\",\"contentUrl\":\"https:\/\/www.federassantas.org.br\/novosite\/wp-content\/uploads\/2021\/12\/logo.png\",\"width\":243,\"height\":59,\"caption\":\"Federassantas\"},\"image\":{\"@id\":\"https:\/\/www.federassantas.org.br\/novosite\/#\/schema\/logo\/image\/\"}},{\"@type\":\"Person\",\"@id\":\"https:\/\/www.federassantas.org.br\/novosite\/#\/schema\/person\/75fed98158349313fe56175f232f513c\",\"name\":\"admin-federas\",\"image\":{\"@type\":\"ImageObject\",\"inLanguage\":\"pt-BR\",\"@id\":\"https:\/\/www.federassantas.org.br\/novosite\/#\/schema\/person\/image\/\",\"url\":\"https:\/\/secure.gravatar.com\/avatar\/2a02d7dda59fe8dc6b7ffd3f652e2efede5ccf0dd89dfdc8137c5517f3de8407?s=96&d=mm&r=g\",\"contentUrl\":\"https:\/\/secure.gravatar.com\/avatar\/2a02d7dda59fe8dc6b7ffd3f652e2efede5ccf0dd89dfdc8137c5517f3de8407?s=96&d=mm&r=g\",\"caption\":\"admin-federas\"},\"sameAs\":[\"https:\/\/www.federassantas.org.br\/novosite\/\"],\"url\":\"https:\/\/www.federassantas.org.br\/novosite\/author\/admin-federas\/\"}]}<\/script>\n<!-- \/ Yoast SEO plugin. -->","yoast_head_json":{"title":"Apesar de raro, c\u00e2ncer de mama masculino tamb\u00e9m pode ser fatal - Federassantas","robots":{"index":"index","follow":"follow","max-snippet":"max-snippet:-1","max-image-preview":"max-image-preview:large","max-video-preview":"max-video-preview:-1"},"canonical":"https:\/\/www.federassantas.org.br\/novosite\/apesar-de-raro-cancer-de-mama-masculino-tambem-pode-ser-fatal\/","og_locale":"pt_BR","og_type":"article","og_title":"Apesar de raro, c\u00e2ncer de mama masculino tamb\u00e9m pode ser fatal - Federassantas","og_description":"De acordo com o Inca, 16.254 brasileiros morreram de c\u00e2ncer de mama em 2016, sendo 16.069 mulheres e apenas 185 homens. Doen\u00e7a pode ser prevenida com h\u00e1bitos de vida saud\u00e1veis. Apenas 1%. Este \u00e9 o total de homens acometidos pelo c\u00e2ncer de mama no Brasil em rela\u00e7\u00e3o \u00e0s mulheres. A incid\u00eancia masculina \u00e9 t\u00e3o rara [&hellip;]","og_url":"https:\/\/www.federassantas.org.br\/novosite\/apesar-de-raro-cancer-de-mama-masculino-tambem-pode-ser-fatal\/","og_site_name":"Federassantas","article_published_time":"2018-10-31T20:26:09+00:00","author":"admin-federas","twitter_card":"summary_large_image","twitter_misc":{"Escrito por":"admin-federas","Est. tempo de leitura":"1 minuto"},"schema":{"@context":"https:\/\/schema.org","@graph":[{"@type":"Article","@id":"https:\/\/www.federassantas.org.br\/novosite\/apesar-de-raro-cancer-de-mama-masculino-tambem-pode-ser-fatal\/#article","isPartOf":{"@id":"https:\/\/www.federassantas.org.br\/novosite\/apesar-de-raro-cancer-de-mama-masculino-tambem-pode-ser-fatal\/"},"author":{"name":"admin-federas","@id":"https:\/\/www.federassantas.org.br\/novosite\/#\/schema\/person\/75fed98158349313fe56175f232f513c"},"headline":"Apesar de raro, c\u00e2ncer de mama masculino tamb\u00e9m pode ser fatal","datePublished":"2018-10-31T20:26:09+00:00","mainEntityOfPage":{"@id":"https:\/\/www.federassantas.org.br\/novosite\/apesar-de-raro-cancer-de-mama-masculino-tambem-pode-ser-fatal\/"},"wordCount":255,"commentCount":0,"publisher":{"@id":"https:\/\/www.federassantas.org.br\/novosite\/#organization"},"image":{"@id":"https:\/\/www.federassantas.org.br\/novosite\/apesar-de-raro-cancer-de-mama-masculino-tambem-pode-ser-fatal\/#primaryimage"},"thumbnailUrl":"","articleSection":["Not\u00edcias"],"inLanguage":"pt-BR","potentialAction":[{"@type":"CommentAction","name":"Comment","target":["https:\/\/www.federassantas.org.br\/novosite\/apesar-de-raro-cancer-de-mama-masculino-tambem-pode-ser-fatal\/#respond"]}]},{"@type":"WebPage","@id":"https:\/\/www.federassantas.org.br\/novosite\/apesar-de-raro-cancer-de-mama-masculino-tambem-pode-ser-fatal\/","url":"https:\/\/www.federassantas.org.br\/novosite\/apesar-de-raro-cancer-de-mama-masculino-tambem-pode-ser-fatal\/","name":"Apesar de raro, c\u00e2ncer de mama masculino tamb\u00e9m pode ser fatal - Federassantas","isPartOf":{"@id":"https:\/\/www.federassantas.org.br\/novosite\/#website"},"primaryImageOfPage":{"@id":"https:\/\/www.federassantas.org.br\/novosite\/apesar-de-raro-cancer-de-mama-masculino-tambem-pode-ser-fatal\/#primaryimage"},"image":{"@id":"https:\/\/www.federassantas.org.br\/novosite\/apesar-de-raro-cancer-de-mama-masculino-tambem-pode-ser-fatal\/#primaryimage"},"thumbnailUrl":"","datePublished":"2018-10-31T20:26:09+00:00","breadcrumb":{"@id":"https:\/\/www.federassantas.org.br\/novosite\/apesar-de-raro-cancer-de-mama-masculino-tambem-pode-ser-fatal\/#breadcrumb"},"inLanguage":"pt-BR","potentialAction":[{"@type":"ReadAction","target":["https:\/\/www.federassantas.org.br\/novosite\/apesar-de-raro-cancer-de-mama-masculino-tambem-pode-ser-fatal\/"]}]},{"@type":"ImageObject","inLanguage":"pt-BR","@id":"https:\/\/www.federassantas.org.br\/novosite\/apesar-de-raro-cancer-de-mama-masculino-tambem-pode-ser-fatal\/#primaryimage","url":"","contentUrl":""},{"@type":"BreadcrumbList","@id":"https:\/\/www.federassantas.org.br\/novosite\/apesar-de-raro-cancer-de-mama-masculino-tambem-pode-ser-fatal\/#breadcrumb","itemListElement":[{"@type":"ListItem","position":1,"name":"In\u00edcio","item":"https:\/\/www.federassantas.org.br\/novosite\/"},{"@type":"ListItem","position":2,"name":"Apesar de raro, c\u00e2ncer de mama masculino tamb\u00e9m pode ser fatal"}]},{"@type":"WebSite","@id":"https:\/\/www.federassantas.org.br\/novosite\/#website","url":"https:\/\/www.federassantas.org.br\/novosite\/","name":"Federassantas","description":"Fed. das Santas Casas e Hospitais Filantr\u00f3picos de MG","publisher":{"@id":"https:\/\/www.federassantas.org.br\/novosite\/#organization"},"potentialAction":[{"@type":"SearchAction","target":{"@type":"EntryPoint","urlTemplate":"https:\/\/www.federassantas.org.br\/novosite\/?s={search_term_string}"},"query-input":{"@type":"PropertyValueSpecification","valueRequired":true,"valueName":"search_term_string"}}],"inLanguage":"pt-BR"},{"@type":"Organization","@id":"https:\/\/www.federassantas.org.br\/novosite\/#organization","name":"Federassantas","url":"https:\/\/www.federassantas.org.br\/novosite\/","logo":{"@type":"ImageObject","inLanguage":"pt-BR","@id":"https:\/\/www.federassantas.org.br\/novosite\/#\/schema\/logo\/image\/","url":"https:\/\/www.federassantas.org.br\/novosite\/wp-content\/uploads\/2021\/12\/logo.png","contentUrl":"https:\/\/www.federassantas.org.br\/novosite\/wp-content\/uploads\/2021\/12\/logo.png","width":243,"height":59,"caption":"Federassantas"},"image":{"@id":"https:\/\/www.federassantas.org.br\/novosite\/#\/schema\/logo\/image\/"}},{"@type":"Person","@id":"https:\/\/www.federassantas.org.br\/novosite\/#\/schema\/person\/75fed98158349313fe56175f232f513c","name":"admin-federas","image":{"@type":"ImageObject","inLanguage":"pt-BR","@id":"https:\/\/www.federassantas.org.br\/novosite\/#\/schema\/person\/image\/","url":"https:\/\/secure.gravatar.com\/avatar\/2a02d7dda59fe8dc6b7ffd3f652e2efede5ccf0dd89dfdc8137c5517f3de8407?s=96&d=mm&r=g","contentUrl":"https:\/\/secure.gravatar.com\/avatar\/2a02d7dda59fe8dc6b7ffd3f652e2efede5ccf0dd89dfdc8137c5517f3de8407?s=96&d=mm&r=g","caption":"admin-federas"},"sameAs":["https:\/\/www.federassantas.org.br\/novosite\/"],"url":"https:\/\/www.federassantas.org.br\/novosite\/author\/admin-federas\/"}]}},"_links":{"self":[{"href":"https:\/\/www.federassantas.org.br\/novosite\/wp-json\/wp\/v2\/posts\/14690","targetHints":{"allow":["GET"]}}],"collection":[{"href":"https:\/\/www.federassantas.org.br\/novosite\/wp-json\/wp\/v2\/posts"}],"about":[{"href":"https:\/\/www.federassantas.org.br\/novosite\/wp-json\/wp\/v2\/types\/post"}],"author":[{"embeddable":true,"href":"https:\/\/www.federassantas.org.br\/novosite\/wp-json\/wp\/v2\/users\/1"}],"replies":[{"embeddable":true,"href":"https:\/\/www.federassantas.org.br\/novosite\/wp-json\/wp\/v2\/comments?post=14690"}],"version-history":[{"count":0,"href":"https:\/\/www.federassantas.org.br\/novosite\/wp-json\/wp\/v2\/posts\/14690\/revisions"}],"wp:featuredmedia":[{"embeddable":true,"href":"https:\/\/www.federassantas.org.br\/novosite\/wp-json\/"}],"wp:attachment":[{"href":"https:\/\/www.federassantas.org.br\/novosite\/wp-json\/wp\/v2\/media?parent=14690"}],"wp:term":[{"taxonomy":"category","embeddable":true,"href":"https:\/\/www.federassantas.org.br\/novosite\/wp-json\/wp\/v2\/categories?post=14690"},{"taxonomy":"post_tag","embeddable":true,"href":"https:\/\/www.federassantas.org.br\/novosite\/wp-json\/wp\/v2\/tags?post=14690"}],"curies":[{"name":"wp","href":"https:\/\/api.w.org\/{rel}","templated":true}]}}