{"id":14694,"date":"2018-10-31T18:28:57","date_gmt":"2018-10-31T20:28:57","guid":{"rendered":"https:\/\/federasbackup.meltcomunicacao.com.br\/?p=14694"},"modified":"2018-10-31T18:28:57","modified_gmt":"2018-10-31T20:28:57","slug":"como-potencializar-o-uso-adequado-de-ferramentas-de-gestao","status":"publish","type":"post","link":"https:\/\/www.federassantas.org.br\/novosite\/como-potencializar-o-uso-adequado-de-ferramentas-de-gestao\/","title":{"rendered":"Como potencializar o uso adequado de ferramentas de gest\u00e3o"},"content":{"rendered":"<p class=\"entry-subtitle\" style=\"text-align: justify;\">SPDATA fortalece o processo de implanta\u00e7\u00e3o de sistema<\/p>\n<p style=\"text-align: justify;\">Quando pensamos em implanta\u00e7\u00e3o de sistemas, logo pensamos em prover ferramentas para que os usu\u00e1rios possam ter em m\u00e3os instrumentos eficazes para tornar as tarefas mais \u00e1geis e seguras. Se analisarmos os cen\u00e1rios vividos durante as implanta\u00e7\u00f5es de novos sistemas, a resposta \u00e9 un\u00e2nime, a maior dificuldade a ser enfrentada \u00e9 a mudan\u00e7a, \u00e9 a aceita\u00e7\u00e3o e adapta\u00e7\u00e3o das pessoas, a inser\u00e7\u00e3o dos funcion\u00e1rios nesse processo. Essa \u00e9 uma dificuldade inerente ao ser humano que, ao se deparar com o desconhecido, tem a tend\u00eancia a resistir.<\/p>\n<p style=\"text-align: justify;\"><a href=\"https:\/\/spdata.com.br\/o-cenario-do-setor-de-saude-no-brasil-e-busca-por-solucoes-que-minimizem-perdas\/\">Em entrevista com um dos clientes da SPDATA<\/a>, Haroldo Martins, do Hospital Redentor de Bel\u00e9m, um dos principais pontos abordados foi exatamente a resist\u00eancia. Segundo Haroldo, o primeiro sistema utilizado pelo hospital n\u00e3o teve boa aceita\u00e7\u00e3o da equipe. Ent\u00e3o, ap\u00f3s uma longa tentativa, desgaste, troca de funcion\u00e1rios, resolveu mudar para a SPDATA. Decis\u00e3o tomada na expectativa de trazer uma empresa com um sistema bem consolidado no mercado e com vasta experi\u00eancia em implanta\u00e7\u00e3o de sistemas, com objetivo de atender todos seus fluxos e minimizar a rejei\u00e7\u00e3o dos usu\u00e1rios.<\/p>\n<h3 style=\"text-align: justify;\">Mas o que essa parceria tem a ver com tudo isso?<\/h3>\n<p style=\"text-align: justify;\">A&nbsp;<a href=\"https:\/\/www.dgess.com.br\/\">DGESS<\/a>, localizada em S\u00e3o Paulo, atua na presta\u00e7\u00e3o de servi\u00e7os de consultoria e assessoria para o mercado da SA\u00daDE. Sua expertise est\u00e1 voltada para a gest\u00e3o estrat\u00e9gica, forma\u00e7\u00e3o e capacita\u00e7\u00e3o de pessoas, por meio de a\u00e7\u00f5es personalizadas e direcionadas para a realidade de cada cliente. Ou seja, \u00e9 respons\u00e1vel por diagnosticar, oferecer consultoria e treinamento especializado para clientes do setor de sa\u00fade. Ela facilita a entrada do sistema no cliente (hospital) preparando os processos e pessoas para que estejam alinhados com a filosofia de automa\u00e7\u00e3o e integra\u00e7\u00e3o entre as \u00e1reas promovendo um fluxo \u00e1gil e seguro.<\/p>\n<p style=\"text-align: justify;\">Conversamos com o diretor executivo da DGESS, Paulo Cata, e vamos discorrer um pouco sobre o surgimento da parceria, qual o servi\u00e7o oferecido por eles, benef\u00edcios e muito mais.<\/p>\n<h3 style=\"text-align: justify;\">Como surgiu a parceria?<\/h3>\n<p style=\"text-align: justify;\">A parceria come\u00e7ou atrav\u00e9s de um encontro entre o diretor executivo da DGESS Paulo Cata e o Presidente da SPDATA M\u00e1rio Lonczynski, em uma feira de gest\u00e3o em sa\u00fade. Ao conversarem sobre a atua\u00e7\u00e3o das empresas em clientes comuns, perceberam que as dificuldades, no decorrer de implanta\u00e7\u00e3o do sistema j\u00e1 em opera\u00e7\u00e3o, estavam sendo tratadas atrav\u00e9s de a\u00e7\u00f5es da DGESS. Problemas de falta de clareza dos processos e falta do entendimento por parte dos usu\u00e1rios comprometiam o uso das solu\u00e7\u00f5es propostas pela SPDATA.<\/p>\n<p style=\"text-align: justify;\">Ap\u00f3s o evento, o diretor da SPDATA percebeu que a parceria seria importante para desmistificar o problema \u201csist\u00eamico\u201d. Al\u00e9m disso, a uni\u00e3o dos esfor\u00e7os resultaria na promo\u00e7\u00e3o de um cen\u00e1rio mais favor\u00e1vel para a ades\u00e3o dos processos informatizados, por que com o trabalho da DGESS, os profissionais estariam preparados para absorver as rotinas automatizadas com integra\u00e7\u00e3o entre as \u00e1reas e ainda profissionalizar as equipes, organizar os processos e melhorar a qualidade dos servi\u00e7os. Outra vantagem \u00e9 o fato de os usu\u00e1rios poderem usufruir de forma plena das ferramentas desenvolvidas pela empresa.<\/p>\n<h3 style=\"text-align: justify;\">Como \u00e9 o trabalho da DGESS? O que ela oferece para os clientes SPDATA?<\/h3>\n<p style=\"text-align: justify;\">A DGESS faz um diagn\u00f3stico da situa\u00e7\u00e3o do cliente, identifica os principais problemas, analisa resultados e ao final prop\u00f5e um plano de a\u00e7\u00f5es que objetive colaborar com o equil\u00edbrio das despesas e receitas, orienta sobre a quest\u00e3o de levantamento de recursos no caso de institui\u00e7\u00f5es filantr\u00f3picas, realiza treinamentos das equipes, identifica vulnerabilidades e muito mais. Ou seja, a DGESS entende \u201ca dor\u201d do cliente do mercado de sa\u00fade e prop\u00f5e solu\u00e7\u00f5es. Mas voc\u00ea deve estar se perguntando, como ela pode ajudar o cliente SPDATA? Justamente os usu\u00e1rios passam entender melhor os processos e tem a percep\u00e7\u00e3o clara da import\u00e2ncia do uso correto do sistema.<\/p>\n<p style=\"text-align: justify;\">A DGESS participa do processo de implanta\u00e7\u00e3o orientando as equipes, treinando e formando uma equipe competente para entender o sistema, utilizando todas as suas ferramentas de forma a trazer resultados para o hospital: reduzindo custos, otimizando processos, agilizando atividades etc.<\/p>\n<h3 style=\"text-align: justify;\">Como voc\u00ea v\u00ea esta parceria a curto e longo prazo?<\/h3>\n<p style=\"text-align: justify;\">Paulo afirma que a parceria tem tudo para ser duradoura. Segundo ele, dois de seus clientes est\u00e3o migrando para o sistema SPDATA. A decis\u00e3o surgiu quando perceberam que o perfil da institui\u00e7\u00e3o exigia um sistema todo integrado e que comportasse o perfil de atendimento privado e tamb\u00e9m pelo SUS, um formato bem espec\u00edfico. \u201cO sistema da SPDATA \u00e9 bom por que \u00e9 todo integrado e tem faturamento misto, \u00e9 uma ferramenta com custo e implanta\u00e7\u00e3o acess\u00edvel, n\u00f3s mostramos isso para eles\u201d, afirma Cata.<\/p>\n<p style=\"text-align: justify;\">Paulo tamb\u00e9m conta que mesmo antes da parceria, j\u00e1 conhecia o sistema e sua qualidade, por isso, j\u00e1 reverteu a inten\u00e7\u00e3o troca por parte de alguns clientes. Segundo ele, os clientes achavam que a plataforma n\u00e3o funcionava. Mas atrav\u00e9s da consultoria da DGESS, foi identificado que o problema era interno, da equipe, n\u00e3o do sistema SPDATA. \u201cTrocar um ERP \u00e9 complexo e \u00e9 necess\u00e1rio em alguns momentos. Por\u00e9m, nesses casos, percebemos que n\u00e3o era necess\u00e1rio, por que n\u00e3o era o sistema a raz\u00e3o do problema. Por isso, \u00e9 t\u00e3o importante ter pessoas especializadas colaborando com a tomada de decis\u00e3o\u201d, explica. Ele tamb\u00e9m afirma que \u00e9 muito bom trabalhar em parceria com empresas que se pode confiar e, segundo ele, \u00e9 o caso da SPDATA: \u201cTenho um respeito muito grande pela SPDATA. \u00c9 uma empresa s\u00e9ria, administrada por pessoas s\u00e9rias. Dentro do que \u00e9 oferecido nesse mercado, \u00e9 uma das melhores!\u201d<\/p>\n<p>Quer saber mais sobre o SGH da SPDATA? Acesse o site:&nbsp;<a href=\"https:\/\/spdata.com.br\/\">https:\/\/spdata.com.br\/<\/a><\/p>\n","protected":false},"excerpt":{"rendered":"<p>SPDATA fortalece o processo de implanta\u00e7\u00e3o de sistema Quando pensamos em implanta\u00e7\u00e3o de sistemas, logo pensamos em prover ferramentas para que os usu\u00e1rios possam ter em m\u00e3os instrumentos eficazes para tornar as tarefas mais \u00e1geis e seguras. Se analisarmos os cen\u00e1rios vividos durante as implanta\u00e7\u00f5es de novos sistemas, a resposta \u00e9 un\u00e2nime, a maior dificuldade [&hellip;]<\/p>\n","protected":false},"author":1,"featured_media":14695,"comment_status":"open","ping_status":"open","sticky":false,"template":"","format":"standard","meta":{"footnotes":""},"categories":[207,140],"tags":[],"class_list":["post-14694","post","type-post","status-publish","format-standard","has-post-thumbnail","hentry","category-empresas-parceiras","category-noticias"],"yoast_head":"<!-- This site is optimized with the Yoast SEO plugin v26.9 - https:\/\/yoast.com\/product\/yoast-seo-wordpress\/ -->\n<title>Como potencializar o uso adequado de ferramentas de gest\u00e3o - Federassantas<\/title>\n<meta name=\"robots\" content=\"index, follow, max-snippet:-1, max-image-preview:large, max-video-preview:-1\" \/>\n<link rel=\"canonical\" href=\"https:\/\/www.federassantas.org.br\/novosite\/como-potencializar-o-uso-adequado-de-ferramentas-de-gestao\/\" \/>\n<meta property=\"og:locale\" content=\"pt_BR\" \/>\n<meta property=\"og:type\" content=\"article\" \/>\n<meta property=\"og:title\" content=\"Como potencializar o uso adequado de ferramentas de gest\u00e3o - Federassantas\" \/>\n<meta property=\"og:description\" content=\"SPDATA fortalece o processo de implanta\u00e7\u00e3o de sistema Quando pensamos em implanta\u00e7\u00e3o de sistemas, logo pensamos em prover ferramentas para que os usu\u00e1rios possam ter em m\u00e3os instrumentos eficazes para tornar as tarefas mais \u00e1geis e seguras. Se analisarmos os cen\u00e1rios vividos durante as implanta\u00e7\u00f5es de novos sistemas, a resposta \u00e9 un\u00e2nime, a maior dificuldade [&hellip;]\" \/>\n<meta property=\"og:url\" content=\"https:\/\/www.federassantas.org.br\/novosite\/como-potencializar-o-uso-adequado-de-ferramentas-de-gestao\/\" \/>\n<meta property=\"og:site_name\" content=\"Federassantas\" \/>\n<meta property=\"article:published_time\" content=\"2018-10-31T20:28:57+00:00\" \/>\n<meta name=\"author\" content=\"admin-federas\" \/>\n<meta name=\"twitter:card\" content=\"summary_large_image\" \/>\n<meta name=\"twitter:label1\" content=\"Escrito por\" \/>\n\t<meta name=\"twitter:data1\" content=\"admin-federas\" \/>\n\t<meta name=\"twitter:label2\" content=\"Est. tempo de leitura\" \/>\n\t<meta name=\"twitter:data2\" content=\"5 minutos\" \/>\n<script type=\"application\/ld+json\" class=\"yoast-schema-graph\">{\"@context\":\"https:\/\/schema.org\",\"@graph\":[{\"@type\":\"Article\",\"@id\":\"https:\/\/www.federassantas.org.br\/novosite\/como-potencializar-o-uso-adequado-de-ferramentas-de-gestao\/#article\",\"isPartOf\":{\"@id\":\"https:\/\/www.federassantas.org.br\/novosite\/como-potencializar-o-uso-adequado-de-ferramentas-de-gestao\/\"},\"author\":{\"name\":\"admin-federas\",\"@id\":\"https:\/\/www.federassantas.org.br\/novosite\/#\/schema\/person\/75fed98158349313fe56175f232f513c\"},\"headline\":\"Como potencializar o uso adequado de ferramentas de gest\u00e3o\",\"datePublished\":\"2018-10-31T20:28:57+00:00\",\"mainEntityOfPage\":{\"@id\":\"https:\/\/www.federassantas.org.br\/novosite\/como-potencializar-o-uso-adequado-de-ferramentas-de-gestao\/\"},\"wordCount\":1010,\"commentCount\":0,\"publisher\":{\"@id\":\"https:\/\/www.federassantas.org.br\/novosite\/#organization\"},\"image\":{\"@id\":\"https:\/\/www.federassantas.org.br\/novosite\/como-potencializar-o-uso-adequado-de-ferramentas-de-gestao\/#primaryimage\"},\"thumbnailUrl\":\"\",\"articleSection\":[\"Empresas Parceiras\",\"Not\u00edcias\"],\"inLanguage\":\"pt-BR\",\"potentialAction\":[{\"@type\":\"CommentAction\",\"name\":\"Comment\",\"target\":[\"https:\/\/www.federassantas.org.br\/novosite\/como-potencializar-o-uso-adequado-de-ferramentas-de-gestao\/#respond\"]}]},{\"@type\":\"WebPage\",\"@id\":\"https:\/\/www.federassantas.org.br\/novosite\/como-potencializar-o-uso-adequado-de-ferramentas-de-gestao\/\",\"url\":\"https:\/\/www.federassantas.org.br\/novosite\/como-potencializar-o-uso-adequado-de-ferramentas-de-gestao\/\",\"name\":\"Como potencializar o uso adequado de ferramentas de gest\u00e3o - Federassantas\",\"isPartOf\":{\"@id\":\"https:\/\/www.federassantas.org.br\/novosite\/#website\"},\"primaryImageOfPage\":{\"@id\":\"https:\/\/www.federassantas.org.br\/novosite\/como-potencializar-o-uso-adequado-de-ferramentas-de-gestao\/#primaryimage\"},\"image\":{\"@id\":\"https:\/\/www.federassantas.org.br\/novosite\/como-potencializar-o-uso-adequado-de-ferramentas-de-gestao\/#primaryimage\"},\"thumbnailUrl\":\"\",\"datePublished\":\"2018-10-31T20:28:57+00:00\",\"breadcrumb\":{\"@id\":\"https:\/\/www.federassantas.org.br\/novosite\/como-potencializar-o-uso-adequado-de-ferramentas-de-gestao\/#breadcrumb\"},\"inLanguage\":\"pt-BR\",\"potentialAction\":[{\"@type\":\"ReadAction\",\"target\":[\"https:\/\/www.federassantas.org.br\/novosite\/como-potencializar-o-uso-adequado-de-ferramentas-de-gestao\/\"]}]},{\"@type\":\"ImageObject\",\"inLanguage\":\"pt-BR\",\"@id\":\"https:\/\/www.federassantas.org.br\/novosite\/como-potencializar-o-uso-adequado-de-ferramentas-de-gestao\/#primaryimage\",\"url\":\"\",\"contentUrl\":\"\"},{\"@type\":\"BreadcrumbList\",\"@id\":\"https:\/\/www.federassantas.org.br\/novosite\/como-potencializar-o-uso-adequado-de-ferramentas-de-gestao\/#breadcrumb\",\"itemListElement\":[{\"@type\":\"ListItem\",\"position\":1,\"name\":\"In\u00edcio\",\"item\":\"https:\/\/www.federassantas.org.br\/novosite\/\"},{\"@type\":\"ListItem\",\"position\":2,\"name\":\"Como potencializar o uso adequado de ferramentas de gest\u00e3o\"}]},{\"@type\":\"WebSite\",\"@id\":\"https:\/\/www.federassantas.org.br\/novosite\/#website\",\"url\":\"https:\/\/www.federassantas.org.br\/novosite\/\",\"name\":\"Federassantas\",\"description\":\"Fed. das Santas Casas e Hospitais Filantr\u00f3picos de MG\",\"publisher\":{\"@id\":\"https:\/\/www.federassantas.org.br\/novosite\/#organization\"},\"potentialAction\":[{\"@type\":\"SearchAction\",\"target\":{\"@type\":\"EntryPoint\",\"urlTemplate\":\"https:\/\/www.federassantas.org.br\/novosite\/?s={search_term_string}\"},\"query-input\":{\"@type\":\"PropertyValueSpecification\",\"valueRequired\":true,\"valueName\":\"search_term_string\"}}],\"inLanguage\":\"pt-BR\"},{\"@type\":\"Organization\",\"@id\":\"https:\/\/www.federassantas.org.br\/novosite\/#organization\",\"name\":\"Federassantas\",\"url\":\"https:\/\/www.federassantas.org.br\/novosite\/\",\"logo\":{\"@type\":\"ImageObject\",\"inLanguage\":\"pt-BR\",\"@id\":\"https:\/\/www.federassantas.org.br\/novosite\/#\/schema\/logo\/image\/\",\"url\":\"https:\/\/www.federassantas.org.br\/novosite\/wp-content\/uploads\/2021\/12\/logo.png\",\"contentUrl\":\"https:\/\/www.federassantas.org.br\/novosite\/wp-content\/uploads\/2021\/12\/logo.png\",\"width\":243,\"height\":59,\"caption\":\"Federassantas\"},\"image\":{\"@id\":\"https:\/\/www.federassantas.org.br\/novosite\/#\/schema\/logo\/image\/\"}},{\"@type\":\"Person\",\"@id\":\"https:\/\/www.federassantas.org.br\/novosite\/#\/schema\/person\/75fed98158349313fe56175f232f513c\",\"name\":\"admin-federas\",\"image\":{\"@type\":\"ImageObject\",\"inLanguage\":\"pt-BR\",\"@id\":\"https:\/\/www.federassantas.org.br\/novosite\/#\/schema\/person\/image\/\",\"url\":\"https:\/\/secure.gravatar.com\/avatar\/2a02d7dda59fe8dc6b7ffd3f652e2efede5ccf0dd89dfdc8137c5517f3de8407?s=96&d=mm&r=g\",\"contentUrl\":\"https:\/\/secure.gravatar.com\/avatar\/2a02d7dda59fe8dc6b7ffd3f652e2efede5ccf0dd89dfdc8137c5517f3de8407?s=96&d=mm&r=g\",\"caption\":\"admin-federas\"},\"sameAs\":[\"https:\/\/www.federassantas.org.br\/novosite\/\"],\"url\":\"https:\/\/www.federassantas.org.br\/novosite\/author\/admin-federas\/\"}]}<\/script>\n<!-- \/ Yoast SEO plugin. -->","yoast_head_json":{"title":"Como potencializar o uso adequado de ferramentas de gest\u00e3o - Federassantas","robots":{"index":"index","follow":"follow","max-snippet":"max-snippet:-1","max-image-preview":"max-image-preview:large","max-video-preview":"max-video-preview:-1"},"canonical":"https:\/\/www.federassantas.org.br\/novosite\/como-potencializar-o-uso-adequado-de-ferramentas-de-gestao\/","og_locale":"pt_BR","og_type":"article","og_title":"Como potencializar o uso adequado de ferramentas de gest\u00e3o - Federassantas","og_description":"SPDATA fortalece o processo de implanta\u00e7\u00e3o de sistema Quando pensamos em implanta\u00e7\u00e3o de sistemas, logo pensamos em prover ferramentas para que os usu\u00e1rios possam ter em m\u00e3os instrumentos eficazes para tornar as tarefas mais \u00e1geis e seguras. Se analisarmos os cen\u00e1rios vividos durante as implanta\u00e7\u00f5es de novos sistemas, a resposta \u00e9 un\u00e2nime, a maior dificuldade [&hellip;]","og_url":"https:\/\/www.federassantas.org.br\/novosite\/como-potencializar-o-uso-adequado-de-ferramentas-de-gestao\/","og_site_name":"Federassantas","article_published_time":"2018-10-31T20:28:57+00:00","author":"admin-federas","twitter_card":"summary_large_image","twitter_misc":{"Escrito por":"admin-federas","Est. tempo de leitura":"5 minutos"},"schema":{"@context":"https:\/\/schema.org","@graph":[{"@type":"Article","@id":"https:\/\/www.federassantas.org.br\/novosite\/como-potencializar-o-uso-adequado-de-ferramentas-de-gestao\/#article","isPartOf":{"@id":"https:\/\/www.federassantas.org.br\/novosite\/como-potencializar-o-uso-adequado-de-ferramentas-de-gestao\/"},"author":{"name":"admin-federas","@id":"https:\/\/www.federassantas.org.br\/novosite\/#\/schema\/person\/75fed98158349313fe56175f232f513c"},"headline":"Como potencializar o uso adequado de ferramentas de gest\u00e3o","datePublished":"2018-10-31T20:28:57+00:00","mainEntityOfPage":{"@id":"https:\/\/www.federassantas.org.br\/novosite\/como-potencializar-o-uso-adequado-de-ferramentas-de-gestao\/"},"wordCount":1010,"commentCount":0,"publisher":{"@id":"https:\/\/www.federassantas.org.br\/novosite\/#organization"},"image":{"@id":"https:\/\/www.federassantas.org.br\/novosite\/como-potencializar-o-uso-adequado-de-ferramentas-de-gestao\/#primaryimage"},"thumbnailUrl":"","articleSection":["Empresas Parceiras","Not\u00edcias"],"inLanguage":"pt-BR","potentialAction":[{"@type":"CommentAction","name":"Comment","target":["https:\/\/www.federassantas.org.br\/novosite\/como-potencializar-o-uso-adequado-de-ferramentas-de-gestao\/#respond"]}]},{"@type":"WebPage","@id":"https:\/\/www.federassantas.org.br\/novosite\/como-potencializar-o-uso-adequado-de-ferramentas-de-gestao\/","url":"https:\/\/www.federassantas.org.br\/novosite\/como-potencializar-o-uso-adequado-de-ferramentas-de-gestao\/","name":"Como potencializar o uso adequado de ferramentas de gest\u00e3o - Federassantas","isPartOf":{"@id":"https:\/\/www.federassantas.org.br\/novosite\/#website"},"primaryImageOfPage":{"@id":"https:\/\/www.federassantas.org.br\/novosite\/como-potencializar-o-uso-adequado-de-ferramentas-de-gestao\/#primaryimage"},"image":{"@id":"https:\/\/www.federassantas.org.br\/novosite\/como-potencializar-o-uso-adequado-de-ferramentas-de-gestao\/#primaryimage"},"thumbnailUrl":"","datePublished":"2018-10-31T20:28:57+00:00","breadcrumb":{"@id":"https:\/\/www.federassantas.org.br\/novosite\/como-potencializar-o-uso-adequado-de-ferramentas-de-gestao\/#breadcrumb"},"inLanguage":"pt-BR","potentialAction":[{"@type":"ReadAction","target":["https:\/\/www.federassantas.org.br\/novosite\/como-potencializar-o-uso-adequado-de-ferramentas-de-gestao\/"]}]},{"@type":"ImageObject","inLanguage":"pt-BR","@id":"https:\/\/www.federassantas.org.br\/novosite\/como-potencializar-o-uso-adequado-de-ferramentas-de-gestao\/#primaryimage","url":"","contentUrl":""},{"@type":"BreadcrumbList","@id":"https:\/\/www.federassantas.org.br\/novosite\/como-potencializar-o-uso-adequado-de-ferramentas-de-gestao\/#breadcrumb","itemListElement":[{"@type":"ListItem","position":1,"name":"In\u00edcio","item":"https:\/\/www.federassantas.org.br\/novosite\/"},{"@type":"ListItem","position":2,"name":"Como potencializar o uso adequado de ferramentas de gest\u00e3o"}]},{"@type":"WebSite","@id":"https:\/\/www.federassantas.org.br\/novosite\/#website","url":"https:\/\/www.federassantas.org.br\/novosite\/","name":"Federassantas","description":"Fed. das Santas Casas e Hospitais Filantr\u00f3picos de MG","publisher":{"@id":"https:\/\/www.federassantas.org.br\/novosite\/#organization"},"potentialAction":[{"@type":"SearchAction","target":{"@type":"EntryPoint","urlTemplate":"https:\/\/www.federassantas.org.br\/novosite\/?s={search_term_string}"},"query-input":{"@type":"PropertyValueSpecification","valueRequired":true,"valueName":"search_term_string"}}],"inLanguage":"pt-BR"},{"@type":"Organization","@id":"https:\/\/www.federassantas.org.br\/novosite\/#organization","name":"Federassantas","url":"https:\/\/www.federassantas.org.br\/novosite\/","logo":{"@type":"ImageObject","inLanguage":"pt-BR","@id":"https:\/\/www.federassantas.org.br\/novosite\/#\/schema\/logo\/image\/","url":"https:\/\/www.federassantas.org.br\/novosite\/wp-content\/uploads\/2021\/12\/logo.png","contentUrl":"https:\/\/www.federassantas.org.br\/novosite\/wp-content\/uploads\/2021\/12\/logo.png","width":243,"height":59,"caption":"Federassantas"},"image":{"@id":"https:\/\/www.federassantas.org.br\/novosite\/#\/schema\/logo\/image\/"}},{"@type":"Person","@id":"https:\/\/www.federassantas.org.br\/novosite\/#\/schema\/person\/75fed98158349313fe56175f232f513c","name":"admin-federas","image":{"@type":"ImageObject","inLanguage":"pt-BR","@id":"https:\/\/www.federassantas.org.br\/novosite\/#\/schema\/person\/image\/","url":"https:\/\/secure.gravatar.com\/avatar\/2a02d7dda59fe8dc6b7ffd3f652e2efede5ccf0dd89dfdc8137c5517f3de8407?s=96&d=mm&r=g","contentUrl":"https:\/\/secure.gravatar.com\/avatar\/2a02d7dda59fe8dc6b7ffd3f652e2efede5ccf0dd89dfdc8137c5517f3de8407?s=96&d=mm&r=g","caption":"admin-federas"},"sameAs":["https:\/\/www.federassantas.org.br\/novosite\/"],"url":"https:\/\/www.federassantas.org.br\/novosite\/author\/admin-federas\/"}]}},"_links":{"self":[{"href":"https:\/\/www.federassantas.org.br\/novosite\/wp-json\/wp\/v2\/posts\/14694","targetHints":{"allow":["GET"]}}],"collection":[{"href":"https:\/\/www.federassantas.org.br\/novosite\/wp-json\/wp\/v2\/posts"}],"about":[{"href":"https:\/\/www.federassantas.org.br\/novosite\/wp-json\/wp\/v2\/types\/post"}],"author":[{"embeddable":true,"href":"https:\/\/www.federassantas.org.br\/novosite\/wp-json\/wp\/v2\/users\/1"}],"replies":[{"embeddable":true,"href":"https:\/\/www.federassantas.org.br\/novosite\/wp-json\/wp\/v2\/comments?post=14694"}],"version-history":[{"count":0,"href":"https:\/\/www.federassantas.org.br\/novosite\/wp-json\/wp\/v2\/posts\/14694\/revisions"}],"wp:featuredmedia":[{"embeddable":true,"href":"https:\/\/www.federassantas.org.br\/novosite\/wp-json\/"}],"wp:attachment":[{"href":"https:\/\/www.federassantas.org.br\/novosite\/wp-json\/wp\/v2\/media?parent=14694"}],"wp:term":[{"taxonomy":"category","embeddable":true,"href":"https:\/\/www.federassantas.org.br\/novosite\/wp-json\/wp\/v2\/categories?post=14694"},{"taxonomy":"post_tag","embeddable":true,"href":"https:\/\/www.federassantas.org.br\/novosite\/wp-json\/wp\/v2\/tags?post=14694"}],"curies":[{"name":"wp","href":"https:\/\/api.w.org\/{rel}","templated":true}]}}