{"id":14729,"date":"2018-11-08T09:44:58","date_gmt":"2018-11-08T11:44:58","guid":{"rendered":"https:\/\/federasbackup.meltcomunicacao.com.br\/?p=14729"},"modified":"2018-11-08T09:44:58","modified_gmt":"2018-11-08T11:44:58","slug":"por-questoes-politicas-e-adiada-votacao-de-texto-que-cria-linha-de-credito-para-os-filantropicos-com-recursos-do-fgts","status":"publish","type":"post","link":"https:\/\/www.federassantas.org.br\/novosite\/por-questoes-politicas-e-adiada-votacao-de-texto-que-cria-linha-de-credito-para-os-filantropicos-com-recursos-do-fgts\/","title":{"rendered":"Por quest\u00f5es pol\u00edticas, \u00e9 adiada vota\u00e7\u00e3o de texto que cria linha de cr\u00e9dito para os filantr\u00f3picos com recursos do FGTS"},"content":{"rendered":"<p style=\"text-align: justify;\">Foi adiada, mais uma vez, na data de ontem (07\/11), a vota\u00e7\u00e3o dos textos complementares da medida provis\u00f3ria n\u00ba 848, referente a abertura de cr\u00e9dito para as santas casas e hospitais filantr\u00f3picos, utilizando recursos do FGTS.<\/p>\n<p style=\"text-align: justify;\">De acordo com o Diretor Geral da CMB, Jos\u00e9 Luiz Spigolon, quest\u00f5es pol\u00edticas est\u00e3o impedindo a vota\u00e7\u00e3o dos textos.<\/p>\n<p style=\"text-align: justify;\">Spigolon explica que existem 26 destaques, que s\u00e3o propostas de outros parlamentares que alteram o texto base da medida, para serem votadas na C\u00e2mara do Deputados. Spigolon destaca que na semana passada, os deputados conseguiram aprovar apenas um\u00a0 destaque, que amplia o benef\u00edcio da linha de cr\u00e9dito para as APAE\u00b4s.<\/p>\n<p style=\"text-align: justify;\">Segundo o diretor da CMB, neste momento, a orienta\u00e7\u00e3o para as federa\u00e7\u00f5es e para os hospitais filantr\u00f3picos \u00e9 de di\u00e1logo com os parlamentares pois, segundo ele, a maior parte dos destaques prejudicar\u00e1 as institui\u00e7\u00f5es sem fins lucrativos. Ele ressalta que ser\u00e1 necess\u00e1rio um amplo apoio dos parlamentares dos respectivos estados.<\/p>\n<p style=\"text-align: justify;\">Spigolon acredita que uma nova data com previs\u00e3o para vota\u00e7\u00e3o dos textos ser\u00e1 somente na pr\u00f3xima semana. Ele destaca a import\u00e2ncia da vota\u00e7\u00e3o o quanto antes, para que os textos aprovados sejam encaminhados e votados tamb\u00e9m no Senado, ainda este ano, antes do recesso dos parlamentares. Ele destaca que, caso a medida seja aprovada ainda este, somente no pr\u00f3ximo ano as institui\u00e7\u00f5es filantr\u00f3picas poder\u00e3o usufruir das linhas de cr\u00e9dito com recursos do FGTS.<\/p>\n<p style=\"text-align: justify;\">A medida provis\u00f3ria n\u00ba 848 \u00e9 de grande import\u00e2ncia para o setor hospitalar filantr\u00f3pico pois trar\u00e1 um alivio financeiro para as institui\u00e7\u00f5es. De acordo com Spigolon,\u00a0 o valor total da d\u00edvida dos filantr\u00f3picos com as institui\u00e7\u00f5es banc\u00e1rias chega \u00e0 R$ 4,5 bilh\u00f5es, com\u00a0 juros m\u00e9dio de 20% ao ano \u2013 ou seja, os hospitais est\u00e3o pagando cerca de R$ 1 bilh\u00e3o apenas de juros sobre a d\u00edvida. Se for aprovada, a medida vai reduzir pela metade esse valor. O dinheiro economizado pode ser transformado em investimento, contrata\u00e7\u00e3o de profissionais, compra de equipamentos, melhoraria na assist\u00eancia, dentre outros, pelas institui\u00e7\u00f5es.<\/p>\n<p><em>Por Raquel Gontijo &#8211; Assessoria de Comunica\u00e7\u00e3o Federassantas<\/em><\/p>\n","protected":false},"excerpt":{"rendered":"<p>Foi adiada, mais uma vez, na data de ontem (07\/11), a vota\u00e7\u00e3o dos textos complementares da medida provis\u00f3ria n\u00ba 848, referente a abertura de cr\u00e9dito para as santas casas e hospitais filantr\u00f3picos, utilizando recursos do FGTS. De acordo com o Diretor Geral da CMB, Jos\u00e9 Luiz Spigolon, quest\u00f5es pol\u00edticas est\u00e3o impedindo a vota\u00e7\u00e3o dos textos. [&hellip;]<\/p>\n","protected":false},"author":1,"featured_media":14730,"comment_status":"open","ping_status":"open","sticky":false,"template":"","format":"standard","meta":{"footnotes":""},"categories":[140,143],"tags":[],"class_list":["post-14729","post","type-post","status-publish","format-standard","has-post-thumbnail","hentry","category-noticias","category-noticias-publicas"],"yoast_head":"<!-- This site is optimized with the Yoast SEO plugin v26.9 - https:\/\/yoast.com\/product\/yoast-seo-wordpress\/ -->\n<title>Por quest\u00f5es pol\u00edticas, \u00e9 adiada vota\u00e7\u00e3o de texto que cria linha de cr\u00e9dito para os filantr\u00f3picos com recursos do FGTS - Federassantas<\/title>\n<meta name=\"robots\" content=\"index, follow, max-snippet:-1, max-image-preview:large, max-video-preview:-1\" \/>\n<link rel=\"canonical\" href=\"https:\/\/www.federassantas.org.br\/novosite\/por-questoes-politicas-e-adiada-votacao-de-texto-que-cria-linha-de-credito-para-os-filantropicos-com-recursos-do-fgts\/\" \/>\n<meta property=\"og:locale\" content=\"pt_BR\" \/>\n<meta property=\"og:type\" content=\"article\" \/>\n<meta property=\"og:title\" content=\"Por quest\u00f5es pol\u00edticas, \u00e9 adiada vota\u00e7\u00e3o de texto que cria linha de cr\u00e9dito para os filantr\u00f3picos com recursos do FGTS - Federassantas\" \/>\n<meta property=\"og:description\" content=\"Foi adiada, mais uma vez, na data de ontem (07\/11), a vota\u00e7\u00e3o dos textos complementares da medida provis\u00f3ria n\u00ba 848, referente a abertura de cr\u00e9dito para as santas casas e hospitais filantr\u00f3picos, utilizando recursos do FGTS. De acordo com o Diretor Geral da CMB, Jos\u00e9 Luiz Spigolon, quest\u00f5es pol\u00edticas est\u00e3o impedindo a vota\u00e7\u00e3o dos textos. [&hellip;]\" \/>\n<meta property=\"og:url\" content=\"https:\/\/www.federassantas.org.br\/novosite\/por-questoes-politicas-e-adiada-votacao-de-texto-que-cria-linha-de-credito-para-os-filantropicos-com-recursos-do-fgts\/\" \/>\n<meta property=\"og:site_name\" content=\"Federassantas\" \/>\n<meta property=\"article:published_time\" content=\"2018-11-08T11:44:58+00:00\" \/>\n<meta name=\"author\" content=\"admin-federas\" \/>\n<meta name=\"twitter:card\" content=\"summary_large_image\" \/>\n<meta name=\"twitter:label1\" content=\"Escrito por\" \/>\n\t<meta name=\"twitter:data1\" content=\"admin-federas\" \/>\n\t<meta name=\"twitter:label2\" content=\"Est. tempo de leitura\" \/>\n\t<meta name=\"twitter:data2\" content=\"2 minutos\" \/>\n<script type=\"application\/ld+json\" class=\"yoast-schema-graph\">{\"@context\":\"https:\/\/schema.org\",\"@graph\":[{\"@type\":\"Article\",\"@id\":\"https:\/\/www.federassantas.org.br\/novosite\/por-questoes-politicas-e-adiada-votacao-de-texto-que-cria-linha-de-credito-para-os-filantropicos-com-recursos-do-fgts\/#article\",\"isPartOf\":{\"@id\":\"https:\/\/www.federassantas.org.br\/novosite\/por-questoes-politicas-e-adiada-votacao-de-texto-que-cria-linha-de-credito-para-os-filantropicos-com-recursos-do-fgts\/\"},\"author\":{\"name\":\"admin-federas\",\"@id\":\"https:\/\/www.federassantas.org.br\/novosite\/#\/schema\/person\/75fed98158349313fe56175f232f513c\"},\"headline\":\"Por quest\u00f5es pol\u00edticas, \u00e9 adiada vota\u00e7\u00e3o de texto que cria linha de cr\u00e9dito para os filantr\u00f3picos com recursos do FGTS\",\"datePublished\":\"2018-11-08T11:44:58+00:00\",\"mainEntityOfPage\":{\"@id\":\"https:\/\/www.federassantas.org.br\/novosite\/por-questoes-politicas-e-adiada-votacao-de-texto-que-cria-linha-de-credito-para-os-filantropicos-com-recursos-do-fgts\/\"},\"wordCount\":395,\"commentCount\":0,\"publisher\":{\"@id\":\"https:\/\/www.federassantas.org.br\/novosite\/#organization\"},\"image\":{\"@id\":\"https:\/\/www.federassantas.org.br\/novosite\/por-questoes-politicas-e-adiada-votacao-de-texto-que-cria-linha-de-credito-para-os-filantropicos-com-recursos-do-fgts\/#primaryimage\"},\"thumbnailUrl\":\"\",\"articleSection\":[\"Not\u00edcias\",\"Not\u00edcias P\u00fablicas\"],\"inLanguage\":\"pt-BR\",\"potentialAction\":[{\"@type\":\"CommentAction\",\"name\":\"Comment\",\"target\":[\"https:\/\/www.federassantas.org.br\/novosite\/por-questoes-politicas-e-adiada-votacao-de-texto-que-cria-linha-de-credito-para-os-filantropicos-com-recursos-do-fgts\/#respond\"]}]},{\"@type\":\"WebPage\",\"@id\":\"https:\/\/www.federassantas.org.br\/novosite\/por-questoes-politicas-e-adiada-votacao-de-texto-que-cria-linha-de-credito-para-os-filantropicos-com-recursos-do-fgts\/\",\"url\":\"https:\/\/www.federassantas.org.br\/novosite\/por-questoes-politicas-e-adiada-votacao-de-texto-que-cria-linha-de-credito-para-os-filantropicos-com-recursos-do-fgts\/\",\"name\":\"Por quest\u00f5es pol\u00edticas, \u00e9 adiada vota\u00e7\u00e3o de texto que cria linha de cr\u00e9dito para os filantr\u00f3picos com recursos do FGTS - Federassantas\",\"isPartOf\":{\"@id\":\"https:\/\/www.federassantas.org.br\/novosite\/#website\"},\"primaryImageOfPage\":{\"@id\":\"https:\/\/www.federassantas.org.br\/novosite\/por-questoes-politicas-e-adiada-votacao-de-texto-que-cria-linha-de-credito-para-os-filantropicos-com-recursos-do-fgts\/#primaryimage\"},\"image\":{\"@id\":\"https:\/\/www.federassantas.org.br\/novosite\/por-questoes-politicas-e-adiada-votacao-de-texto-que-cria-linha-de-credito-para-os-filantropicos-com-recursos-do-fgts\/#primaryimage\"},\"thumbnailUrl\":\"\",\"datePublished\":\"2018-11-08T11:44:58+00:00\",\"breadcrumb\":{\"@id\":\"https:\/\/www.federassantas.org.br\/novosite\/por-questoes-politicas-e-adiada-votacao-de-texto-que-cria-linha-de-credito-para-os-filantropicos-com-recursos-do-fgts\/#breadcrumb\"},\"inLanguage\":\"pt-BR\",\"potentialAction\":[{\"@type\":\"ReadAction\",\"target\":[\"https:\/\/www.federassantas.org.br\/novosite\/por-questoes-politicas-e-adiada-votacao-de-texto-que-cria-linha-de-credito-para-os-filantropicos-com-recursos-do-fgts\/\"]}]},{\"@type\":\"ImageObject\",\"inLanguage\":\"pt-BR\",\"@id\":\"https:\/\/www.federassantas.org.br\/novosite\/por-questoes-politicas-e-adiada-votacao-de-texto-que-cria-linha-de-credito-para-os-filantropicos-com-recursos-do-fgts\/#primaryimage\",\"url\":\"\",\"contentUrl\":\"\"},{\"@type\":\"BreadcrumbList\",\"@id\":\"https:\/\/www.federassantas.org.br\/novosite\/por-questoes-politicas-e-adiada-votacao-de-texto-que-cria-linha-de-credito-para-os-filantropicos-com-recursos-do-fgts\/#breadcrumb\",\"itemListElement\":[{\"@type\":\"ListItem\",\"position\":1,\"name\":\"In\u00edcio\",\"item\":\"https:\/\/www.federassantas.org.br\/novosite\/\"},{\"@type\":\"ListItem\",\"position\":2,\"name\":\"Por quest\u00f5es pol\u00edticas, \u00e9 adiada vota\u00e7\u00e3o de texto que cria linha de cr\u00e9dito para os filantr\u00f3picos com recursos do FGTS\"}]},{\"@type\":\"WebSite\",\"@id\":\"https:\/\/www.federassantas.org.br\/novosite\/#website\",\"url\":\"https:\/\/www.federassantas.org.br\/novosite\/\",\"name\":\"Federassantas\",\"description\":\"Fed. das Santas Casas e Hospitais Filantr\u00f3picos de MG\",\"publisher\":{\"@id\":\"https:\/\/www.federassantas.org.br\/novosite\/#organization\"},\"potentialAction\":[{\"@type\":\"SearchAction\",\"target\":{\"@type\":\"EntryPoint\",\"urlTemplate\":\"https:\/\/www.federassantas.org.br\/novosite\/?s={search_term_string}\"},\"query-input\":{\"@type\":\"PropertyValueSpecification\",\"valueRequired\":true,\"valueName\":\"search_term_string\"}}],\"inLanguage\":\"pt-BR\"},{\"@type\":\"Organization\",\"@id\":\"https:\/\/www.federassantas.org.br\/novosite\/#organization\",\"name\":\"Federassantas\",\"url\":\"https:\/\/www.federassantas.org.br\/novosite\/\",\"logo\":{\"@type\":\"ImageObject\",\"inLanguage\":\"pt-BR\",\"@id\":\"https:\/\/www.federassantas.org.br\/novosite\/#\/schema\/logo\/image\/\",\"url\":\"https:\/\/www.federassantas.org.br\/novosite\/wp-content\/uploads\/2021\/12\/logo.png\",\"contentUrl\":\"https:\/\/www.federassantas.org.br\/novosite\/wp-content\/uploads\/2021\/12\/logo.png\",\"width\":243,\"height\":59,\"caption\":\"Federassantas\"},\"image\":{\"@id\":\"https:\/\/www.federassantas.org.br\/novosite\/#\/schema\/logo\/image\/\"}},{\"@type\":\"Person\",\"@id\":\"https:\/\/www.federassantas.org.br\/novosite\/#\/schema\/person\/75fed98158349313fe56175f232f513c\",\"name\":\"admin-federas\",\"image\":{\"@type\":\"ImageObject\",\"inLanguage\":\"pt-BR\",\"@id\":\"https:\/\/www.federassantas.org.br\/novosite\/#\/schema\/person\/image\/\",\"url\":\"https:\/\/secure.gravatar.com\/avatar\/2a02d7dda59fe8dc6b7ffd3f652e2efede5ccf0dd89dfdc8137c5517f3de8407?s=96&d=mm&r=g\",\"contentUrl\":\"https:\/\/secure.gravatar.com\/avatar\/2a02d7dda59fe8dc6b7ffd3f652e2efede5ccf0dd89dfdc8137c5517f3de8407?s=96&d=mm&r=g\",\"caption\":\"admin-federas\"},\"sameAs\":[\"https:\/\/www.federassantas.org.br\/novosite\/\"],\"url\":\"https:\/\/www.federassantas.org.br\/novosite\/author\/admin-federas\/\"}]}<\/script>\n<!-- \/ Yoast SEO plugin. -->","yoast_head_json":{"title":"Por quest\u00f5es pol\u00edticas, \u00e9 adiada vota\u00e7\u00e3o de texto que cria linha de cr\u00e9dito para os filantr\u00f3picos com recursos do FGTS - Federassantas","robots":{"index":"index","follow":"follow","max-snippet":"max-snippet:-1","max-image-preview":"max-image-preview:large","max-video-preview":"max-video-preview:-1"},"canonical":"https:\/\/www.federassantas.org.br\/novosite\/por-questoes-politicas-e-adiada-votacao-de-texto-que-cria-linha-de-credito-para-os-filantropicos-com-recursos-do-fgts\/","og_locale":"pt_BR","og_type":"article","og_title":"Por quest\u00f5es pol\u00edticas, \u00e9 adiada vota\u00e7\u00e3o de texto que cria linha de cr\u00e9dito para os filantr\u00f3picos com recursos do FGTS - Federassantas","og_description":"Foi adiada, mais uma vez, na data de ontem (07\/11), a vota\u00e7\u00e3o dos textos complementares da medida provis\u00f3ria n\u00ba 848, referente a abertura de cr\u00e9dito para as santas casas e hospitais filantr\u00f3picos, utilizando recursos do FGTS. De acordo com o Diretor Geral da CMB, Jos\u00e9 Luiz Spigolon, quest\u00f5es pol\u00edticas est\u00e3o impedindo a vota\u00e7\u00e3o dos textos. [&hellip;]","og_url":"https:\/\/www.federassantas.org.br\/novosite\/por-questoes-politicas-e-adiada-votacao-de-texto-que-cria-linha-de-credito-para-os-filantropicos-com-recursos-do-fgts\/","og_site_name":"Federassantas","article_published_time":"2018-11-08T11:44:58+00:00","author":"admin-federas","twitter_card":"summary_large_image","twitter_misc":{"Escrito por":"admin-federas","Est. tempo de leitura":"2 minutos"},"schema":{"@context":"https:\/\/schema.org","@graph":[{"@type":"Article","@id":"https:\/\/www.federassantas.org.br\/novosite\/por-questoes-politicas-e-adiada-votacao-de-texto-que-cria-linha-de-credito-para-os-filantropicos-com-recursos-do-fgts\/#article","isPartOf":{"@id":"https:\/\/www.federassantas.org.br\/novosite\/por-questoes-politicas-e-adiada-votacao-de-texto-que-cria-linha-de-credito-para-os-filantropicos-com-recursos-do-fgts\/"},"author":{"name":"admin-federas","@id":"https:\/\/www.federassantas.org.br\/novosite\/#\/schema\/person\/75fed98158349313fe56175f232f513c"},"headline":"Por quest\u00f5es pol\u00edticas, \u00e9 adiada vota\u00e7\u00e3o de texto que cria linha de cr\u00e9dito para os filantr\u00f3picos com recursos do FGTS","datePublished":"2018-11-08T11:44:58+00:00","mainEntityOfPage":{"@id":"https:\/\/www.federassantas.org.br\/novosite\/por-questoes-politicas-e-adiada-votacao-de-texto-que-cria-linha-de-credito-para-os-filantropicos-com-recursos-do-fgts\/"},"wordCount":395,"commentCount":0,"publisher":{"@id":"https:\/\/www.federassantas.org.br\/novosite\/#organization"},"image":{"@id":"https:\/\/www.federassantas.org.br\/novosite\/por-questoes-politicas-e-adiada-votacao-de-texto-que-cria-linha-de-credito-para-os-filantropicos-com-recursos-do-fgts\/#primaryimage"},"thumbnailUrl":"","articleSection":["Not\u00edcias","Not\u00edcias P\u00fablicas"],"inLanguage":"pt-BR","potentialAction":[{"@type":"CommentAction","name":"Comment","target":["https:\/\/www.federassantas.org.br\/novosite\/por-questoes-politicas-e-adiada-votacao-de-texto-que-cria-linha-de-credito-para-os-filantropicos-com-recursos-do-fgts\/#respond"]}]},{"@type":"WebPage","@id":"https:\/\/www.federassantas.org.br\/novosite\/por-questoes-politicas-e-adiada-votacao-de-texto-que-cria-linha-de-credito-para-os-filantropicos-com-recursos-do-fgts\/","url":"https:\/\/www.federassantas.org.br\/novosite\/por-questoes-politicas-e-adiada-votacao-de-texto-que-cria-linha-de-credito-para-os-filantropicos-com-recursos-do-fgts\/","name":"Por quest\u00f5es pol\u00edticas, \u00e9 adiada vota\u00e7\u00e3o de texto que cria linha de cr\u00e9dito para os filantr\u00f3picos com recursos do FGTS - Federassantas","isPartOf":{"@id":"https:\/\/www.federassantas.org.br\/novosite\/#website"},"primaryImageOfPage":{"@id":"https:\/\/www.federassantas.org.br\/novosite\/por-questoes-politicas-e-adiada-votacao-de-texto-que-cria-linha-de-credito-para-os-filantropicos-com-recursos-do-fgts\/#primaryimage"},"image":{"@id":"https:\/\/www.federassantas.org.br\/novosite\/por-questoes-politicas-e-adiada-votacao-de-texto-que-cria-linha-de-credito-para-os-filantropicos-com-recursos-do-fgts\/#primaryimage"},"thumbnailUrl":"","datePublished":"2018-11-08T11:44:58+00:00","breadcrumb":{"@id":"https:\/\/www.federassantas.org.br\/novosite\/por-questoes-politicas-e-adiada-votacao-de-texto-que-cria-linha-de-credito-para-os-filantropicos-com-recursos-do-fgts\/#breadcrumb"},"inLanguage":"pt-BR","potentialAction":[{"@type":"ReadAction","target":["https:\/\/www.federassantas.org.br\/novosite\/por-questoes-politicas-e-adiada-votacao-de-texto-que-cria-linha-de-credito-para-os-filantropicos-com-recursos-do-fgts\/"]}]},{"@type":"ImageObject","inLanguage":"pt-BR","@id":"https:\/\/www.federassantas.org.br\/novosite\/por-questoes-politicas-e-adiada-votacao-de-texto-que-cria-linha-de-credito-para-os-filantropicos-com-recursos-do-fgts\/#primaryimage","url":"","contentUrl":""},{"@type":"BreadcrumbList","@id":"https:\/\/www.federassantas.org.br\/novosite\/por-questoes-politicas-e-adiada-votacao-de-texto-que-cria-linha-de-credito-para-os-filantropicos-com-recursos-do-fgts\/#breadcrumb","itemListElement":[{"@type":"ListItem","position":1,"name":"In\u00edcio","item":"https:\/\/www.federassantas.org.br\/novosite\/"},{"@type":"ListItem","position":2,"name":"Por quest\u00f5es pol\u00edticas, \u00e9 adiada vota\u00e7\u00e3o de texto que cria linha de cr\u00e9dito para os filantr\u00f3picos com recursos do FGTS"}]},{"@type":"WebSite","@id":"https:\/\/www.federassantas.org.br\/novosite\/#website","url":"https:\/\/www.federassantas.org.br\/novosite\/","name":"Federassantas","description":"Fed. das Santas Casas e Hospitais Filantr\u00f3picos de MG","publisher":{"@id":"https:\/\/www.federassantas.org.br\/novosite\/#organization"},"potentialAction":[{"@type":"SearchAction","target":{"@type":"EntryPoint","urlTemplate":"https:\/\/www.federassantas.org.br\/novosite\/?s={search_term_string}"},"query-input":{"@type":"PropertyValueSpecification","valueRequired":true,"valueName":"search_term_string"}}],"inLanguage":"pt-BR"},{"@type":"Organization","@id":"https:\/\/www.federassantas.org.br\/novosite\/#organization","name":"Federassantas","url":"https:\/\/www.federassantas.org.br\/novosite\/","logo":{"@type":"ImageObject","inLanguage":"pt-BR","@id":"https:\/\/www.federassantas.org.br\/novosite\/#\/schema\/logo\/image\/","url":"https:\/\/www.federassantas.org.br\/novosite\/wp-content\/uploads\/2021\/12\/logo.png","contentUrl":"https:\/\/www.federassantas.org.br\/novosite\/wp-content\/uploads\/2021\/12\/logo.png","width":243,"height":59,"caption":"Federassantas"},"image":{"@id":"https:\/\/www.federassantas.org.br\/novosite\/#\/schema\/logo\/image\/"}},{"@type":"Person","@id":"https:\/\/www.federassantas.org.br\/novosite\/#\/schema\/person\/75fed98158349313fe56175f232f513c","name":"admin-federas","image":{"@type":"ImageObject","inLanguage":"pt-BR","@id":"https:\/\/www.federassantas.org.br\/novosite\/#\/schema\/person\/image\/","url":"https:\/\/secure.gravatar.com\/avatar\/2a02d7dda59fe8dc6b7ffd3f652e2efede5ccf0dd89dfdc8137c5517f3de8407?s=96&d=mm&r=g","contentUrl":"https:\/\/secure.gravatar.com\/avatar\/2a02d7dda59fe8dc6b7ffd3f652e2efede5ccf0dd89dfdc8137c5517f3de8407?s=96&d=mm&r=g","caption":"admin-federas"},"sameAs":["https:\/\/www.federassantas.org.br\/novosite\/"],"url":"https:\/\/www.federassantas.org.br\/novosite\/author\/admin-federas\/"}]}},"_links":{"self":[{"href":"https:\/\/www.federassantas.org.br\/novosite\/wp-json\/wp\/v2\/posts\/14729","targetHints":{"allow":["GET"]}}],"collection":[{"href":"https:\/\/www.federassantas.org.br\/novosite\/wp-json\/wp\/v2\/posts"}],"about":[{"href":"https:\/\/www.federassantas.org.br\/novosite\/wp-json\/wp\/v2\/types\/post"}],"author":[{"embeddable":true,"href":"https:\/\/www.federassantas.org.br\/novosite\/wp-json\/wp\/v2\/users\/1"}],"replies":[{"embeddable":true,"href":"https:\/\/www.federassantas.org.br\/novosite\/wp-json\/wp\/v2\/comments?post=14729"}],"version-history":[{"count":0,"href":"https:\/\/www.federassantas.org.br\/novosite\/wp-json\/wp\/v2\/posts\/14729\/revisions"}],"wp:featuredmedia":[{"embeddable":true,"href":"https:\/\/www.federassantas.org.br\/novosite\/wp-json\/"}],"wp:attachment":[{"href":"https:\/\/www.federassantas.org.br\/novosite\/wp-json\/wp\/v2\/media?parent=14729"}],"wp:term":[{"taxonomy":"category","embeddable":true,"href":"https:\/\/www.federassantas.org.br\/novosite\/wp-json\/wp\/v2\/categories?post=14729"},{"taxonomy":"post_tag","embeddable":true,"href":"https:\/\/www.federassantas.org.br\/novosite\/wp-json\/wp\/v2\/tags?post=14729"}],"curies":[{"name":"wp","href":"https:\/\/api.w.org\/{rel}","templated":true}]}}