{"id":14732,"date":"2018-11-08T13:36:08","date_gmt":"2018-11-08T15:36:08","guid":{"rendered":"https:\/\/federasbackup.meltcomunicacao.com.br\/?p=14732"},"modified":"2018-11-08T13:36:08","modified_gmt":"2018-11-08T15:36:08","slug":"ii-congresso-de-transplantes-da-santa-casa-bh","status":"publish","type":"post","link":"https:\/\/www.federassantas.org.br\/novosite\/ii-congresso-de-transplantes-da-santa-casa-bh\/","title":{"rendered":"II Congresso de Transplantes da Santa Casa BH"},"content":{"rendered":"<p style=\"font-weight: 400; text-align: justify;\"><em>Evento contar\u00e1 com participa\u00e7\u00e3o de especialistas dos maiores hospitais transplantadores do Brasil<\/em><\/p>\n<p style=\"font-weight: 400; text-align: justify;\">A Santa Casa BH promover\u00e1, entre os dias 19 e 24 de novembro, seu II Congresso de Transplantes. Voltado para m\u00e9dicos, residentes e equipe multiprofissional com interesse em aprimorar o conhecimento na especialidade, o evento ser\u00e1 dividido em 5 simp\u00f3sios, que abordar\u00e3o o transplante card\u00edaco, renal,\u00a0 medula \u00f3ssea, f\u00edgado, osso e o trabalho da<strong>\u00a0Comiss\u00e3o Intra-hospitalar de Doa\u00e7\u00e3o de \u00d3rg\u00e3os e Tecidos.\u00a0<\/strong>Casos cl\u00ednicos e boas pr\u00e1ticas<strong>\u00a0ser\u00e3o apresentados por\u00a0<\/strong>profissionais da Santa Casa BH e por renomados especialistas de diversos hospitais transplantadores do pa\u00eds. Para conferir a programa\u00e7\u00e3o completa e se inscrever, o interessado deve acessar o site\u00a0<a href=\"http:\/\/www.santacasabh.org.br\/\" data-saferedirecturl=\"https:\/\/www.google.com\/url?q=http:\/\/www.santacasabh.org.br&amp;source=gmail&amp;ust=1541767578339000&amp;usg=AFQjCNFLB8Qmq4UeEjE8HyxIiDJaj9ka9g\">www.santacasabh.org.br<\/a>. No dia do evento, o inscrito dever\u00e1 levar\u00a0um pacote de fraldas \u2013 adulto ou pedi\u00e1trico.<\/p>\n<p style=\"font-weight: 400; text-align: justify;\"><strong>Sobre transplantes na Santa Casa BH<\/strong><\/p>\n<p style=\"font-weight: 400; text-align: justify;\"><strong>\u00a0<\/strong>Considerado o maior hospital transplantador de Minas Gerais, a Santa Casa BH oferece transplante\u00a0de c\u00f3rnea, medula \u00f3ssea, rim, f\u00edgado e osso e est\u00e1 se preparando para fazer o primeiro transplante de cora\u00e7\u00e3o. Al\u00e9m disso, realiza a capta\u00e7\u00e3o de m\u00faltiplos \u00f3rg\u00e3os para doa\u00e7\u00e3o e coletas de medula \u00f3ssea e c\u00e9lulas-tronco perif\u00e9ricas para o banco do Registro nacional de Doadores de Medula \u00d3ssea (REDOME). A\u00a0institui\u00e7\u00e3o realizou 168 transplantes at\u00e9 setembro de 2018. Deste total, 60 de\u00a0medula \u00f3ssea, 15 de f\u00edgado, 63 de rim e 120 de c\u00f3rnea. O hospital tamb\u00e9m se prepara para oferecer transplantes de cora\u00e7\u00e3o. A Santa Casa BH est\u00e1 fazendo parte do \u201cProjeto DONORS: Estrat\u00e9gias para otimizar a doa\u00e7\u00e3o de \u00f3rg\u00e3os no Brasil\u201d,\u00a0do\u00a0 Minist\u00e9rio da Sa\u00fade. A iniciativa tem o objetivo de\u00a0aumentar a taxa de sucesso das doa\u00e7\u00f5es e a qualidade dos \u00f3rg\u00e3os disponibilizados aos seus receptores.<\/p>\n","protected":false},"excerpt":{"rendered":"<p>Evento contar\u00e1 com participa\u00e7\u00e3o de especialistas dos maiores hospitais transplantadores do Brasil A Santa Casa BH promover\u00e1, entre os dias 19 e 24 de novembro, seu II Congresso de Transplantes. Voltado para m\u00e9dicos, residentes e equipe multiprofissional com interesse em aprimorar o conhecimento na especialidade, o evento ser\u00e1 dividido em 5 simp\u00f3sios, que abordar\u00e3o o [&hellip;]<\/p>\n","protected":false},"author":1,"featured_media":14733,"comment_status":"open","ping_status":"open","sticky":false,"template":"","format":"standard","meta":{"footnotes":""},"categories":[140,139],"tags":[],"class_list":["post-14732","post","type-post","status-publish","format-standard","has-post-thumbnail","hentry","category-noticias","category-noticias-filiados"],"yoast_head":"<!-- This site is optimized with the Yoast SEO plugin v26.9 - https:\/\/yoast.com\/product\/yoast-seo-wordpress\/ -->\n<title>II Congresso de Transplantes da Santa Casa BH - Federassantas<\/title>\n<meta name=\"robots\" content=\"index, follow, max-snippet:-1, max-image-preview:large, max-video-preview:-1\" \/>\n<link rel=\"canonical\" href=\"https:\/\/www.federassantas.org.br\/novosite\/ii-congresso-de-transplantes-da-santa-casa-bh\/\" \/>\n<meta property=\"og:locale\" content=\"pt_BR\" \/>\n<meta property=\"og:type\" content=\"article\" \/>\n<meta property=\"og:title\" content=\"II Congresso de Transplantes da Santa Casa BH - Federassantas\" \/>\n<meta property=\"og:description\" content=\"Evento contar\u00e1 com participa\u00e7\u00e3o de especialistas dos maiores hospitais transplantadores do Brasil A Santa Casa BH promover\u00e1, entre os dias 19 e 24 de novembro, seu II Congresso de Transplantes. Voltado para m\u00e9dicos, residentes e equipe multiprofissional com interesse em aprimorar o conhecimento na especialidade, o evento ser\u00e1 dividido em 5 simp\u00f3sios, que abordar\u00e3o o [&hellip;]\" \/>\n<meta property=\"og:url\" content=\"https:\/\/www.federassantas.org.br\/novosite\/ii-congresso-de-transplantes-da-santa-casa-bh\/\" \/>\n<meta property=\"og:site_name\" content=\"Federassantas\" \/>\n<meta property=\"article:published_time\" content=\"2018-11-08T15:36:08+00:00\" \/>\n<meta property=\"og:image\" content=\"https:\/\/www.federassantas.org.br\/novosite\/wp-content\/uploads\/2018\/11\/santacasa.png\" \/>\n\t<meta property=\"og:image:width\" content=\"920\" \/>\n\t<meta property=\"og:image:height\" content=\"240\" \/>\n\t<meta property=\"og:image:type\" content=\"image\/png\" \/>\n<meta name=\"author\" content=\"admin-federas\" \/>\n<meta name=\"twitter:card\" content=\"summary_large_image\" \/>\n<meta name=\"twitter:label1\" content=\"Escrito por\" \/>\n\t<meta name=\"twitter:data1\" content=\"admin-federas\" \/>\n\t<meta name=\"twitter:label2\" content=\"Est. tempo de leitura\" \/>\n\t<meta name=\"twitter:data2\" content=\"2 minutos\" \/>\n<script type=\"application\/ld+json\" class=\"yoast-schema-graph\">{\"@context\":\"https:\/\/schema.org\",\"@graph\":[{\"@type\":\"Article\",\"@id\":\"https:\/\/www.federassantas.org.br\/novosite\/ii-congresso-de-transplantes-da-santa-casa-bh\/#article\",\"isPartOf\":{\"@id\":\"https:\/\/www.federassantas.org.br\/novosite\/ii-congresso-de-transplantes-da-santa-casa-bh\/\"},\"author\":{\"name\":\"admin-federas\",\"@id\":\"https:\/\/www.federassantas.org.br\/novosite\/#\/schema\/person\/75fed98158349313fe56175f232f513c\"},\"headline\":\"II Congresso de Transplantes da Santa Casa BH\",\"datePublished\":\"2018-11-08T15:36:08+00:00\",\"mainEntityOfPage\":{\"@id\":\"https:\/\/www.federassantas.org.br\/novosite\/ii-congresso-de-transplantes-da-santa-casa-bh\/\"},\"wordCount\":315,\"commentCount\":0,\"publisher\":{\"@id\":\"https:\/\/www.federassantas.org.br\/novosite\/#organization\"},\"image\":{\"@id\":\"https:\/\/www.federassantas.org.br\/novosite\/ii-congresso-de-transplantes-da-santa-casa-bh\/#primaryimage\"},\"thumbnailUrl\":\"https:\/\/www.federassantas.org.br\/novosite\/wp-content\/uploads\/2018\/11\/santacasa.png\",\"articleSection\":[\"Not\u00edcias\",\"Not\u00edcias filiados\"],\"inLanguage\":\"pt-BR\",\"potentialAction\":[{\"@type\":\"CommentAction\",\"name\":\"Comment\",\"target\":[\"https:\/\/www.federassantas.org.br\/novosite\/ii-congresso-de-transplantes-da-santa-casa-bh\/#respond\"]}]},{\"@type\":\"WebPage\",\"@id\":\"https:\/\/www.federassantas.org.br\/novosite\/ii-congresso-de-transplantes-da-santa-casa-bh\/\",\"url\":\"https:\/\/www.federassantas.org.br\/novosite\/ii-congresso-de-transplantes-da-santa-casa-bh\/\",\"name\":\"II Congresso de Transplantes da Santa Casa BH - Federassantas\",\"isPartOf\":{\"@id\":\"https:\/\/www.federassantas.org.br\/novosite\/#website\"},\"primaryImageOfPage\":{\"@id\":\"https:\/\/www.federassantas.org.br\/novosite\/ii-congresso-de-transplantes-da-santa-casa-bh\/#primaryimage\"},\"image\":{\"@id\":\"https:\/\/www.federassantas.org.br\/novosite\/ii-congresso-de-transplantes-da-santa-casa-bh\/#primaryimage\"},\"thumbnailUrl\":\"https:\/\/www.federassantas.org.br\/novosite\/wp-content\/uploads\/2018\/11\/santacasa.png\",\"datePublished\":\"2018-11-08T15:36:08+00:00\",\"breadcrumb\":{\"@id\":\"https:\/\/www.federassantas.org.br\/novosite\/ii-congresso-de-transplantes-da-santa-casa-bh\/#breadcrumb\"},\"inLanguage\":\"pt-BR\",\"potentialAction\":[{\"@type\":\"ReadAction\",\"target\":[\"https:\/\/www.federassantas.org.br\/novosite\/ii-congresso-de-transplantes-da-santa-casa-bh\/\"]}]},{\"@type\":\"ImageObject\",\"inLanguage\":\"pt-BR\",\"@id\":\"https:\/\/www.federassantas.org.br\/novosite\/ii-congresso-de-transplantes-da-santa-casa-bh\/#primaryimage\",\"url\":\"https:\/\/www.federassantas.org.br\/novosite\/wp-content\/uploads\/2018\/11\/santacasa.png\",\"contentUrl\":\"https:\/\/www.federassantas.org.br\/novosite\/wp-content\/uploads\/2018\/11\/santacasa.png\",\"width\":920,\"height\":240},{\"@type\":\"BreadcrumbList\",\"@id\":\"https:\/\/www.federassantas.org.br\/novosite\/ii-congresso-de-transplantes-da-santa-casa-bh\/#breadcrumb\",\"itemListElement\":[{\"@type\":\"ListItem\",\"position\":1,\"name\":\"In\u00edcio\",\"item\":\"https:\/\/www.federassantas.org.br\/novosite\/\"},{\"@type\":\"ListItem\",\"position\":2,\"name\":\"II Congresso de Transplantes da Santa Casa BH\"}]},{\"@type\":\"WebSite\",\"@id\":\"https:\/\/www.federassantas.org.br\/novosite\/#website\",\"url\":\"https:\/\/www.federassantas.org.br\/novosite\/\",\"name\":\"Federassantas\",\"description\":\"Fed. das Santas Casas e Hospitais Filantr\u00f3picos de MG\",\"publisher\":{\"@id\":\"https:\/\/www.federassantas.org.br\/novosite\/#organization\"},\"potentialAction\":[{\"@type\":\"SearchAction\",\"target\":{\"@type\":\"EntryPoint\",\"urlTemplate\":\"https:\/\/www.federassantas.org.br\/novosite\/?s={search_term_string}\"},\"query-input\":{\"@type\":\"PropertyValueSpecification\",\"valueRequired\":true,\"valueName\":\"search_term_string\"}}],\"inLanguage\":\"pt-BR\"},{\"@type\":\"Organization\",\"@id\":\"https:\/\/www.federassantas.org.br\/novosite\/#organization\",\"name\":\"Federassantas\",\"url\":\"https:\/\/www.federassantas.org.br\/novosite\/\",\"logo\":{\"@type\":\"ImageObject\",\"inLanguage\":\"pt-BR\",\"@id\":\"https:\/\/www.federassantas.org.br\/novosite\/#\/schema\/logo\/image\/\",\"url\":\"https:\/\/www.federassantas.org.br\/novosite\/wp-content\/uploads\/2021\/12\/logo.png\",\"contentUrl\":\"https:\/\/www.federassantas.org.br\/novosite\/wp-content\/uploads\/2021\/12\/logo.png\",\"width\":243,\"height\":59,\"caption\":\"Federassantas\"},\"image\":{\"@id\":\"https:\/\/www.federassantas.org.br\/novosite\/#\/schema\/logo\/image\/\"}},{\"@type\":\"Person\",\"@id\":\"https:\/\/www.federassantas.org.br\/novosite\/#\/schema\/person\/75fed98158349313fe56175f232f513c\",\"name\":\"admin-federas\",\"image\":{\"@type\":\"ImageObject\",\"inLanguage\":\"pt-BR\",\"@id\":\"https:\/\/www.federassantas.org.br\/novosite\/#\/schema\/person\/image\/\",\"url\":\"https:\/\/secure.gravatar.com\/avatar\/2a02d7dda59fe8dc6b7ffd3f652e2efede5ccf0dd89dfdc8137c5517f3de8407?s=96&d=mm&r=g\",\"contentUrl\":\"https:\/\/secure.gravatar.com\/avatar\/2a02d7dda59fe8dc6b7ffd3f652e2efede5ccf0dd89dfdc8137c5517f3de8407?s=96&d=mm&r=g\",\"caption\":\"admin-federas\"},\"sameAs\":[\"https:\/\/www.federassantas.org.br\/novosite\/\"],\"url\":\"https:\/\/www.federassantas.org.br\/novosite\/author\/admin-federas\/\"}]}<\/script>\n<!-- \/ Yoast SEO plugin. -->","yoast_head_json":{"title":"II Congresso de Transplantes da Santa Casa BH - Federassantas","robots":{"index":"index","follow":"follow","max-snippet":"max-snippet:-1","max-image-preview":"max-image-preview:large","max-video-preview":"max-video-preview:-1"},"canonical":"https:\/\/www.federassantas.org.br\/novosite\/ii-congresso-de-transplantes-da-santa-casa-bh\/","og_locale":"pt_BR","og_type":"article","og_title":"II Congresso de Transplantes da Santa Casa BH - Federassantas","og_description":"Evento contar\u00e1 com participa\u00e7\u00e3o de especialistas dos maiores hospitais transplantadores do Brasil A Santa Casa BH promover\u00e1, entre os dias 19 e 24 de novembro, seu II Congresso de Transplantes. Voltado para m\u00e9dicos, residentes e equipe multiprofissional com interesse em aprimorar o conhecimento na especialidade, o evento ser\u00e1 dividido em 5 simp\u00f3sios, que abordar\u00e3o o [&hellip;]","og_url":"https:\/\/www.federassantas.org.br\/novosite\/ii-congresso-de-transplantes-da-santa-casa-bh\/","og_site_name":"Federassantas","article_published_time":"2018-11-08T15:36:08+00:00","og_image":[{"width":920,"height":240,"url":"https:\/\/www.federassantas.org.br\/novosite\/wp-content\/uploads\/2018\/11\/santacasa.png","type":"image\/png"}],"author":"admin-federas","twitter_card":"summary_large_image","twitter_misc":{"Escrito por":"admin-federas","Est. tempo de leitura":"2 minutos"},"schema":{"@context":"https:\/\/schema.org","@graph":[{"@type":"Article","@id":"https:\/\/www.federassantas.org.br\/novosite\/ii-congresso-de-transplantes-da-santa-casa-bh\/#article","isPartOf":{"@id":"https:\/\/www.federassantas.org.br\/novosite\/ii-congresso-de-transplantes-da-santa-casa-bh\/"},"author":{"name":"admin-federas","@id":"https:\/\/www.federassantas.org.br\/novosite\/#\/schema\/person\/75fed98158349313fe56175f232f513c"},"headline":"II Congresso de Transplantes da Santa Casa BH","datePublished":"2018-11-08T15:36:08+00:00","mainEntityOfPage":{"@id":"https:\/\/www.federassantas.org.br\/novosite\/ii-congresso-de-transplantes-da-santa-casa-bh\/"},"wordCount":315,"commentCount":0,"publisher":{"@id":"https:\/\/www.federassantas.org.br\/novosite\/#organization"},"image":{"@id":"https:\/\/www.federassantas.org.br\/novosite\/ii-congresso-de-transplantes-da-santa-casa-bh\/#primaryimage"},"thumbnailUrl":"https:\/\/www.federassantas.org.br\/novosite\/wp-content\/uploads\/2018\/11\/santacasa.png","articleSection":["Not\u00edcias","Not\u00edcias filiados"],"inLanguage":"pt-BR","potentialAction":[{"@type":"CommentAction","name":"Comment","target":["https:\/\/www.federassantas.org.br\/novosite\/ii-congresso-de-transplantes-da-santa-casa-bh\/#respond"]}]},{"@type":"WebPage","@id":"https:\/\/www.federassantas.org.br\/novosite\/ii-congresso-de-transplantes-da-santa-casa-bh\/","url":"https:\/\/www.federassantas.org.br\/novosite\/ii-congresso-de-transplantes-da-santa-casa-bh\/","name":"II Congresso de Transplantes da Santa Casa BH - Federassantas","isPartOf":{"@id":"https:\/\/www.federassantas.org.br\/novosite\/#website"},"primaryImageOfPage":{"@id":"https:\/\/www.federassantas.org.br\/novosite\/ii-congresso-de-transplantes-da-santa-casa-bh\/#primaryimage"},"image":{"@id":"https:\/\/www.federassantas.org.br\/novosite\/ii-congresso-de-transplantes-da-santa-casa-bh\/#primaryimage"},"thumbnailUrl":"https:\/\/www.federassantas.org.br\/novosite\/wp-content\/uploads\/2018\/11\/santacasa.png","datePublished":"2018-11-08T15:36:08+00:00","breadcrumb":{"@id":"https:\/\/www.federassantas.org.br\/novosite\/ii-congresso-de-transplantes-da-santa-casa-bh\/#breadcrumb"},"inLanguage":"pt-BR","potentialAction":[{"@type":"ReadAction","target":["https:\/\/www.federassantas.org.br\/novosite\/ii-congresso-de-transplantes-da-santa-casa-bh\/"]}]},{"@type":"ImageObject","inLanguage":"pt-BR","@id":"https:\/\/www.federassantas.org.br\/novosite\/ii-congresso-de-transplantes-da-santa-casa-bh\/#primaryimage","url":"https:\/\/www.federassantas.org.br\/novosite\/wp-content\/uploads\/2018\/11\/santacasa.png","contentUrl":"https:\/\/www.federassantas.org.br\/novosite\/wp-content\/uploads\/2018\/11\/santacasa.png","width":920,"height":240},{"@type":"BreadcrumbList","@id":"https:\/\/www.federassantas.org.br\/novosite\/ii-congresso-de-transplantes-da-santa-casa-bh\/#breadcrumb","itemListElement":[{"@type":"ListItem","position":1,"name":"In\u00edcio","item":"https:\/\/www.federassantas.org.br\/novosite\/"},{"@type":"ListItem","position":2,"name":"II Congresso de Transplantes da Santa Casa BH"}]},{"@type":"WebSite","@id":"https:\/\/www.federassantas.org.br\/novosite\/#website","url":"https:\/\/www.federassantas.org.br\/novosite\/","name":"Federassantas","description":"Fed. das Santas Casas e Hospitais Filantr\u00f3picos de MG","publisher":{"@id":"https:\/\/www.federassantas.org.br\/novosite\/#organization"},"potentialAction":[{"@type":"SearchAction","target":{"@type":"EntryPoint","urlTemplate":"https:\/\/www.federassantas.org.br\/novosite\/?s={search_term_string}"},"query-input":{"@type":"PropertyValueSpecification","valueRequired":true,"valueName":"search_term_string"}}],"inLanguage":"pt-BR"},{"@type":"Organization","@id":"https:\/\/www.federassantas.org.br\/novosite\/#organization","name":"Federassantas","url":"https:\/\/www.federassantas.org.br\/novosite\/","logo":{"@type":"ImageObject","inLanguage":"pt-BR","@id":"https:\/\/www.federassantas.org.br\/novosite\/#\/schema\/logo\/image\/","url":"https:\/\/www.federassantas.org.br\/novosite\/wp-content\/uploads\/2021\/12\/logo.png","contentUrl":"https:\/\/www.federassantas.org.br\/novosite\/wp-content\/uploads\/2021\/12\/logo.png","width":243,"height":59,"caption":"Federassantas"},"image":{"@id":"https:\/\/www.federassantas.org.br\/novosite\/#\/schema\/logo\/image\/"}},{"@type":"Person","@id":"https:\/\/www.federassantas.org.br\/novosite\/#\/schema\/person\/75fed98158349313fe56175f232f513c","name":"admin-federas","image":{"@type":"ImageObject","inLanguage":"pt-BR","@id":"https:\/\/www.federassantas.org.br\/novosite\/#\/schema\/person\/image\/","url":"https:\/\/secure.gravatar.com\/avatar\/2a02d7dda59fe8dc6b7ffd3f652e2efede5ccf0dd89dfdc8137c5517f3de8407?s=96&d=mm&r=g","contentUrl":"https:\/\/secure.gravatar.com\/avatar\/2a02d7dda59fe8dc6b7ffd3f652e2efede5ccf0dd89dfdc8137c5517f3de8407?s=96&d=mm&r=g","caption":"admin-federas"},"sameAs":["https:\/\/www.federassantas.org.br\/novosite\/"],"url":"https:\/\/www.federassantas.org.br\/novosite\/author\/admin-federas\/"}]}},"_links":{"self":[{"href":"https:\/\/www.federassantas.org.br\/novosite\/wp-json\/wp\/v2\/posts\/14732","targetHints":{"allow":["GET"]}}],"collection":[{"href":"https:\/\/www.federassantas.org.br\/novosite\/wp-json\/wp\/v2\/posts"}],"about":[{"href":"https:\/\/www.federassantas.org.br\/novosite\/wp-json\/wp\/v2\/types\/post"}],"author":[{"embeddable":true,"href":"https:\/\/www.federassantas.org.br\/novosite\/wp-json\/wp\/v2\/users\/1"}],"replies":[{"embeddable":true,"href":"https:\/\/www.federassantas.org.br\/novosite\/wp-json\/wp\/v2\/comments?post=14732"}],"version-history":[{"count":0,"href":"https:\/\/www.federassantas.org.br\/novosite\/wp-json\/wp\/v2\/posts\/14732\/revisions"}],"wp:featuredmedia":[{"embeddable":true,"href":"https:\/\/www.federassantas.org.br\/novosite\/wp-json\/wp\/v2\/media\/14733"}],"wp:attachment":[{"href":"https:\/\/www.federassantas.org.br\/novosite\/wp-json\/wp\/v2\/media?parent=14732"}],"wp:term":[{"taxonomy":"category","embeddable":true,"href":"https:\/\/www.federassantas.org.br\/novosite\/wp-json\/wp\/v2\/categories?post=14732"},{"taxonomy":"post_tag","embeddable":true,"href":"https:\/\/www.federassantas.org.br\/novosite\/wp-json\/wp\/v2\/tags?post=14732"}],"curies":[{"name":"wp","href":"https:\/\/api.w.org\/{rel}","templated":true}]}}