{"id":14743,"date":"2018-11-09T16:21:42","date_gmt":"2018-11-09T18:21:42","guid":{"rendered":"https:\/\/federasbackup.meltcomunicacao.com.br\/?p=14743"},"modified":"2018-11-09T16:21:42","modified_gmt":"2018-11-09T18:21:42","slug":"ministro-da-saude-pede-mais-eficiencia-em-todos-os-setores-produtivos","status":"publish","type":"post","link":"https:\/\/www.federassantas.org.br\/novosite\/ministro-da-saude-pede-mais-eficiencia-em-todos-os-setores-produtivos\/","title":{"rendered":"Ministro da Sa\u00fade pede mais efici\u00eancia em todos os setores produtivos"},"content":{"rendered":"<p style=\"text-align: justify;\">O ministro da Sa\u00fade, Gilberto Occhi, disse nesta quarta-feira (7) que \u00e9 preciso buscar a efici\u00eancia n\u00e3o somente na \u00e1rea da sa\u00fade, mas em todos os setores produtivos existentes no grupo dos servi\u00e7os em todos os aspectos.<\/p>\n<p>\u201cAcho que a vis\u00e3o \u00e9, e deve ser, muito mais voltada para o cidad\u00e3o at\u00e9 mesmo do que a pr\u00f3pria sustentabilidade do setor dos hospitais ou qualquer outra coisa do pa\u00eds\u201d, afirmou Occhi, ao participar da abertura do 6\u00ba Congresso Nacional de Hospitais Privados (Conahp), na capital paulista.<\/p>\n<p style=\"text-align: justify;\">Occhi considerou significativo o n\u00famero de procedimentos realizados apenas no setor de sa\u00fade p\u00fablica em todo o Brasil \u2013 3,4 bilh\u00f5es \u2013 e ressaltou que muitos poderiam ser evitados, se houvesse algum tipo de informa\u00e7\u00e3o. \u201cQuer\u00edamos ter avan\u00e7ado mais na informatiza\u00e7\u00e3o, com dados registrados de medicamentos, exames, atendimentos. Isso far\u00e1 com que no futuro possamos compartilhar essas informa\u00e7\u00f5es com o setor privado, respeitando as leis de informa\u00e7\u00e3o e privacidade dos pacientes.\u201d<\/p>\n<p>Veja reportagem completa em:\u00a0https:\/\/www.hojeemdia.com.br\/horizontes\/ministro-da-sa%C3%BAde-pede-mais-efici%C3%AAncia-em-todos-os-setores-produtivos-1.669848<\/p>\n","protected":false},"excerpt":{"rendered":"<p>O ministro da Sa\u00fade, Gilberto Occhi, disse nesta quarta-feira (7) que \u00e9 preciso buscar a efici\u00eancia n\u00e3o somente na \u00e1rea da sa\u00fade, mas em todos os setores produtivos existentes no grupo dos servi\u00e7os em todos os aspectos. \u201cAcho que a vis\u00e3o \u00e9, e deve ser, muito mais voltada para o cidad\u00e3o at\u00e9 mesmo do que [&hellip;]<\/p>\n","protected":false},"author":1,"featured_media":14744,"comment_status":"open","ping_status":"open","sticky":false,"template":"","format":"standard","meta":{"footnotes":""},"categories":[140],"tags":[],"class_list":["post-14743","post","type-post","status-publish","format-standard","has-post-thumbnail","hentry","category-noticias"],"yoast_head":"<!-- This site is optimized with the Yoast SEO plugin v26.9 - https:\/\/yoast.com\/product\/yoast-seo-wordpress\/ -->\n<title>Ministro da Sa\u00fade pede mais efici\u00eancia em todos os setores produtivos - Federassantas<\/title>\n<meta name=\"robots\" content=\"index, follow, max-snippet:-1, max-image-preview:large, max-video-preview:-1\" \/>\n<link rel=\"canonical\" href=\"https:\/\/www.federassantas.org.br\/novosite\/ministro-da-saude-pede-mais-eficiencia-em-todos-os-setores-produtivos\/\" \/>\n<meta property=\"og:locale\" content=\"pt_BR\" \/>\n<meta property=\"og:type\" content=\"article\" \/>\n<meta property=\"og:title\" content=\"Ministro da Sa\u00fade pede mais efici\u00eancia em todos os setores produtivos - Federassantas\" \/>\n<meta property=\"og:description\" content=\"O ministro da Sa\u00fade, Gilberto Occhi, disse nesta quarta-feira (7) que \u00e9 preciso buscar a efici\u00eancia n\u00e3o somente na \u00e1rea da sa\u00fade, mas em todos os setores produtivos existentes no grupo dos servi\u00e7os em todos os aspectos. \u201cAcho que a vis\u00e3o \u00e9, e deve ser, muito mais voltada para o cidad\u00e3o at\u00e9 mesmo do que [&hellip;]\" \/>\n<meta property=\"og:url\" content=\"https:\/\/www.federassantas.org.br\/novosite\/ministro-da-saude-pede-mais-eficiencia-em-todos-os-setores-produtivos\/\" \/>\n<meta property=\"og:site_name\" content=\"Federassantas\" \/>\n<meta property=\"article:published_time\" content=\"2018-11-09T18:21:42+00:00\" \/>\n<meta name=\"author\" content=\"admin-federas\" \/>\n<meta name=\"twitter:card\" content=\"summary_large_image\" \/>\n<meta name=\"twitter:label1\" content=\"Escrito por\" \/>\n\t<meta name=\"twitter:data1\" content=\"admin-federas\" \/>\n\t<meta name=\"twitter:label2\" content=\"Est. tempo de leitura\" \/>\n\t<meta name=\"twitter:data2\" content=\"1 minuto\" \/>\n<script type=\"application\/ld+json\" class=\"yoast-schema-graph\">{\"@context\":\"https:\/\/schema.org\",\"@graph\":[{\"@type\":\"Article\",\"@id\":\"https:\/\/www.federassantas.org.br\/novosite\/ministro-da-saude-pede-mais-eficiencia-em-todos-os-setores-produtivos\/#article\",\"isPartOf\":{\"@id\":\"https:\/\/www.federassantas.org.br\/novosite\/ministro-da-saude-pede-mais-eficiencia-em-todos-os-setores-produtivos\/\"},\"author\":{\"name\":\"admin-federas\",\"@id\":\"https:\/\/www.federassantas.org.br\/novosite\/#\/schema\/person\/75fed98158349313fe56175f232f513c\"},\"headline\":\"Ministro da Sa\u00fade pede mais efici\u00eancia em todos os setores produtivos\",\"datePublished\":\"2018-11-09T18:21:42+00:00\",\"mainEntityOfPage\":{\"@id\":\"https:\/\/www.federassantas.org.br\/novosite\/ministro-da-saude-pede-mais-eficiencia-em-todos-os-setores-produtivos\/\"},\"wordCount\":196,\"commentCount\":0,\"publisher\":{\"@id\":\"https:\/\/www.federassantas.org.br\/novosite\/#organization\"},\"image\":{\"@id\":\"https:\/\/www.federassantas.org.br\/novosite\/ministro-da-saude-pede-mais-eficiencia-em-todos-os-setores-produtivos\/#primaryimage\"},\"thumbnailUrl\":\"\",\"articleSection\":[\"Not\u00edcias\"],\"inLanguage\":\"pt-BR\",\"potentialAction\":[{\"@type\":\"CommentAction\",\"name\":\"Comment\",\"target\":[\"https:\/\/www.federassantas.org.br\/novosite\/ministro-da-saude-pede-mais-eficiencia-em-todos-os-setores-produtivos\/#respond\"]}]},{\"@type\":\"WebPage\",\"@id\":\"https:\/\/www.federassantas.org.br\/novosite\/ministro-da-saude-pede-mais-eficiencia-em-todos-os-setores-produtivos\/\",\"url\":\"https:\/\/www.federassantas.org.br\/novosite\/ministro-da-saude-pede-mais-eficiencia-em-todos-os-setores-produtivos\/\",\"name\":\"Ministro da Sa\u00fade pede mais efici\u00eancia em todos os setores produtivos - Federassantas\",\"isPartOf\":{\"@id\":\"https:\/\/www.federassantas.org.br\/novosite\/#website\"},\"primaryImageOfPage\":{\"@id\":\"https:\/\/www.federassantas.org.br\/novosite\/ministro-da-saude-pede-mais-eficiencia-em-todos-os-setores-produtivos\/#primaryimage\"},\"image\":{\"@id\":\"https:\/\/www.federassantas.org.br\/novosite\/ministro-da-saude-pede-mais-eficiencia-em-todos-os-setores-produtivos\/#primaryimage\"},\"thumbnailUrl\":\"\",\"datePublished\":\"2018-11-09T18:21:42+00:00\",\"breadcrumb\":{\"@id\":\"https:\/\/www.federassantas.org.br\/novosite\/ministro-da-saude-pede-mais-eficiencia-em-todos-os-setores-produtivos\/#breadcrumb\"},\"inLanguage\":\"pt-BR\",\"potentialAction\":[{\"@type\":\"ReadAction\",\"target\":[\"https:\/\/www.federassantas.org.br\/novosite\/ministro-da-saude-pede-mais-eficiencia-em-todos-os-setores-produtivos\/\"]}]},{\"@type\":\"ImageObject\",\"inLanguage\":\"pt-BR\",\"@id\":\"https:\/\/www.federassantas.org.br\/novosite\/ministro-da-saude-pede-mais-eficiencia-em-todos-os-setores-produtivos\/#primaryimage\",\"url\":\"\",\"contentUrl\":\"\"},{\"@type\":\"BreadcrumbList\",\"@id\":\"https:\/\/www.federassantas.org.br\/novosite\/ministro-da-saude-pede-mais-eficiencia-em-todos-os-setores-produtivos\/#breadcrumb\",\"itemListElement\":[{\"@type\":\"ListItem\",\"position\":1,\"name\":\"In\u00edcio\",\"item\":\"https:\/\/www.federassantas.org.br\/novosite\/\"},{\"@type\":\"ListItem\",\"position\":2,\"name\":\"Ministro da Sa\u00fade pede mais efici\u00eancia em todos os setores produtivos\"}]},{\"@type\":\"WebSite\",\"@id\":\"https:\/\/www.federassantas.org.br\/novosite\/#website\",\"url\":\"https:\/\/www.federassantas.org.br\/novosite\/\",\"name\":\"Federassantas\",\"description\":\"Fed. das Santas Casas e Hospitais Filantr\u00f3picos de MG\",\"publisher\":{\"@id\":\"https:\/\/www.federassantas.org.br\/novosite\/#organization\"},\"potentialAction\":[{\"@type\":\"SearchAction\",\"target\":{\"@type\":\"EntryPoint\",\"urlTemplate\":\"https:\/\/www.federassantas.org.br\/novosite\/?s={search_term_string}\"},\"query-input\":{\"@type\":\"PropertyValueSpecification\",\"valueRequired\":true,\"valueName\":\"search_term_string\"}}],\"inLanguage\":\"pt-BR\"},{\"@type\":\"Organization\",\"@id\":\"https:\/\/www.federassantas.org.br\/novosite\/#organization\",\"name\":\"Federassantas\",\"url\":\"https:\/\/www.federassantas.org.br\/novosite\/\",\"logo\":{\"@type\":\"ImageObject\",\"inLanguage\":\"pt-BR\",\"@id\":\"https:\/\/www.federassantas.org.br\/novosite\/#\/schema\/logo\/image\/\",\"url\":\"https:\/\/www.federassantas.org.br\/novosite\/wp-content\/uploads\/2021\/12\/logo.png\",\"contentUrl\":\"https:\/\/www.federassantas.org.br\/novosite\/wp-content\/uploads\/2021\/12\/logo.png\",\"width\":243,\"height\":59,\"caption\":\"Federassantas\"},\"image\":{\"@id\":\"https:\/\/www.federassantas.org.br\/novosite\/#\/schema\/logo\/image\/\"}},{\"@type\":\"Person\",\"@id\":\"https:\/\/www.federassantas.org.br\/novosite\/#\/schema\/person\/75fed98158349313fe56175f232f513c\",\"name\":\"admin-federas\",\"image\":{\"@type\":\"ImageObject\",\"inLanguage\":\"pt-BR\",\"@id\":\"https:\/\/www.federassantas.org.br\/novosite\/#\/schema\/person\/image\/\",\"url\":\"https:\/\/secure.gravatar.com\/avatar\/2a02d7dda59fe8dc6b7ffd3f652e2efede5ccf0dd89dfdc8137c5517f3de8407?s=96&d=mm&r=g\",\"contentUrl\":\"https:\/\/secure.gravatar.com\/avatar\/2a02d7dda59fe8dc6b7ffd3f652e2efede5ccf0dd89dfdc8137c5517f3de8407?s=96&d=mm&r=g\",\"caption\":\"admin-federas\"},\"sameAs\":[\"https:\/\/www.federassantas.org.br\/novosite\/\"],\"url\":\"https:\/\/www.federassantas.org.br\/novosite\/author\/admin-federas\/\"}]}<\/script>\n<!-- \/ Yoast SEO plugin. -->","yoast_head_json":{"title":"Ministro da Sa\u00fade pede mais efici\u00eancia em todos os setores produtivos - Federassantas","robots":{"index":"index","follow":"follow","max-snippet":"max-snippet:-1","max-image-preview":"max-image-preview:large","max-video-preview":"max-video-preview:-1"},"canonical":"https:\/\/www.federassantas.org.br\/novosite\/ministro-da-saude-pede-mais-eficiencia-em-todos-os-setores-produtivos\/","og_locale":"pt_BR","og_type":"article","og_title":"Ministro da Sa\u00fade pede mais efici\u00eancia em todos os setores produtivos - Federassantas","og_description":"O ministro da Sa\u00fade, Gilberto Occhi, disse nesta quarta-feira (7) que \u00e9 preciso buscar a efici\u00eancia n\u00e3o somente na \u00e1rea da sa\u00fade, mas em todos os setores produtivos existentes no grupo dos servi\u00e7os em todos os aspectos. \u201cAcho que a vis\u00e3o \u00e9, e deve ser, muito mais voltada para o cidad\u00e3o at\u00e9 mesmo do que [&hellip;]","og_url":"https:\/\/www.federassantas.org.br\/novosite\/ministro-da-saude-pede-mais-eficiencia-em-todos-os-setores-produtivos\/","og_site_name":"Federassantas","article_published_time":"2018-11-09T18:21:42+00:00","author":"admin-federas","twitter_card":"summary_large_image","twitter_misc":{"Escrito por":"admin-federas","Est. tempo de leitura":"1 minuto"},"schema":{"@context":"https:\/\/schema.org","@graph":[{"@type":"Article","@id":"https:\/\/www.federassantas.org.br\/novosite\/ministro-da-saude-pede-mais-eficiencia-em-todos-os-setores-produtivos\/#article","isPartOf":{"@id":"https:\/\/www.federassantas.org.br\/novosite\/ministro-da-saude-pede-mais-eficiencia-em-todos-os-setores-produtivos\/"},"author":{"name":"admin-federas","@id":"https:\/\/www.federassantas.org.br\/novosite\/#\/schema\/person\/75fed98158349313fe56175f232f513c"},"headline":"Ministro da Sa\u00fade pede mais efici\u00eancia em todos os setores produtivos","datePublished":"2018-11-09T18:21:42+00:00","mainEntityOfPage":{"@id":"https:\/\/www.federassantas.org.br\/novosite\/ministro-da-saude-pede-mais-eficiencia-em-todos-os-setores-produtivos\/"},"wordCount":196,"commentCount":0,"publisher":{"@id":"https:\/\/www.federassantas.org.br\/novosite\/#organization"},"image":{"@id":"https:\/\/www.federassantas.org.br\/novosite\/ministro-da-saude-pede-mais-eficiencia-em-todos-os-setores-produtivos\/#primaryimage"},"thumbnailUrl":"","articleSection":["Not\u00edcias"],"inLanguage":"pt-BR","potentialAction":[{"@type":"CommentAction","name":"Comment","target":["https:\/\/www.federassantas.org.br\/novosite\/ministro-da-saude-pede-mais-eficiencia-em-todos-os-setores-produtivos\/#respond"]}]},{"@type":"WebPage","@id":"https:\/\/www.federassantas.org.br\/novosite\/ministro-da-saude-pede-mais-eficiencia-em-todos-os-setores-produtivos\/","url":"https:\/\/www.federassantas.org.br\/novosite\/ministro-da-saude-pede-mais-eficiencia-em-todos-os-setores-produtivos\/","name":"Ministro da Sa\u00fade pede mais efici\u00eancia em todos os setores produtivos - Federassantas","isPartOf":{"@id":"https:\/\/www.federassantas.org.br\/novosite\/#website"},"primaryImageOfPage":{"@id":"https:\/\/www.federassantas.org.br\/novosite\/ministro-da-saude-pede-mais-eficiencia-em-todos-os-setores-produtivos\/#primaryimage"},"image":{"@id":"https:\/\/www.federassantas.org.br\/novosite\/ministro-da-saude-pede-mais-eficiencia-em-todos-os-setores-produtivos\/#primaryimage"},"thumbnailUrl":"","datePublished":"2018-11-09T18:21:42+00:00","breadcrumb":{"@id":"https:\/\/www.federassantas.org.br\/novosite\/ministro-da-saude-pede-mais-eficiencia-em-todos-os-setores-produtivos\/#breadcrumb"},"inLanguage":"pt-BR","potentialAction":[{"@type":"ReadAction","target":["https:\/\/www.federassantas.org.br\/novosite\/ministro-da-saude-pede-mais-eficiencia-em-todos-os-setores-produtivos\/"]}]},{"@type":"ImageObject","inLanguage":"pt-BR","@id":"https:\/\/www.federassantas.org.br\/novosite\/ministro-da-saude-pede-mais-eficiencia-em-todos-os-setores-produtivos\/#primaryimage","url":"","contentUrl":""},{"@type":"BreadcrumbList","@id":"https:\/\/www.federassantas.org.br\/novosite\/ministro-da-saude-pede-mais-eficiencia-em-todos-os-setores-produtivos\/#breadcrumb","itemListElement":[{"@type":"ListItem","position":1,"name":"In\u00edcio","item":"https:\/\/www.federassantas.org.br\/novosite\/"},{"@type":"ListItem","position":2,"name":"Ministro da Sa\u00fade pede mais efici\u00eancia em todos os setores produtivos"}]},{"@type":"WebSite","@id":"https:\/\/www.federassantas.org.br\/novosite\/#website","url":"https:\/\/www.federassantas.org.br\/novosite\/","name":"Federassantas","description":"Fed. das Santas Casas e Hospitais Filantr\u00f3picos de MG","publisher":{"@id":"https:\/\/www.federassantas.org.br\/novosite\/#organization"},"potentialAction":[{"@type":"SearchAction","target":{"@type":"EntryPoint","urlTemplate":"https:\/\/www.federassantas.org.br\/novosite\/?s={search_term_string}"},"query-input":{"@type":"PropertyValueSpecification","valueRequired":true,"valueName":"search_term_string"}}],"inLanguage":"pt-BR"},{"@type":"Organization","@id":"https:\/\/www.federassantas.org.br\/novosite\/#organization","name":"Federassantas","url":"https:\/\/www.federassantas.org.br\/novosite\/","logo":{"@type":"ImageObject","inLanguage":"pt-BR","@id":"https:\/\/www.federassantas.org.br\/novosite\/#\/schema\/logo\/image\/","url":"https:\/\/www.federassantas.org.br\/novosite\/wp-content\/uploads\/2021\/12\/logo.png","contentUrl":"https:\/\/www.federassantas.org.br\/novosite\/wp-content\/uploads\/2021\/12\/logo.png","width":243,"height":59,"caption":"Federassantas"},"image":{"@id":"https:\/\/www.federassantas.org.br\/novosite\/#\/schema\/logo\/image\/"}},{"@type":"Person","@id":"https:\/\/www.federassantas.org.br\/novosite\/#\/schema\/person\/75fed98158349313fe56175f232f513c","name":"admin-federas","image":{"@type":"ImageObject","inLanguage":"pt-BR","@id":"https:\/\/www.federassantas.org.br\/novosite\/#\/schema\/person\/image\/","url":"https:\/\/secure.gravatar.com\/avatar\/2a02d7dda59fe8dc6b7ffd3f652e2efede5ccf0dd89dfdc8137c5517f3de8407?s=96&d=mm&r=g","contentUrl":"https:\/\/secure.gravatar.com\/avatar\/2a02d7dda59fe8dc6b7ffd3f652e2efede5ccf0dd89dfdc8137c5517f3de8407?s=96&d=mm&r=g","caption":"admin-federas"},"sameAs":["https:\/\/www.federassantas.org.br\/novosite\/"],"url":"https:\/\/www.federassantas.org.br\/novosite\/author\/admin-federas\/"}]}},"_links":{"self":[{"href":"https:\/\/www.federassantas.org.br\/novosite\/wp-json\/wp\/v2\/posts\/14743","targetHints":{"allow":["GET"]}}],"collection":[{"href":"https:\/\/www.federassantas.org.br\/novosite\/wp-json\/wp\/v2\/posts"}],"about":[{"href":"https:\/\/www.federassantas.org.br\/novosite\/wp-json\/wp\/v2\/types\/post"}],"author":[{"embeddable":true,"href":"https:\/\/www.federassantas.org.br\/novosite\/wp-json\/wp\/v2\/users\/1"}],"replies":[{"embeddable":true,"href":"https:\/\/www.federassantas.org.br\/novosite\/wp-json\/wp\/v2\/comments?post=14743"}],"version-history":[{"count":0,"href":"https:\/\/www.federassantas.org.br\/novosite\/wp-json\/wp\/v2\/posts\/14743\/revisions"}],"wp:featuredmedia":[{"embeddable":true,"href":"https:\/\/www.federassantas.org.br\/novosite\/wp-json\/"}],"wp:attachment":[{"href":"https:\/\/www.federassantas.org.br\/novosite\/wp-json\/wp\/v2\/media?parent=14743"}],"wp:term":[{"taxonomy":"category","embeddable":true,"href":"https:\/\/www.federassantas.org.br\/novosite\/wp-json\/wp\/v2\/categories?post=14743"},{"taxonomy":"post_tag","embeddable":true,"href":"https:\/\/www.federassantas.org.br\/novosite\/wp-json\/wp\/v2\/tags?post=14743"}],"curies":[{"name":"wp","href":"https:\/\/api.w.org\/{rel}","templated":true}]}}