{"id":14750,"date":"2018-11-12T14:44:37","date_gmt":"2018-11-12T16:44:37","guid":{"rendered":"https:\/\/federasbackup.meltcomunicacao.com.br\/?p=14750"},"modified":"2018-11-12T14:44:37","modified_gmt":"2018-11-12T16:44:37","slug":"ministerio-da-saude-investe-em-producao-de-medicamentos","status":"publish","type":"post","link":"https:\/\/www.federassantas.org.br\/novosite\/ministerio-da-saude-investe-em-producao-de-medicamentos\/","title":{"rendered":"Minist\u00e9rio da Sa\u00fade investe em produ\u00e7\u00e3o de medicamentos"},"content":{"rendered":"<p style=\"text-align: justify;\"><em>A Pasta investir\u00e1 R$ 38 milh\u00f5es para constru\u00e7\u00e3o do primeiro centro p\u00fablico de pesquisa e desenvolvimento e inova\u00e7\u00e3o de medicamentos no Brasil<\/em><\/p>\n<p style=\"text-align: justify;\">Voltado a preencher uma lacuna existente no pa\u00eds na produ\u00e7\u00e3o de medicamentos, o Centro de Pesquisa, Desenvolvimento e Inova\u00e7\u00e3o em Medicamentos (CPDIM) teve sua Pedra Fundamental lan\u00e7ada nesta semana. O Centro pretende fazer com que pesquisas acad\u00eamicas em sa\u00fade se transformem em tecnologias e produtos que beneficiem os tratamentos ofertados por meio do Sistema \u00danico de Sa\u00fade (SUS) para a popula\u00e7\u00e3o.<\/p>\n<p style=\"text-align: justify;\">O objetivo \u00e9 suprir a necessidade de instala\u00e7\u00f5es adequadas para produ\u00e7\u00e3o de lotes-piloto de unidades farmacot\u00e9cnicas em condi\u00e7\u00f5es de Boas Pr\u00e1ticas de Fabrica\u00e7\u00e3o para realiza\u00e7\u00e3o de pesquisa cl\u00ednica e posterior registro do medicamento pelas ag\u00eancias reguladoras. Essa \u00e9 uma etapa de pesquisa necess\u00e1ria para projetos com potencial de gera\u00e7\u00e3o de produtos com aplica\u00e7\u00e3o cl\u00ednica que j\u00e1 ultrapassaram as fases iniciais de desenvolvimento e precisam avan\u00e7ar para outras etapas. Contudo, ainda n\u00e3o h\u00e1 no pa\u00eds uma infraestrutura como a do Centro de Pesquisa, Desenvolvimento e Inova\u00e7\u00e3o em Medicamentos (CPDIM) que esteja dispon\u00edvel para os pesquisadores, laborat\u00f3rios de pesquisa e suas institui\u00e7\u00f5es parceiras.<\/p>\n<p style=\"text-align: justify;\">O investimento na instala\u00e7\u00e3o \u00e9 de R$ 38 milh\u00f5es, financiados pelo Minist\u00e9rio da Sa\u00fade. A pasta \u00e9 respons\u00e1vel por licitar o projeto e as licen\u00e7as, cujos tr\u00e2mites j\u00e1 est\u00e3o em andamento. A previs\u00e3o \u00e9 que, ap\u00f3s a conclus\u00e3o da licita\u00e7\u00e3o, a obra fique pronta em 180 dias. Ser\u00e3o 700 m2 de \u00e1rea constru\u00edda e um total de 1.000 m2 ocupados. A planta prev\u00ea \u00e1rea t\u00e9cnica, laborat\u00f3rio, controle de processos, al\u00e9m de audit\u00f3rio, sala de reuni\u00f5es e escrit\u00f3rio.<\/p>\n<h2 style=\"text-align: justify;\">Ci\u00eancia e tecnologia<\/h2>\n<p style=\"text-align: justify;\">A pesquisa, desenvolvimento e inova\u00e7\u00e3o em novos medicamentos \u00e9 uma \u00e1rea estrat\u00e9gica para a sa\u00fade p\u00fablica e a economia nacional. Internacionalmente, a maior parte do desenvolvimento de tratamentos inovadores para a sa\u00fade nasce da intera\u00e7\u00e3o entre a pesquisa feita em universidades e as empresas de biotecnologia e farmac\u00eauticas. Apesar de o Brasil contar com profissionais e pesquisa cient\u00edfica de alta qualidade nas \u00e1reas biom\u00e9dica e farmac\u00eautica, h\u00e1 defici\u00eancias na cadeia de transfer\u00eancia de tecnologia para a gera\u00e7\u00e3o de produtos inovadores para a sa\u00fade produzidos a partir de pesquisa feita no pa\u00eds.<\/p>\n<p style=\"text-align: justify;\">O Secret\u00e1rio de Ci\u00eancia, Tecnologia e Insumos Estrat\u00e9gicos do Minist\u00e9rio da Sa\u00fade, Marco Antonio Fireman, ressaltou que o investimento em uma estrutura como o CPDIM \u00e9 fundamental para preencher essa lacuna existente entre desenvolvimento acad\u00eamico e a inova\u00e7\u00e3o nacional. \u201c\u00c9 enorme quantidade de produtos de qualidade desenvolvidos nas universidades federais que est\u00e3o atualmente na prateleira aguardando espa\u00e7os como o CPDIM para que sejam testados e viabilizados como medicamentos. Sabemos que investimento em inova\u00e7\u00e3o \u00e9 o principal mecanismo de desenvolvimento do pa\u00eds e para cura de diversas doen\u00e7as\u201d<\/p>\n<p style=\"text-align: justify;\"><strong><em>Por Nucom\/SCITI<\/em><\/strong><\/p>\n<p style=\"text-align: justify;\"><em>Saiba mais em:\u00a0<a href=\"http:\/\/portalms.saude.gov.br\/noticias\/sctie\/44657-ministerio-da-saude-investe-em-producao-de-medicamentos\">http:\/\/portalms.saude.gov.br\/noticias\/sctie\/44657-ministerio-da-saude-investe-em-producao-de-medicamentos<\/a><\/em><\/p>\n","protected":false},"excerpt":{"rendered":"<p>A Pasta investir\u00e1 R$ 38 milh\u00f5es para constru\u00e7\u00e3o do primeiro centro p\u00fablico de pesquisa e desenvolvimento e inova\u00e7\u00e3o de medicamentos no Brasil Voltado a preencher uma lacuna existente no pa\u00eds na produ\u00e7\u00e3o de medicamentos, o Centro de Pesquisa, Desenvolvimento e Inova\u00e7\u00e3o em Medicamentos (CPDIM) teve sua Pedra Fundamental lan\u00e7ada nesta semana. O Centro pretende fazer [&hellip;]<\/p>\n","protected":false},"author":1,"featured_media":14751,"comment_status":"open","ping_status":"open","sticky":false,"template":"","format":"standard","meta":{"footnotes":""},"categories":[140],"tags":[],"class_list":["post-14750","post","type-post","status-publish","format-standard","has-post-thumbnail","hentry","category-noticias"],"yoast_head":"<!-- This site is optimized with the Yoast SEO plugin v26.9 - https:\/\/yoast.com\/product\/yoast-seo-wordpress\/ -->\n<title>Minist\u00e9rio da Sa\u00fade investe em produ\u00e7\u00e3o de medicamentos - Federassantas<\/title>\n<meta name=\"robots\" content=\"index, follow, max-snippet:-1, max-image-preview:large, max-video-preview:-1\" \/>\n<link rel=\"canonical\" href=\"https:\/\/www.federassantas.org.br\/novosite\/ministerio-da-saude-investe-em-producao-de-medicamentos\/\" \/>\n<meta property=\"og:locale\" content=\"pt_BR\" \/>\n<meta property=\"og:type\" content=\"article\" \/>\n<meta property=\"og:title\" content=\"Minist\u00e9rio da Sa\u00fade investe em produ\u00e7\u00e3o de medicamentos - Federassantas\" \/>\n<meta property=\"og:description\" content=\"A Pasta investir\u00e1 R$ 38 milh\u00f5es para constru\u00e7\u00e3o do primeiro centro p\u00fablico de pesquisa e desenvolvimento e inova\u00e7\u00e3o de medicamentos no Brasil Voltado a preencher uma lacuna existente no pa\u00eds na produ\u00e7\u00e3o de medicamentos, o Centro de Pesquisa, Desenvolvimento e Inova\u00e7\u00e3o em Medicamentos (CPDIM) teve sua Pedra Fundamental lan\u00e7ada nesta semana. O Centro pretende fazer [&hellip;]\" \/>\n<meta property=\"og:url\" content=\"https:\/\/www.federassantas.org.br\/novosite\/ministerio-da-saude-investe-em-producao-de-medicamentos\/\" \/>\n<meta property=\"og:site_name\" content=\"Federassantas\" \/>\n<meta property=\"article:published_time\" content=\"2018-11-12T16:44:37+00:00\" \/>\n<meta name=\"author\" content=\"admin-federas\" \/>\n<meta name=\"twitter:card\" content=\"summary_large_image\" \/>\n<meta name=\"twitter:label1\" content=\"Escrito por\" \/>\n\t<meta name=\"twitter:data1\" content=\"admin-federas\" \/>\n\t<meta name=\"twitter:label2\" content=\"Est. tempo de leitura\" \/>\n\t<meta name=\"twitter:data2\" content=\"3 minutos\" \/>\n<script type=\"application\/ld+json\" class=\"yoast-schema-graph\">{\"@context\":\"https:\/\/schema.org\",\"@graph\":[{\"@type\":\"Article\",\"@id\":\"https:\/\/www.federassantas.org.br\/novosite\/ministerio-da-saude-investe-em-producao-de-medicamentos\/#article\",\"isPartOf\":{\"@id\":\"https:\/\/www.federassantas.org.br\/novosite\/ministerio-da-saude-investe-em-producao-de-medicamentos\/\"},\"author\":{\"name\":\"admin-federas\",\"@id\":\"https:\/\/www.federassantas.org.br\/novosite\/#\/schema\/person\/75fed98158349313fe56175f232f513c\"},\"headline\":\"Minist\u00e9rio da Sa\u00fade investe em produ\u00e7\u00e3o de medicamentos\",\"datePublished\":\"2018-11-12T16:44:37+00:00\",\"mainEntityOfPage\":{\"@id\":\"https:\/\/www.federassantas.org.br\/novosite\/ministerio-da-saude-investe-em-producao-de-medicamentos\/\"},\"wordCount\":533,\"commentCount\":0,\"publisher\":{\"@id\":\"https:\/\/www.federassantas.org.br\/novosite\/#organization\"},\"image\":{\"@id\":\"https:\/\/www.federassantas.org.br\/novosite\/ministerio-da-saude-investe-em-producao-de-medicamentos\/#primaryimage\"},\"thumbnailUrl\":\"\",\"articleSection\":[\"Not\u00edcias\"],\"inLanguage\":\"pt-BR\",\"potentialAction\":[{\"@type\":\"CommentAction\",\"name\":\"Comment\",\"target\":[\"https:\/\/www.federassantas.org.br\/novosite\/ministerio-da-saude-investe-em-producao-de-medicamentos\/#respond\"]}]},{\"@type\":\"WebPage\",\"@id\":\"https:\/\/www.federassantas.org.br\/novosite\/ministerio-da-saude-investe-em-producao-de-medicamentos\/\",\"url\":\"https:\/\/www.federassantas.org.br\/novosite\/ministerio-da-saude-investe-em-producao-de-medicamentos\/\",\"name\":\"Minist\u00e9rio da Sa\u00fade investe em produ\u00e7\u00e3o de medicamentos - Federassantas\",\"isPartOf\":{\"@id\":\"https:\/\/www.federassantas.org.br\/novosite\/#website\"},\"primaryImageOfPage\":{\"@id\":\"https:\/\/www.federassantas.org.br\/novosite\/ministerio-da-saude-investe-em-producao-de-medicamentos\/#primaryimage\"},\"image\":{\"@id\":\"https:\/\/www.federassantas.org.br\/novosite\/ministerio-da-saude-investe-em-producao-de-medicamentos\/#primaryimage\"},\"thumbnailUrl\":\"\",\"datePublished\":\"2018-11-12T16:44:37+00:00\",\"breadcrumb\":{\"@id\":\"https:\/\/www.federassantas.org.br\/novosite\/ministerio-da-saude-investe-em-producao-de-medicamentos\/#breadcrumb\"},\"inLanguage\":\"pt-BR\",\"potentialAction\":[{\"@type\":\"ReadAction\",\"target\":[\"https:\/\/www.federassantas.org.br\/novosite\/ministerio-da-saude-investe-em-producao-de-medicamentos\/\"]}]},{\"@type\":\"ImageObject\",\"inLanguage\":\"pt-BR\",\"@id\":\"https:\/\/www.federassantas.org.br\/novosite\/ministerio-da-saude-investe-em-producao-de-medicamentos\/#primaryimage\",\"url\":\"\",\"contentUrl\":\"\"},{\"@type\":\"BreadcrumbList\",\"@id\":\"https:\/\/www.federassantas.org.br\/novosite\/ministerio-da-saude-investe-em-producao-de-medicamentos\/#breadcrumb\",\"itemListElement\":[{\"@type\":\"ListItem\",\"position\":1,\"name\":\"In\u00edcio\",\"item\":\"https:\/\/www.federassantas.org.br\/novosite\/\"},{\"@type\":\"ListItem\",\"position\":2,\"name\":\"Minist\u00e9rio da Sa\u00fade investe em produ\u00e7\u00e3o de medicamentos\"}]},{\"@type\":\"WebSite\",\"@id\":\"https:\/\/www.federassantas.org.br\/novosite\/#website\",\"url\":\"https:\/\/www.federassantas.org.br\/novosite\/\",\"name\":\"Federassantas\",\"description\":\"Fed. das Santas Casas e Hospitais Filantr\u00f3picos de MG\",\"publisher\":{\"@id\":\"https:\/\/www.federassantas.org.br\/novosite\/#organization\"},\"potentialAction\":[{\"@type\":\"SearchAction\",\"target\":{\"@type\":\"EntryPoint\",\"urlTemplate\":\"https:\/\/www.federassantas.org.br\/novosite\/?s={search_term_string}\"},\"query-input\":{\"@type\":\"PropertyValueSpecification\",\"valueRequired\":true,\"valueName\":\"search_term_string\"}}],\"inLanguage\":\"pt-BR\"},{\"@type\":\"Organization\",\"@id\":\"https:\/\/www.federassantas.org.br\/novosite\/#organization\",\"name\":\"Federassantas\",\"url\":\"https:\/\/www.federassantas.org.br\/novosite\/\",\"logo\":{\"@type\":\"ImageObject\",\"inLanguage\":\"pt-BR\",\"@id\":\"https:\/\/www.federassantas.org.br\/novosite\/#\/schema\/logo\/image\/\",\"url\":\"https:\/\/www.federassantas.org.br\/novosite\/wp-content\/uploads\/2021\/12\/logo.png\",\"contentUrl\":\"https:\/\/www.federassantas.org.br\/novosite\/wp-content\/uploads\/2021\/12\/logo.png\",\"width\":243,\"height\":59,\"caption\":\"Federassantas\"},\"image\":{\"@id\":\"https:\/\/www.federassantas.org.br\/novosite\/#\/schema\/logo\/image\/\"}},{\"@type\":\"Person\",\"@id\":\"https:\/\/www.federassantas.org.br\/novosite\/#\/schema\/person\/75fed98158349313fe56175f232f513c\",\"name\":\"admin-federas\",\"image\":{\"@type\":\"ImageObject\",\"inLanguage\":\"pt-BR\",\"@id\":\"https:\/\/www.federassantas.org.br\/novosite\/#\/schema\/person\/image\/\",\"url\":\"https:\/\/secure.gravatar.com\/avatar\/2a02d7dda59fe8dc6b7ffd3f652e2efede5ccf0dd89dfdc8137c5517f3de8407?s=96&d=mm&r=g\",\"contentUrl\":\"https:\/\/secure.gravatar.com\/avatar\/2a02d7dda59fe8dc6b7ffd3f652e2efede5ccf0dd89dfdc8137c5517f3de8407?s=96&d=mm&r=g\",\"caption\":\"admin-federas\"},\"sameAs\":[\"https:\/\/www.federassantas.org.br\/novosite\/\"],\"url\":\"https:\/\/www.federassantas.org.br\/novosite\/author\/admin-federas\/\"}]}<\/script>\n<!-- \/ Yoast SEO plugin. -->","yoast_head_json":{"title":"Minist\u00e9rio da Sa\u00fade investe em produ\u00e7\u00e3o de medicamentos - Federassantas","robots":{"index":"index","follow":"follow","max-snippet":"max-snippet:-1","max-image-preview":"max-image-preview:large","max-video-preview":"max-video-preview:-1"},"canonical":"https:\/\/www.federassantas.org.br\/novosite\/ministerio-da-saude-investe-em-producao-de-medicamentos\/","og_locale":"pt_BR","og_type":"article","og_title":"Minist\u00e9rio da Sa\u00fade investe em produ\u00e7\u00e3o de medicamentos - Federassantas","og_description":"A Pasta investir\u00e1 R$ 38 milh\u00f5es para constru\u00e7\u00e3o do primeiro centro p\u00fablico de pesquisa e desenvolvimento e inova\u00e7\u00e3o de medicamentos no Brasil Voltado a preencher uma lacuna existente no pa\u00eds na produ\u00e7\u00e3o de medicamentos, o Centro de Pesquisa, Desenvolvimento e Inova\u00e7\u00e3o em Medicamentos (CPDIM) teve sua Pedra Fundamental lan\u00e7ada nesta semana. O Centro pretende fazer [&hellip;]","og_url":"https:\/\/www.federassantas.org.br\/novosite\/ministerio-da-saude-investe-em-producao-de-medicamentos\/","og_site_name":"Federassantas","article_published_time":"2018-11-12T16:44:37+00:00","author":"admin-federas","twitter_card":"summary_large_image","twitter_misc":{"Escrito por":"admin-federas","Est. tempo de leitura":"3 minutos"},"schema":{"@context":"https:\/\/schema.org","@graph":[{"@type":"Article","@id":"https:\/\/www.federassantas.org.br\/novosite\/ministerio-da-saude-investe-em-producao-de-medicamentos\/#article","isPartOf":{"@id":"https:\/\/www.federassantas.org.br\/novosite\/ministerio-da-saude-investe-em-producao-de-medicamentos\/"},"author":{"name":"admin-federas","@id":"https:\/\/www.federassantas.org.br\/novosite\/#\/schema\/person\/75fed98158349313fe56175f232f513c"},"headline":"Minist\u00e9rio da Sa\u00fade investe em produ\u00e7\u00e3o de medicamentos","datePublished":"2018-11-12T16:44:37+00:00","mainEntityOfPage":{"@id":"https:\/\/www.federassantas.org.br\/novosite\/ministerio-da-saude-investe-em-producao-de-medicamentos\/"},"wordCount":533,"commentCount":0,"publisher":{"@id":"https:\/\/www.federassantas.org.br\/novosite\/#organization"},"image":{"@id":"https:\/\/www.federassantas.org.br\/novosite\/ministerio-da-saude-investe-em-producao-de-medicamentos\/#primaryimage"},"thumbnailUrl":"","articleSection":["Not\u00edcias"],"inLanguage":"pt-BR","potentialAction":[{"@type":"CommentAction","name":"Comment","target":["https:\/\/www.federassantas.org.br\/novosite\/ministerio-da-saude-investe-em-producao-de-medicamentos\/#respond"]}]},{"@type":"WebPage","@id":"https:\/\/www.federassantas.org.br\/novosite\/ministerio-da-saude-investe-em-producao-de-medicamentos\/","url":"https:\/\/www.federassantas.org.br\/novosite\/ministerio-da-saude-investe-em-producao-de-medicamentos\/","name":"Minist\u00e9rio da Sa\u00fade investe em produ\u00e7\u00e3o de medicamentos - Federassantas","isPartOf":{"@id":"https:\/\/www.federassantas.org.br\/novosite\/#website"},"primaryImageOfPage":{"@id":"https:\/\/www.federassantas.org.br\/novosite\/ministerio-da-saude-investe-em-producao-de-medicamentos\/#primaryimage"},"image":{"@id":"https:\/\/www.federassantas.org.br\/novosite\/ministerio-da-saude-investe-em-producao-de-medicamentos\/#primaryimage"},"thumbnailUrl":"","datePublished":"2018-11-12T16:44:37+00:00","breadcrumb":{"@id":"https:\/\/www.federassantas.org.br\/novosite\/ministerio-da-saude-investe-em-producao-de-medicamentos\/#breadcrumb"},"inLanguage":"pt-BR","potentialAction":[{"@type":"ReadAction","target":["https:\/\/www.federassantas.org.br\/novosite\/ministerio-da-saude-investe-em-producao-de-medicamentos\/"]}]},{"@type":"ImageObject","inLanguage":"pt-BR","@id":"https:\/\/www.federassantas.org.br\/novosite\/ministerio-da-saude-investe-em-producao-de-medicamentos\/#primaryimage","url":"","contentUrl":""},{"@type":"BreadcrumbList","@id":"https:\/\/www.federassantas.org.br\/novosite\/ministerio-da-saude-investe-em-producao-de-medicamentos\/#breadcrumb","itemListElement":[{"@type":"ListItem","position":1,"name":"In\u00edcio","item":"https:\/\/www.federassantas.org.br\/novosite\/"},{"@type":"ListItem","position":2,"name":"Minist\u00e9rio da Sa\u00fade investe em produ\u00e7\u00e3o de medicamentos"}]},{"@type":"WebSite","@id":"https:\/\/www.federassantas.org.br\/novosite\/#website","url":"https:\/\/www.federassantas.org.br\/novosite\/","name":"Federassantas","description":"Fed. das Santas Casas e Hospitais Filantr\u00f3picos de MG","publisher":{"@id":"https:\/\/www.federassantas.org.br\/novosite\/#organization"},"potentialAction":[{"@type":"SearchAction","target":{"@type":"EntryPoint","urlTemplate":"https:\/\/www.federassantas.org.br\/novosite\/?s={search_term_string}"},"query-input":{"@type":"PropertyValueSpecification","valueRequired":true,"valueName":"search_term_string"}}],"inLanguage":"pt-BR"},{"@type":"Organization","@id":"https:\/\/www.federassantas.org.br\/novosite\/#organization","name":"Federassantas","url":"https:\/\/www.federassantas.org.br\/novosite\/","logo":{"@type":"ImageObject","inLanguage":"pt-BR","@id":"https:\/\/www.federassantas.org.br\/novosite\/#\/schema\/logo\/image\/","url":"https:\/\/www.federassantas.org.br\/novosite\/wp-content\/uploads\/2021\/12\/logo.png","contentUrl":"https:\/\/www.federassantas.org.br\/novosite\/wp-content\/uploads\/2021\/12\/logo.png","width":243,"height":59,"caption":"Federassantas"},"image":{"@id":"https:\/\/www.federassantas.org.br\/novosite\/#\/schema\/logo\/image\/"}},{"@type":"Person","@id":"https:\/\/www.federassantas.org.br\/novosite\/#\/schema\/person\/75fed98158349313fe56175f232f513c","name":"admin-federas","image":{"@type":"ImageObject","inLanguage":"pt-BR","@id":"https:\/\/www.federassantas.org.br\/novosite\/#\/schema\/person\/image\/","url":"https:\/\/secure.gravatar.com\/avatar\/2a02d7dda59fe8dc6b7ffd3f652e2efede5ccf0dd89dfdc8137c5517f3de8407?s=96&d=mm&r=g","contentUrl":"https:\/\/secure.gravatar.com\/avatar\/2a02d7dda59fe8dc6b7ffd3f652e2efede5ccf0dd89dfdc8137c5517f3de8407?s=96&d=mm&r=g","caption":"admin-federas"},"sameAs":["https:\/\/www.federassantas.org.br\/novosite\/"],"url":"https:\/\/www.federassantas.org.br\/novosite\/author\/admin-federas\/"}]}},"_links":{"self":[{"href":"https:\/\/www.federassantas.org.br\/novosite\/wp-json\/wp\/v2\/posts\/14750","targetHints":{"allow":["GET"]}}],"collection":[{"href":"https:\/\/www.federassantas.org.br\/novosite\/wp-json\/wp\/v2\/posts"}],"about":[{"href":"https:\/\/www.federassantas.org.br\/novosite\/wp-json\/wp\/v2\/types\/post"}],"author":[{"embeddable":true,"href":"https:\/\/www.federassantas.org.br\/novosite\/wp-json\/wp\/v2\/users\/1"}],"replies":[{"embeddable":true,"href":"https:\/\/www.federassantas.org.br\/novosite\/wp-json\/wp\/v2\/comments?post=14750"}],"version-history":[{"count":0,"href":"https:\/\/www.federassantas.org.br\/novosite\/wp-json\/wp\/v2\/posts\/14750\/revisions"}],"wp:featuredmedia":[{"embeddable":true,"href":"https:\/\/www.federassantas.org.br\/novosite\/wp-json\/"}],"wp:attachment":[{"href":"https:\/\/www.federassantas.org.br\/novosite\/wp-json\/wp\/v2\/media?parent=14750"}],"wp:term":[{"taxonomy":"category","embeddable":true,"href":"https:\/\/www.federassantas.org.br\/novosite\/wp-json\/wp\/v2\/categories?post=14750"},{"taxonomy":"post_tag","embeddable":true,"href":"https:\/\/www.federassantas.org.br\/novosite\/wp-json\/wp\/v2\/tags?post=14750"}],"curies":[{"name":"wp","href":"https:\/\/api.w.org\/{rel}","templated":true}]}}