{"id":14753,"date":"2018-11-12T14:53:57","date_gmt":"2018-11-12T16:53:57","guid":{"rendered":"https:\/\/federasbackup.meltcomunicacao.com.br\/?p=14753"},"modified":"2018-11-12T14:53:57","modified_gmt":"2018-11-12T16:53:57","slug":"educar-para-prevenir-o-diabetes","status":"publish","type":"post","link":"https:\/\/www.federassantas.org.br\/novosite\/educar-para-prevenir-o-diabetes\/","title":{"rendered":"Educar para prevenir o Diabetes"},"content":{"rendered":"<p style=\"font-weight: 400; text-align: justify;\"><em>Quatorze de novembro \u00e9 Dia Mundial do Diabetes; Santa Casa tem programa\u00e7\u00e3o especial para data<\/em><\/p>\n<p style=\"font-weight: 400; text-align: justify;\">Hoje, no Brasil, h\u00e1 mais de 13 milh\u00f5es de pessoas vivendo com diabetes, o que representa 6,9% da popula\u00e7\u00e3o. E, segundo a Sociedade Brasileira de Diabetes, esse n\u00famero est\u00e1 crescendo. Por isso, o programa Vida Saud\u00e1vel Plasc promove v\u00e1rias a\u00e7\u00f5es no dia 14 de novembro, Dia Mundial do Diabetes.<\/p>\n<p style=\"font-weight: 400; text-align: justify;\">O evento tem o apoio da Prefeitura de Juiz de Fora (PJF) e da Sociedade Brasileira de Retina e V\u00edtreo (SBRV), que divulga a campanha \u201cNovembro Diabetes Azul &#8211; sua vis\u00e3o em foco\u201d, j\u00e1 que a doen\u00e7a pode causar complica\u00e7\u00f5es nos olhos.<\/p>\n<p style=\"font-weight: 400; text-align: justify;\">Haver\u00e1 uma Feira da Sa\u00fade na Pra\u00e7a da Santa Casa, de 9h as 13h, com aferi\u00e7\u00e3o de press\u00e3o arterial, teste de glicemia e avalia\u00e7\u00e3o do p\u00e9 diab\u00e9tico, com o exame monofilamento. Tamb\u00e9m ser\u00e1 realizado exame de fundo de olho. Um profissional da Subsecretaria de Aten\u00e7\u00e3o Prim\u00e1ria \u00e0 Sa\u00fade estar\u00e1 no local para orientar os pacientes que precisarem de acompanhamento ou atendimento especializado na rede SUS.<\/p>\n<p style=\"font-weight: 400; text-align: justify;\">\u00c0 tarde, a partir das 14h, no Sal\u00e3o Nobre do hospital, acontecer\u00e3o duas palestras, abertas \u00e0 comunidade: \u201cDiabetes: Conhecer para cuidar\u201d com Dr. Maicon Almeida Bressan, Cl\u00ednico Geral; Eliziete Oliveira Costa, enfermeira; Adriana Veiga, psic\u00f3loga; Sarah Silva Santos, fisioterapeuta e Mariane Ricon, Nutricionista.&nbsp;A segunda palestra ser\u00e1: &#8220;O diabetes e suas consequ\u00eancias no olho: como evitar a perda visual&#8221;, com a oftalmologista Silvana Vianello. Para participar das palestras \u00e9 necess\u00e1rio fazer inscri\u00e7\u00e3o pelo telefone 3257-7500. As vagas s\u00e3o limitadas.<\/p>\n<p style=\"text-align: justify;\"><em>Por:&nbsp;Mylena Oliveira &#8211; Assessora de Comunica\u00e7\u00e3o da Santa Casa de Juiz de Fora<\/em><\/p>\n","protected":false},"excerpt":{"rendered":"<p>Quatorze de novembro \u00e9 Dia Mundial do Diabetes; Santa Casa tem programa\u00e7\u00e3o especial para data Hoje, no Brasil, h\u00e1 mais de 13 milh\u00f5es de pessoas vivendo com diabetes, o que representa 6,9% da popula\u00e7\u00e3o. E, segundo a Sociedade Brasileira de Diabetes, esse n\u00famero est\u00e1 crescendo. Por isso, o programa Vida Saud\u00e1vel Plasc promove v\u00e1rias a\u00e7\u00f5es [&hellip;]<\/p>\n","protected":false},"author":1,"featured_media":14754,"comment_status":"open","ping_status":"open","sticky":false,"template":"","format":"standard","meta":{"footnotes":""},"categories":[140,139],"tags":[],"class_list":["post-14753","post","type-post","status-publish","format-standard","has-post-thumbnail","hentry","category-noticias","category-noticias-filiados"],"yoast_head":"<!-- This site is optimized with the Yoast SEO plugin v26.9 - https:\/\/yoast.com\/product\/yoast-seo-wordpress\/ -->\n<title>Educar para prevenir o Diabetes - Federassantas<\/title>\n<meta name=\"robots\" content=\"index, follow, max-snippet:-1, max-image-preview:large, max-video-preview:-1\" \/>\n<link rel=\"canonical\" href=\"https:\/\/www.federassantas.org.br\/novosite\/educar-para-prevenir-o-diabetes\/\" \/>\n<meta property=\"og:locale\" content=\"pt_BR\" \/>\n<meta property=\"og:type\" content=\"article\" \/>\n<meta property=\"og:title\" content=\"Educar para prevenir o Diabetes - Federassantas\" \/>\n<meta property=\"og:description\" content=\"Quatorze de novembro \u00e9 Dia Mundial do Diabetes; Santa Casa tem programa\u00e7\u00e3o especial para data Hoje, no Brasil, h\u00e1 mais de 13 milh\u00f5es de pessoas vivendo com diabetes, o que representa 6,9% da popula\u00e7\u00e3o. E, segundo a Sociedade Brasileira de Diabetes, esse n\u00famero est\u00e1 crescendo. Por isso, o programa Vida Saud\u00e1vel Plasc promove v\u00e1rias a\u00e7\u00f5es [&hellip;]\" \/>\n<meta property=\"og:url\" content=\"https:\/\/www.federassantas.org.br\/novosite\/educar-para-prevenir-o-diabetes\/\" \/>\n<meta property=\"og:site_name\" content=\"Federassantas\" \/>\n<meta property=\"article:published_time\" content=\"2018-11-12T16:53:57+00:00\" \/>\n<meta property=\"og:image\" content=\"https:\/\/www.federassantas.org.br\/novosite\/wp-content\/uploads\/2018\/11\/26kcfjkt7a_9534c6fasq_file.jpeg\" \/>\n\t<meta property=\"og:image:width\" content=\"660\" \/>\n\t<meta property=\"og:image:height\" content=\"360\" \/>\n\t<meta property=\"og:image:type\" content=\"image\/jpeg\" \/>\n<meta name=\"author\" content=\"admin-federas\" \/>\n<meta name=\"twitter:card\" content=\"summary_large_image\" \/>\n<meta name=\"twitter:label1\" content=\"Escrito por\" \/>\n\t<meta name=\"twitter:data1\" content=\"admin-federas\" \/>\n\t<meta name=\"twitter:label2\" content=\"Est. tempo de leitura\" \/>\n\t<meta name=\"twitter:data2\" content=\"1 minuto\" \/>\n<script type=\"application\/ld+json\" class=\"yoast-schema-graph\">{\"@context\":\"https:\/\/schema.org\",\"@graph\":[{\"@type\":\"Article\",\"@id\":\"https:\/\/www.federassantas.org.br\/novosite\/educar-para-prevenir-o-diabetes\/#article\",\"isPartOf\":{\"@id\":\"https:\/\/www.federassantas.org.br\/novosite\/educar-para-prevenir-o-diabetes\/\"},\"author\":{\"name\":\"admin-federas\",\"@id\":\"https:\/\/www.federassantas.org.br\/novosite\/#\/schema\/person\/75fed98158349313fe56175f232f513c\"},\"headline\":\"Educar para prevenir o Diabetes\",\"datePublished\":\"2018-11-12T16:53:57+00:00\",\"mainEntityOfPage\":{\"@id\":\"https:\/\/www.federassantas.org.br\/novosite\/educar-para-prevenir-o-diabetes\/\"},\"wordCount\":293,\"commentCount\":0,\"publisher\":{\"@id\":\"https:\/\/www.federassantas.org.br\/novosite\/#organization\"},\"image\":{\"@id\":\"https:\/\/www.federassantas.org.br\/novosite\/educar-para-prevenir-o-diabetes\/#primaryimage\"},\"thumbnailUrl\":\"https:\/\/www.federassantas.org.br\/novosite\/wp-content\/uploads\/2018\/11\/26kcfjkt7a_9534c6fasq_file.jpeg\",\"articleSection\":[\"Not\u00edcias\",\"Not\u00edcias filiados\"],\"inLanguage\":\"pt-BR\",\"potentialAction\":[{\"@type\":\"CommentAction\",\"name\":\"Comment\",\"target\":[\"https:\/\/www.federassantas.org.br\/novosite\/educar-para-prevenir-o-diabetes\/#respond\"]}]},{\"@type\":\"WebPage\",\"@id\":\"https:\/\/www.federassantas.org.br\/novosite\/educar-para-prevenir-o-diabetes\/\",\"url\":\"https:\/\/www.federassantas.org.br\/novosite\/educar-para-prevenir-o-diabetes\/\",\"name\":\"Educar para prevenir o Diabetes - Federassantas\",\"isPartOf\":{\"@id\":\"https:\/\/www.federassantas.org.br\/novosite\/#website\"},\"primaryImageOfPage\":{\"@id\":\"https:\/\/www.federassantas.org.br\/novosite\/educar-para-prevenir-o-diabetes\/#primaryimage\"},\"image\":{\"@id\":\"https:\/\/www.federassantas.org.br\/novosite\/educar-para-prevenir-o-diabetes\/#primaryimage\"},\"thumbnailUrl\":\"https:\/\/www.federassantas.org.br\/novosite\/wp-content\/uploads\/2018\/11\/26kcfjkt7a_9534c6fasq_file.jpeg\",\"datePublished\":\"2018-11-12T16:53:57+00:00\",\"breadcrumb\":{\"@id\":\"https:\/\/www.federassantas.org.br\/novosite\/educar-para-prevenir-o-diabetes\/#breadcrumb\"},\"inLanguage\":\"pt-BR\",\"potentialAction\":[{\"@type\":\"ReadAction\",\"target\":[\"https:\/\/www.federassantas.org.br\/novosite\/educar-para-prevenir-o-diabetes\/\"]}]},{\"@type\":\"ImageObject\",\"inLanguage\":\"pt-BR\",\"@id\":\"https:\/\/www.federassantas.org.br\/novosite\/educar-para-prevenir-o-diabetes\/#primaryimage\",\"url\":\"https:\/\/www.federassantas.org.br\/novosite\/wp-content\/uploads\/2018\/11\/26kcfjkt7a_9534c6fasq_file.jpeg\",\"contentUrl\":\"https:\/\/www.federassantas.org.br\/novosite\/wp-content\/uploads\/2018\/11\/26kcfjkt7a_9534c6fasq_file.jpeg\",\"width\":660,\"height\":360},{\"@type\":\"BreadcrumbList\",\"@id\":\"https:\/\/www.federassantas.org.br\/novosite\/educar-para-prevenir-o-diabetes\/#breadcrumb\",\"itemListElement\":[{\"@type\":\"ListItem\",\"position\":1,\"name\":\"In\u00edcio\",\"item\":\"https:\/\/www.federassantas.org.br\/novosite\/\"},{\"@type\":\"ListItem\",\"position\":2,\"name\":\"Educar para prevenir o Diabetes\"}]},{\"@type\":\"WebSite\",\"@id\":\"https:\/\/www.federassantas.org.br\/novosite\/#website\",\"url\":\"https:\/\/www.federassantas.org.br\/novosite\/\",\"name\":\"Federassantas\",\"description\":\"Fed. das Santas Casas e Hospitais Filantr\u00f3picos de MG\",\"publisher\":{\"@id\":\"https:\/\/www.federassantas.org.br\/novosite\/#organization\"},\"potentialAction\":[{\"@type\":\"SearchAction\",\"target\":{\"@type\":\"EntryPoint\",\"urlTemplate\":\"https:\/\/www.federassantas.org.br\/novosite\/?s={search_term_string}\"},\"query-input\":{\"@type\":\"PropertyValueSpecification\",\"valueRequired\":true,\"valueName\":\"search_term_string\"}}],\"inLanguage\":\"pt-BR\"},{\"@type\":\"Organization\",\"@id\":\"https:\/\/www.federassantas.org.br\/novosite\/#organization\",\"name\":\"Federassantas\",\"url\":\"https:\/\/www.federassantas.org.br\/novosite\/\",\"logo\":{\"@type\":\"ImageObject\",\"inLanguage\":\"pt-BR\",\"@id\":\"https:\/\/www.federassantas.org.br\/novosite\/#\/schema\/logo\/image\/\",\"url\":\"https:\/\/www.federassantas.org.br\/novosite\/wp-content\/uploads\/2021\/12\/logo.png\",\"contentUrl\":\"https:\/\/www.federassantas.org.br\/novosite\/wp-content\/uploads\/2021\/12\/logo.png\",\"width\":243,\"height\":59,\"caption\":\"Federassantas\"},\"image\":{\"@id\":\"https:\/\/www.federassantas.org.br\/novosite\/#\/schema\/logo\/image\/\"}},{\"@type\":\"Person\",\"@id\":\"https:\/\/www.federassantas.org.br\/novosite\/#\/schema\/person\/75fed98158349313fe56175f232f513c\",\"name\":\"admin-federas\",\"image\":{\"@type\":\"ImageObject\",\"inLanguage\":\"pt-BR\",\"@id\":\"https:\/\/www.federassantas.org.br\/novosite\/#\/schema\/person\/image\/\",\"url\":\"https:\/\/secure.gravatar.com\/avatar\/2a02d7dda59fe8dc6b7ffd3f652e2efede5ccf0dd89dfdc8137c5517f3de8407?s=96&d=mm&r=g\",\"contentUrl\":\"https:\/\/secure.gravatar.com\/avatar\/2a02d7dda59fe8dc6b7ffd3f652e2efede5ccf0dd89dfdc8137c5517f3de8407?s=96&d=mm&r=g\",\"caption\":\"admin-federas\"},\"sameAs\":[\"https:\/\/www.federassantas.org.br\/novosite\/\"],\"url\":\"https:\/\/www.federassantas.org.br\/novosite\/author\/admin-federas\/\"}]}<\/script>\n<!-- \/ Yoast SEO plugin. -->","yoast_head_json":{"title":"Educar para prevenir o Diabetes - Federassantas","robots":{"index":"index","follow":"follow","max-snippet":"max-snippet:-1","max-image-preview":"max-image-preview:large","max-video-preview":"max-video-preview:-1"},"canonical":"https:\/\/www.federassantas.org.br\/novosite\/educar-para-prevenir-o-diabetes\/","og_locale":"pt_BR","og_type":"article","og_title":"Educar para prevenir o Diabetes - Federassantas","og_description":"Quatorze de novembro \u00e9 Dia Mundial do Diabetes; Santa Casa tem programa\u00e7\u00e3o especial para data Hoje, no Brasil, h\u00e1 mais de 13 milh\u00f5es de pessoas vivendo com diabetes, o que representa 6,9% da popula\u00e7\u00e3o. E, segundo a Sociedade Brasileira de Diabetes, esse n\u00famero est\u00e1 crescendo. Por isso, o programa Vida Saud\u00e1vel Plasc promove v\u00e1rias a\u00e7\u00f5es [&hellip;]","og_url":"https:\/\/www.federassantas.org.br\/novosite\/educar-para-prevenir-o-diabetes\/","og_site_name":"Federassantas","article_published_time":"2018-11-12T16:53:57+00:00","og_image":[{"width":660,"height":360,"url":"https:\/\/www.federassantas.org.br\/novosite\/wp-content\/uploads\/2018\/11\/26kcfjkt7a_9534c6fasq_file.jpeg","type":"image\/jpeg"}],"author":"admin-federas","twitter_card":"summary_large_image","twitter_misc":{"Escrito por":"admin-federas","Est. tempo de leitura":"1 minuto"},"schema":{"@context":"https:\/\/schema.org","@graph":[{"@type":"Article","@id":"https:\/\/www.federassantas.org.br\/novosite\/educar-para-prevenir-o-diabetes\/#article","isPartOf":{"@id":"https:\/\/www.federassantas.org.br\/novosite\/educar-para-prevenir-o-diabetes\/"},"author":{"name":"admin-federas","@id":"https:\/\/www.federassantas.org.br\/novosite\/#\/schema\/person\/75fed98158349313fe56175f232f513c"},"headline":"Educar para prevenir o Diabetes","datePublished":"2018-11-12T16:53:57+00:00","mainEntityOfPage":{"@id":"https:\/\/www.federassantas.org.br\/novosite\/educar-para-prevenir-o-diabetes\/"},"wordCount":293,"commentCount":0,"publisher":{"@id":"https:\/\/www.federassantas.org.br\/novosite\/#organization"},"image":{"@id":"https:\/\/www.federassantas.org.br\/novosite\/educar-para-prevenir-o-diabetes\/#primaryimage"},"thumbnailUrl":"https:\/\/www.federassantas.org.br\/novosite\/wp-content\/uploads\/2018\/11\/26kcfjkt7a_9534c6fasq_file.jpeg","articleSection":["Not\u00edcias","Not\u00edcias filiados"],"inLanguage":"pt-BR","potentialAction":[{"@type":"CommentAction","name":"Comment","target":["https:\/\/www.federassantas.org.br\/novosite\/educar-para-prevenir-o-diabetes\/#respond"]}]},{"@type":"WebPage","@id":"https:\/\/www.federassantas.org.br\/novosite\/educar-para-prevenir-o-diabetes\/","url":"https:\/\/www.federassantas.org.br\/novosite\/educar-para-prevenir-o-diabetes\/","name":"Educar para prevenir o Diabetes - Federassantas","isPartOf":{"@id":"https:\/\/www.federassantas.org.br\/novosite\/#website"},"primaryImageOfPage":{"@id":"https:\/\/www.federassantas.org.br\/novosite\/educar-para-prevenir-o-diabetes\/#primaryimage"},"image":{"@id":"https:\/\/www.federassantas.org.br\/novosite\/educar-para-prevenir-o-diabetes\/#primaryimage"},"thumbnailUrl":"https:\/\/www.federassantas.org.br\/novosite\/wp-content\/uploads\/2018\/11\/26kcfjkt7a_9534c6fasq_file.jpeg","datePublished":"2018-11-12T16:53:57+00:00","breadcrumb":{"@id":"https:\/\/www.federassantas.org.br\/novosite\/educar-para-prevenir-o-diabetes\/#breadcrumb"},"inLanguage":"pt-BR","potentialAction":[{"@type":"ReadAction","target":["https:\/\/www.federassantas.org.br\/novosite\/educar-para-prevenir-o-diabetes\/"]}]},{"@type":"ImageObject","inLanguage":"pt-BR","@id":"https:\/\/www.federassantas.org.br\/novosite\/educar-para-prevenir-o-diabetes\/#primaryimage","url":"https:\/\/www.federassantas.org.br\/novosite\/wp-content\/uploads\/2018\/11\/26kcfjkt7a_9534c6fasq_file.jpeg","contentUrl":"https:\/\/www.federassantas.org.br\/novosite\/wp-content\/uploads\/2018\/11\/26kcfjkt7a_9534c6fasq_file.jpeg","width":660,"height":360},{"@type":"BreadcrumbList","@id":"https:\/\/www.federassantas.org.br\/novosite\/educar-para-prevenir-o-diabetes\/#breadcrumb","itemListElement":[{"@type":"ListItem","position":1,"name":"In\u00edcio","item":"https:\/\/www.federassantas.org.br\/novosite\/"},{"@type":"ListItem","position":2,"name":"Educar para prevenir o Diabetes"}]},{"@type":"WebSite","@id":"https:\/\/www.federassantas.org.br\/novosite\/#website","url":"https:\/\/www.federassantas.org.br\/novosite\/","name":"Federassantas","description":"Fed. das Santas Casas e Hospitais Filantr\u00f3picos de MG","publisher":{"@id":"https:\/\/www.federassantas.org.br\/novosite\/#organization"},"potentialAction":[{"@type":"SearchAction","target":{"@type":"EntryPoint","urlTemplate":"https:\/\/www.federassantas.org.br\/novosite\/?s={search_term_string}"},"query-input":{"@type":"PropertyValueSpecification","valueRequired":true,"valueName":"search_term_string"}}],"inLanguage":"pt-BR"},{"@type":"Organization","@id":"https:\/\/www.federassantas.org.br\/novosite\/#organization","name":"Federassantas","url":"https:\/\/www.federassantas.org.br\/novosite\/","logo":{"@type":"ImageObject","inLanguage":"pt-BR","@id":"https:\/\/www.federassantas.org.br\/novosite\/#\/schema\/logo\/image\/","url":"https:\/\/www.federassantas.org.br\/novosite\/wp-content\/uploads\/2021\/12\/logo.png","contentUrl":"https:\/\/www.federassantas.org.br\/novosite\/wp-content\/uploads\/2021\/12\/logo.png","width":243,"height":59,"caption":"Federassantas"},"image":{"@id":"https:\/\/www.federassantas.org.br\/novosite\/#\/schema\/logo\/image\/"}},{"@type":"Person","@id":"https:\/\/www.federassantas.org.br\/novosite\/#\/schema\/person\/75fed98158349313fe56175f232f513c","name":"admin-federas","image":{"@type":"ImageObject","inLanguage":"pt-BR","@id":"https:\/\/www.federassantas.org.br\/novosite\/#\/schema\/person\/image\/","url":"https:\/\/secure.gravatar.com\/avatar\/2a02d7dda59fe8dc6b7ffd3f652e2efede5ccf0dd89dfdc8137c5517f3de8407?s=96&d=mm&r=g","contentUrl":"https:\/\/secure.gravatar.com\/avatar\/2a02d7dda59fe8dc6b7ffd3f652e2efede5ccf0dd89dfdc8137c5517f3de8407?s=96&d=mm&r=g","caption":"admin-federas"},"sameAs":["https:\/\/www.federassantas.org.br\/novosite\/"],"url":"https:\/\/www.federassantas.org.br\/novosite\/author\/admin-federas\/"}]}},"_links":{"self":[{"href":"https:\/\/www.federassantas.org.br\/novosite\/wp-json\/wp\/v2\/posts\/14753","targetHints":{"allow":["GET"]}}],"collection":[{"href":"https:\/\/www.federassantas.org.br\/novosite\/wp-json\/wp\/v2\/posts"}],"about":[{"href":"https:\/\/www.federassantas.org.br\/novosite\/wp-json\/wp\/v2\/types\/post"}],"author":[{"embeddable":true,"href":"https:\/\/www.federassantas.org.br\/novosite\/wp-json\/wp\/v2\/users\/1"}],"replies":[{"embeddable":true,"href":"https:\/\/www.federassantas.org.br\/novosite\/wp-json\/wp\/v2\/comments?post=14753"}],"version-history":[{"count":0,"href":"https:\/\/www.federassantas.org.br\/novosite\/wp-json\/wp\/v2\/posts\/14753\/revisions"}],"wp:featuredmedia":[{"embeddable":true,"href":"https:\/\/www.federassantas.org.br\/novosite\/wp-json\/wp\/v2\/media\/14754"}],"wp:attachment":[{"href":"https:\/\/www.federassantas.org.br\/novosite\/wp-json\/wp\/v2\/media?parent=14753"}],"wp:term":[{"taxonomy":"category","embeddable":true,"href":"https:\/\/www.federassantas.org.br\/novosite\/wp-json\/wp\/v2\/categories?post=14753"},{"taxonomy":"post_tag","embeddable":true,"href":"https:\/\/www.federassantas.org.br\/novosite\/wp-json\/wp\/v2\/tags?post=14753"}],"curies":[{"name":"wp","href":"https:\/\/api.w.org\/{rel}","templated":true}]}}