{"id":14757,"date":"2018-11-13T13:59:37","date_gmt":"2018-11-13T15:59:37","guid":{"rendered":"https:\/\/federasbackup.meltcomunicacao.com.br\/?p=14757"},"modified":"2018-11-13T13:59:37","modified_gmt":"2018-11-13T15:59:37","slug":"camara-aprova-mp-que-cria-linha-de-credito-do-fgts-para-as-santas-casas","status":"publish","type":"post","link":"https:\/\/www.federassantas.org.br\/novosite\/camara-aprova-mp-que-cria-linha-de-credito-do-fgts-para-as-santas-casas\/","title":{"rendered":"C\u00e2mara aprova MP que cria linha de cr\u00e9dito do FGTS para os filantr\u00f3picos"},"content":{"rendered":"<p style=\"text-align: justify;\">O Plen\u00e1rio da C\u00e2mara dos Deputados concluiu nesta segunda-feira (12) a vota\u00e7\u00e3o da Medida Provis\u00f3ria 848\/18, que cria uma linha de cr\u00e9dito com recursos do Fundo de Garantia do Tempo de Servi\u00e7o (FGTS) para socorrer as santas casas e os hospitais filantr\u00f3picos que atendem pelo Sistema \u00danico de Sa\u00fade (SUS). A mat\u00e9ria ser\u00e1 enviada ao Senado.<\/p>\n<p style=\"text-align: justify;\">De acordo com a medida, 5% do programa anual de aplica\u00e7\u00f5es do FGTS ser\u00e3o destinados a essa linha de financiamento. Os operadores ser\u00e3o Banco do Brasil, Caixa Econ\u00f4mica Federal e\u00a0 Banco Nacional do Desenvolvimento Econ\u00f4mico e Social (<span class=\"termoGlossario\">BNDES<\/span>). O risco financeiro da opera\u00e7\u00e3o ficar\u00e1 com os bancos.<\/p>\n<p style=\"text-align: justify;\">Uma das mudan\u00e7as na MP feitas pelo\u00a0<span class=\"termoGlossario\">projeto de lei de convers\u00e3o<\/span>\u00a0do senador Lasier Martins (PSD-RS) refor\u00e7a a possibilidade de uso dos recursos reservados \u00e0s santas casas e n\u00e3o emprestados a elas em outras finalidades j\u00e1 previstas na lei do FGTS, como habita\u00e7\u00e3o, saneamento b\u00e1sico e infraestrutura urbana.<\/p>\n<p style=\"text-align: justify;\">Outra condi\u00e7\u00e3o imposta pelo relator foi de que a santa casa interessada no financiamento dever\u00e1 ofertar um m\u00ednimo de 60% de seus servi\u00e7os ao SUS, como j\u00e1 ocorre atualmente, e comprovar, todo ano, a presta\u00e7\u00e3o desses servi\u00e7os com base no n\u00famero de interna\u00e7\u00f5es e atendimentos ambulatoriais realizados.<\/p>\n<p style=\"text-align: justify;\"><strong>Pessoas com defici\u00eancia<\/strong><br \/>\nPor meio de um\u00a0<span class=\"termoGlossario\">destaque<\/span>\u00a0aprovado no \u00faltimo dia 30 de outubro, trecho de emenda do deputado Otavio Leite (PSDB-RJ) foi inclu\u00edda no texto da MP para estender o acesso a essa linha de financiamento \u00e0s institui\u00e7\u00f5es que atuam a favor de pessoas com defici\u00eancia.<\/p>\n<p style=\"text-align: justify;\">Nesta segunda-feira, destaque do PSDB foi aprovado para refor\u00e7ar a inclus\u00e3o desses novos benefici\u00e1rios em outro trecho da Lei 8.036\/90 (Lei do FGTS).<\/p>\n<p style=\"text-align: justify;\">Entretanto, para agilizar a vota\u00e7\u00e3o, o MDB desistiu de dois destaques que tamb\u00e9m inclu\u00edam esses benefici\u00e1rios em par\u00e1grafos que disciplinam a taxa de juros e a defini\u00e7\u00e3o de bancos estatais como agentes operadores.<\/p>\n<p style=\"text-align: justify;\">Antes do final da sess\u00e3o, o deputado Hildo Rocha (MDB-MA) apelou ao presidente dos trabalhos, deputado JHC (PSB-AL), para que se fizesse a vota\u00e7\u00e3o desses trechos a fim de dar seguran\u00e7a jur\u00eddica na aplica\u00e7\u00e3o da lei. Entretanto, JHC explicou que n\u00e3o poderia voltar atr\u00e1s em uma vota\u00e7\u00e3o encerrada.<\/p>\n<p style=\"text-align: justify;\">Para o deputado Domingos S\u00e1vio (PSDB-MG), a aprova\u00e7\u00e3o do destaque de hoje consolidaria a inclus\u00e3o dessas entidades na linha de cr\u00e9dito. \u201cConcordamos com a retirada dos destaques do MDB por interpretar que a reda\u00e7\u00e3o final vai contemplar o ajuste necess\u00e1rio ap\u00f3s a aprova\u00e7\u00e3o do destaque do PSDB\u201d, afirmou.<\/p>\n<p style=\"text-align: justify;\"><strong>Custo do financiamento<\/strong><br \/>\nA taxa de juros da nova linha de financiamento n\u00e3o poder\u00e1 ser superior \u00e0 cobrada da modalidade pr\u00f3-cotista dos financiamentos habitacionais, que beneficia trabalhadores com conta no FGTS. A linha tem juros mais baixos do que os praticados no mercado. Hoje est\u00e1 entre 7,85% e 9% ao ano.<\/p>\n<p style=\"text-align: justify;\">A medida provis\u00f3ria estabelece ainda que a tarifa operacional cobrada pelo banco financiador ficar\u00e1 limitada a 0,5% do valor da opera\u00e7\u00e3o de cr\u00e9dito.<\/p>\n<p style=\"text-align: justify;\">O texto n\u00e3o fala em prazo para pagamento, mas o vice-l\u00edder do governo, deputado Darc\u00edsio Perondi (MDB-RS), informou por meio de sua assessoria que ser\u00e1 de dez anos, sem car\u00eancia. Perondi participou das negocia\u00e7\u00f5es que deram origem \u00e0 MP.<\/p>\n<p style=\"text-align: justify;\"><strong>D\u00edvidas<\/strong><br \/>\nSegundo o governo, muitas institui\u00e7\u00f5es, especialmente as santas casas de miseric\u00f3rdia, est\u00e3o em situa\u00e7\u00e3o insustent\u00e1vel e acumulam d\u00edvidas na ordem de R$ 21 bilh\u00f5es. Essas entidades representam 31% do total dos leitos do Brasil e s\u00e3o respons\u00e1veis por quase metade das cirurgias do SUS.<\/p>\n<p style=\"text-align: justify;\">Dados do Minist\u00e9rio da Sa\u00fade mostram que, em 968 munic\u00edpios, a assist\u00eancia hospitalar \u00e9 realizada exclusivamente pelos filantr\u00f3picos ou santas casas.<\/p>\n<p style=\"text-align: justify;\"><strong>Aplica\u00e7\u00f5es<\/strong><br \/>\nA medida provis\u00f3ria altera a lei do FGTS (8.036\/90), que prev\u00ea a aplica\u00e7\u00e3o dos recursos apenas em habita\u00e7\u00e3o, saneamento b\u00e1sico e infraestrutura urbana.<\/p>\n<p style=\"text-align: justify;\">Entretanto, desde 2007, quando foi criado o Fundo de Investimento do Fundo de Garantia do Tempo de Servi\u00e7o (FI-FGTS), indiretamente foram abertas outras frentes de financiamento.<\/p>\n<p style=\"text-align: justify;\">Esse fundo recebe parte dos recursos do FGTS para aplicar tamb\u00e9m em projetos nos setores de energia, ferrovia, rodovia, hidrovia e portos. Saneamento tamb\u00e9m \u00e9 beneficiado.<\/p>\n<p style=\"text-align: justify;\">Relat\u00f3rio de gest\u00e3o da Caixa Econ\u00f4mica Federal indica que, de 2007 a 2016, o FGTS direcionou montante equivalente a cerca de R$ 22,9 bilh\u00f5es e encerrou 2016 com patrim\u00f4nio l\u00edquido de R$ 31,76 bilh\u00f5es.<\/p>\n<p style=\"text-align: justify;\">Ainda segundo o relat\u00f3rio, parte dos retornos desses financiamentos voltam para o FGTS, resultando em aumento de seu patrim\u00f4nio superior ao reajuste anual estipulado em lei (3% ao ano). No per\u00edodo citado, foram R$ 13,8 bilh\u00f5es na forma de pagamento de juros, amortiza\u00e7\u00f5es e distribui\u00e7\u00f5es de dividendos.<\/p>\n<p>Fonte:\u00a0<a title=\"Ag\u00eancia C\u00e2mara de Not\u00edticas\" href=\"http:\/\/www2.camara.leg.br\/camaranoticias\">Ag\u00eancia C\u00e2mara Not\u00edcias<\/a><\/p>\n","protected":false},"excerpt":{"rendered":"<p>O Plen\u00e1rio da C\u00e2mara dos Deputados concluiu nesta segunda-feira (12) a vota\u00e7\u00e3o da Medida Provis\u00f3ria 848\/18, que cria uma linha de cr\u00e9dito com recursos do Fundo de Garantia do Tempo de Servi\u00e7o (FGTS) para socorrer as santas casas e os hospitais filantr\u00f3picos que atendem pelo Sistema \u00danico de Sa\u00fade (SUS). A mat\u00e9ria ser\u00e1 enviada ao [&hellip;]<\/p>\n","protected":false},"author":1,"featured_media":14758,"comment_status":"open","ping_status":"open","sticky":false,"template":"","format":"standard","meta":{"footnotes":""},"categories":[140,143],"tags":[],"class_list":["post-14757","post","type-post","status-publish","format-standard","has-post-thumbnail","hentry","category-noticias","category-noticias-publicas"],"yoast_head":"<!-- This site is optimized with the Yoast SEO plugin v26.9 - https:\/\/yoast.com\/product\/yoast-seo-wordpress\/ -->\n<title>C\u00e2mara aprova MP que cria linha de cr\u00e9dito do FGTS para os filantr\u00f3picos - Federassantas<\/title>\n<meta name=\"robots\" content=\"index, follow, max-snippet:-1, max-image-preview:large, max-video-preview:-1\" \/>\n<link rel=\"canonical\" href=\"https:\/\/www.federassantas.org.br\/novosite\/camara-aprova-mp-que-cria-linha-de-credito-do-fgts-para-as-santas-casas\/\" \/>\n<meta property=\"og:locale\" content=\"pt_BR\" \/>\n<meta property=\"og:type\" content=\"article\" \/>\n<meta property=\"og:title\" content=\"C\u00e2mara aprova MP que cria linha de cr\u00e9dito do FGTS para os filantr\u00f3picos - Federassantas\" \/>\n<meta property=\"og:description\" content=\"O Plen\u00e1rio da C\u00e2mara dos Deputados concluiu nesta segunda-feira (12) a vota\u00e7\u00e3o da Medida Provis\u00f3ria 848\/18, que cria uma linha de cr\u00e9dito com recursos do Fundo de Garantia do Tempo de Servi\u00e7o (FGTS) para socorrer as santas casas e os hospitais filantr\u00f3picos que atendem pelo Sistema \u00danico de Sa\u00fade (SUS). A mat\u00e9ria ser\u00e1 enviada ao [&hellip;]\" \/>\n<meta property=\"og:url\" content=\"https:\/\/www.federassantas.org.br\/novosite\/camara-aprova-mp-que-cria-linha-de-credito-do-fgts-para-as-santas-casas\/\" \/>\n<meta property=\"og:site_name\" content=\"Federassantas\" \/>\n<meta property=\"article:published_time\" content=\"2018-11-13T15:59:37+00:00\" \/>\n<meta name=\"author\" content=\"admin-federas\" \/>\n<meta name=\"twitter:card\" content=\"summary_large_image\" \/>\n<meta name=\"twitter:label1\" content=\"Escrito por\" \/>\n\t<meta name=\"twitter:data1\" content=\"admin-federas\" \/>\n\t<meta name=\"twitter:label2\" content=\"Est. tempo de leitura\" \/>\n\t<meta name=\"twitter:data2\" content=\"4 minutos\" \/>\n<script type=\"application\/ld+json\" class=\"yoast-schema-graph\">{\"@context\":\"https:\/\/schema.org\",\"@graph\":[{\"@type\":\"Article\",\"@id\":\"https:\/\/www.federassantas.org.br\/novosite\/camara-aprova-mp-que-cria-linha-de-credito-do-fgts-para-as-santas-casas\/#article\",\"isPartOf\":{\"@id\":\"https:\/\/www.federassantas.org.br\/novosite\/camara-aprova-mp-que-cria-linha-de-credito-do-fgts-para-as-santas-casas\/\"},\"author\":{\"name\":\"admin-federas\",\"@id\":\"https:\/\/www.federassantas.org.br\/novosite\/#\/schema\/person\/75fed98158349313fe56175f232f513c\"},\"headline\":\"C\u00e2mara aprova MP que cria linha de cr\u00e9dito do FGTS para os filantr\u00f3picos\",\"datePublished\":\"2018-11-13T15:59:37+00:00\",\"mainEntityOfPage\":{\"@id\":\"https:\/\/www.federassantas.org.br\/novosite\/camara-aprova-mp-que-cria-linha-de-credito-do-fgts-para-as-santas-casas\/\"},\"wordCount\":836,\"commentCount\":0,\"publisher\":{\"@id\":\"https:\/\/www.federassantas.org.br\/novosite\/#organization\"},\"image\":{\"@id\":\"https:\/\/www.federassantas.org.br\/novosite\/camara-aprova-mp-que-cria-linha-de-credito-do-fgts-para-as-santas-casas\/#primaryimage\"},\"thumbnailUrl\":\"\",\"articleSection\":[\"Not\u00edcias\",\"Not\u00edcias P\u00fablicas\"],\"inLanguage\":\"pt-BR\",\"potentialAction\":[{\"@type\":\"CommentAction\",\"name\":\"Comment\",\"target\":[\"https:\/\/www.federassantas.org.br\/novosite\/camara-aprova-mp-que-cria-linha-de-credito-do-fgts-para-as-santas-casas\/#respond\"]}]},{\"@type\":\"WebPage\",\"@id\":\"https:\/\/www.federassantas.org.br\/novosite\/camara-aprova-mp-que-cria-linha-de-credito-do-fgts-para-as-santas-casas\/\",\"url\":\"https:\/\/www.federassantas.org.br\/novosite\/camara-aprova-mp-que-cria-linha-de-credito-do-fgts-para-as-santas-casas\/\",\"name\":\"C\u00e2mara aprova MP que cria linha de cr\u00e9dito do FGTS para os filantr\u00f3picos - Federassantas\",\"isPartOf\":{\"@id\":\"https:\/\/www.federassantas.org.br\/novosite\/#website\"},\"primaryImageOfPage\":{\"@id\":\"https:\/\/www.federassantas.org.br\/novosite\/camara-aprova-mp-que-cria-linha-de-credito-do-fgts-para-as-santas-casas\/#primaryimage\"},\"image\":{\"@id\":\"https:\/\/www.federassantas.org.br\/novosite\/camara-aprova-mp-que-cria-linha-de-credito-do-fgts-para-as-santas-casas\/#primaryimage\"},\"thumbnailUrl\":\"\",\"datePublished\":\"2018-11-13T15:59:37+00:00\",\"breadcrumb\":{\"@id\":\"https:\/\/www.federassantas.org.br\/novosite\/camara-aprova-mp-que-cria-linha-de-credito-do-fgts-para-as-santas-casas\/#breadcrumb\"},\"inLanguage\":\"pt-BR\",\"potentialAction\":[{\"@type\":\"ReadAction\",\"target\":[\"https:\/\/www.federassantas.org.br\/novosite\/camara-aprova-mp-que-cria-linha-de-credito-do-fgts-para-as-santas-casas\/\"]}]},{\"@type\":\"ImageObject\",\"inLanguage\":\"pt-BR\",\"@id\":\"https:\/\/www.federassantas.org.br\/novosite\/camara-aprova-mp-que-cria-linha-de-credito-do-fgts-para-as-santas-casas\/#primaryimage\",\"url\":\"\",\"contentUrl\":\"\"},{\"@type\":\"BreadcrumbList\",\"@id\":\"https:\/\/www.federassantas.org.br\/novosite\/camara-aprova-mp-que-cria-linha-de-credito-do-fgts-para-as-santas-casas\/#breadcrumb\",\"itemListElement\":[{\"@type\":\"ListItem\",\"position\":1,\"name\":\"In\u00edcio\",\"item\":\"https:\/\/www.federassantas.org.br\/novosite\/\"},{\"@type\":\"ListItem\",\"position\":2,\"name\":\"C\u00e2mara aprova MP que cria linha de cr\u00e9dito do FGTS para os filantr\u00f3picos\"}]},{\"@type\":\"WebSite\",\"@id\":\"https:\/\/www.federassantas.org.br\/novosite\/#website\",\"url\":\"https:\/\/www.federassantas.org.br\/novosite\/\",\"name\":\"Federassantas\",\"description\":\"Fed. das Santas Casas e Hospitais Filantr\u00f3picos de MG\",\"publisher\":{\"@id\":\"https:\/\/www.federassantas.org.br\/novosite\/#organization\"},\"potentialAction\":[{\"@type\":\"SearchAction\",\"target\":{\"@type\":\"EntryPoint\",\"urlTemplate\":\"https:\/\/www.federassantas.org.br\/novosite\/?s={search_term_string}\"},\"query-input\":{\"@type\":\"PropertyValueSpecification\",\"valueRequired\":true,\"valueName\":\"search_term_string\"}}],\"inLanguage\":\"pt-BR\"},{\"@type\":\"Organization\",\"@id\":\"https:\/\/www.federassantas.org.br\/novosite\/#organization\",\"name\":\"Federassantas\",\"url\":\"https:\/\/www.federassantas.org.br\/novosite\/\",\"logo\":{\"@type\":\"ImageObject\",\"inLanguage\":\"pt-BR\",\"@id\":\"https:\/\/www.federassantas.org.br\/novosite\/#\/schema\/logo\/image\/\",\"url\":\"https:\/\/www.federassantas.org.br\/novosite\/wp-content\/uploads\/2021\/12\/logo.png\",\"contentUrl\":\"https:\/\/www.federassantas.org.br\/novosite\/wp-content\/uploads\/2021\/12\/logo.png\",\"width\":243,\"height\":59,\"caption\":\"Federassantas\"},\"image\":{\"@id\":\"https:\/\/www.federassantas.org.br\/novosite\/#\/schema\/logo\/image\/\"}},{\"@type\":\"Person\",\"@id\":\"https:\/\/www.federassantas.org.br\/novosite\/#\/schema\/person\/75fed98158349313fe56175f232f513c\",\"name\":\"admin-federas\",\"image\":{\"@type\":\"ImageObject\",\"inLanguage\":\"pt-BR\",\"@id\":\"https:\/\/www.federassantas.org.br\/novosite\/#\/schema\/person\/image\/\",\"url\":\"https:\/\/secure.gravatar.com\/avatar\/2a02d7dda59fe8dc6b7ffd3f652e2efede5ccf0dd89dfdc8137c5517f3de8407?s=96&d=mm&r=g\",\"contentUrl\":\"https:\/\/secure.gravatar.com\/avatar\/2a02d7dda59fe8dc6b7ffd3f652e2efede5ccf0dd89dfdc8137c5517f3de8407?s=96&d=mm&r=g\",\"caption\":\"admin-federas\"},\"sameAs\":[\"https:\/\/www.federassantas.org.br\/novosite\/\"],\"url\":\"https:\/\/www.federassantas.org.br\/novosite\/author\/admin-federas\/\"}]}<\/script>\n<!-- \/ Yoast SEO plugin. -->","yoast_head_json":{"title":"C\u00e2mara aprova MP que cria linha de cr\u00e9dito do FGTS para os filantr\u00f3picos - Federassantas","robots":{"index":"index","follow":"follow","max-snippet":"max-snippet:-1","max-image-preview":"max-image-preview:large","max-video-preview":"max-video-preview:-1"},"canonical":"https:\/\/www.federassantas.org.br\/novosite\/camara-aprova-mp-que-cria-linha-de-credito-do-fgts-para-as-santas-casas\/","og_locale":"pt_BR","og_type":"article","og_title":"C\u00e2mara aprova MP que cria linha de cr\u00e9dito do FGTS para os filantr\u00f3picos - Federassantas","og_description":"O Plen\u00e1rio da C\u00e2mara dos Deputados concluiu nesta segunda-feira (12) a vota\u00e7\u00e3o da Medida Provis\u00f3ria 848\/18, que cria uma linha de cr\u00e9dito com recursos do Fundo de Garantia do Tempo de Servi\u00e7o (FGTS) para socorrer as santas casas e os hospitais filantr\u00f3picos que atendem pelo Sistema \u00danico de Sa\u00fade (SUS). A mat\u00e9ria ser\u00e1 enviada ao [&hellip;]","og_url":"https:\/\/www.federassantas.org.br\/novosite\/camara-aprova-mp-que-cria-linha-de-credito-do-fgts-para-as-santas-casas\/","og_site_name":"Federassantas","article_published_time":"2018-11-13T15:59:37+00:00","author":"admin-federas","twitter_card":"summary_large_image","twitter_misc":{"Escrito por":"admin-federas","Est. tempo de leitura":"4 minutos"},"schema":{"@context":"https:\/\/schema.org","@graph":[{"@type":"Article","@id":"https:\/\/www.federassantas.org.br\/novosite\/camara-aprova-mp-que-cria-linha-de-credito-do-fgts-para-as-santas-casas\/#article","isPartOf":{"@id":"https:\/\/www.federassantas.org.br\/novosite\/camara-aprova-mp-que-cria-linha-de-credito-do-fgts-para-as-santas-casas\/"},"author":{"name":"admin-federas","@id":"https:\/\/www.federassantas.org.br\/novosite\/#\/schema\/person\/75fed98158349313fe56175f232f513c"},"headline":"C\u00e2mara aprova MP que cria linha de cr\u00e9dito do FGTS para os filantr\u00f3picos","datePublished":"2018-11-13T15:59:37+00:00","mainEntityOfPage":{"@id":"https:\/\/www.federassantas.org.br\/novosite\/camara-aprova-mp-que-cria-linha-de-credito-do-fgts-para-as-santas-casas\/"},"wordCount":836,"commentCount":0,"publisher":{"@id":"https:\/\/www.federassantas.org.br\/novosite\/#organization"},"image":{"@id":"https:\/\/www.federassantas.org.br\/novosite\/camara-aprova-mp-que-cria-linha-de-credito-do-fgts-para-as-santas-casas\/#primaryimage"},"thumbnailUrl":"","articleSection":["Not\u00edcias","Not\u00edcias P\u00fablicas"],"inLanguage":"pt-BR","potentialAction":[{"@type":"CommentAction","name":"Comment","target":["https:\/\/www.federassantas.org.br\/novosite\/camara-aprova-mp-que-cria-linha-de-credito-do-fgts-para-as-santas-casas\/#respond"]}]},{"@type":"WebPage","@id":"https:\/\/www.federassantas.org.br\/novosite\/camara-aprova-mp-que-cria-linha-de-credito-do-fgts-para-as-santas-casas\/","url":"https:\/\/www.federassantas.org.br\/novosite\/camara-aprova-mp-que-cria-linha-de-credito-do-fgts-para-as-santas-casas\/","name":"C\u00e2mara aprova MP que cria linha de cr\u00e9dito do FGTS para os filantr\u00f3picos - Federassantas","isPartOf":{"@id":"https:\/\/www.federassantas.org.br\/novosite\/#website"},"primaryImageOfPage":{"@id":"https:\/\/www.federassantas.org.br\/novosite\/camara-aprova-mp-que-cria-linha-de-credito-do-fgts-para-as-santas-casas\/#primaryimage"},"image":{"@id":"https:\/\/www.federassantas.org.br\/novosite\/camara-aprova-mp-que-cria-linha-de-credito-do-fgts-para-as-santas-casas\/#primaryimage"},"thumbnailUrl":"","datePublished":"2018-11-13T15:59:37+00:00","breadcrumb":{"@id":"https:\/\/www.federassantas.org.br\/novosite\/camara-aprova-mp-que-cria-linha-de-credito-do-fgts-para-as-santas-casas\/#breadcrumb"},"inLanguage":"pt-BR","potentialAction":[{"@type":"ReadAction","target":["https:\/\/www.federassantas.org.br\/novosite\/camara-aprova-mp-que-cria-linha-de-credito-do-fgts-para-as-santas-casas\/"]}]},{"@type":"ImageObject","inLanguage":"pt-BR","@id":"https:\/\/www.federassantas.org.br\/novosite\/camara-aprova-mp-que-cria-linha-de-credito-do-fgts-para-as-santas-casas\/#primaryimage","url":"","contentUrl":""},{"@type":"BreadcrumbList","@id":"https:\/\/www.federassantas.org.br\/novosite\/camara-aprova-mp-que-cria-linha-de-credito-do-fgts-para-as-santas-casas\/#breadcrumb","itemListElement":[{"@type":"ListItem","position":1,"name":"In\u00edcio","item":"https:\/\/www.federassantas.org.br\/novosite\/"},{"@type":"ListItem","position":2,"name":"C\u00e2mara aprova MP que cria linha de cr\u00e9dito do FGTS para os filantr\u00f3picos"}]},{"@type":"WebSite","@id":"https:\/\/www.federassantas.org.br\/novosite\/#website","url":"https:\/\/www.federassantas.org.br\/novosite\/","name":"Federassantas","description":"Fed. das Santas Casas e Hospitais Filantr\u00f3picos de MG","publisher":{"@id":"https:\/\/www.federassantas.org.br\/novosite\/#organization"},"potentialAction":[{"@type":"SearchAction","target":{"@type":"EntryPoint","urlTemplate":"https:\/\/www.federassantas.org.br\/novosite\/?s={search_term_string}"},"query-input":{"@type":"PropertyValueSpecification","valueRequired":true,"valueName":"search_term_string"}}],"inLanguage":"pt-BR"},{"@type":"Organization","@id":"https:\/\/www.federassantas.org.br\/novosite\/#organization","name":"Federassantas","url":"https:\/\/www.federassantas.org.br\/novosite\/","logo":{"@type":"ImageObject","inLanguage":"pt-BR","@id":"https:\/\/www.federassantas.org.br\/novosite\/#\/schema\/logo\/image\/","url":"https:\/\/www.federassantas.org.br\/novosite\/wp-content\/uploads\/2021\/12\/logo.png","contentUrl":"https:\/\/www.federassantas.org.br\/novosite\/wp-content\/uploads\/2021\/12\/logo.png","width":243,"height":59,"caption":"Federassantas"},"image":{"@id":"https:\/\/www.federassantas.org.br\/novosite\/#\/schema\/logo\/image\/"}},{"@type":"Person","@id":"https:\/\/www.federassantas.org.br\/novosite\/#\/schema\/person\/75fed98158349313fe56175f232f513c","name":"admin-federas","image":{"@type":"ImageObject","inLanguage":"pt-BR","@id":"https:\/\/www.federassantas.org.br\/novosite\/#\/schema\/person\/image\/","url":"https:\/\/secure.gravatar.com\/avatar\/2a02d7dda59fe8dc6b7ffd3f652e2efede5ccf0dd89dfdc8137c5517f3de8407?s=96&d=mm&r=g","contentUrl":"https:\/\/secure.gravatar.com\/avatar\/2a02d7dda59fe8dc6b7ffd3f652e2efede5ccf0dd89dfdc8137c5517f3de8407?s=96&d=mm&r=g","caption":"admin-federas"},"sameAs":["https:\/\/www.federassantas.org.br\/novosite\/"],"url":"https:\/\/www.federassantas.org.br\/novosite\/author\/admin-federas\/"}]}},"_links":{"self":[{"href":"https:\/\/www.federassantas.org.br\/novosite\/wp-json\/wp\/v2\/posts\/14757","targetHints":{"allow":["GET"]}}],"collection":[{"href":"https:\/\/www.federassantas.org.br\/novosite\/wp-json\/wp\/v2\/posts"}],"about":[{"href":"https:\/\/www.federassantas.org.br\/novosite\/wp-json\/wp\/v2\/types\/post"}],"author":[{"embeddable":true,"href":"https:\/\/www.federassantas.org.br\/novosite\/wp-json\/wp\/v2\/users\/1"}],"replies":[{"embeddable":true,"href":"https:\/\/www.federassantas.org.br\/novosite\/wp-json\/wp\/v2\/comments?post=14757"}],"version-history":[{"count":0,"href":"https:\/\/www.federassantas.org.br\/novosite\/wp-json\/wp\/v2\/posts\/14757\/revisions"}],"wp:featuredmedia":[{"embeddable":true,"href":"https:\/\/www.federassantas.org.br\/novosite\/wp-json\/"}],"wp:attachment":[{"href":"https:\/\/www.federassantas.org.br\/novosite\/wp-json\/wp\/v2\/media?parent=14757"}],"wp:term":[{"taxonomy":"category","embeddable":true,"href":"https:\/\/www.federassantas.org.br\/novosite\/wp-json\/wp\/v2\/categories?post=14757"},{"taxonomy":"post_tag","embeddable":true,"href":"https:\/\/www.federassantas.org.br\/novosite\/wp-json\/wp\/v2\/tags?post=14757"}],"curies":[{"name":"wp","href":"https:\/\/api.w.org\/{rel}","templated":true}]}}